{"id":12816,"date":"2018-03-23T13:54:43","date_gmt":"2018-03-23T12:54:43","guid":{"rendered":"http:\/\/lyonbondyblog.fr\/LBB\/?p=12816"},"modified":"2018-03-24T15:44:32","modified_gmt":"2018-03-24T14:44:32","slug":"a-lyon-le-mouvement-zero-dechet-balance-sur-les-prospectus","status":"publish","type":"post","link":"https:\/\/lyonbondyblog.fr\/LBB\/a-lyon-le-mouvement-zero-dechet-balance-sur-les-prospectus\/","title":{"rendered":"\u00c0 Lyon, le mouvement z\u00e9ro d\u00e9chet balance sur les prospectus"},"content":{"rendered":"<p style=\"text-align: justify\"><em> Un groupe Facebook \u00ab\u00a0Balance ta pub\u00a0Lyon \u00bb entend lutter contre les prospectus qui sont distribu\u00e9s dans les boites aux lettres munies d\u2019un \u00ab\u00a0Stop pub\u00a0\u00bb. Ils se servent du r\u00e9seau social pour interpeller directement les annonceurs. \u00a0<\/em><\/p>\n<p><a href=\"https:\/\/lyonbondyblog.fr\/LBB\/wp-content\/uploads\/2018\/03\/Photo-Pixabay-CC0-pas-dattribution-n\u00e9cessaire.jpg\"><img loading=\"lazy\" decoding=\"async\" class=\"alignnone size-full wp-image-12822\" src=\"https:\/\/lyonbondyblog.fr\/LBB\/wp-content\/uploads\/2018\/03\/Photo-Pixabay-CC0-pas-dattribution-n\u00e9cessaire.jpg\" alt=\"\" width=\"1000\" height=\"708\" srcset=\"https:\/\/lyonbondyblog.fr\/LBB\/wp-content\/uploads\/2018\/03\/Photo-Pixabay-CC0-pas-dattribution-n\u00e9cessaire.jpg 1000w, https:\/\/lyonbondyblog.fr\/LBB\/wp-content\/uploads\/2018\/03\/Photo-Pixabay-CC0-pas-dattribution-n\u00e9cessaire-300x212.jpg 300w, https:\/\/lyonbondyblog.fr\/LBB\/wp-content\/uploads\/2018\/03\/Photo-Pixabay-CC0-pas-dattribution-n\u00e9cessaire-768x544.jpg 768w, https:\/\/lyonbondyblog.fr\/LBB\/wp-content\/uploads\/2018\/03\/Photo-Pixabay-CC0-pas-dattribution-n\u00e9cessaire-600x425.jpg 600w\" sizes=\"auto, (max-width: 1000px) 100vw, 1000px\" \/><\/a><\/p>\n<p>&nbsp;<\/p>\n<p style=\"text-align: justify\">Mettre le projecteur sur les prospectus, pour d\u00e9noncer le non-respect de la volont\u00e9 de celles et ceux qui n\u2019en d\u00e9sirent pas. C\u2019est ce qu\u2019ont d\u00e9cid\u00e9 de faire des militants du mouvement z\u00e9ro d\u00e9chet \u00e0 Lyon en cr\u00e9ant un groupe Facebook intitul\u00e9 \u00ab\u00a0<a href=\"https:\/\/www.facebook.com\/groups\/1996013490654718\/about\/\">Balance ta pub Lyon\u00a0<\/a>\u00bb.<\/p>\n<p style=\"text-align: justify\">Le principe ? D&rsquo;abord prendre en photo les imprim\u00e9s publicitaires re\u00e7us dans sa boite aux lettres malgr\u00e9 l\u2019autocollant \u00ab\u00a0Stop pub\u00a0\u00bb appos\u00e9 dessus, puis poster la photo sur le groupe. Enfin, taguer les enseignes figurant sur les publicit\u00e9s, pour \u00eatre s\u00fbr qu\u2019elles re\u00e7oivent le message de m\u00e9contentement. Le tout publiquement, pour attirer le plus possible l\u2019attention.<\/p>\n<p style=\"text-align: justify\">Inspir\u00e9 d\u2019une initiative strasbourgeoise, le groupe a \u00e9t\u00e9 lanc\u00e9 en janvier par des membres de l\u2019association <a href=\"https:\/\/zerodechetlyon.org\/\">Z\u00e9ro D\u00e9chet Lyon<\/a>. Ouvert \u00e0 tous, il compte aujourd\u2019hui plus de 220 membres, adh\u00e9rents de l\u2019association ou simples sympathisants de la cause du z\u00e9ro d\u00e9chet. De nouvelles photos de prospectus sont publi\u00e9es quotidiennement, t\u00e9moignant de ce que beaucoup appellent \u00ab\u00a0<em>leur r\u00e9colte du jour<\/em>\u00a0\u00bb.<\/p>\n<p style=\"text-align: justify\">Christine Le Guilloux, b\u00e9n\u00e9vole de l\u2019association et administratrice du groupe, admet \u00ab\u00a0<em>qu\u2019il ne faut pas noircir le tableau<\/em>\u00a0\u00bb au sujet de ces publicit\u00e9s car \u00ab\u00a0<em>les \u2033Stop pub\u2033 sont de plus en plus respect\u00e9s<\/em>\u00a0\u00bb par les distributeurs. Pourtant, ces photos post\u00e9es journellement attestent que \u00ab\u00a0<em>c\u2019est encore loin d\u2019\u00eatre toujours le cas<\/em>\u00a0\u00bb. D\u2019o\u00f9, pour elle, l\u2019int\u00e9r\u00eat d\u2019agir\u00a0: \u00ab\u00a0<em>on veut pointer du doigt justement ceux qui s\u2019en moquent, rappeler que le \u2033Stop pub\u2033 n\u2019est pas uniquement l\u00e0 pour faire joli, il est l\u2019expression d\u2019une volont\u00e9 qui doit \u00eatre respect\u00e9e<\/em>\u00a0\u00bb.<\/p>\n<p style=\"text-align: justify\"><strong>\u00a0<\/strong><\/p>\n<p><strong>Jusqu\u2019\u00e0 450 \u20ac d\u2019amende<\/strong><\/p>\n<p style=\"text-align: justify\">C\u2019est aussi l\u2019occasion pour l\u2019association de rappeler que les d\u00e9p\u00f4ts d\u2019imprim\u00e9s publicitaires dans une bo\u00eete aux lettres arborant le petit autocollant constituent une contravention, passibles d\u2019une amende de 450 \u20ac. En tout cas selon l\u2019analyse que fait l\u2019association Z\u00e9ro Waste France du code p\u00e9nal et de son article 633-6. Celui-ci mentionne\u00a0:<\/p>\n<p style=\"text-align: justify\">\u00ab\u00a0<em>Est puni de l\u2019amende pr\u00e9vue pour les contraventions de 3<sup>\u00e8me<\/sup> classe le fait de d\u00e9poser, d&rsquo;abandonner, de jeter ou de d\u00e9verser, en lieu public ou priv\u00e9, [&#8230;] des ordures, d\u00e9chets, d\u00e9jections, mat\u00e9riaux, liquides insalubres ou tout autre objet de quelque nature qu&rsquo;il soit, si ces faits ne sont pas accomplis par la personne ayant la jouissance du lieu ou avec son autorisation<\/em>\u00a0\u00bb.<\/p>\n<p style=\"text-align: justify\">Les membres du groupe sont aussi incit\u00e9s \u00e0 contacter par email ou t\u00e9l\u00e9phone les annonceurs, pour redoubler la force du message. C\u2019est d\u2019ailleurs ce qu\u2019a fait Martin, 25 ans, charg\u00e9 de projet dans le milieu associatif. Soucieux de l\u2019environnement, il a rejoint le groupe il y a quelques semaines\u00a0parce qu\u2019il cherchait \u00ab\u00a0<em>depuis longtemps une solution au probl\u00e8me du non-respect de <\/em>[son]<em> \u2033Stop pub\u2033<\/em>\u00a0\u00bb. Il a contact\u00e9 directement une entreprise et il a eu un retour qu\u2019il juge positif\u00a0: \u00ab\u00a0<em>j\u2019ai pu joindre le community manager de la boite, qui s\u2019est excus\u00e9 et m\u2019a dit qu\u2019il allait faire passer le message \u00e0 son prestataire<\/em>\u00a0\u00bb.<\/p>\n<p style=\"text-align: justify\">D\u2019autres semblent moins r\u00e9ceptives\u00a0: \u00ab\u00a0<em>certaines entreprises locales m\u2019ont r\u00e9pondu que je serais bien contente d\u2019avoir le prospectus le jour o\u00f9 j\u2019aurais besoin d\u2019une pizza ou de vendre un bien immobilier<\/em>\u00a0\u00bb, peste Christine Le Guillou.<\/p>\n<p style=\"text-align: justify\"><strong>L\u2019embarras des entreprises locales<\/strong><\/p>\n<p style=\"text-align: justify\">Car pour les professionnels, la question est sensible. Surtout chez les petites entreprises locales qui veulent se faire conna\u00eetre en proximit\u00e9 et qui ont recours aux flyers comme mode de communication. Prises entre un outil per\u00e7u comme incontournable et la conscience des d\u00e9sagr\u00e9ments qu\u2019il peut engendrer, certaines s\u2019interrogent.<\/p>\n<p style=\"text-align: justify\">Fr\u00e9d\u00e9ric, un professionnel de l\u2019immobilier venu sur le groupe donner son point de vue, d\u00e9clarait ainsi\u00a0: \u00ab\u00a0<em>au sein de l\u2019agence que je repr\u00e9sente, nous essayons de minimiser les nuisances papiers dans les bo\u00eetes aux lettres, mais nous ne pouvons totalement nous abstenir [&#8230;]. Mon dilemme est celui-ci et peut para\u00eetre cynique, mais si mon agence d\u00e9cide de ne plus distribuer et que nos concurrents continuent, quelles autres solutions pour communiquer aux propri\u00e9taires nos services et op\u00e9rations\u00a0? <\/em>\u00bb Des propos qui entrain\u00e8rent une discussion cordiale avec d\u2019autres membres du groupe.<\/p>\n<p style=\"text-align: justify\">Joint ensuite par t\u00e9l\u00e9phone par le Lyon Bondy Blog, il rajoute\u00a0: \u00ab\u00a0<em>le probl\u00e8me c\u2019est que rien ne vaut la prospection de proximit\u00e9 et de terrain, m\u00eame la pub sur les r\u00e9seaux sociaux. Et c\u2019est sans doute encore plus vrai pour les PME locales, les restaurants, etc., qui eux n\u2019ont pas forc\u00e9ment d\u2019autres moyens que le flyer pour se faire connaitre<\/em>\u00a0\u00bb. Une situation qui peut inciter certains \u00e0 glisser un prospectus dans les boites aux lettres de ceux qui pourtant n\u2019en veulent pas. Fr\u00e9d\u00e9ric en tout cas s\u2019en d\u00e9fend\u00a0: \u00ab\u00a0<em>lorsque nous faisons nous-m\u00eames la distribution de nos flyers, on ne met rien s\u2019il y a un \u2033Stop pub\u2033<\/em>\u00a0\u00bb.<\/p>\n<p style=\"text-align: justify\">De leur c\u00f4t\u00e9, les deux entreprises leaders de la distribution d\u2019imprim\u00e9s publicitaires, Adrexo et Mediapost, qui travaillent notamment avec les grandes marques, restent elles droites dans leurs bottes. Elles adoptent la m\u00eame ligne de d\u00e9fense : ce sujet n\u2019est pas nouveau et le respect des \u2033Stop pub\u2033 est une priorit\u00e9. Chez Adrexo, \u00ab\u00a0<em>des consignes sont donn\u00e9es en ce sens aux agents, elles sont rab\u00e2ch\u00e9es, ressass\u00e9es. Nous sommes tr\u00e8s stricts l\u00e0-dessus car il s\u2019agit du respect du consommateur<\/em>\u00a0\u00bb, nous r\u00e9pond St\u00e9phanie Grodard, directrice Marketing de l\u2019entreprise.<\/p>\n<p style=\"text-align: justify\"><strong>\u00ab\u00a0L\u2019image de votre soci\u00e9t\u00e9 en prend un coup\u00a0\u00bb<\/strong><\/p>\n<p style=\"text-align: justify\">Et face aux commentaires de certains qui accusent les distributeurs de \u00ab\u00a0boiter\u00a0\u00bb m\u00eame dans les boites aux lettres munies d\u2019un \u00ab\u00a0Stop pub\u00a0\u00bb, elle r\u00e9plique que ce n\u2019est pas dans l\u2019int\u00e9r\u00eat de l\u2019entreprise\u00a0: \u00ab\u00a0<em>notre but est que l\u2019imprim\u00e9 publicitaire de notre client soit appr\u00e9ci\u00e9. Si on le met dans les mauvaises boites aux lettres, on va avoir l\u2019effet inverse<\/em>\u00a0\u00bb.<\/p>\n<p style=\"text-align: justify\">Un avis que partagent bon nombre de membres du groupe, dont un qui souligne le fait qu\u2019\u00ab\u00a0<em>outrepasser cette \u00e9tiquette <\/em>[Stop pub, ndlr]<em> ne peut avoir qu&rsquo;un effet n\u00e9gatif sur moi, en aucun cas je ne changerais d&rsquo;avis et l&rsquo;image de votre soci\u00e9t\u00e9 en prend un coup<\/em>\u00a0\u00bb. Fr\u00e9d\u00e9ric, l\u2019agent immobilier, se dit au demeurant aussi convaincu de l\u2019effet \u00ab\u00a0<em>contre-productif<\/em>\u00a0\u00bb que cela peut engendrer.<\/p>\n<p style=\"text-align: justify\">D\u00e8s lors, le respect du \u00ab\u00a0Stop pub\u00a0\u00bb serait-il dans l\u2019int\u00e9r\u00eat de tous\u00a0? Il est certain en tout cas qu\u2019il en va de l\u2019int\u00e9r\u00eat de l\u2019environnement. Les pouvoirs publics rappelaient que <a href=\"https:\/\/www.ecologique-solidaire.gouv.fr\/stop-pub\">800\u00a0000 tonnes d\u2019imprim\u00e9s publicitaires ont \u00e9t\u00e9 distribu\u00e9s<\/a> au total en 2015. Soit 30 kg par foyer, qu\u2019il faudra recycler ou incin\u00e9rer avec les ordures m\u00e9nag\u00e8res, ce qui repr\u00e9sente un co\u00fbt \u00e0 la fois financier et environnemental.<\/p>\n<p style=\"text-align: justify\">Or, l\u2019ADEME estime que les \u00ab\u00a0Stop pub\u00a0\u00bb ont un fort potentiel pour \u00e9viter la production de d\u00e9chets\u00a0\u00e0 la source. Dans une \u00e9tude de 2016, elle indique que ce simple autocollant permettrait <a href=\"http:\/\/www.ademe.fr\/sites\/default\/files\/assets\/documents\/gisements_potentielsreduc_impactsenvtx_201601_synthese.pdf\">de r\u00e9duire de 13 kg la quantit\u00e9 de d\u00e9chets produits en un an par une personne<\/a>. Ce qui aurait en plus un effet \u2033boule de neige\u2033 positif\u00a0: \u00ab\u00a0<em>en r\u00e9duisant la quantit\u00e9 de prospectus papier distribu\u00e9s, il permet \u00e0 terme de r\u00e9duire aussi l\u2019impression de prospectus. Dans ce cas de figure, l\u2019ensemble des impacts associ\u00e9s au cycle de vie du prospectus sont \u00e9vit\u00e9s : sylviculture, fabrication du papier, impression, conditionnement, distribution, fin de vie<\/em> \u00bb.<\/p>\n<p style=\"text-align: justify\">\n<!-- AddThis Advanced Settings generic via filter on the_content --><!-- AddThis Share Buttons generic via filter on the_content -->","protected":false},"excerpt":{"rendered":"<p>Un groupe Facebook \u00ab\u00a0Balance ta pub\u00a0Lyon \u00bb entend lutter contre les prospectus qui sont distribu\u00e9s dans les boites aux lettres munies d\u2019un \u00ab\u00a0Stop pub\u00a0\u00bb. Ils &hellip; <!-- AddThis Advanced Settings generic via filter on wp_trim_excerpt --><!-- AddThis Share Buttons generic via filter on wp_trim_excerpt --><\/p>\n","protected":false},"author":792,"featured_media":12823,"comment_status":"open","ping_status":"open","sticky":false,"template":"","format":"standard","meta":{"_FSMCFIC_featured_image_caption":"","_FSMCFIC_featured_image_nocaption":"","_FSMCFIC_featured_image_hide":"","footnotes":""},"categories":[4],"tags":[],"class_list":["post-12816","post","type-post","status-publish","format-standard","has-post-thumbnail","hentry","category-lyon"],"yoast_head":"<!-- This site is optimized with the Yoast SEO plugin v22.8 - https:\/\/yoast.com\/wordpress\/plugins\/seo\/ -->\n<title>\u00c0 Lyon, le mouvement z\u00e9ro d\u00e9chet balance sur les prospectus - Lyon Bondy Blog<\/title>\n<meta name=\"description\" content=\"A Lyon, un groupe Facebook \u00ab Balance ta pub Lyon \u00bb entend lutter contre les prospectus qui sont distribu\u00e9s dans les boites aux lettres munies d\u2019un \u00ab Stop pub \u00bb. Ils se servent du r\u00e9seau social pour interpeller directement les annonceurs.\" \/>\n<meta name=\"robots\" content=\"index, follow, max-snippet:-1, max-image-preview:large, max-video-preview:-1\" \/>\n<link rel=\"canonical\" href=\"https:\/\/lyonbondyblog.fr\/LBB\/a-lyon-le-mouvement-zero-dechet-balance-sur-les-prospectus\/\" \/>\n<meta property=\"og:locale\" content=\"fr_FR\" \/>\n<meta property=\"og:type\" content=\"article\" \/>\n<meta property=\"og:title\" content=\"\u00c0 Lyon, le mouvement z\u00e9ro d\u00e9chet balance sur les prospectus - Lyon Bondy Blog\" \/>\n<meta property=\"og:description\" content=\"A Lyon, un groupe Facebook \u00ab Balance ta pub Lyon \u00bb entend lutter contre les prospectus qui sont distribu\u00e9s dans les boites aux lettres munies d\u2019un \u00ab Stop pub \u00bb. Ils se servent du r\u00e9seau social pour interpeller directement les annonceurs.\" \/>\n<meta property=\"og:url\" content=\"https:\/\/lyonbondyblog.fr\/LBB\/a-lyon-le-mouvement-zero-dechet-balance-sur-les-prospectus\/\" \/>\n<meta property=\"og:site_name\" content=\"Lyon Bondy Blog\" \/>\n<meta property=\"article:publisher\" content=\"https:\/\/www.facebook.com\/lyonbondyblog\" \/>\n<meta property=\"article:published_time\" content=\"2018-03-23T12:54:43+00:00\" \/>\n<meta property=\"article:modified_time\" content=\"2018-03-24T14:44:32+00:00\" \/>\n<meta property=\"og:image\" content=\"https:\/\/lyonbondyblog.fr\/LBB\/wp-content\/uploads\/2018\/03\/Stop-pub-cr\u00e9dit-photo-Thomas-S\u00e9vignon.jpg\" \/>\n\t<meta property=\"og:image:width\" content=\"1000\" \/>\n\t<meta property=\"og:image:height\" content=\"666\" \/>\n\t<meta property=\"og:image:type\" content=\"image\/jpeg\" \/>\n<meta name=\"author\" content=\"Thomas S\u00e9vignon\" \/>\n<meta name=\"twitter:card\" content=\"summary_large_image\" \/>\n<meta name=\"twitter:creator\" content=\"@TSevignon\" \/>\n<meta name=\"twitter:site\" content=\"@bondybloglyon\" \/>\n<script type=\"application\/ld+json\" class=\"yoast-schema-graph\">{\"@context\":\"https:\/\/schema.org\",\"@graph\":[{\"@type\":\"Article\",\"@id\":\"https:\/\/lyonbondyblog.fr\/LBB\/a-lyon-le-mouvement-zero-dechet-balance-sur-les-prospectus\/#article\",\"isPartOf\":{\"@id\":\"https:\/\/lyonbondyblog.fr\/LBB\/a-lyon-le-mouvement-zero-dechet-balance-sur-les-prospectus\/\"},\"author\":{\"name\":\"Thomas S\u00e9vignon\",\"@id\":\"https:\/\/lyonbondyblog.fr\/LBB\/#\/schema\/person\/2ee259920d37d8cf71a548fbf07a5e52\"},\"headline\":\"\u00c0 Lyon, le mouvement z\u00e9ro d\u00e9chet balance sur les prospectus\",\"datePublished\":\"2018-03-23T12:54:43+00:00\",\"dateModified\":\"2018-03-24T14:44:32+00:00\",\"mainEntityOfPage\":{\"@id\":\"https:\/\/lyonbondyblog.fr\/LBB\/a-lyon-le-mouvement-zero-dechet-balance-sur-les-prospectus\/\"},\"wordCount\":1349,\"commentCount\":0,\"publisher\":{\"@id\":\"https:\/\/lyonbondyblog.fr\/LBB\/#organization\"},\"image\":{\"@id\":\"https:\/\/lyonbondyblog.fr\/LBB\/a-lyon-le-mouvement-zero-dechet-balance-sur-les-prospectus\/#primaryimage\"},\"thumbnailUrl\":\"https:\/\/lyonbondyblog.fr\/LBB\/wp-content\/uploads\/2018\/03\/Stop-pub-cr\u00e9dit-photo-Thomas-S\u00e9vignon.jpg\",\"articleSection\":[\"Lyon\"],\"inLanguage\":\"fr-FR\",\"potentialAction\":[{\"@type\":\"CommentAction\",\"name\":\"Comment\",\"target\":[\"https:\/\/lyonbondyblog.fr\/LBB\/a-lyon-le-mouvement-zero-dechet-balance-sur-les-prospectus\/#respond\"]}]},{\"@type\":\"WebPage\",\"@id\":\"https:\/\/lyonbondyblog.fr\/LBB\/a-lyon-le-mouvement-zero-dechet-balance-sur-les-prospectus\/\",\"url\":\"https:\/\/lyonbondyblog.fr\/LBB\/a-lyon-le-mouvement-zero-dechet-balance-sur-les-prospectus\/\",\"name\":\"\u00c0 Lyon, le mouvement z\u00e9ro d\u00e9chet balance sur les prospectus - Lyon Bondy Blog\",\"isPartOf\":{\"@id\":\"https:\/\/lyonbondyblog.fr\/LBB\/#website\"},\"primaryImageOfPage\":{\"@id\":\"https:\/\/lyonbondyblog.fr\/LBB\/a-lyon-le-mouvement-zero-dechet-balance-sur-les-prospectus\/#primaryimage\"},\"image\":{\"@id\":\"https:\/\/lyonbondyblog.fr\/LBB\/a-lyon-le-mouvement-zero-dechet-balance-sur-les-prospectus\/#primaryimage\"},\"thumbnailUrl\":\"https:\/\/lyonbondyblog.fr\/LBB\/wp-content\/uploads\/2018\/03\/Stop-pub-cr\u00e9dit-photo-Thomas-S\u00e9vignon.jpg\",\"datePublished\":\"2018-03-23T12:54:43+00:00\",\"dateModified\":\"2018-03-24T14:44:32+00:00\",\"description\":\"A Lyon, un groupe Facebook \u00ab Balance ta pub Lyon \u00bb entend lutter contre les prospectus qui sont distribu\u00e9s dans les boites aux lettres munies d\u2019un \u00ab Stop pub \u00bb. Ils se servent du r\u00e9seau social pour interpeller directement les annonceurs.\",\"inLanguage\":\"fr-FR\",\"potentialAction\":[{\"@type\":\"ReadAction\",\"target\":[\"https:\/\/lyonbondyblog.fr\/LBB\/a-lyon-le-mouvement-zero-dechet-balance-sur-les-prospectus\/\"]}]},{\"@type\":\"ImageObject\",\"inLanguage\":\"fr-FR\",\"@id\":\"https:\/\/lyonbondyblog.fr\/LBB\/a-lyon-le-mouvement-zero-dechet-balance-sur-les-prospectus\/#primaryimage\",\"url\":\"https:\/\/lyonbondyblog.fr\/LBB\/wp-content\/uploads\/2018\/03\/Stop-pub-cr\u00e9dit-photo-Thomas-S\u00e9vignon.jpg\",\"contentUrl\":\"https:\/\/lyonbondyblog.fr\/LBB\/wp-content\/uploads\/2018\/03\/Stop-pub-cr\u00e9dit-photo-Thomas-S\u00e9vignon.jpg\",\"width\":\"1000\",\"height\":\"666\"},{\"@type\":\"WebSite\",\"@id\":\"https:\/\/lyonbondyblog.fr\/LBB\/#website\",\"url\":\"https:\/\/lyonbondyblog.fr\/LBB\/\",\"name\":\"Lyon Bondy Blog\",\"description\":\"\",\"publisher\":{\"@id\":\"https:\/\/lyonbondyblog.fr\/LBB\/#organization\"},\"potentialAction\":[{\"@type\":\"SearchAction\",\"target\":{\"@type\":\"EntryPoint\",\"urlTemplate\":\"https:\/\/lyonbondyblog.fr\/LBB\/?s={search_term_string}\"},\"query-input\":\"required name=search_term_string\"}],\"inLanguage\":\"fr-FR\"},{\"@type\":\"Organization\",\"@id\":\"https:\/\/lyonbondyblog.fr\/LBB\/#organization\",\"name\":\"LYON BONDY BLOG\",\"url\":\"https:\/\/lyonbondyblog.fr\/LBB\/\",\"logo\":{\"@type\":\"ImageObject\",\"inLanguage\":\"fr-FR\",\"@id\":\"https:\/\/lyonbondyblog.fr\/LBB\/#\/schema\/logo\/image\/\",\"url\":\"http:\/\/lyonbondyblog.fr\/LBB\/wp-content\/uploads\/2014\/10\/logo-portable-144.png\",\"contentUrl\":\"http:\/\/lyonbondyblog.fr\/LBB\/wp-content\/uploads\/2014\/10\/logo-portable-144.png\",\"width\":144,\"height\":123,\"caption\":\"LYON BONDY BLOG\"},\"image\":{\"@id\":\"https:\/\/lyonbondyblog.fr\/LBB\/#\/schema\/logo\/image\/\"},\"sameAs\":[\"https:\/\/www.facebook.com\/lyonbondyblog\",\"https:\/\/x.com\/bondybloglyon\"]},{\"@type\":\"Person\",\"@id\":\"https:\/\/lyonbondyblog.fr\/LBB\/#\/schema\/person\/2ee259920d37d8cf71a548fbf07a5e52\",\"name\":\"Thomas S\u00e9vignon\",\"sameAs\":[\"https:\/\/x.com\/TSevignon\"],\"url\":\"https:\/\/lyonbondyblog.fr\/LBB\/author\/thomas-sevignon\/\"}]}<\/script>\n<!-- \/ Yoast SEO plugin. -->","yoast_head_json":{"title":"\u00c0 Lyon, le mouvement z\u00e9ro d\u00e9chet balance sur les prospectus - Lyon Bondy Blog","description":"A Lyon, un groupe Facebook \u00ab Balance ta pub Lyon \u00bb entend lutter contre les prospectus qui sont distribu\u00e9s dans les boites aux lettres munies d\u2019un \u00ab Stop pub \u00bb. Ils se servent du r\u00e9seau social pour interpeller directement les annonceurs.","robots":{"index":"index","follow":"follow","max-snippet":"max-snippet:-1","max-image-preview":"max-image-preview:large","max-video-preview":"max-video-preview:-1"},"canonical":"https:\/\/lyonbondyblog.fr\/LBB\/a-lyon-le-mouvement-zero-dechet-balance-sur-les-prospectus\/","og_locale":"fr_FR","og_type":"article","og_title":"\u00c0 Lyon, le mouvement z\u00e9ro d\u00e9chet balance sur les prospectus - Lyon Bondy Blog","og_description":"A Lyon, un groupe Facebook \u00ab Balance ta pub Lyon \u00bb entend lutter contre les prospectus qui sont distribu\u00e9s dans les boites aux lettres munies d\u2019un \u00ab Stop pub \u00bb. Ils se servent du r\u00e9seau social pour interpeller directement les annonceurs.","og_url":"https:\/\/lyonbondyblog.fr\/LBB\/a-lyon-le-mouvement-zero-dechet-balance-sur-les-prospectus\/","og_site_name":"Lyon Bondy Blog","article_publisher":"https:\/\/www.facebook.com\/lyonbondyblog","article_published_time":"2018-03-23T12:54:43+00:00","article_modified_time":"2018-03-24T14:44:32+00:00","og_image":[{"width":"1000","height":"666","url":"https:\/\/lyonbondyblog.fr\/LBB\/wp-content\/uploads\/2018\/03\/Stop-pub-cr\u00e9dit-photo-Thomas-S\u00e9vignon.jpg","type":"image\/jpeg"}],"author":"Thomas S\u00e9vignon","twitter_card":"summary_large_image","twitter_creator":"@TSevignon","twitter_site":"@bondybloglyon","schema":{"@context":"https:\/\/schema.org","@graph":[{"@type":"Article","@id":"https:\/\/lyonbondyblog.fr\/LBB\/a-lyon-le-mouvement-zero-dechet-balance-sur-les-prospectus\/#article","isPartOf":{"@id":"https:\/\/lyonbondyblog.fr\/LBB\/a-lyon-le-mouvement-zero-dechet-balance-sur-les-prospectus\/"},"author":{"name":"Thomas S\u00e9vignon","@id":"https:\/\/lyonbondyblog.fr\/LBB\/#\/schema\/person\/2ee259920d37d8cf71a548fbf07a5e52"},"headline":"\u00c0 Lyon, le mouvement z\u00e9ro d\u00e9chet balance sur les prospectus","datePublished":"2018-03-23T12:54:43+00:00","dateModified":"2018-03-24T14:44:32+00:00","mainEntityOfPage":{"@id":"https:\/\/lyonbondyblog.fr\/LBB\/a-lyon-le-mouvement-zero-dechet-balance-sur-les-prospectus\/"},"wordCount":1349,"commentCount":0,"publisher":{"@id":"https:\/\/lyonbondyblog.fr\/LBB\/#organization"},"image":{"@id":"https:\/\/lyonbondyblog.fr\/LBB\/a-lyon-le-mouvement-zero-dechet-balance-sur-les-prospectus\/#primaryimage"},"thumbnailUrl":"https:\/\/lyonbondyblog.fr\/LBB\/wp-content\/uploads\/2018\/03\/Stop-pub-cr\u00e9dit-photo-Thomas-S\u00e9vignon.jpg","articleSection":["Lyon"],"inLanguage":"fr-FR","potentialAction":[{"@type":"CommentAction","name":"Comment","target":["https:\/\/lyonbondyblog.fr\/LBB\/a-lyon-le-mouvement-zero-dechet-balance-sur-les-prospectus\/#respond"]}]},{"@type":"WebPage","@id":"https:\/\/lyonbondyblog.fr\/LBB\/a-lyon-le-mouvement-zero-dechet-balance-sur-les-prospectus\/","url":"https:\/\/lyonbondyblog.fr\/LBB\/a-lyon-le-mouvement-zero-dechet-balance-sur-les-prospectus\/","name":"\u00c0 Lyon, le mouvement z\u00e9ro d\u00e9chet balance sur les prospectus - Lyon Bondy Blog","isPartOf":{"@id":"https:\/\/lyonbondyblog.fr\/LBB\/#website"},"primaryImageOfPage":{"@id":"https:\/\/lyonbondyblog.fr\/LBB\/a-lyon-le-mouvement-zero-dechet-balance-sur-les-prospectus\/#primaryimage"},"image":{"@id":"https:\/\/lyonbondyblog.fr\/LBB\/a-lyon-le-mouvement-zero-dechet-balance-sur-les-prospectus\/#primaryimage"},"thumbnailUrl":"https:\/\/lyonbondyblog.fr\/LBB\/wp-content\/uploads\/2018\/03\/Stop-pub-cr\u00e9dit-photo-Thomas-S\u00e9vignon.jpg","datePublished":"2018-03-23T12:54:43+00:00","dateModified":"2018-03-24T14:44:32+00:00","description":"A Lyon, un groupe Facebook \u00ab Balance ta pub Lyon \u00bb entend lutter contre les prospectus qui sont distribu\u00e9s dans les boites aux lettres munies d\u2019un \u00ab Stop pub \u00bb. Ils se servent du r\u00e9seau social pour interpeller directement les annonceurs.","inLanguage":"fr-FR","potentialAction":[{"@type":"ReadAction","target":["https:\/\/lyonbondyblog.fr\/LBB\/a-lyon-le-mouvement-zero-dechet-balance-sur-les-prospectus\/"]}]},{"@type":"ImageObject","inLanguage":"fr-FR","@id":"https:\/\/lyonbondyblog.fr\/LBB\/a-lyon-le-mouvement-zero-dechet-balance-sur-les-prospectus\/#primaryimage","url":"https:\/\/lyonbondyblog.fr\/LBB\/wp-content\/uploads\/2018\/03\/Stop-pub-cr\u00e9dit-photo-Thomas-S\u00e9vignon.jpg","contentUrl":"https:\/\/lyonbondyblog.fr\/LBB\/wp-content\/uploads\/2018\/03\/Stop-pub-cr\u00e9dit-photo-Thomas-S\u00e9vignon.jpg","width":"1000","height":"666"},{"@type":"WebSite","@id":"https:\/\/lyonbondyblog.fr\/LBB\/#website","url":"https:\/\/lyonbondyblog.fr\/LBB\/","name":"Lyon Bondy Blog","description":"","publisher":{"@id":"https:\/\/lyonbondyblog.fr\/LBB\/#organization"},"potentialAction":[{"@type":"SearchAction","target":{"@type":"EntryPoint","urlTemplate":"https:\/\/lyonbondyblog.fr\/LBB\/?s={search_term_string}"},"query-input":"required name=search_term_string"}],"inLanguage":"fr-FR"},{"@type":"Organization","@id":"https:\/\/lyonbondyblog.fr\/LBB\/#organization","name":"LYON BONDY BLOG","url":"https:\/\/lyonbondyblog.fr\/LBB\/","logo":{"@type":"ImageObject","inLanguage":"fr-FR","@id":"https:\/\/lyonbondyblog.fr\/LBB\/#\/schema\/logo\/image\/","url":"http:\/\/lyonbondyblog.fr\/LBB\/wp-content\/uploads\/2014\/10\/logo-portable-144.png","contentUrl":"http:\/\/lyonbondyblog.fr\/LBB\/wp-content\/uploads\/2014\/10\/logo-portable-144.png","width":144,"height":123,"caption":"LYON BONDY BLOG"},"image":{"@id":"https:\/\/lyonbondyblog.fr\/LBB\/#\/schema\/logo\/image\/"},"sameAs":["https:\/\/www.facebook.com\/lyonbondyblog","https:\/\/x.com\/bondybloglyon"]},{"@type":"Person","@id":"https:\/\/lyonbondyblog.fr\/LBB\/#\/schema\/person\/2ee259920d37d8cf71a548fbf07a5e52","name":"Thomas S\u00e9vignon","sameAs":["https:\/\/x.com\/TSevignon"],"url":"https:\/\/lyonbondyblog.fr\/LBB\/author\/thomas-sevignon\/"}]}},"_links":{"self":[{"href":"https:\/\/lyonbondyblog.fr\/LBB\/wp-json\/wp\/v2\/posts\/12816","targetHints":{"allow":["GET"]}}],"collection":[{"href":"https:\/\/lyonbondyblog.fr\/LBB\/wp-json\/wp\/v2\/posts"}],"about":[{"href":"https:\/\/lyonbondyblog.fr\/LBB\/wp-json\/wp\/v2\/types\/post"}],"author":[{"embeddable":true,"href":"https:\/\/lyonbondyblog.fr\/LBB\/wp-json\/wp\/v2\/users\/792"}],"replies":[{"embeddable":true,"href":"https:\/\/lyonbondyblog.fr\/LBB\/wp-json\/wp\/v2\/comments?post=12816"}],"version-history":[{"count":7,"href":"https:\/\/lyonbondyblog.fr\/LBB\/wp-json\/wp\/v2\/posts\/12816\/revisions"}],"predecessor-version":[{"id":12821,"href":"https:\/\/lyonbondyblog.fr\/LBB\/wp-json\/wp\/v2\/posts\/12816\/revisions\/12821"}],"wp:featuredmedia":[{"embeddable":true,"href":"https:\/\/lyonbondyblog.fr\/LBB\/wp-json\/wp\/v2\/media\/12823"}],"wp:attachment":[{"href":"https:\/\/lyonbondyblog.fr\/LBB\/wp-json\/wp\/v2\/media?parent=12816"}],"wp:term":[{"taxonomy":"category","embeddable":true,"href":"https:\/\/lyonbondyblog.fr\/LBB\/wp-json\/wp\/v2\/categories?post=12816"},{"taxonomy":"post_tag","embeddable":true,"href":"https:\/\/lyonbondyblog.fr\/LBB\/wp-json\/wp\/v2\/tags?post=12816"}],"curies":[{"name":"wp","href":"https:\/\/api.w.org\/{rel}","templated":true}]}}