{"id":12798,"date":"2018-03-27T09:34:40","date_gmt":"2018-03-27T07:34:40","guid":{"rendered":"http:\/\/lyonbondyblog.fr\/LBB\/?p=12798"},"modified":"2018-03-27T09:55:40","modified_gmt":"2018-03-27T07:55:40","slug":"une-ecole-tres-differente","status":"publish","type":"post","link":"https:\/\/lyonbondyblog.fr\/LBB\/une-ecole-tres-differente\/","title":{"rendered":"Une \u00e9cole tr\u00e8s diff\u00e9rente"},"content":{"rendered":"<p>&nbsp;<\/p>\n<p><i><span style=\"font-weight: 400;\">Les \u00e9l\u00e8ves du coll\u00e8ge Pierre Valdo continuent leur exploration europ\u00e9enne \u00e0 travers le programme Erasmus+. Le projet \u00ab&nbsp;Fairplay4EU&nbsp;\u00bb pose cette fois ses valises \u00e0 Eindhoven, aux Pays Bas \u00e0 l\u2019\u00e9cole SintLucas. C\u2019est la derni\u00e8re \u00e9tape d\u2019un long p\u00e9riple. Mais elle n\u2019en est pas moins pleine de surprises et de d\u00e9couvertes. A commencer par l\u2019exp\u00e9rience d\u2019un autre syst\u00e8me scolaire. <\/span><\/i><\/p>\n<figure id=\"attachment_12808\" aria-describedby=\"caption-attachment-12808\" style=\"width: 4128px\" class=\"wp-caption aligncenter\"><img loading=\"lazy\" decoding=\"async\" class=\"wp-image-12808 size-full\" src=\"https:\/\/lyonbondyblog.fr\/LBB\/wp-content\/uploads\/2018\/03\/Photo-3-article-1.jpg\" alt=\"\" width=\"4128\" height=\"3096\" srcset=\"https:\/\/lyonbondyblog.fr\/LBB\/wp-content\/uploads\/2018\/03\/Photo-3-article-1.jpg 4128w, https:\/\/lyonbondyblog.fr\/LBB\/wp-content\/uploads\/2018\/03\/Photo-3-article-1-300x225.jpg 300w, https:\/\/lyonbondyblog.fr\/LBB\/wp-content\/uploads\/2018\/03\/Photo-3-article-1-768x576.jpg 768w, https:\/\/lyonbondyblog.fr\/LBB\/wp-content\/uploads\/2018\/03\/Photo-3-article-1-1024x768.jpg 1024w, https:\/\/lyonbondyblog.fr\/LBB\/wp-content\/uploads\/2018\/03\/Photo-3-article-1-600x450.jpg 600w\" sizes=\"auto, (max-width: 4128px) 100vw, 4128px\" \/><figcaption id=\"caption-attachment-12808\" class=\"wp-caption-text\">(Cr\u00e9dits : Domenichini Thomas \/ Lyc\u00e9e Pierre Valdo)<\/figcaption><\/figure>\n<p><b>Un tr\u00e8s beau b\u00e2timent<\/b><\/p>\n<p><span style=\"font-weight: 400;\">L\u2019\u00e9cole Sint Lucas est tr\u00e8s belle et tr\u00e8s moderne. C\u2019est une vieille usine r\u00e9am\u00e9nag\u00e9e avec des grandes fen\u00eatres. Il y a beaucoup d\u2019\u00e9l\u00e8ves de pleins d\u2019\u00e2ges diff\u00e9rents, entre 12 et 22 ans. <\/span><\/p>\n<p><span style=\"font-weight: 400;\">Certains sont habill\u00e9s de mani\u00e8re originale. Beaucoup d\u2019\u00e9l\u00e8ves viennent \u00e0 v\u00e9lo. Aux Pays Bas ce sont les v\u00e9los qui sont majoritaires.<\/span><\/p>\n<p><span style=\"font-weight: 400;\">Le gymnase est tout neuf avec des \u00e9quipements tr\u00e8s vari\u00e9s. Les coll\u00e9giens ont test\u00e9 le trampoline, le mur d\u2019escalade, les tables de ping-pong et le terrain de Basket qui sert aussi pour le dodge-ball (balle aux prisonniers sportive).<\/span><\/p>\n<figure id=\"attachment_12799\" aria-describedby=\"caption-attachment-12799\" style=\"width: 4128px\" class=\"wp-caption aligncenter\"><img loading=\"lazy\" decoding=\"async\" class=\"wp-image-12799 size-full\" src=\"https:\/\/lyonbondyblog.fr\/LBB\/wp-content\/uploads\/2018\/03\/Photo-2-article-1.jpg\" alt=\"\" width=\"4128\" height=\"3096\" srcset=\"https:\/\/lyonbondyblog.fr\/LBB\/wp-content\/uploads\/2018\/03\/Photo-2-article-1.jpg 4128w, https:\/\/lyonbondyblog.fr\/LBB\/wp-content\/uploads\/2018\/03\/Photo-2-article-1-300x225.jpg 300w, https:\/\/lyonbondyblog.fr\/LBB\/wp-content\/uploads\/2018\/03\/Photo-2-article-1-768x576.jpg 768w, https:\/\/lyonbondyblog.fr\/LBB\/wp-content\/uploads\/2018\/03\/Photo-2-article-1-1024x768.jpg 1024w, https:\/\/lyonbondyblog.fr\/LBB\/wp-content\/uploads\/2018\/03\/Photo-2-article-1-600x450.jpg 600w\" sizes=\"auto, (max-width: 4128px) 100vw, 4128px\" \/><figcaption id=\"caption-attachment-12799\" class=\"wp-caption-text\">(Cr\u00e9dits : Domenichini Thomas \/ Lyc\u00e9e Pierre Valdo)<\/figcaption><\/figure>\n<p><b>Un rythme diff\u00e9rent et plus de libert\u00e9s<\/b><\/p>\n<p><span style=\"font-weight: 400;\">Les \u00e9l\u00e8ves commencent tous les jours \u00e0 9h et finissent tous les jours \u00e0 15h30. Ils font 3 pauses dans la journ\u00e9e. Ils peuvent s\u2019acheter \u00e0 manger dans l\u2019\u00e9cole. <\/span><\/p>\n<p><span style=\"font-weight: 400;\">Les \u00e9l\u00e8ves fran\u00e7ais ont crois\u00e9 des \u00e9l\u00e8ves qui portaient le voile dans l\u2019\u00e9cole et d\u2019autres qui s\u2019embrassaient dans les couloirs. Tout le monde partage l\u2019espace sans se g\u00eaner et surtout tout le monde a le sourire. Les \u00e9l\u00e8ves n\u00e9erlandais ont le droit d\u2019utiliser leur t\u00e9l\u00e9phone portable et ils ont m\u00eame le code WIFI de l\u2019\u00e9cole.<\/span><\/p>\n<p><span style=\"font-weight: 400;\">Le fait de d\u00e9couvrir un syst\u00e8me scolaire diff\u00e9rent permet de voir son<\/span><span style=\"font-weight: 400;\">&nbsp;\u00e9cole autrement. Est-ce que tout cela serait possible chez nous&nbsp;?<\/span><\/p>\n<figure id=\"attachment_12802\" aria-describedby=\"caption-attachment-12802\" style=\"width: 4128px\" class=\"wp-caption aligncenter\"><img loading=\"lazy\" decoding=\"async\" class=\"wp-image-12802 size-full\" src=\"https:\/\/lyonbondyblog.fr\/LBB\/wp-content\/uploads\/2018\/03\/Photo-1-article-1.jpg\" alt=\"\" width=\"4128\" height=\"3096\" srcset=\"https:\/\/lyonbondyblog.fr\/LBB\/wp-content\/uploads\/2018\/03\/Photo-1-article-1.jpg 4128w, https:\/\/lyonbondyblog.fr\/LBB\/wp-content\/uploads\/2018\/03\/Photo-1-article-1-300x225.jpg 300w, https:\/\/lyonbondyblog.fr\/LBB\/wp-content\/uploads\/2018\/03\/Photo-1-article-1-768x576.jpg 768w, https:\/\/lyonbondyblog.fr\/LBB\/wp-content\/uploads\/2018\/03\/Photo-1-article-1-1024x768.jpg 1024w, https:\/\/lyonbondyblog.fr\/LBB\/wp-content\/uploads\/2018\/03\/Photo-1-article-1-600x450.jpg 600w\" sizes=\"auto, (max-width: 4128px) 100vw, 4128px\" \/><figcaption id=\"caption-attachment-12802\" class=\"wp-caption-text\">(Cr\u00e9dits : Domenichini Thomas \/ Lyc\u00e9e Pierre Valdo)<\/figcaption><\/figure>\n<p><span style=\"font-weight: 400;\">K<\/span><span style=\"font-weight: 400;\">halil et Youssef, \u00e9l\u00e8ve de 3<\/span><span style=\"font-weight: 400;\">\u00e8me<\/span><\/p>\n<!-- AddThis Advanced Settings generic via filter on the_content --><!-- AddThis Share Buttons generic via filter on the_content -->","protected":false},"excerpt":{"rendered":"<p>&nbsp; Les \u00e9l\u00e8ves du coll\u00e8ge Pierre Valdo continuent leur exploration europ\u00e9enne \u00e0 travers le programme Erasmus+. Le projet \u00ab&nbsp;Fairplay4EU&nbsp;\u00bb pose cette fois ses valises \u00e0 &hellip; <!-- AddThis Advanced Settings generic via filter on wp_trim_excerpt --><!-- AddThis Share Buttons generic via filter on wp_trim_excerpt --><\/p>\n","protected":false},"author":1,"featured_media":12808,"comment_status":"open","ping_status":"open","sticky":false,"template":"","format":"standard","meta":{"_FSMCFIC_featured_image_caption":"","_FSMCFIC_featured_image_nocaption":"","_FSMCFIC_featured_image_hide":"","footnotes":""},"categories":[3,3517,4],"tags":[],"class_list":["post-12798","post","type-post","status-publish","format-standard","has-post-thumbnail","hentry","category-culture","category-education","category-lyon"],"yoast_head":"<!-- This site is optimized with the Yoast SEO plugin v22.8 - https:\/\/yoast.com\/wordpress\/plugins\/seo\/ -->\n<title>Une \u00e9cole tr\u00e8s diff\u00e9rente - Lyon Bondy Blog<\/title>\n<meta name=\"robots\" content=\"index, follow, max-snippet:-1, max-image-preview:large, max-video-preview:-1\" \/>\n<link rel=\"canonical\" href=\"https:\/\/lyonbondyblog.fr\/LBB\/une-ecole-tres-differente\/\" \/>\n<meta property=\"og:locale\" content=\"fr_FR\" \/>\n<meta property=\"og:type\" content=\"article\" \/>\n<meta property=\"og:title\" content=\"Une \u00e9cole tr\u00e8s diff\u00e9rente - Lyon Bondy Blog\" \/>\n<meta property=\"og:description\" content=\"&nbsp; Les \u00e9l\u00e8ves du coll\u00e8ge Pierre Valdo continuent leur exploration europ\u00e9enne \u00e0 travers le programme Erasmus+. Le projet \u00ab&nbsp;Fairplay4EU&nbsp;\u00bb pose cette fois ses valises \u00e0 &hellip;\" \/>\n<meta property=\"og:url\" content=\"https:\/\/lyonbondyblog.fr\/LBB\/une-ecole-tres-differente\/\" \/>\n<meta property=\"og:site_name\" content=\"Lyon Bondy Blog\" \/>\n<meta property=\"article:publisher\" content=\"https:\/\/www.facebook.com\/lyonbondyblog\" \/>\n<meta property=\"article:author\" content=\"https:\/\/www.facebook.com\/lyonbondyblog\" \/>\n<meta property=\"article:published_time\" content=\"2018-03-27T07:34:40+00:00\" \/>\n<meta property=\"article:modified_time\" content=\"2018-03-27T07:55:40+00:00\" \/>\n<meta property=\"og:image\" content=\"https:\/\/lyonbondyblog.fr\/LBB\/wp-content\/uploads\/2018\/03\/Photo-3-article-1-1024x768.jpg\" \/>\n\t<meta property=\"og:image:width\" content=\"1024\" \/>\n\t<meta property=\"og:image:height\" content=\"768\" \/>\n\t<meta property=\"og:image:type\" content=\"image\/jpeg\" \/>\n<meta name=\"author\" content=\"La r\u00e9daction\" \/>\n<meta name=\"twitter:card\" content=\"summary_large_image\" \/>\n<meta name=\"twitter:creator\" content=\"@BondyBlogLyon\" \/>\n<meta name=\"twitter:site\" content=\"@bondybloglyon\" \/>\n<script type=\"application\/ld+json\" class=\"yoast-schema-graph\">{\"@context\":\"https:\/\/schema.org\",\"@graph\":[{\"@type\":\"Article\",\"@id\":\"https:\/\/lyonbondyblog.fr\/LBB\/une-ecole-tres-differente\/#article\",\"isPartOf\":{\"@id\":\"https:\/\/lyonbondyblog.fr\/LBB\/une-ecole-tres-differente\/\"},\"author\":{\"name\":\"La r\u00e9daction\",\"@id\":\"https:\/\/lyonbondyblog.fr\/LBB\/#\/schema\/person\/e45f8d27baac75072daa0be50c409b25\"},\"headline\":\"Une \u00e9cole tr\u00e8s diff\u00e9rente\",\"datePublished\":\"2018-03-27T07:34:40+00:00\",\"dateModified\":\"2018-03-27T07:55:40+00:00\",\"mainEntityOfPage\":{\"@id\":\"https:\/\/lyonbondyblog.fr\/LBB\/une-ecole-tres-differente\/\"},\"wordCount\":383,\"commentCount\":0,\"publisher\":{\"@id\":\"https:\/\/lyonbondyblog.fr\/LBB\/#organization\"},\"image\":{\"@id\":\"https:\/\/lyonbondyblog.fr\/LBB\/une-ecole-tres-differente\/#primaryimage\"},\"thumbnailUrl\":\"https:\/\/lyonbondyblog.fr\/LBB\/wp-content\/uploads\/2018\/03\/Photo-3-article-1.jpg\",\"articleSection\":[\"Culture\",\"Education\",\"Lyon\"],\"inLanguage\":\"fr-FR\",\"potentialAction\":[{\"@type\":\"CommentAction\",\"name\":\"Comment\",\"target\":[\"https:\/\/lyonbondyblog.fr\/LBB\/une-ecole-tres-differente\/#respond\"]}]},{\"@type\":\"WebPage\",\"@id\":\"https:\/\/lyonbondyblog.fr\/LBB\/une-ecole-tres-differente\/\",\"url\":\"https:\/\/lyonbondyblog.fr\/LBB\/une-ecole-tres-differente\/\",\"name\":\"Une \u00e9cole tr\u00e8s diff\u00e9rente - Lyon Bondy Blog\",\"isPartOf\":{\"@id\":\"https:\/\/lyonbondyblog.fr\/LBB\/#website\"},\"primaryImageOfPage\":{\"@id\":\"https:\/\/lyonbondyblog.fr\/LBB\/une-ecole-tres-differente\/#primaryimage\"},\"image\":{\"@id\":\"https:\/\/lyonbondyblog.fr\/LBB\/une-ecole-tres-differente\/#primaryimage\"},\"thumbnailUrl\":\"https:\/\/lyonbondyblog.fr\/LBB\/wp-content\/uploads\/2018\/03\/Photo-3-article-1.jpg\",\"datePublished\":\"2018-03-27T07:34:40+00:00\",\"dateModified\":\"2018-03-27T07:55:40+00:00\",\"inLanguage\":\"fr-FR\",\"potentialAction\":[{\"@type\":\"ReadAction\",\"target\":[\"https:\/\/lyonbondyblog.fr\/LBB\/une-ecole-tres-differente\/\"]}]},{\"@type\":\"ImageObject\",\"inLanguage\":\"fr-FR\",\"@id\":\"https:\/\/lyonbondyblog.fr\/LBB\/une-ecole-tres-differente\/#primaryimage\",\"url\":\"https:\/\/lyonbondyblog.fr\/LBB\/wp-content\/uploads\/2018\/03\/Photo-3-article-1.jpg\",\"contentUrl\":\"https:\/\/lyonbondyblog.fr\/LBB\/wp-content\/uploads\/2018\/03\/Photo-3-article-1.jpg\",\"width\":\"4128\",\"height\":\"3096\"},{\"@type\":\"WebSite\",\"@id\":\"https:\/\/lyonbondyblog.fr\/LBB\/#website\",\"url\":\"https:\/\/lyonbondyblog.fr\/LBB\/\",\"name\":\"Lyon Bondy Blog\",\"description\":\"\",\"publisher\":{\"@id\":\"https:\/\/lyonbondyblog.fr\/LBB\/#organization\"},\"potentialAction\":[{\"@type\":\"SearchAction\",\"target\":{\"@type\":\"EntryPoint\",\"urlTemplate\":\"https:\/\/lyonbondyblog.fr\/LBB\/?s={search_term_string}\"},\"query-input\":\"required name=search_term_string\"}],\"inLanguage\":\"fr-FR\"},{\"@type\":\"Organization\",\"@id\":\"https:\/\/lyonbondyblog.fr\/LBB\/#organization\",\"name\":\"LYON BONDY BLOG\",\"url\":\"https:\/\/lyonbondyblog.fr\/LBB\/\",\"logo\":{\"@type\":\"ImageObject\",\"inLanguage\":\"fr-FR\",\"@id\":\"https:\/\/lyonbondyblog.fr\/LBB\/#\/schema\/logo\/image\/\",\"url\":\"http:\/\/lyonbondyblog.fr\/LBB\/wp-content\/uploads\/2014\/10\/logo-portable-144.png\",\"contentUrl\":\"http:\/\/lyonbondyblog.fr\/LBB\/wp-content\/uploads\/2014\/10\/logo-portable-144.png\",\"width\":144,\"height\":123,\"caption\":\"LYON BONDY BLOG\"},\"image\":{\"@id\":\"https:\/\/lyonbondyblog.fr\/LBB\/#\/schema\/logo\/image\/\"},\"sameAs\":[\"https:\/\/www.facebook.com\/lyonbondyblog\",\"https:\/\/x.com\/bondybloglyon\"]},{\"@type\":\"Person\",\"@id\":\"https:\/\/lyonbondyblog.fr\/LBB\/#\/schema\/person\/e45f8d27baac75072daa0be50c409b25\",\"name\":\"La r\u00e9daction\",\"description\":\"Cr\u00e9e en 2008, la r\u00e9daction du Lyon Bondy Blog s'applique \u00e0 proposer une information locale diff\u00e9rente et compl\u00e9mentaire des m\u00e9dias traditionnels.\",\"sameAs\":[\"https:\/\/www.facebook.com\/lyonbondyblog\",\"https:\/\/x.com\/BondyBlogLyon\"],\"url\":\"https:\/\/lyonbondyblog.fr\/LBB\/author\/admin\/\"}]}<\/script>\n<!-- \/ Yoast SEO plugin. -->","yoast_head_json":{"title":"Une \u00e9cole tr\u00e8s diff\u00e9rente - Lyon Bondy Blog","robots":{"index":"index","follow":"follow","max-snippet":"max-snippet:-1","max-image-preview":"max-image-preview:large","max-video-preview":"max-video-preview:-1"},"canonical":"https:\/\/lyonbondyblog.fr\/LBB\/une-ecole-tres-differente\/","og_locale":"fr_FR","og_type":"article","og_title":"Une \u00e9cole tr\u00e8s diff\u00e9rente - Lyon Bondy Blog","og_description":"&nbsp; Les \u00e9l\u00e8ves du coll\u00e8ge Pierre Valdo continuent leur exploration europ\u00e9enne \u00e0 travers le programme Erasmus+. Le projet \u00ab&nbsp;Fairplay4EU&nbsp;\u00bb pose cette fois ses valises \u00e0 &hellip;","og_url":"https:\/\/lyonbondyblog.fr\/LBB\/une-ecole-tres-differente\/","og_site_name":"Lyon Bondy Blog","article_publisher":"https:\/\/www.facebook.com\/lyonbondyblog","article_author":"https:\/\/www.facebook.com\/lyonbondyblog","article_published_time":"2018-03-27T07:34:40+00:00","article_modified_time":"2018-03-27T07:55:40+00:00","og_image":[{"width":"1024","height":"768","url":"https:\/\/lyonbondyblog.fr\/LBB\/wp-content\/uploads\/2018\/03\/Photo-3-article-1-1024x768.jpg","type":"image\/jpeg"}],"author":"La r\u00e9daction","twitter_card":"summary_large_image","twitter_creator":"@BondyBlogLyon","twitter_site":"@bondybloglyon","schema":{"@context":"https:\/\/schema.org","@graph":[{"@type":"Article","@id":"https:\/\/lyonbondyblog.fr\/LBB\/une-ecole-tres-differente\/#article","isPartOf":{"@id":"https:\/\/lyonbondyblog.fr\/LBB\/une-ecole-tres-differente\/"},"author":{"name":"La r\u00e9daction","@id":"https:\/\/lyonbondyblog.fr\/LBB\/#\/schema\/person\/e45f8d27baac75072daa0be50c409b25"},"headline":"Une \u00e9cole tr\u00e8s diff\u00e9rente","datePublished":"2018-03-27T07:34:40+00:00","dateModified":"2018-03-27T07:55:40+00:00","mainEntityOfPage":{"@id":"https:\/\/lyonbondyblog.fr\/LBB\/une-ecole-tres-differente\/"},"wordCount":383,"commentCount":0,"publisher":{"@id":"https:\/\/lyonbondyblog.fr\/LBB\/#organization"},"image":{"@id":"https:\/\/lyonbondyblog.fr\/LBB\/une-ecole-tres-differente\/#primaryimage"},"thumbnailUrl":"https:\/\/lyonbondyblog.fr\/LBB\/wp-content\/uploads\/2018\/03\/Photo-3-article-1.jpg","articleSection":["Culture","Education","Lyon"],"inLanguage":"fr-FR","potentialAction":[{"@type":"CommentAction","name":"Comment","target":["https:\/\/lyonbondyblog.fr\/LBB\/une-ecole-tres-differente\/#respond"]}]},{"@type":"WebPage","@id":"https:\/\/lyonbondyblog.fr\/LBB\/une-ecole-tres-differente\/","url":"https:\/\/lyonbondyblog.fr\/LBB\/une-ecole-tres-differente\/","name":"Une \u00e9cole tr\u00e8s diff\u00e9rente - Lyon Bondy Blog","isPartOf":{"@id":"https:\/\/lyonbondyblog.fr\/LBB\/#website"},"primaryImageOfPage":{"@id":"https:\/\/lyonbondyblog.fr\/LBB\/une-ecole-tres-differente\/#primaryimage"},"image":{"@id":"https:\/\/lyonbondyblog.fr\/LBB\/une-ecole-tres-differente\/#primaryimage"},"thumbnailUrl":"https:\/\/lyonbondyblog.fr\/LBB\/wp-content\/uploads\/2018\/03\/Photo-3-article-1.jpg","datePublished":"2018-03-27T07:34:40+00:00","dateModified":"2018-03-27T07:55:40+00:00","inLanguage":"fr-FR","potentialAction":[{"@type":"ReadAction","target":["https:\/\/lyonbondyblog.fr\/LBB\/une-ecole-tres-differente\/"]}]},{"@type":"ImageObject","inLanguage":"fr-FR","@id":"https:\/\/lyonbondyblog.fr\/LBB\/une-ecole-tres-differente\/#primaryimage","url":"https:\/\/lyonbondyblog.fr\/LBB\/wp-content\/uploads\/2018\/03\/Photo-3-article-1.jpg","contentUrl":"https:\/\/lyonbondyblog.fr\/LBB\/wp-content\/uploads\/2018\/03\/Photo-3-article-1.jpg","width":"4128","height":"3096"},{"@type":"WebSite","@id":"https:\/\/lyonbondyblog.fr\/LBB\/#website","url":"https:\/\/lyonbondyblog.fr\/LBB\/","name":"Lyon Bondy Blog","description":"","publisher":{"@id":"https:\/\/lyonbondyblog.fr\/LBB\/#organization"},"potentialAction":[{"@type":"SearchAction","target":{"@type":"EntryPoint","urlTemplate":"https:\/\/lyonbondyblog.fr\/LBB\/?s={search_term_string}"},"query-input":"required name=search_term_string"}],"inLanguage":"fr-FR"},{"@type":"Organization","@id":"https:\/\/lyonbondyblog.fr\/LBB\/#organization","name":"LYON BONDY BLOG","url":"https:\/\/lyonbondyblog.fr\/LBB\/","logo":{"@type":"ImageObject","inLanguage":"fr-FR","@id":"https:\/\/lyonbondyblog.fr\/LBB\/#\/schema\/logo\/image\/","url":"http:\/\/lyonbondyblog.fr\/LBB\/wp-content\/uploads\/2014\/10\/logo-portable-144.png","contentUrl":"http:\/\/lyonbondyblog.fr\/LBB\/wp-content\/uploads\/2014\/10\/logo-portable-144.png","width":144,"height":123,"caption":"LYON BONDY BLOG"},"image":{"@id":"https:\/\/lyonbondyblog.fr\/LBB\/#\/schema\/logo\/image\/"},"sameAs":["https:\/\/www.facebook.com\/lyonbondyblog","https:\/\/x.com\/bondybloglyon"]},{"@type":"Person","@id":"https:\/\/lyonbondyblog.fr\/LBB\/#\/schema\/person\/e45f8d27baac75072daa0be50c409b25","name":"La r\u00e9daction","description":"Cr\u00e9e en 2008, la r\u00e9daction du Lyon Bondy Blog s'applique \u00e0 proposer une information locale diff\u00e9rente et compl\u00e9mentaire des m\u00e9dias traditionnels.","sameAs":["https:\/\/www.facebook.com\/lyonbondyblog","https:\/\/x.com\/BondyBlogLyon"],"url":"https:\/\/lyonbondyblog.fr\/LBB\/author\/admin\/"}]}},"_links":{"self":[{"href":"https:\/\/lyonbondyblog.fr\/LBB\/wp-json\/wp\/v2\/posts\/12798","targetHints":{"allow":["GET"]}}],"collection":[{"href":"https:\/\/lyonbondyblog.fr\/LBB\/wp-json\/wp\/v2\/posts"}],"about":[{"href":"https:\/\/lyonbondyblog.fr\/LBB\/wp-json\/wp\/v2\/types\/post"}],"author":[{"embeddable":true,"href":"https:\/\/lyonbondyblog.fr\/LBB\/wp-json\/wp\/v2\/users\/1"}],"replies":[{"embeddable":true,"href":"https:\/\/lyonbondyblog.fr\/LBB\/wp-json\/wp\/v2\/comments?post=12798"}],"version-history":[{"count":10,"href":"https:\/\/lyonbondyblog.fr\/LBB\/wp-json\/wp\/v2\/posts\/12798\/revisions"}],"predecessor-version":[{"id":12831,"href":"https:\/\/lyonbondyblog.fr\/LBB\/wp-json\/wp\/v2\/posts\/12798\/revisions\/12831"}],"wp:featuredmedia":[{"embeddable":true,"href":"https:\/\/lyonbondyblog.fr\/LBB\/wp-json\/wp\/v2\/media\/12808"}],"wp:attachment":[{"href":"https:\/\/lyonbondyblog.fr\/LBB\/wp-json\/wp\/v2\/media?parent=12798"}],"wp:term":[{"taxonomy":"category","embeddable":true,"href":"https:\/\/lyonbondyblog.fr\/LBB\/wp-json\/wp\/v2\/categories?post=12798"},{"taxonomy":"post_tag","embeddable":true,"href":"https:\/\/lyonbondyblog.fr\/LBB\/wp-json\/wp\/v2\/tags?post=12798"}],"curies":[{"name":"wp","href":"https:\/\/api.w.org\/{rel}","templated":true}]}}