{"id":12759,"date":"2018-03-14T15:49:07","date_gmt":"2018-03-14T14:49:07","guid":{"rendered":"http:\/\/lyonbondyblog.fr\/LBB\/?p=12759"},"modified":"2018-03-14T15:57:27","modified_gmt":"2018-03-14T14:57:27","slug":"quelques-gram-de","status":"publish","type":"post","link":"https:\/\/lyonbondyblog.fr\/LBB\/quelques-gram-de\/","title":{"rendered":"Pour quelques GRAM de trop&#8230;"},"content":{"rendered":"<p><em>Hier soir s&rsquo;est tenue une conf\u00e9rence de presse \u00e0 la coop\u00e9rative du Z\u00e8bre, 22 rue Jean-Baptiste Say dans le premier arrondissement. Six des \u00e9lus du groupe de r\u00e9flexion et d&rsquo;action m\u00e9tropolitaine, dit GRAM, \u00e9taient pr\u00e9sents. De r\u00e9cents \u00e9v\u00e9nements politiques les poussent \u00e0 d\u00e9missionner. Le Lyon Bondy Blog s&rsquo;est rendu sur les lieux.<\/em><\/p>\n<p style=\"text-align: center;\"><a href=\"https:\/\/lyonbondyblog.fr\/LBB\/wp-content\/uploads\/2018\/03\/thumbnail_IMG_0561-1.jpg\"><img loading=\"lazy\" decoding=\"async\" class=\"size-medium wp-image-12764 aligncenter\" src=\"https:\/\/lyonbondyblog.fr\/LBB\/wp-content\/uploads\/2018\/03\/thumbnail_IMG_0561-1-300x225.jpg\" alt=\"\" width=\"300\" height=\"225\" srcset=\"https:\/\/lyonbondyblog.fr\/LBB\/wp-content\/uploads\/2018\/03\/thumbnail_IMG_0561-1-300x225.jpg 300w, https:\/\/lyonbondyblog.fr\/LBB\/wp-content\/uploads\/2018\/03\/thumbnail_IMG_0561-1-768x576.jpg 768w, https:\/\/lyonbondyblog.fr\/LBB\/wp-content\/uploads\/2018\/03\/thumbnail_IMG_0561-1-1024x768.jpg 1024w, https:\/\/lyonbondyblog.fr\/LBB\/wp-content\/uploads\/2018\/03\/thumbnail_IMG_0561-1-600x450.jpg 600w, https:\/\/lyonbondyblog.fr\/LBB\/wp-content\/uploads\/2018\/03\/thumbnail_IMG_0561-1.jpg 1280w\" sizes=\"auto, (max-width: 300px) 100vw, 300px\" \/><\/a><em>Photo : Cr\u00e9dits Etienne Aazzab-Lyon Bondy Blog<\/em><\/p>\n<p>Le GRAM est d\u00e9lest\u00e9 de ses \u00e9lus du premier arrondissement. R\u00e9ponses sur le d\u00e9litement de cette organisation bas\u00e9e sur l&rsquo;implication politique du citoyen dans l\u2019organisation sociale et \u00e9conomique de la m\u00e9tropole lyonnaise.<\/p>\n<p>Le pr\u00e9sident, Renaud Peyre a pris la parole afin d&rsquo;expliquer la situation du GRAM depuis sa cr\u00e9ation en 2011 et les raisons du d\u00e9part de ses compagnons politiques et la sienne. Beno\u00eet Bautheney, Jean-Pierre Bouchard, et une partie et la majorit\u00e9, ont commenc\u00e9 leur mandat avec \u00ab plaisir et app\u00e9tit \u00bb dans les cordes du manifeste du groupe dont les point principaux se d\u00e9c\u00e8lent en deux temps. Premi\u00e8rement la co-construction des d\u00e9cisions et la non personnalisation de l&rsquo;exercice du pouvoir, deuxi\u00e8mement le non cumul des mandats dans le temps et dans les fonctions.<\/p>\n<p>La forte influence de Nathalie Perrin-Gilbert ne permettant plus le respect de ce manifeste, les \u00e9lus du premier arrondissement pr\u00e9sents ce soir l\u00e0 ont d\u00e9cid\u00e9 de se retirer de ce jeu politique, argumentant que le pouvoir du citoyen et le renouvellement des pratiques politiques n&rsquo;est plus mis en \u0153uvre au GRAM. Pour eux, c&rsquo;est un combat perdu.<\/p>\n<p>Bien que cette d\u00e9cision marque une coup pour l&rsquo;ensemble des adh\u00e9rents, les 6 \u00e9lus continuent \u00e0 revendiquer leurs valeurs dans un esprit politique de gauche via une nouvelle formule : la manufacture de la cit\u00e9. Cet organisme, en cours de formation, d\u00e9sire proposer une plateforme de rencontre avec le citoyen, plus structur\u00e9e pour penser des programmes et \u00e9lire leurs repr\u00e9sentants par la suite, preuve du renouvellement politique d\u00e9j\u00e0 propos\u00e9 dans le manifeste du GRAM.<\/p>\n<p>Ce dernier, qui a r\u00e9cemment absorb\u00e9 de nombreux adh\u00e9rents de La France Insoumise serait-il r\u00e9v\u00e9lateur du programme politique de Nathalie Perrin-Gilbert.<\/p>\n<p>Eve Sauzeau<\/p>\n<!-- AddThis Advanced Settings generic via filter on the_content --><!-- AddThis Share Buttons generic via filter on the_content -->","protected":false},"excerpt":{"rendered":"<p>Hier soir s&rsquo;est tenue une conf\u00e9rence de presse \u00e0 la coop\u00e9rative du Z\u00e8bre, 22 rue Jean-Baptiste Say dans le premier arrondissement. Six des \u00e9lus du &hellip; <!-- AddThis Advanced Settings generic via filter on wp_trim_excerpt --><!-- AddThis Share Buttons generic via filter on wp_trim_excerpt --><\/p>\n","protected":false},"author":1,"featured_media":12760,"comment_status":"open","ping_status":"open","sticky":false,"template":"","format":"standard","meta":{"_FSMCFIC_featured_image_caption":"","_FSMCFIC_featured_image_nocaption":"","_FSMCFIC_featured_image_hide":"","footnotes":""},"categories":[6,2],"tags":[],"class_list":["post-12759","post","type-post","status-publish","format-standard","has-post-thumbnail","hentry","category-politique","category-societe"],"yoast_head":"<!-- This site is optimized with the Yoast SEO plugin v22.8 - https:\/\/yoast.com\/wordpress\/plugins\/seo\/ -->\n<title>Pour quelques GRAM de trop... - Lyon Bondy Blog<\/title>\n<meta name=\"robots\" content=\"index, follow, max-snippet:-1, max-image-preview:large, max-video-preview:-1\" \/>\n<link rel=\"canonical\" href=\"https:\/\/lyonbondyblog.fr\/LBB\/quelques-gram-de\/\" \/>\n<meta property=\"og:locale\" content=\"fr_FR\" \/>\n<meta property=\"og:type\" content=\"article\" \/>\n<meta property=\"og:title\" content=\"Pour quelques GRAM de trop... - Lyon Bondy Blog\" \/>\n<meta property=\"og:description\" content=\"Hier soir s&rsquo;est tenue une conf\u00e9rence de presse \u00e0 la coop\u00e9rative du Z\u00e8bre, 22 rue Jean-Baptiste Say dans le premier arrondissement. Six des \u00e9lus du &hellip;\" \/>\n<meta property=\"og:url\" content=\"https:\/\/lyonbondyblog.fr\/LBB\/quelques-gram-de\/\" \/>\n<meta property=\"og:site_name\" content=\"Lyon Bondy Blog\" \/>\n<meta property=\"article:publisher\" content=\"https:\/\/www.facebook.com\/lyonbondyblog\" \/>\n<meta property=\"article:author\" content=\"https:\/\/www.facebook.com\/lyonbondyblog\" \/>\n<meta property=\"article:published_time\" content=\"2018-03-14T14:49:07+00:00\" \/>\n<meta property=\"article:modified_time\" content=\"2018-03-14T14:57:27+00:00\" \/>\n<meta property=\"og:image\" content=\"https:\/\/lyonbondyblog.fr\/LBB\/wp-content\/uploads\/2018\/03\/thumbnail_IMG_0561.jpg\" \/>\n\t<meta property=\"og:image:width\" content=\"1280\" \/>\n\t<meta property=\"og:image:height\" content=\"960\" \/>\n\t<meta property=\"og:image:type\" content=\"image\/jpeg\" \/>\n<meta name=\"author\" content=\"La r\u00e9daction\" \/>\n<meta name=\"twitter:card\" content=\"summary_large_image\" \/>\n<meta name=\"twitter:creator\" content=\"@BondyBlogLyon\" \/>\n<meta name=\"twitter:site\" content=\"@bondybloglyon\" \/>\n<script type=\"application\/ld+json\" class=\"yoast-schema-graph\">{\"@context\":\"https:\/\/schema.org\",\"@graph\":[{\"@type\":\"Article\",\"@id\":\"https:\/\/lyonbondyblog.fr\/LBB\/quelques-gram-de\/#article\",\"isPartOf\":{\"@id\":\"https:\/\/lyonbondyblog.fr\/LBB\/quelques-gram-de\/\"},\"author\":{\"name\":\"La r\u00e9daction\",\"@id\":\"https:\/\/lyonbondyblog.fr\/LBB\/#\/schema\/person\/e45f8d27baac75072daa0be50c409b25\"},\"headline\":\"Pour quelques GRAM de trop&#8230;\",\"datePublished\":\"2018-03-14T14:49:07+00:00\",\"dateModified\":\"2018-03-14T14:57:27+00:00\",\"mainEntityOfPage\":{\"@id\":\"https:\/\/lyonbondyblog.fr\/LBB\/quelques-gram-de\/\"},\"wordCount\":371,\"commentCount\":0,\"publisher\":{\"@id\":\"https:\/\/lyonbondyblog.fr\/LBB\/#organization\"},\"image\":{\"@id\":\"https:\/\/lyonbondyblog.fr\/LBB\/quelques-gram-de\/#primaryimage\"},\"thumbnailUrl\":\"https:\/\/lyonbondyblog.fr\/LBB\/wp-content\/uploads\/2018\/03\/thumbnail_IMG_0561.jpg\",\"articleSection\":[\"Politique\",\"Soci\u00e9t\u00e9\"],\"inLanguage\":\"fr-FR\",\"potentialAction\":[{\"@type\":\"CommentAction\",\"name\":\"Comment\",\"target\":[\"https:\/\/lyonbondyblog.fr\/LBB\/quelques-gram-de\/#respond\"]}]},{\"@type\":\"WebPage\",\"@id\":\"https:\/\/lyonbondyblog.fr\/LBB\/quelques-gram-de\/\",\"url\":\"https:\/\/lyonbondyblog.fr\/LBB\/quelques-gram-de\/\",\"name\":\"Pour quelques GRAM de trop... - Lyon Bondy Blog\",\"isPartOf\":{\"@id\":\"https:\/\/lyonbondyblog.fr\/LBB\/#website\"},\"primaryImageOfPage\":{\"@id\":\"https:\/\/lyonbondyblog.fr\/LBB\/quelques-gram-de\/#primaryimage\"},\"image\":{\"@id\":\"https:\/\/lyonbondyblog.fr\/LBB\/quelques-gram-de\/#primaryimage\"},\"thumbnailUrl\":\"https:\/\/lyonbondyblog.fr\/LBB\/wp-content\/uploads\/2018\/03\/thumbnail_IMG_0561.jpg\",\"datePublished\":\"2018-03-14T14:49:07+00:00\",\"dateModified\":\"2018-03-14T14:57:27+00:00\",\"inLanguage\":\"fr-FR\",\"potentialAction\":[{\"@type\":\"ReadAction\",\"target\":[\"https:\/\/lyonbondyblog.fr\/LBB\/quelques-gram-de\/\"]}]},{\"@type\":\"ImageObject\",\"inLanguage\":\"fr-FR\",\"@id\":\"https:\/\/lyonbondyblog.fr\/LBB\/quelques-gram-de\/#primaryimage\",\"url\":\"https:\/\/lyonbondyblog.fr\/LBB\/wp-content\/uploads\/2018\/03\/thumbnail_IMG_0561.jpg\",\"contentUrl\":\"https:\/\/lyonbondyblog.fr\/LBB\/wp-content\/uploads\/2018\/03\/thumbnail_IMG_0561.jpg\",\"width\":\"1280\",\"height\":\"960\",\"caption\":\"Photo : Cr\u00e9dits Etienne Aazzab-Lyon Bondy Blog\"},{\"@type\":\"WebSite\",\"@id\":\"https:\/\/lyonbondyblog.fr\/LBB\/#website\",\"url\":\"https:\/\/lyonbondyblog.fr\/LBB\/\",\"name\":\"Lyon Bondy Blog\",\"description\":\"\",\"publisher\":{\"@id\":\"https:\/\/lyonbondyblog.fr\/LBB\/#organization\"},\"potentialAction\":[{\"@type\":\"SearchAction\",\"target\":{\"@type\":\"EntryPoint\",\"urlTemplate\":\"https:\/\/lyonbondyblog.fr\/LBB\/?s={search_term_string}\"},\"query-input\":\"required name=search_term_string\"}],\"inLanguage\":\"fr-FR\"},{\"@type\":\"Organization\",\"@id\":\"https:\/\/lyonbondyblog.fr\/LBB\/#organization\",\"name\":\"LYON BONDY BLOG\",\"url\":\"https:\/\/lyonbondyblog.fr\/LBB\/\",\"logo\":{\"@type\":\"ImageObject\",\"inLanguage\":\"fr-FR\",\"@id\":\"https:\/\/lyonbondyblog.fr\/LBB\/#\/schema\/logo\/image\/\",\"url\":\"http:\/\/lyonbondyblog.fr\/LBB\/wp-content\/uploads\/2014\/10\/logo-portable-144.png\",\"contentUrl\":\"http:\/\/lyonbondyblog.fr\/LBB\/wp-content\/uploads\/2014\/10\/logo-portable-144.png\",\"width\":144,\"height\":123,\"caption\":\"LYON BONDY BLOG\"},\"image\":{\"@id\":\"https:\/\/lyonbondyblog.fr\/LBB\/#\/schema\/logo\/image\/\"},\"sameAs\":[\"https:\/\/www.facebook.com\/lyonbondyblog\",\"https:\/\/x.com\/bondybloglyon\"]},{\"@type\":\"Person\",\"@id\":\"https:\/\/lyonbondyblog.fr\/LBB\/#\/schema\/person\/e45f8d27baac75072daa0be50c409b25\",\"name\":\"La r\u00e9daction\",\"description\":\"Cr\u00e9e en 2008, la r\u00e9daction du Lyon Bondy Blog s'applique \u00e0 proposer une information locale diff\u00e9rente et compl\u00e9mentaire des m\u00e9dias traditionnels.\",\"sameAs\":[\"https:\/\/www.facebook.com\/lyonbondyblog\",\"https:\/\/x.com\/BondyBlogLyon\"],\"url\":\"https:\/\/lyonbondyblog.fr\/LBB\/author\/admin\/\"}]}<\/script>\n<!-- \/ Yoast SEO plugin. -->","yoast_head_json":{"title":"Pour quelques GRAM de trop... - Lyon Bondy Blog","robots":{"index":"index","follow":"follow","max-snippet":"max-snippet:-1","max-image-preview":"max-image-preview:large","max-video-preview":"max-video-preview:-1"},"canonical":"https:\/\/lyonbondyblog.fr\/LBB\/quelques-gram-de\/","og_locale":"fr_FR","og_type":"article","og_title":"Pour quelques GRAM de trop... - Lyon Bondy Blog","og_description":"Hier soir s&rsquo;est tenue une conf\u00e9rence de presse \u00e0 la coop\u00e9rative du Z\u00e8bre, 22 rue Jean-Baptiste Say dans le premier arrondissement. Six des \u00e9lus du &hellip;","og_url":"https:\/\/lyonbondyblog.fr\/LBB\/quelques-gram-de\/","og_site_name":"Lyon Bondy Blog","article_publisher":"https:\/\/www.facebook.com\/lyonbondyblog","article_author":"https:\/\/www.facebook.com\/lyonbondyblog","article_published_time":"2018-03-14T14:49:07+00:00","article_modified_time":"2018-03-14T14:57:27+00:00","og_image":[{"width":"1280","height":"960","url":"https:\/\/lyonbondyblog.fr\/LBB\/wp-content\/uploads\/2018\/03\/thumbnail_IMG_0561.jpg","type":"image\/jpeg"}],"author":"La r\u00e9daction","twitter_card":"summary_large_image","twitter_creator":"@BondyBlogLyon","twitter_site":"@bondybloglyon","schema":{"@context":"https:\/\/schema.org","@graph":[{"@type":"Article","@id":"https:\/\/lyonbondyblog.fr\/LBB\/quelques-gram-de\/#article","isPartOf":{"@id":"https:\/\/lyonbondyblog.fr\/LBB\/quelques-gram-de\/"},"author":{"name":"La r\u00e9daction","@id":"https:\/\/lyonbondyblog.fr\/LBB\/#\/schema\/person\/e45f8d27baac75072daa0be50c409b25"},"headline":"Pour quelques GRAM de trop&#8230;","datePublished":"2018-03-14T14:49:07+00:00","dateModified":"2018-03-14T14:57:27+00:00","mainEntityOfPage":{"@id":"https:\/\/lyonbondyblog.fr\/LBB\/quelques-gram-de\/"},"wordCount":371,"commentCount":0,"publisher":{"@id":"https:\/\/lyonbondyblog.fr\/LBB\/#organization"},"image":{"@id":"https:\/\/lyonbondyblog.fr\/LBB\/quelques-gram-de\/#primaryimage"},"thumbnailUrl":"https:\/\/lyonbondyblog.fr\/LBB\/wp-content\/uploads\/2018\/03\/thumbnail_IMG_0561.jpg","articleSection":["Politique","Soci\u00e9t\u00e9"],"inLanguage":"fr-FR","potentialAction":[{"@type":"CommentAction","name":"Comment","target":["https:\/\/lyonbondyblog.fr\/LBB\/quelques-gram-de\/#respond"]}]},{"@type":"WebPage","@id":"https:\/\/lyonbondyblog.fr\/LBB\/quelques-gram-de\/","url":"https:\/\/lyonbondyblog.fr\/LBB\/quelques-gram-de\/","name":"Pour quelques GRAM de trop... - Lyon Bondy Blog","isPartOf":{"@id":"https:\/\/lyonbondyblog.fr\/LBB\/#website"},"primaryImageOfPage":{"@id":"https:\/\/lyonbondyblog.fr\/LBB\/quelques-gram-de\/#primaryimage"},"image":{"@id":"https:\/\/lyonbondyblog.fr\/LBB\/quelques-gram-de\/#primaryimage"},"thumbnailUrl":"https:\/\/lyonbondyblog.fr\/LBB\/wp-content\/uploads\/2018\/03\/thumbnail_IMG_0561.jpg","datePublished":"2018-03-14T14:49:07+00:00","dateModified":"2018-03-14T14:57:27+00:00","inLanguage":"fr-FR","potentialAction":[{"@type":"ReadAction","target":["https:\/\/lyonbondyblog.fr\/LBB\/quelques-gram-de\/"]}]},{"@type":"ImageObject","inLanguage":"fr-FR","@id":"https:\/\/lyonbondyblog.fr\/LBB\/quelques-gram-de\/#primaryimage","url":"https:\/\/lyonbondyblog.fr\/LBB\/wp-content\/uploads\/2018\/03\/thumbnail_IMG_0561.jpg","contentUrl":"https:\/\/lyonbondyblog.fr\/LBB\/wp-content\/uploads\/2018\/03\/thumbnail_IMG_0561.jpg","width":"1280","height":"960","caption":"Photo : Cr\u00e9dits Etienne Aazzab-Lyon Bondy Blog"},{"@type":"WebSite","@id":"https:\/\/lyonbondyblog.fr\/LBB\/#website","url":"https:\/\/lyonbondyblog.fr\/LBB\/","name":"Lyon Bondy Blog","description":"","publisher":{"@id":"https:\/\/lyonbondyblog.fr\/LBB\/#organization"},"potentialAction":[{"@type":"SearchAction","target":{"@type":"EntryPoint","urlTemplate":"https:\/\/lyonbondyblog.fr\/LBB\/?s={search_term_string}"},"query-input":"required name=search_term_string"}],"inLanguage":"fr-FR"},{"@type":"Organization","@id":"https:\/\/lyonbondyblog.fr\/LBB\/#organization","name":"LYON BONDY BLOG","url":"https:\/\/lyonbondyblog.fr\/LBB\/","logo":{"@type":"ImageObject","inLanguage":"fr-FR","@id":"https:\/\/lyonbondyblog.fr\/LBB\/#\/schema\/logo\/image\/","url":"http:\/\/lyonbondyblog.fr\/LBB\/wp-content\/uploads\/2014\/10\/logo-portable-144.png","contentUrl":"http:\/\/lyonbondyblog.fr\/LBB\/wp-content\/uploads\/2014\/10\/logo-portable-144.png","width":144,"height":123,"caption":"LYON BONDY BLOG"},"image":{"@id":"https:\/\/lyonbondyblog.fr\/LBB\/#\/schema\/logo\/image\/"},"sameAs":["https:\/\/www.facebook.com\/lyonbondyblog","https:\/\/x.com\/bondybloglyon"]},{"@type":"Person","@id":"https:\/\/lyonbondyblog.fr\/LBB\/#\/schema\/person\/e45f8d27baac75072daa0be50c409b25","name":"La r\u00e9daction","description":"Cr\u00e9e en 2008, la r\u00e9daction du Lyon Bondy Blog s'applique \u00e0 proposer une information locale diff\u00e9rente et compl\u00e9mentaire des m\u00e9dias traditionnels.","sameAs":["https:\/\/www.facebook.com\/lyonbondyblog","https:\/\/x.com\/BondyBlogLyon"],"url":"https:\/\/lyonbondyblog.fr\/LBB\/author\/admin\/"}]}},"_links":{"self":[{"href":"https:\/\/lyonbondyblog.fr\/LBB\/wp-json\/wp\/v2\/posts\/12759","targetHints":{"allow":["GET"]}}],"collection":[{"href":"https:\/\/lyonbondyblog.fr\/LBB\/wp-json\/wp\/v2\/posts"}],"about":[{"href":"https:\/\/lyonbondyblog.fr\/LBB\/wp-json\/wp\/v2\/types\/post"}],"author":[{"embeddable":true,"href":"https:\/\/lyonbondyblog.fr\/LBB\/wp-json\/wp\/v2\/users\/1"}],"replies":[{"embeddable":true,"href":"https:\/\/lyonbondyblog.fr\/LBB\/wp-json\/wp\/v2\/comments?post=12759"}],"version-history":[{"count":4,"href":"https:\/\/lyonbondyblog.fr\/LBB\/wp-json\/wp\/v2\/posts\/12759\/revisions"}],"predecessor-version":[{"id":12765,"href":"https:\/\/lyonbondyblog.fr\/LBB\/wp-json\/wp\/v2\/posts\/12759\/revisions\/12765"}],"wp:featuredmedia":[{"embeddable":true,"href":"https:\/\/lyonbondyblog.fr\/LBB\/wp-json\/wp\/v2\/media\/12760"}],"wp:attachment":[{"href":"https:\/\/lyonbondyblog.fr\/LBB\/wp-json\/wp\/v2\/media?parent=12759"}],"wp:term":[{"taxonomy":"category","embeddable":true,"href":"https:\/\/lyonbondyblog.fr\/LBB\/wp-json\/wp\/v2\/categories?post=12759"},{"taxonomy":"post_tag","embeddable":true,"href":"https:\/\/lyonbondyblog.fr\/LBB\/wp-json\/wp\/v2\/tags?post=12759"}],"curies":[{"name":"wp","href":"https:\/\/api.w.org\/{rel}","templated":true}]}}