{"id":12572,"date":"2018-02-07T15:31:31","date_gmt":"2018-02-07T14:31:31","guid":{"rendered":"http:\/\/lyonbondyblog.fr\/LBB\/?p=12572"},"modified":"2018-02-07T15:31:31","modified_gmt":"2018-02-07T14:31:31","slug":"decus-de-soiree-lions-sport","status":"publish","type":"post","link":"https:\/\/lyonbondyblog.fr\/LBB\/decus-de-soiree-lions-sport\/","title":{"rendered":"Les d\u00e9\u00e7us de la soir\u00e9e des Lions du Sport"},"content":{"rendered":"<p><em>Ce lundi 5 f\u00e9vrier, le jury des Lions du Sport, compos\u00e9 de Sidney Govou, Carine Galli, St\u00e9phane Diagana, C\u00e9cile Sim\u00e9one et Aline Sam-Giao \u2013 directrice g\u00e9n\u00e9rale de l&rsquo;auditorium de Lyon a sacr\u00e9 quatre athl\u00e8tes. La r\u00e9daction du Lyon Bondy Blog a choisi de s&rsquo;int\u00e9resser aux d\u00e9\u00e7us de la c\u00e9r\u00e9monie.<\/em><\/p>\n<figure id=\"attachment_12578\" aria-describedby=\"caption-attachment-12578\" style=\"width: 4000px\" class=\"wp-caption alignright\"><img loading=\"lazy\" decoding=\"async\" class=\"size-full wp-image-12578\" src=\"https:\/\/lyonbondyblog.fr\/LBB\/wp-content\/uploads\/2018\/02\/Laur\u00e9ats.jpg\" alt=\"\" width=\"4000\" height=\"3000\" srcset=\"https:\/\/lyonbondyblog.fr\/LBB\/wp-content\/uploads\/2018\/02\/Laur\u00e9ats.jpg 4000w, https:\/\/lyonbondyblog.fr\/LBB\/wp-content\/uploads\/2018\/02\/Laur\u00e9ats-300x225.jpg 300w, https:\/\/lyonbondyblog.fr\/LBB\/wp-content\/uploads\/2018\/02\/Laur\u00e9ats-768x576.jpg 768w, https:\/\/lyonbondyblog.fr\/LBB\/wp-content\/uploads\/2018\/02\/Laur\u00e9ats-1024x768.jpg 1024w, https:\/\/lyonbondyblog.fr\/LBB\/wp-content\/uploads\/2018\/02\/Laur\u00e9ats-600x450.jpg 600w\" sizes=\"auto, (max-width: 4000px) 100vw, 4000px\" \/><figcaption id=\"caption-attachment-12578\" class=\"wp-caption-text\">Laur\u00e9ats des Lions du sport<br \/>Cr\u00e9dits : Hugo Dervissoglou<\/figcaption><\/figure>\n<p>Organis\u00e9e \u00e0 l&rsquo;auditorium de Lyon, les Lions du Sport 2017 ont sacr\u00e9 la tenniswoman num\u00e9ro 7 mondiale Caroline Garcia. Elle devance la championne du monde et d&rsquo;Europe de plongeon en duo Laura Marino, le capitaine de l&rsquo;Olympique lyonnais Nabil F\u00e9kir, ainsi que l&rsquo;ancien ouvreur du XV de France Fr\u00e9d\u00e9ric Michalak, coup de c\u0153ur du jury.<\/p>\n<figure id=\"attachment_12575\" aria-describedby=\"caption-attachment-12575\" style=\"width: 4000px\" class=\"wp-caption alignright\"><img loading=\"lazy\" decoding=\"async\" class=\"size-full wp-image-12575\" src=\"https:\/\/lyonbondyblog.fr\/LBB\/wp-content\/uploads\/2018\/02\/Caroline-Garcia-.jpg\" alt=\"\" width=\"4000\" height=\"3000\" srcset=\"https:\/\/lyonbondyblog.fr\/LBB\/wp-content\/uploads\/2018\/02\/Caroline-Garcia-.jpg 4000w, https:\/\/lyonbondyblog.fr\/LBB\/wp-content\/uploads\/2018\/02\/Caroline-Garcia--300x225.jpg 300w, https:\/\/lyonbondyblog.fr\/LBB\/wp-content\/uploads\/2018\/02\/Caroline-Garcia--768x576.jpg 768w, https:\/\/lyonbondyblog.fr\/LBB\/wp-content\/uploads\/2018\/02\/Caroline-Garcia--1024x768.jpg 1024w, https:\/\/lyonbondyblog.fr\/LBB\/wp-content\/uploads\/2018\/02\/Caroline-Garcia--600x450.jpg 600w\" sizes=\"auto, (max-width: 4000px) 100vw, 4000px\" \/><figcaption id=\"caption-attachment-12575\" class=\"wp-caption-text\">Caroline Garcia, joueuse de tennis<br \/>Cr\u00e9dits : Hugo Dervissoglou<\/figcaption><\/figure>\n<p>La laur\u00e9ate de l&rsquo;an dernier, la lanceuse de disque M\u00e9lina Robert-Michon \u00e9tait de nouveau pr\u00e9sente suite \u00e0 sa m\u00e9daille de bronze aux championnats du monde et sa victoire au D\u00e9caNation. La native de Voiron (Is\u00e8re) est cette fois repartie bredouille. Au rayon des d\u00e9ceptions s&rsquo;ajoutent le hockeyeur slovaque Samuel Takac, les basketteurs de l&rsquo;ASVEL Charles Kahudi et M\u00e9lanie Plust, la gardienne de l&rsquo;OL et des bleues Sarah Bouhaddi ainsi que le pongiste handisport Maxime Thomas.<\/p>\n<p>Le dernier d\u00e9\u00e7u est Hugo Boucheron. Enfin sacr\u00e9 lors des championnats de France, il a manqu\u00e9 le coche lors des finales des championnats du monde en Floride avec une sixi\u00e8me place en finale, malgr\u00e9 le meilleur temps des demies. Il aura l&rsquo;occasion de prendre sa revanche lors des championnats du monde en Bulgarie au mois de septembre.<\/p>\n<p>\u00ab Je compte d\u00e9crocher l\u2019or \u00e0 Tokyo \u00bb<\/p>\n<figure id=\"attachment_12576\" aria-describedby=\"caption-attachment-12576\" style=\"width: 1256px\" class=\"wp-caption alignright\"><img loading=\"lazy\" decoding=\"async\" class=\"size-full wp-image-12576\" src=\"https:\/\/lyonbondyblog.fr\/LBB\/wp-content\/uploads\/2018\/02\/hugo-boucheron-.png\" alt=\"\" width=\"1256\" height=\"1234\" srcset=\"https:\/\/lyonbondyblog.fr\/LBB\/wp-content\/uploads\/2018\/02\/hugo-boucheron-.png 1256w, https:\/\/lyonbondyblog.fr\/LBB\/wp-content\/uploads\/2018\/02\/hugo-boucheron--300x295.png 300w, https:\/\/lyonbondyblog.fr\/LBB\/wp-content\/uploads\/2018\/02\/hugo-boucheron--768x755.png 768w, https:\/\/lyonbondyblog.fr\/LBB\/wp-content\/uploads\/2018\/02\/hugo-boucheron--1024x1006.png 1024w, https:\/\/lyonbondyblog.fr\/LBB\/wp-content\/uploads\/2018\/02\/hugo-boucheron--600x589.png 600w, https:\/\/lyonbondyblog.fr\/LBB\/wp-content\/uploads\/2018\/02\/hugo-boucheron--32x32.png 32w, https:\/\/lyonbondyblog.fr\/LBB\/wp-content\/uploads\/2018\/02\/hugo-boucheron--50x50.png 50w, https:\/\/lyonbondyblog.fr\/LBB\/wp-content\/uploads\/2018\/02\/hugo-boucheron--64x64.png 64w\" sizes=\"auto, (max-width: 1256px) 100vw, 1256px\" \/><figcaption id=\"caption-attachment-12576\" class=\"wp-caption-text\">Hugo Boucheron<br \/>Cr\u00e9dits : Hugo Dervissoglou<\/figcaption><\/figure>\n<p>Apr\u00e8s la remise des prix, le pongiste Maxime Thomas, qui repart sans troph\u00e9e, a r\u00e9agi : \u00ab je m&rsquo;y attendais au vu de la concurrence. J&rsquo;aimerais bien que le handicap et le handisport soient un peu plus port\u00e9s \u00bb. Le Lion d&rsquo;or est un troph\u00e9e que ce Lorrain de naissance compte bien soulever un jour : \u00ab c&rsquo;est un bon moyen de montrer les performances de haut niveau que l&rsquo;on peut r\u00e9aliser en handisports. Je compte bien tout faire pour aller d\u00e9crocher l&rsquo;or \u00e0 Tokyo en 2020 apr\u00e8s le bronze de Rio \u00bb.<\/p>\n<p>Le licenci\u00e9 du club sportif Charcot a tenu \u00e0 saluer l&rsquo;exposition grandissante des athl\u00e8tes handisports. \u00ab Il faut saluer l&rsquo;effort de France T\u00e9l\u00e9visions qui d\u00e9ploie une \u00e9quipe sp\u00e9cialement pour les paralympiques et propose plus de 100 heures de direct. J&rsquo;esp\u00e8re que cette m\u00e9diatisation va permettre \u00e0 des jeunes en situation de handicap de se mettre au sport. Participer aux jeux et remporter une m\u00e9daille, c&rsquo;est un sentiment indescriptible \u00bb.<\/p>\n<p style=\"text-align: right;\">Hugo Dervissoglou<\/p>\n<!-- AddThis Advanced Settings generic via filter on the_content --><!-- AddThis Share Buttons generic via filter on the_content -->","protected":false},"excerpt":{"rendered":"<p>Ce lundi 5 f\u00e9vrier, le jury des Lions du Sport, compos\u00e9 de Sidney Govou, Carine Galli, St\u00e9phane Diagana, C\u00e9cile Sim\u00e9one et Aline Sam-Giao \u2013 directrice &hellip; <!-- AddThis Advanced Settings generic via filter on wp_trim_excerpt --><!-- AddThis Share Buttons generic via filter on wp_trim_excerpt --><\/p>\n","protected":false},"author":1,"featured_media":12578,"comment_status":"open","ping_status":"open","sticky":false,"template":"","format":"standard","meta":{"_FSMCFIC_featured_image_caption":"","_FSMCFIC_featured_image_nocaption":"","_FSMCFIC_featured_image_hide":"","footnotes":""},"categories":[4],"tags":[],"class_list":["post-12572","post","type-post","status-publish","format-standard","has-post-thumbnail","hentry","category-lyon"],"yoast_head":"<!-- This site is optimized with the Yoast SEO plugin v22.8 - https:\/\/yoast.com\/wordpress\/plugins\/seo\/ -->\n<title>Les d\u00e9\u00e7us de la soir\u00e9e des Lions du Sport - Lyon Bondy Blog<\/title>\n<meta name=\"robots\" content=\"index, follow, max-snippet:-1, max-image-preview:large, max-video-preview:-1\" \/>\n<link rel=\"canonical\" href=\"https:\/\/lyonbondyblog.fr\/LBB\/decus-de-soiree-lions-sport\/\" \/>\n<meta property=\"og:locale\" content=\"fr_FR\" \/>\n<meta property=\"og:type\" content=\"article\" \/>\n<meta property=\"og:title\" content=\"Les d\u00e9\u00e7us de la soir\u00e9e des Lions du Sport - Lyon Bondy Blog\" \/>\n<meta property=\"og:description\" content=\"Ce lundi 5 f\u00e9vrier, le jury des Lions du Sport, compos\u00e9 de Sidney Govou, Carine Galli, St\u00e9phane Diagana, C\u00e9cile Sim\u00e9one et Aline Sam-Giao \u2013 directrice &hellip;\" \/>\n<meta property=\"og:url\" content=\"https:\/\/lyonbondyblog.fr\/LBB\/decus-de-soiree-lions-sport\/\" \/>\n<meta property=\"og:site_name\" content=\"Lyon Bondy Blog\" \/>\n<meta property=\"article:publisher\" content=\"https:\/\/www.facebook.com\/lyonbondyblog\" \/>\n<meta property=\"article:author\" content=\"https:\/\/www.facebook.com\/lyonbondyblog\" \/>\n<meta property=\"article:published_time\" content=\"2018-02-07T14:31:31+00:00\" \/>\n<meta property=\"og:image\" content=\"https:\/\/lyonbondyblog.fr\/LBB\/wp-content\/uploads\/2018\/02\/Laur\u00e9ats-1024x768.jpg\" \/>\n\t<meta property=\"og:image:width\" content=\"1024\" \/>\n\t<meta property=\"og:image:height\" content=\"768\" \/>\n\t<meta property=\"og:image:type\" content=\"image\/jpeg\" \/>\n<meta name=\"author\" content=\"La r\u00e9daction\" \/>\n<meta name=\"twitter:card\" content=\"summary_large_image\" \/>\n<meta name=\"twitter:creator\" content=\"@BondyBlogLyon\" \/>\n<meta name=\"twitter:site\" content=\"@bondybloglyon\" \/>\n<script type=\"application\/ld+json\" class=\"yoast-schema-graph\">{\"@context\":\"https:\/\/schema.org\",\"@graph\":[{\"@type\":\"Article\",\"@id\":\"https:\/\/lyonbondyblog.fr\/LBB\/decus-de-soiree-lions-sport\/#article\",\"isPartOf\":{\"@id\":\"https:\/\/lyonbondyblog.fr\/LBB\/decus-de-soiree-lions-sport\/\"},\"author\":{\"name\":\"La r\u00e9daction\",\"@id\":\"https:\/\/lyonbondyblog.fr\/LBB\/#\/schema\/person\/e45f8d27baac75072daa0be50c409b25\"},\"headline\":\"Les d\u00e9\u00e7us de la soir\u00e9e des Lions du Sport\",\"datePublished\":\"2018-02-07T14:31:31+00:00\",\"dateModified\":\"2018-02-07T14:31:31+00:00\",\"mainEntityOfPage\":{\"@id\":\"https:\/\/lyonbondyblog.fr\/LBB\/decus-de-soiree-lions-sport\/\"},\"wordCount\":486,\"commentCount\":0,\"publisher\":{\"@id\":\"https:\/\/lyonbondyblog.fr\/LBB\/#organization\"},\"image\":{\"@id\":\"https:\/\/lyonbondyblog.fr\/LBB\/decus-de-soiree-lions-sport\/#primaryimage\"},\"thumbnailUrl\":\"https:\/\/lyonbondyblog.fr\/LBB\/wp-content\/uploads\/2018\/02\/Laur\u00e9ats.jpg\",\"articleSection\":[\"Lyon\"],\"inLanguage\":\"fr-FR\",\"potentialAction\":[{\"@type\":\"CommentAction\",\"name\":\"Comment\",\"target\":[\"https:\/\/lyonbondyblog.fr\/LBB\/decus-de-soiree-lions-sport\/#respond\"]}]},{\"@type\":\"WebPage\",\"@id\":\"https:\/\/lyonbondyblog.fr\/LBB\/decus-de-soiree-lions-sport\/\",\"url\":\"https:\/\/lyonbondyblog.fr\/LBB\/decus-de-soiree-lions-sport\/\",\"name\":\"Les d\u00e9\u00e7us de la soir\u00e9e des Lions du Sport - Lyon Bondy Blog\",\"isPartOf\":{\"@id\":\"https:\/\/lyonbondyblog.fr\/LBB\/#website\"},\"primaryImageOfPage\":{\"@id\":\"https:\/\/lyonbondyblog.fr\/LBB\/decus-de-soiree-lions-sport\/#primaryimage\"},\"image\":{\"@id\":\"https:\/\/lyonbondyblog.fr\/LBB\/decus-de-soiree-lions-sport\/#primaryimage\"},\"thumbnailUrl\":\"https:\/\/lyonbondyblog.fr\/LBB\/wp-content\/uploads\/2018\/02\/Laur\u00e9ats.jpg\",\"datePublished\":\"2018-02-07T14:31:31+00:00\",\"dateModified\":\"2018-02-07T14:31:31+00:00\",\"inLanguage\":\"fr-FR\",\"potentialAction\":[{\"@type\":\"ReadAction\",\"target\":[\"https:\/\/lyonbondyblog.fr\/LBB\/decus-de-soiree-lions-sport\/\"]}]},{\"@type\":\"ImageObject\",\"inLanguage\":\"fr-FR\",\"@id\":\"https:\/\/lyonbondyblog.fr\/LBB\/decus-de-soiree-lions-sport\/#primaryimage\",\"url\":\"https:\/\/lyonbondyblog.fr\/LBB\/wp-content\/uploads\/2018\/02\/Laur\u00e9ats.jpg\",\"contentUrl\":\"https:\/\/lyonbondyblog.fr\/LBB\/wp-content\/uploads\/2018\/02\/Laur\u00e9ats.jpg\",\"width\":4000,\"height\":3000,\"caption\":\"Laur\u00e9ats des Lions du sport Cr\u00e9dits : Hugo Dervissoglou\"},{\"@type\":\"WebSite\",\"@id\":\"https:\/\/lyonbondyblog.fr\/LBB\/#website\",\"url\":\"https:\/\/lyonbondyblog.fr\/LBB\/\",\"name\":\"Lyon Bondy Blog\",\"description\":\"\",\"publisher\":{\"@id\":\"https:\/\/lyonbondyblog.fr\/LBB\/#organization\"},\"potentialAction\":[{\"@type\":\"SearchAction\",\"target\":{\"@type\":\"EntryPoint\",\"urlTemplate\":\"https:\/\/lyonbondyblog.fr\/LBB\/?s={search_term_string}\"},\"query-input\":\"required name=search_term_string\"}],\"inLanguage\":\"fr-FR\"},{\"@type\":\"Organization\",\"@id\":\"https:\/\/lyonbondyblog.fr\/LBB\/#organization\",\"name\":\"LYON BONDY BLOG\",\"url\":\"https:\/\/lyonbondyblog.fr\/LBB\/\",\"logo\":{\"@type\":\"ImageObject\",\"inLanguage\":\"fr-FR\",\"@id\":\"https:\/\/lyonbondyblog.fr\/LBB\/#\/schema\/logo\/image\/\",\"url\":\"http:\/\/lyonbondyblog.fr\/LBB\/wp-content\/uploads\/2014\/10\/logo-portable-144.png\",\"contentUrl\":\"http:\/\/lyonbondyblog.fr\/LBB\/wp-content\/uploads\/2014\/10\/logo-portable-144.png\",\"width\":144,\"height\":123,\"caption\":\"LYON BONDY BLOG\"},\"image\":{\"@id\":\"https:\/\/lyonbondyblog.fr\/LBB\/#\/schema\/logo\/image\/\"},\"sameAs\":[\"https:\/\/www.facebook.com\/lyonbondyblog\",\"https:\/\/x.com\/bondybloglyon\"]},{\"@type\":\"Person\",\"@id\":\"https:\/\/lyonbondyblog.fr\/LBB\/#\/schema\/person\/e45f8d27baac75072daa0be50c409b25\",\"name\":\"La r\u00e9daction\",\"description\":\"Cr\u00e9e en 2008, la r\u00e9daction du Lyon Bondy Blog s'applique \u00e0 proposer une information locale diff\u00e9rente et compl\u00e9mentaire des m\u00e9dias traditionnels.\",\"sameAs\":[\"https:\/\/www.facebook.com\/lyonbondyblog\",\"https:\/\/x.com\/BondyBlogLyon\"],\"url\":\"https:\/\/lyonbondyblog.fr\/LBB\/author\/admin\/\"}]}<\/script>\n<!-- \/ Yoast SEO plugin. -->","yoast_head_json":{"title":"Les d\u00e9\u00e7us de la soir\u00e9e des Lions du Sport - Lyon Bondy Blog","robots":{"index":"index","follow":"follow","max-snippet":"max-snippet:-1","max-image-preview":"max-image-preview:large","max-video-preview":"max-video-preview:-1"},"canonical":"https:\/\/lyonbondyblog.fr\/LBB\/decus-de-soiree-lions-sport\/","og_locale":"fr_FR","og_type":"article","og_title":"Les d\u00e9\u00e7us de la soir\u00e9e des Lions du Sport - Lyon Bondy Blog","og_description":"Ce lundi 5 f\u00e9vrier, le jury des Lions du Sport, compos\u00e9 de Sidney Govou, Carine Galli, St\u00e9phane Diagana, C\u00e9cile Sim\u00e9one et Aline Sam-Giao \u2013 directrice &hellip;","og_url":"https:\/\/lyonbondyblog.fr\/LBB\/decus-de-soiree-lions-sport\/","og_site_name":"Lyon Bondy Blog","article_publisher":"https:\/\/www.facebook.com\/lyonbondyblog","article_author":"https:\/\/www.facebook.com\/lyonbondyblog","article_published_time":"2018-02-07T14:31:31+00:00","og_image":[{"width":1024,"height":768,"url":"https:\/\/lyonbondyblog.fr\/LBB\/wp-content\/uploads\/2018\/02\/Laur\u00e9ats-1024x768.jpg","type":"image\/jpeg"}],"author":"La r\u00e9daction","twitter_card":"summary_large_image","twitter_creator":"@BondyBlogLyon","twitter_site":"@bondybloglyon","schema":{"@context":"https:\/\/schema.org","@graph":[{"@type":"Article","@id":"https:\/\/lyonbondyblog.fr\/LBB\/decus-de-soiree-lions-sport\/#article","isPartOf":{"@id":"https:\/\/lyonbondyblog.fr\/LBB\/decus-de-soiree-lions-sport\/"},"author":{"name":"La r\u00e9daction","@id":"https:\/\/lyonbondyblog.fr\/LBB\/#\/schema\/person\/e45f8d27baac75072daa0be50c409b25"},"headline":"Les d\u00e9\u00e7us de la soir\u00e9e des Lions du Sport","datePublished":"2018-02-07T14:31:31+00:00","dateModified":"2018-02-07T14:31:31+00:00","mainEntityOfPage":{"@id":"https:\/\/lyonbondyblog.fr\/LBB\/decus-de-soiree-lions-sport\/"},"wordCount":486,"commentCount":0,"publisher":{"@id":"https:\/\/lyonbondyblog.fr\/LBB\/#organization"},"image":{"@id":"https:\/\/lyonbondyblog.fr\/LBB\/decus-de-soiree-lions-sport\/#primaryimage"},"thumbnailUrl":"https:\/\/lyonbondyblog.fr\/LBB\/wp-content\/uploads\/2018\/02\/Laur\u00e9ats.jpg","articleSection":["Lyon"],"inLanguage":"fr-FR","potentialAction":[{"@type":"CommentAction","name":"Comment","target":["https:\/\/lyonbondyblog.fr\/LBB\/decus-de-soiree-lions-sport\/#respond"]}]},{"@type":"WebPage","@id":"https:\/\/lyonbondyblog.fr\/LBB\/decus-de-soiree-lions-sport\/","url":"https:\/\/lyonbondyblog.fr\/LBB\/decus-de-soiree-lions-sport\/","name":"Les d\u00e9\u00e7us de la soir\u00e9e des Lions du Sport - Lyon Bondy Blog","isPartOf":{"@id":"https:\/\/lyonbondyblog.fr\/LBB\/#website"},"primaryImageOfPage":{"@id":"https:\/\/lyonbondyblog.fr\/LBB\/decus-de-soiree-lions-sport\/#primaryimage"},"image":{"@id":"https:\/\/lyonbondyblog.fr\/LBB\/decus-de-soiree-lions-sport\/#primaryimage"},"thumbnailUrl":"https:\/\/lyonbondyblog.fr\/LBB\/wp-content\/uploads\/2018\/02\/Laur\u00e9ats.jpg","datePublished":"2018-02-07T14:31:31+00:00","dateModified":"2018-02-07T14:31:31+00:00","inLanguage":"fr-FR","potentialAction":[{"@type":"ReadAction","target":["https:\/\/lyonbondyblog.fr\/LBB\/decus-de-soiree-lions-sport\/"]}]},{"@type":"ImageObject","inLanguage":"fr-FR","@id":"https:\/\/lyonbondyblog.fr\/LBB\/decus-de-soiree-lions-sport\/#primaryimage","url":"https:\/\/lyonbondyblog.fr\/LBB\/wp-content\/uploads\/2018\/02\/Laur\u00e9ats.jpg","contentUrl":"https:\/\/lyonbondyblog.fr\/LBB\/wp-content\/uploads\/2018\/02\/Laur\u00e9ats.jpg","width":4000,"height":3000,"caption":"Laur\u00e9ats des Lions du sport Cr\u00e9dits : Hugo Dervissoglou"},{"@type":"WebSite","@id":"https:\/\/lyonbondyblog.fr\/LBB\/#website","url":"https:\/\/lyonbondyblog.fr\/LBB\/","name":"Lyon Bondy Blog","description":"","publisher":{"@id":"https:\/\/lyonbondyblog.fr\/LBB\/#organization"},"potentialAction":[{"@type":"SearchAction","target":{"@type":"EntryPoint","urlTemplate":"https:\/\/lyonbondyblog.fr\/LBB\/?s={search_term_string}"},"query-input":"required name=search_term_string"}],"inLanguage":"fr-FR"},{"@type":"Organization","@id":"https:\/\/lyonbondyblog.fr\/LBB\/#organization","name":"LYON BONDY BLOG","url":"https:\/\/lyonbondyblog.fr\/LBB\/","logo":{"@type":"ImageObject","inLanguage":"fr-FR","@id":"https:\/\/lyonbondyblog.fr\/LBB\/#\/schema\/logo\/image\/","url":"http:\/\/lyonbondyblog.fr\/LBB\/wp-content\/uploads\/2014\/10\/logo-portable-144.png","contentUrl":"http:\/\/lyonbondyblog.fr\/LBB\/wp-content\/uploads\/2014\/10\/logo-portable-144.png","width":144,"height":123,"caption":"LYON BONDY BLOG"},"image":{"@id":"https:\/\/lyonbondyblog.fr\/LBB\/#\/schema\/logo\/image\/"},"sameAs":["https:\/\/www.facebook.com\/lyonbondyblog","https:\/\/x.com\/bondybloglyon"]},{"@type":"Person","@id":"https:\/\/lyonbondyblog.fr\/LBB\/#\/schema\/person\/e45f8d27baac75072daa0be50c409b25","name":"La r\u00e9daction","description":"Cr\u00e9e en 2008, la r\u00e9daction du Lyon Bondy Blog s'applique \u00e0 proposer une information locale diff\u00e9rente et compl\u00e9mentaire des m\u00e9dias traditionnels.","sameAs":["https:\/\/www.facebook.com\/lyonbondyblog","https:\/\/x.com\/BondyBlogLyon"],"url":"https:\/\/lyonbondyblog.fr\/LBB\/author\/admin\/"}]}},"_links":{"self":[{"href":"https:\/\/lyonbondyblog.fr\/LBB\/wp-json\/wp\/v2\/posts\/12572","targetHints":{"allow":["GET"]}}],"collection":[{"href":"https:\/\/lyonbondyblog.fr\/LBB\/wp-json\/wp\/v2\/posts"}],"about":[{"href":"https:\/\/lyonbondyblog.fr\/LBB\/wp-json\/wp\/v2\/types\/post"}],"author":[{"embeddable":true,"href":"https:\/\/lyonbondyblog.fr\/LBB\/wp-json\/wp\/v2\/users\/1"}],"replies":[{"embeddable":true,"href":"https:\/\/lyonbondyblog.fr\/LBB\/wp-json\/wp\/v2\/comments?post=12572"}],"version-history":[{"count":1,"href":"https:\/\/lyonbondyblog.fr\/LBB\/wp-json\/wp\/v2\/posts\/12572\/revisions"}],"predecessor-version":[{"id":12579,"href":"https:\/\/lyonbondyblog.fr\/LBB\/wp-json\/wp\/v2\/posts\/12572\/revisions\/12579"}],"wp:featuredmedia":[{"embeddable":true,"href":"https:\/\/lyonbondyblog.fr\/LBB\/wp-json\/wp\/v2\/media\/12578"}],"wp:attachment":[{"href":"https:\/\/lyonbondyblog.fr\/LBB\/wp-json\/wp\/v2\/media?parent=12572"}],"wp:term":[{"taxonomy":"category","embeddable":true,"href":"https:\/\/lyonbondyblog.fr\/LBB\/wp-json\/wp\/v2\/categories?post=12572"},{"taxonomy":"post_tag","embeddable":true,"href":"https:\/\/lyonbondyblog.fr\/LBB\/wp-json\/wp\/v2\/tags?post=12572"}],"curies":[{"name":"wp","href":"https:\/\/api.w.org\/{rel}","templated":true}]}}