{"id":12519,"date":"2018-02-02T17:46:44","date_gmt":"2018-02-02T16:46:44","guid":{"rendered":"http:\/\/lyonbondyblog.fr\/LBB\/?p=12519"},"modified":"2018-02-02T19:11:45","modified_gmt":"2018-02-02T18:11:45","slug":"label-jeunes-fff-elite-duch-a-lhonneur","status":"publish","type":"post","link":"https:\/\/lyonbondyblog.fr\/LBB\/label-jeunes-fff-elite-duch-a-lhonneur\/","title":{"rendered":"Label Jeunes FFF \u00ab Elite \u00bb &#8211; la Duch\u2019 \u00e0 l\u2019honneur"},"content":{"rendered":"<p><em>Le club de <a href=\"http:\/\/duchere.footeo.com\/\">Lyon Duch\u00e8re A.S.<\/a> \u00e9tait sous les feux des projecteurs ce 1<sup>er<\/sup> f\u00e9vrier. Ce dernier s\u2019est vu attribuer le \u00ab\u00a0Label Jeunes FFF\u00a0\u00bb au niveau \u00e9lite, au si\u00e8ge de Groupama Rh\u00f4ne-Alpes Auvergne. Une distinction qui vient r\u00e9compenser tout le travail fourni par le club ces derni\u00e8res ann\u00e9es sur le plan sportif, \u00e9ducatif et social. Pour l\u2019occasion, Pierre LONGERE (Secr\u00e9taire G\u00e9n\u00e9ral de la <a href=\"https:\/\/laurafoot.fff.fr\/\">Ligue Auvergne-Rh\u00f4ne-Alpes de Football<\/a>) et Pascal PARENT (Pr\u00e9sident du <a href=\"https:\/\/lyon-rhone.fff.fr\/\">District de Lyon et du Rh\u00f4ne<\/a>) \u00e9taient pr\u00e9sents afin de f\u00e9liciter le club, ses dirigeants et ses \u00e9ducateurs. Retour sur cette soir\u00e9e trois \u00e9toiles.<\/em><\/p>\n<figure id=\"attachment_12521\" aria-describedby=\"caption-attachment-12521\" style=\"width: 4032px\" class=\"wp-caption alignnone\"><img loading=\"lazy\" decoding=\"async\" class=\"wp-image-12521 size-full\" src=\"https:\/\/lyonbondyblog.fr\/LBB\/wp-content\/uploads\/2018\/02\/Photo-1.jpg\" alt=\"\" width=\"4032\" height=\"3024\" srcset=\"https:\/\/lyonbondyblog.fr\/LBB\/wp-content\/uploads\/2018\/02\/Photo-1.jpg 4032w, https:\/\/lyonbondyblog.fr\/LBB\/wp-content\/uploads\/2018\/02\/Photo-1-300x225.jpg 300w, https:\/\/lyonbondyblog.fr\/LBB\/wp-content\/uploads\/2018\/02\/Photo-1-768x576.jpg 768w, https:\/\/lyonbondyblog.fr\/LBB\/wp-content\/uploads\/2018\/02\/Photo-1-1024x768.jpg 1024w, https:\/\/lyonbondyblog.fr\/LBB\/wp-content\/uploads\/2018\/02\/Photo-1-600x450.jpg 600w\" sizes=\"auto, (max-width: 4032px) 100vw, 4032px\" \/><figcaption id=\"caption-attachment-12521\" class=\"wp-caption-text\">Pr\u00e9sentation historique du club. Cr\u00e9dits Sources: Damien Mounia<\/figcaption><\/figure>\n<p>Le mois de f\u00e9vrier a commenc\u00e9 sous les meilleurs auspices pour le club de Mohamed Tria. Il s\u2019est vu remettre hier soir le <a href=\"https:\/\/www.fff.fr\/actualites\/176989-623-clubs-ont-le-label-jeunes\">Label Jeunes \u00ab\u00a0\u00e9lite\u00a0\u00bb<\/a> par la <a href=\"https:\/\/www.fff.fr\/\">FFF, F\u00e9d\u00e9ration Fran\u00e7aise de Football<\/a>. Inscrit dans le cadre de la politique f\u00e9d\u00e9rale d\u2019accompagnement des clubs, ce pr\u00e9cieux s\u00e9same repr\u00e9sente la plus haute distinction nationale en mati\u00e8re de structuration des clubs amateurs. Cette soir\u00e9e \u00e9tait donc l\u2019occasion de pr\u00e9senter au public tout le travail qui a \u00e9t\u00e9 effectu\u00e9 depuis 2008, ann\u00e9e o\u00f9 Mohamed Tria a repris la pr\u00e9sidence du club. Ce dernier s\u2019est justement montr\u00e9 tr\u00e8s enjou\u00e9\u00a0:\u00a0<em>\u00ab c\u2019est une immense fiert\u00e9 que de recevoir ce label. Une fiert\u00e9 avant tout pour les jeunes du club car ce label c\u2019est gr\u00e2ce \u00e0 eux. C\u2019est une vraie preuve de reconnaissance \u00e0 la fois du travail de longue haleine qui a \u00e9t\u00e9 fait par nos \u00e9ducateurs, mais aussi celle de la progression du club dans sa globalit\u00e9. Mais c\u2019est un label non acquis \u00e0 vie puisqu\u2019il ne dure que trois ans. Donc il faudra encore travailler dur\u00a0\u00bb<\/em>.<\/p>\n<figure id=\"attachment_12522\" aria-describedby=\"caption-attachment-12522\" style=\"width: 4032px\" class=\"wp-caption alignnone\"><img loading=\"lazy\" decoding=\"async\" class=\"wp-image-12522 size-full\" src=\"https:\/\/lyonbondyblog.fr\/LBB\/wp-content\/uploads\/2018\/02\/Photo-2.jpg\" alt=\"\" width=\"4032\" height=\"3024\" srcset=\"https:\/\/lyonbondyblog.fr\/LBB\/wp-content\/uploads\/2018\/02\/Photo-2.jpg 4032w, https:\/\/lyonbondyblog.fr\/LBB\/wp-content\/uploads\/2018\/02\/Photo-2-300x225.jpg 300w, https:\/\/lyonbondyblog.fr\/LBB\/wp-content\/uploads\/2018\/02\/Photo-2-768x576.jpg 768w, https:\/\/lyonbondyblog.fr\/LBB\/wp-content\/uploads\/2018\/02\/Photo-2-1024x768.jpg 1024w, https:\/\/lyonbondyblog.fr\/LBB\/wp-content\/uploads\/2018\/02\/Photo-2-600x450.jpg 600w\" sizes=\"auto, (max-width: 4032px) 100vw, 4032px\" \/><figcaption id=\"caption-attachment-12522\" class=\"wp-caption-text\">Cr\u00e9dits sources: Damien Mounia<\/figcaption><\/figure>\n<h1>\u00ab\u00a0On peut faire du social une performance\u00a0\u00bb<\/h1>\n<p>\u00c0 travers la d\u00e9livrance du Label Jeunes, la FFF souhaite renforcer la notion de \u00ab\u00a0projet club\u00a0\u00bb par l\u2019interm\u00e9diaire d\u2019un accompagnement de qualit\u00e9. Ainsi, il a pour vocation de r\u00e9compenser les diff\u00e9rents projets des clubs selon plusieurs crit\u00e8res, \u00e9valu\u00e9s sous forme de points. Ceux-ci tournent autour de 4 axes principaux : <a href=\"http:\/\/duchere.footeo.com\/page\/allier-sport-et-projet-educatif.html\">l\u2019associatif, l\u2019\u00e9ducatif, le sportif, l\u2019encadrement et la formation<\/a>. Et pour cela, la formation duch\u00e9roise peut faire office d\u2019exemple \u00e0 suivre puisqu\u2019elle r\u00e9pond parfaitement \u00e0 tous ces crit\u00e8res. Le club a notamment cr\u00e9\u00e9 un dispositif qui permet \u00e0 ses jeunes de faire leurs devoirs apr\u00e8s leurs entra\u00eenements, directement au sein du club.<\/p>\n<p>D\u00e9livr\u00e9 sur trois niveaux (Espoir, Excellence, \u00c9lite), pour une dur\u00e9e de trois saisons, Lyon-Duch\u00e8re A.S. fait partie des neufs clubs ayant \u00e9t\u00e9 prim\u00e9s sur le niveau \u00ab\u00a0Elite\u00a0\u00bb au sein de la Ligue Auvergne-Rh\u00f4ne-Alpes cette ann\u00e9e, aux c\u00f4t\u00e9s du F.C. VILLEFRANCHE, GRENOBLE FOOT 38, MONTS D&rsquo;OR AZERGUES FOOT pour ne citer qu\u2019eux. Le leitmotiv du club <em>\u00ab\u00a0concilier performance sportive et exigence sociale\u00a0\u00bb<\/em> a donc port\u00e9 ses fruits et pour Pascal Parent, <em>\u00ab\u00a0l\u2019un ne va pas s\u2019en l\u2019autre\u00a0\u00bb<\/em>.<\/p>\n<h1>\u00ab\u00a0Il faut comprendre qu\u2019on ne peut pas \u00eatre qu\u2019un acteur footballistique\u00a0\u00bb<\/h1>\n<p>Mais l\u00e0 o\u00f9 le club ira acc\u00e8s son projet \u00e0 l\u2019avenir, c\u2019est le d\u00e9veloppement de sa section f\u00e9minine. Le football f\u00e9minin sera d\u00e8s cette saison un des crit\u00e8res fondamentaux \u00e0 l\u2019obtention du label. <em>\u00ab\u00a0On a pour objectif de cr\u00e9er une cellule f\u00e9minine sur l\u2019\u00e9cole de foot donc tout ce qui concernera la petite cat\u00e9gorie et l\u2019\u00e9cole primaire, tout cela en gardant \u00e0 l\u2019esprit la volont\u00e9 de faire grandir le club \u00bb,<\/em> \u00e9voque notamment le pr\u00e9sident duch\u00e9rois.<\/p>\n<figure id=\"attachment_12523\" aria-describedby=\"caption-attachment-12523\" style=\"width: 4032px\" class=\"wp-caption alignnone\"><img loading=\"lazy\" decoding=\"async\" class=\"wp-image-12523 size-full\" src=\"https:\/\/lyonbondyblog.fr\/LBB\/wp-content\/uploads\/2018\/02\/Photo-3.jpg\" alt=\"\" width=\"4032\" height=\"3024\" srcset=\"https:\/\/lyonbondyblog.fr\/LBB\/wp-content\/uploads\/2018\/02\/Photo-3.jpg 4032w, https:\/\/lyonbondyblog.fr\/LBB\/wp-content\/uploads\/2018\/02\/Photo-3-300x225.jpg 300w, https:\/\/lyonbondyblog.fr\/LBB\/wp-content\/uploads\/2018\/02\/Photo-3-768x576.jpg 768w, https:\/\/lyonbondyblog.fr\/LBB\/wp-content\/uploads\/2018\/02\/Photo-3-1024x768.jpg 1024w, https:\/\/lyonbondyblog.fr\/LBB\/wp-content\/uploads\/2018\/02\/Photo-3-600x450.jpg 600w\" sizes=\"auto, (max-width: 4032px) 100vw, 4032px\" \/><figcaption id=\"caption-attachment-12523\" class=\"wp-caption-text\">Remise du Label Jeunes FFF \u00ab\u00a0Elite\u00a0\u00bb par Pascal Parent, Pr\u00e9sident du District de Lyon et du Rh\u00f4ne. Cr\u00e9dits sources: Damien Mounia<\/figcaption><\/figure>\n<p>Michel Tirroloni, Vice-Pr\u00e9sident du club a exprim\u00e9 lui aussi sa grande satisfaction\u00a0: <em>\u00ab on a \u00e9norm\u00e9ment \u00e9volu\u00e9, on est fier du travail effectu\u00e9 depuis plus de dix ans. On a une vraie politique d\u2019\u00e9ducateurs form\u00e9s. On a investi \u00e9norm\u00e9ment dans cette formation, elle repr\u00e9sente pr\u00e8s de 80 % du staff. Aujourd\u2019hui on peut dire que toutes ces ann\u00e9es de durs labeurs ont pay\u00e9es\u00a0\u00bb<\/em>. Mais pour clore cette soir\u00e9e, le mot de la fin a \u00e9t\u00e9 celui du Pr\u00e9sident, Mohamed Tria\u00a0: <em>\u00ab\u00a0C\u2019est \u00e9galement une certaine forme de reconnaissance pour tous nos contributeurs, \u00e0 la fois nos \u00e9ducateurs, nos jeunes mais aussi nos partenaires qui nous accompagnent \u00e9conomiquement et qui nous permettent de structurer le club. Aujourd\u2019hui l\u2019aspect financier est un \u00e9l\u00e9ment incontournable dans la gestion d\u2019un club. Cela nous permet de nous entourer des meilleurs, d\u2019avoir les meilleurs outils p\u00e9dagogiques. J\u2019aimerais que ce soit aussi une f\u00eate pour nos partenaires pour qu\u2019ils puissent se rendre compte que leur investissement est utilis\u00e9 \u00e0 bon escient\u00a0\u00bb<\/em>.<\/p>\n<p>Dot\u00e9 du label \u00ab\u00a0Excellence\u00a0\u00bb l&rsquo;an dernier, le club de Mohamed Tria vient donc de passer un nouveau cap dans le domaine de la formation sportive, \u00e9ducative et sociale. Avec ce \u00ab\u00a0Label \u00c9lite\u00a0\u00bb, il obtient ainsi le signe de reconnaissance maximal et met davantage en \u00e9vidence que la formation lyonnaise reste aujourd\u2019hui, une r\u00e9f\u00e9rence.<\/p>\n<figure id=\"attachment_12524\" aria-describedby=\"caption-attachment-12524\" style=\"width: 4032px\" class=\"wp-caption alignnone\"><img loading=\"lazy\" decoding=\"async\" class=\"wp-image-12524 size-full\" src=\"https:\/\/lyonbondyblog.fr\/LBB\/wp-content\/uploads\/2018\/02\/Photo-4.jpg\" alt=\"\" width=\"4032\" height=\"3024\" srcset=\"https:\/\/lyonbondyblog.fr\/LBB\/wp-content\/uploads\/2018\/02\/Photo-4.jpg 4032w, https:\/\/lyonbondyblog.fr\/LBB\/wp-content\/uploads\/2018\/02\/Photo-4-300x225.jpg 300w, https:\/\/lyonbondyblog.fr\/LBB\/wp-content\/uploads\/2018\/02\/Photo-4-768x576.jpg 768w, https:\/\/lyonbondyblog.fr\/LBB\/wp-content\/uploads\/2018\/02\/Photo-4-1024x768.jpg 1024w, https:\/\/lyonbondyblog.fr\/LBB\/wp-content\/uploads\/2018\/02\/Photo-4-600x450.jpg 600w\" sizes=\"auto, (max-width: 4032px) 100vw, 4032px\" \/><figcaption id=\"caption-attachment-12524\" class=\"wp-caption-text\">Label Jeunes FFF \u00ab\u00a0Elite\u00a0\u00bb. Cr\u00e9dits sources: Damien Mounia<\/figcaption><\/figure>\n<p>&nbsp;<\/p>\n<p><a href=\"https:\/\/www.fff.fr\/static\/uploads\/media\/cms_pdf\/0003\/45\/47f2de49cd4bbf07f360550d9e74399a979a31d3.pdf\">Liste des clubs lab\u00e9lis\u00e9s au niveau Elite<\/a> dans la Ligue Auvergne-Rh\u00f4ne-Alpes\u00a0:<\/p>\n<ul>\n<li>S. MONTFERRANDAISE<\/li>\n<li>S. MOULINS FOOTBALL<\/li>\n<li>S. ARPAJONNAIS<\/li>\n<li>S. FOREZ ANDREZIEUX BOUTHEON<\/li>\n<li>C. VILLEFRANCHE<\/li>\n<li>GRENOBLE FOOT 38<\/li>\n<li>LYON-DUCHERE A.S.<\/li>\n<li>MONTS D&rsquo;OR AZERGUES FOOT<\/li>\n<li>ROANNAIS FOOT 42<\/li>\n<\/ul>\n<!-- AddThis Advanced Settings generic via filter on the_content --><!-- AddThis Share Buttons generic via filter on the_content -->","protected":false},"excerpt":{"rendered":"<p>Le club de Lyon Duch\u00e8re A.S. \u00e9tait sous les feux des projecteurs ce 1er f\u00e9vrier. Ce dernier s\u2019est vu attribuer le \u00ab\u00a0Label Jeunes FFF\u00a0\u00bb au &hellip; <!-- AddThis Advanced Settings generic via filter on wp_trim_excerpt --><!-- AddThis Share Buttons generic via filter on wp_trim_excerpt --><\/p>\n","protected":false},"author":796,"featured_media":12520,"comment_status":"open","ping_status":"open","sticky":false,"template":"","format":"standard","meta":{"_FSMCFIC_featured_image_caption":"","_FSMCFIC_featured_image_nocaption":"","_FSMCFIC_featured_image_hide":"","footnotes":""},"categories":[4,2,2862],"tags":[],"class_list":["post-12519","post","type-post","status-publish","format-standard","has-post-thumbnail","hentry","category-lyon","category-societe","category-sport"],"yoast_head":"<!-- This site is optimized with the Yoast SEO plugin v22.8 - https:\/\/yoast.com\/wordpress\/plugins\/seo\/ -->\n<title>Label Jeunes FFF \u00ab Elite \u00bb - la Duch\u2019 \u00e0 l\u2019honneur - Lyon Bondy Blog<\/title>\n<meta name=\"robots\" content=\"index, follow, max-snippet:-1, max-image-preview:large, max-video-preview:-1\" \/>\n<link rel=\"canonical\" href=\"https:\/\/lyonbondyblog.fr\/LBB\/label-jeunes-fff-elite-duch-a-lhonneur\/\" \/>\n<meta property=\"og:locale\" content=\"fr_FR\" \/>\n<meta property=\"og:type\" content=\"article\" \/>\n<meta property=\"og:title\" content=\"Label Jeunes FFF \u00ab Elite \u00bb - la Duch\u2019 \u00e0 l\u2019honneur - Lyon Bondy Blog\" \/>\n<meta property=\"og:description\" content=\"Le club de Lyon Duch\u00e8re A.S. \u00e9tait sous les feux des projecteurs ce 1er f\u00e9vrier. Ce dernier s\u2019est vu attribuer le \u00ab\u00a0Label Jeunes FFF\u00a0\u00bb au &hellip;\" \/>\n<meta property=\"og:url\" content=\"https:\/\/lyonbondyblog.fr\/LBB\/label-jeunes-fff-elite-duch-a-lhonneur\/\" \/>\n<meta property=\"og:site_name\" content=\"Lyon Bondy Blog\" \/>\n<meta property=\"article:publisher\" content=\"https:\/\/www.facebook.com\/lyonbondyblog\" \/>\n<meta property=\"article:published_time\" content=\"2018-02-02T16:46:44+00:00\" \/>\n<meta property=\"article:modified_time\" content=\"2018-02-02T18:11:45+00:00\" \/>\n<meta property=\"og:image\" content=\"https:\/\/lyonbondyblog.fr\/LBB\/wp-content\/uploads\/2018\/02\/Photo-miniature-1024x768.jpg\" \/>\n\t<meta property=\"og:image:width\" content=\"1024\" \/>\n\t<meta property=\"og:image:height\" content=\"768\" \/>\n\t<meta property=\"og:image:type\" content=\"image\/jpeg\" \/>\n<meta name=\"author\" content=\"Damien Mounia\" \/>\n<meta name=\"twitter:card\" content=\"summary_large_image\" \/>\n<meta name=\"twitter:creator\" content=\"@bondybloglyon\" \/>\n<meta name=\"twitter:site\" content=\"@bondybloglyon\" \/>\n<script type=\"application\/ld+json\" class=\"yoast-schema-graph\">{\"@context\":\"https:\/\/schema.org\",\"@graph\":[{\"@type\":\"Article\",\"@id\":\"https:\/\/lyonbondyblog.fr\/LBB\/label-jeunes-fff-elite-duch-a-lhonneur\/#article\",\"isPartOf\":{\"@id\":\"https:\/\/lyonbondyblog.fr\/LBB\/label-jeunes-fff-elite-duch-a-lhonneur\/\"},\"author\":{\"name\":\"Damien Mounia\",\"@id\":\"https:\/\/lyonbondyblog.fr\/LBB\/#\/schema\/person\/e0664459beb8b5131a5e83431d89e514\"},\"headline\":\"Label Jeunes FFF \u00ab Elite \u00bb &#8211; la Duch\u2019 \u00e0 l\u2019honneur\",\"datePublished\":\"2018-02-02T16:46:44+00:00\",\"dateModified\":\"2018-02-02T18:11:45+00:00\",\"mainEntityOfPage\":{\"@id\":\"https:\/\/lyonbondyblog.fr\/LBB\/label-jeunes-fff-elite-duch-a-lhonneur\/\"},\"wordCount\":979,\"commentCount\":0,\"publisher\":{\"@id\":\"https:\/\/lyonbondyblog.fr\/LBB\/#organization\"},\"image\":{\"@id\":\"https:\/\/lyonbondyblog.fr\/LBB\/label-jeunes-fff-elite-duch-a-lhonneur\/#primaryimage\"},\"thumbnailUrl\":\"https:\/\/lyonbondyblog.fr\/LBB\/wp-content\/uploads\/2018\/02\/Photo-miniature.jpg\",\"articleSection\":[\"Lyon\",\"Soci\u00e9t\u00e9\",\"Sport\"],\"inLanguage\":\"fr-FR\",\"potentialAction\":[{\"@type\":\"CommentAction\",\"name\":\"Comment\",\"target\":[\"https:\/\/lyonbondyblog.fr\/LBB\/label-jeunes-fff-elite-duch-a-lhonneur\/#respond\"]}]},{\"@type\":\"WebPage\",\"@id\":\"https:\/\/lyonbondyblog.fr\/LBB\/label-jeunes-fff-elite-duch-a-lhonneur\/\",\"url\":\"https:\/\/lyonbondyblog.fr\/LBB\/label-jeunes-fff-elite-duch-a-lhonneur\/\",\"name\":\"Label Jeunes FFF \u00ab Elite \u00bb - la Duch\u2019 \u00e0 l\u2019honneur - Lyon Bondy Blog\",\"isPartOf\":{\"@id\":\"https:\/\/lyonbondyblog.fr\/LBB\/#website\"},\"primaryImageOfPage\":{\"@id\":\"https:\/\/lyonbondyblog.fr\/LBB\/label-jeunes-fff-elite-duch-a-lhonneur\/#primaryimage\"},\"image\":{\"@id\":\"https:\/\/lyonbondyblog.fr\/LBB\/label-jeunes-fff-elite-duch-a-lhonneur\/#primaryimage\"},\"thumbnailUrl\":\"https:\/\/lyonbondyblog.fr\/LBB\/wp-content\/uploads\/2018\/02\/Photo-miniature.jpg\",\"datePublished\":\"2018-02-02T16:46:44+00:00\",\"dateModified\":\"2018-02-02T18:11:45+00:00\",\"inLanguage\":\"fr-FR\",\"potentialAction\":[{\"@type\":\"ReadAction\",\"target\":[\"https:\/\/lyonbondyblog.fr\/LBB\/label-jeunes-fff-elite-duch-a-lhonneur\/\"]}]},{\"@type\":\"ImageObject\",\"inLanguage\":\"fr-FR\",\"@id\":\"https:\/\/lyonbondyblog.fr\/LBB\/label-jeunes-fff-elite-duch-a-lhonneur\/#primaryimage\",\"url\":\"https:\/\/lyonbondyblog.fr\/LBB\/wp-content\/uploads\/2018\/02\/Photo-miniature.jpg\",\"contentUrl\":\"https:\/\/lyonbondyblog.fr\/LBB\/wp-content\/uploads\/2018\/02\/Photo-miniature.jpg\",\"width\":4032,\"height\":3024},{\"@type\":\"WebSite\",\"@id\":\"https:\/\/lyonbondyblog.fr\/LBB\/#website\",\"url\":\"https:\/\/lyonbondyblog.fr\/LBB\/\",\"name\":\"Lyon Bondy Blog\",\"description\":\"\",\"publisher\":{\"@id\":\"https:\/\/lyonbondyblog.fr\/LBB\/#organization\"},\"potentialAction\":[{\"@type\":\"SearchAction\",\"target\":{\"@type\":\"EntryPoint\",\"urlTemplate\":\"https:\/\/lyonbondyblog.fr\/LBB\/?s={search_term_string}\"},\"query-input\":\"required name=search_term_string\"}],\"inLanguage\":\"fr-FR\"},{\"@type\":\"Organization\",\"@id\":\"https:\/\/lyonbondyblog.fr\/LBB\/#organization\",\"name\":\"LYON BONDY BLOG\",\"url\":\"https:\/\/lyonbondyblog.fr\/LBB\/\",\"logo\":{\"@type\":\"ImageObject\",\"inLanguage\":\"fr-FR\",\"@id\":\"https:\/\/lyonbondyblog.fr\/LBB\/#\/schema\/logo\/image\/\",\"url\":\"http:\/\/lyonbondyblog.fr\/LBB\/wp-content\/uploads\/2014\/10\/logo-portable-144.png\",\"contentUrl\":\"http:\/\/lyonbondyblog.fr\/LBB\/wp-content\/uploads\/2014\/10\/logo-portable-144.png\",\"width\":144,\"height\":123,\"caption\":\"LYON BONDY BLOG\"},\"image\":{\"@id\":\"https:\/\/lyonbondyblog.fr\/LBB\/#\/schema\/logo\/image\/\"},\"sameAs\":[\"https:\/\/www.facebook.com\/lyonbondyblog\",\"https:\/\/x.com\/bondybloglyon\"]},{\"@type\":\"Person\",\"@id\":\"https:\/\/lyonbondyblog.fr\/LBB\/#\/schema\/person\/e0664459beb8b5131a5e83431d89e514\",\"name\":\"Damien Mounia\",\"url\":\"https:\/\/lyonbondyblog.fr\/LBB\/author\/damien-mounia\/\"}]}<\/script>\n<!-- \/ Yoast SEO plugin. -->","yoast_head_json":{"title":"Label Jeunes FFF \u00ab Elite \u00bb - la Duch\u2019 \u00e0 l\u2019honneur - Lyon Bondy Blog","robots":{"index":"index","follow":"follow","max-snippet":"max-snippet:-1","max-image-preview":"max-image-preview:large","max-video-preview":"max-video-preview:-1"},"canonical":"https:\/\/lyonbondyblog.fr\/LBB\/label-jeunes-fff-elite-duch-a-lhonneur\/","og_locale":"fr_FR","og_type":"article","og_title":"Label Jeunes FFF \u00ab Elite \u00bb - la Duch\u2019 \u00e0 l\u2019honneur - Lyon Bondy Blog","og_description":"Le club de Lyon Duch\u00e8re A.S. \u00e9tait sous les feux des projecteurs ce 1er f\u00e9vrier. Ce dernier s\u2019est vu attribuer le \u00ab\u00a0Label Jeunes FFF\u00a0\u00bb au &hellip;","og_url":"https:\/\/lyonbondyblog.fr\/LBB\/label-jeunes-fff-elite-duch-a-lhonneur\/","og_site_name":"Lyon Bondy Blog","article_publisher":"https:\/\/www.facebook.com\/lyonbondyblog","article_published_time":"2018-02-02T16:46:44+00:00","article_modified_time":"2018-02-02T18:11:45+00:00","og_image":[{"width":1024,"height":768,"url":"https:\/\/lyonbondyblog.fr\/LBB\/wp-content\/uploads\/2018\/02\/Photo-miniature-1024x768.jpg","type":"image\/jpeg"}],"author":"Damien Mounia","twitter_card":"summary_large_image","twitter_creator":"@bondybloglyon","twitter_site":"@bondybloglyon","schema":{"@context":"https:\/\/schema.org","@graph":[{"@type":"Article","@id":"https:\/\/lyonbondyblog.fr\/LBB\/label-jeunes-fff-elite-duch-a-lhonneur\/#article","isPartOf":{"@id":"https:\/\/lyonbondyblog.fr\/LBB\/label-jeunes-fff-elite-duch-a-lhonneur\/"},"author":{"name":"Damien Mounia","@id":"https:\/\/lyonbondyblog.fr\/LBB\/#\/schema\/person\/e0664459beb8b5131a5e83431d89e514"},"headline":"Label Jeunes FFF \u00ab Elite \u00bb &#8211; la Duch\u2019 \u00e0 l\u2019honneur","datePublished":"2018-02-02T16:46:44+00:00","dateModified":"2018-02-02T18:11:45+00:00","mainEntityOfPage":{"@id":"https:\/\/lyonbondyblog.fr\/LBB\/label-jeunes-fff-elite-duch-a-lhonneur\/"},"wordCount":979,"commentCount":0,"publisher":{"@id":"https:\/\/lyonbondyblog.fr\/LBB\/#organization"},"image":{"@id":"https:\/\/lyonbondyblog.fr\/LBB\/label-jeunes-fff-elite-duch-a-lhonneur\/#primaryimage"},"thumbnailUrl":"https:\/\/lyonbondyblog.fr\/LBB\/wp-content\/uploads\/2018\/02\/Photo-miniature.jpg","articleSection":["Lyon","Soci\u00e9t\u00e9","Sport"],"inLanguage":"fr-FR","potentialAction":[{"@type":"CommentAction","name":"Comment","target":["https:\/\/lyonbondyblog.fr\/LBB\/label-jeunes-fff-elite-duch-a-lhonneur\/#respond"]}]},{"@type":"WebPage","@id":"https:\/\/lyonbondyblog.fr\/LBB\/label-jeunes-fff-elite-duch-a-lhonneur\/","url":"https:\/\/lyonbondyblog.fr\/LBB\/label-jeunes-fff-elite-duch-a-lhonneur\/","name":"Label Jeunes FFF \u00ab Elite \u00bb - la Duch\u2019 \u00e0 l\u2019honneur - Lyon Bondy Blog","isPartOf":{"@id":"https:\/\/lyonbondyblog.fr\/LBB\/#website"},"primaryImageOfPage":{"@id":"https:\/\/lyonbondyblog.fr\/LBB\/label-jeunes-fff-elite-duch-a-lhonneur\/#primaryimage"},"image":{"@id":"https:\/\/lyonbondyblog.fr\/LBB\/label-jeunes-fff-elite-duch-a-lhonneur\/#primaryimage"},"thumbnailUrl":"https:\/\/lyonbondyblog.fr\/LBB\/wp-content\/uploads\/2018\/02\/Photo-miniature.jpg","datePublished":"2018-02-02T16:46:44+00:00","dateModified":"2018-02-02T18:11:45+00:00","inLanguage":"fr-FR","potentialAction":[{"@type":"ReadAction","target":["https:\/\/lyonbondyblog.fr\/LBB\/label-jeunes-fff-elite-duch-a-lhonneur\/"]}]},{"@type":"ImageObject","inLanguage":"fr-FR","@id":"https:\/\/lyonbondyblog.fr\/LBB\/label-jeunes-fff-elite-duch-a-lhonneur\/#primaryimage","url":"https:\/\/lyonbondyblog.fr\/LBB\/wp-content\/uploads\/2018\/02\/Photo-miniature.jpg","contentUrl":"https:\/\/lyonbondyblog.fr\/LBB\/wp-content\/uploads\/2018\/02\/Photo-miniature.jpg","width":4032,"height":3024},{"@type":"WebSite","@id":"https:\/\/lyonbondyblog.fr\/LBB\/#website","url":"https:\/\/lyonbondyblog.fr\/LBB\/","name":"Lyon Bondy Blog","description":"","publisher":{"@id":"https:\/\/lyonbondyblog.fr\/LBB\/#organization"},"potentialAction":[{"@type":"SearchAction","target":{"@type":"EntryPoint","urlTemplate":"https:\/\/lyonbondyblog.fr\/LBB\/?s={search_term_string}"},"query-input":"required name=search_term_string"}],"inLanguage":"fr-FR"},{"@type":"Organization","@id":"https:\/\/lyonbondyblog.fr\/LBB\/#organization","name":"LYON BONDY BLOG","url":"https:\/\/lyonbondyblog.fr\/LBB\/","logo":{"@type":"ImageObject","inLanguage":"fr-FR","@id":"https:\/\/lyonbondyblog.fr\/LBB\/#\/schema\/logo\/image\/","url":"http:\/\/lyonbondyblog.fr\/LBB\/wp-content\/uploads\/2014\/10\/logo-portable-144.png","contentUrl":"http:\/\/lyonbondyblog.fr\/LBB\/wp-content\/uploads\/2014\/10\/logo-portable-144.png","width":144,"height":123,"caption":"LYON BONDY BLOG"},"image":{"@id":"https:\/\/lyonbondyblog.fr\/LBB\/#\/schema\/logo\/image\/"},"sameAs":["https:\/\/www.facebook.com\/lyonbondyblog","https:\/\/x.com\/bondybloglyon"]},{"@type":"Person","@id":"https:\/\/lyonbondyblog.fr\/LBB\/#\/schema\/person\/e0664459beb8b5131a5e83431d89e514","name":"Damien Mounia","url":"https:\/\/lyonbondyblog.fr\/LBB\/author\/damien-mounia\/"}]}},"_links":{"self":[{"href":"https:\/\/lyonbondyblog.fr\/LBB\/wp-json\/wp\/v2\/posts\/12519","targetHints":{"allow":["GET"]}}],"collection":[{"href":"https:\/\/lyonbondyblog.fr\/LBB\/wp-json\/wp\/v2\/posts"}],"about":[{"href":"https:\/\/lyonbondyblog.fr\/LBB\/wp-json\/wp\/v2\/types\/post"}],"author":[{"embeddable":true,"href":"https:\/\/lyonbondyblog.fr\/LBB\/wp-json\/wp\/v2\/users\/796"}],"replies":[{"embeddable":true,"href":"https:\/\/lyonbondyblog.fr\/LBB\/wp-json\/wp\/v2\/comments?post=12519"}],"version-history":[{"count":12,"href":"https:\/\/lyonbondyblog.fr\/LBB\/wp-json\/wp\/v2\/posts\/12519\/revisions"}],"predecessor-version":[{"id":12569,"href":"https:\/\/lyonbondyblog.fr\/LBB\/wp-json\/wp\/v2\/posts\/12519\/revisions\/12569"}],"wp:featuredmedia":[{"embeddable":true,"href":"https:\/\/lyonbondyblog.fr\/LBB\/wp-json\/wp\/v2\/media\/12520"}],"wp:attachment":[{"href":"https:\/\/lyonbondyblog.fr\/LBB\/wp-json\/wp\/v2\/media?parent=12519"}],"wp:term":[{"taxonomy":"category","embeddable":true,"href":"https:\/\/lyonbondyblog.fr\/LBB\/wp-json\/wp\/v2\/categories?post=12519"},{"taxonomy":"post_tag","embeddable":true,"href":"https:\/\/lyonbondyblog.fr\/LBB\/wp-json\/wp\/v2\/tags?post=12519"}],"curies":[{"name":"wp","href":"https:\/\/api.w.org\/{rel}","templated":true}]}}