{"id":12436,"date":"2018-01-23T16:05:29","date_gmt":"2018-01-23T15:05:29","guid":{"rendered":"http:\/\/lyonbondyblog.fr\/LBB\/?p=12436"},"modified":"2018-03-01T17:23:40","modified_gmt":"2018-03-01T16:23:40","slug":"laura-flessel-a-lyon-sport-outil-de-cohesion","status":"publish","type":"post","link":"https:\/\/lyonbondyblog.fr\/LBB\/laura-flessel-a-lyon-sport-outil-de-cohesion\/","title":{"rendered":"Laura Flessel \u00e0 Lyon : le sport comme outil de coh\u00e9sion"},"content":{"rendered":"<p><strong><em>Laura Flessel, ministre des Sports, \u00e9tait en visite officielle \u00e0 Lyon ce vendredi 19 janvier afin de discuter de la politique de la ville pour combattre l\u2019inactivit\u00e9 physique et faciliter l\u2019acc\u00e8s au sport \u00e0 tous. Retour sur une journ\u00e9e charg\u00e9e pour l\u2019ancienne double championne olympique d\u2019escrime.<\/em><\/strong><\/p>\n<p>D\u00e8s son arriv\u00e9e \u00e0 l\u2019h\u00f4tel de ville \u00e0 11 heures, Laura Flessel d\u00e9marrait sa journ\u00e9e marathon. Celle-ci commen\u00e7ait par une r\u00e9union avec les diff\u00e9rents acteurs publics de la ville au niveau du sport. En t\u00eate de file, Yann Cucherat, ancien gymnaste de haut niveau et adjoint au maire, charg\u00e9e des Sports. Cette r\u00e9union avait pour but de d\u00e9crire les grandes lignes directrices qui guident la politique sportive \u00e0 Lyon, ville comptant 500 clubs pour 125&nbsp;000 licenci\u00e9s.<\/p>\n<p>La majeure partie de cette rencontre a \u00e9t\u00e9 d\u00e9di\u00e9e \u00e0 la pr\u00e9sentation des projets r\u00e9alis\u00e9s par la ville de Lyon. Parmi eux, \u00ab&nbsp;enform@lyon&nbsp;\u00bb, une application qui m\u00eale activit\u00e9 physique et d\u00e9couverte culturelle, et \u00ab&nbsp;Re Lyon Nous&nbsp;\u00bb, un \u00e9v\u00e9nement qui permet \u00e0 5 000 participants de r\u00e9soudre des \u00e9nigmes sur des parcours ludiques. La ministre des Sports semblait conquise par ces diff\u00e9rents projets, sugg\u00e9rant m\u00eame des partenariats avec d\u2019autres m\u00e9tropoles fran\u00e7aises.<\/p>\n<p>Suite au d\u00e9jeuner a eu lieu une visite du tout fraichement r\u00e9nov\u00e9 gymnase Sergue\u00ef Vorontzov dans le 8<sup>\u00e8me<\/sup> arrondissement. Ces locaux tiennent particuli\u00e8rement \u00e0 c\u0153ur \u00e0 M. Cucherat, car ils accueillent le p\u00f4le France de gymnastique. Apr\u00e8s une visite du centre dirig\u00e9e par le directeur du gymnase et des \u00e9changes avec les jeunes gymnastes, nous avons pu interroger la ministre sur sa visite \u00e0 Lyon et sur son plan d\u2019investissement sportif dans les quartiers prioritaires de la ville.<\/p>\n<figure id=\"attachment_12437\" aria-describedby=\"caption-attachment-12437\" style=\"width: 4608px\" class=\"wp-caption alignnone\"><img loading=\"lazy\" decoding=\"async\" class=\"wp-image-12437 size-full\" src=\"https:\/\/lyonbondyblog.fr\/LBB\/wp-content\/uploads\/2018\/01\/Photo-1-2.jpg\" alt=\"\" width=\"4608\" height=\"2592\" srcset=\"https:\/\/lyonbondyblog.fr\/LBB\/wp-content\/uploads\/2018\/01\/Photo-1-2.jpg 4608w, https:\/\/lyonbondyblog.fr\/LBB\/wp-content\/uploads\/2018\/01\/Photo-1-2-300x169.jpg 300w, https:\/\/lyonbondyblog.fr\/LBB\/wp-content\/uploads\/2018\/01\/Photo-1-2-768x432.jpg 768w, https:\/\/lyonbondyblog.fr\/LBB\/wp-content\/uploads\/2018\/01\/Photo-1-2-1024x576.jpg 1024w, https:\/\/lyonbondyblog.fr\/LBB\/wp-content\/uploads\/2018\/01\/Photo-1-2-600x338.jpg 600w, https:\/\/lyonbondyblog.fr\/LBB\/wp-content\/uploads\/2018\/01\/Photo-1-2-1140x641.jpg 1140w\" sizes=\"auto, (max-width: 4608px) 100vw, 4608px\" \/><figcaption id=\"caption-attachment-12437\" class=\"wp-caption-text\">(Cr\u00e9dit&nbsp;: Adrien AAZZAB \/ Lyon Bondy Blog)<\/figcaption><\/figure>\n<p><em>\u00ab&nbsp;L\u2019id\u00e9e, c\u2019est vraiment d\u2019utiliser l\u2019exp\u00e9rience des territoires [\u2026] pour valoriser la pratique sportive, pour amener au c\u0153ur de ces quartiers prioritaires de la ville des activit\u00e9s qui permettraient de r\u00e9pondre \u00e0 un besoin.&nbsp;\u00bb<\/em><\/p>\n<p>Nous avons aussi profit\u00e9 de l\u2019occasion pour la questionner sur son plan d\u2019action pour am\u00e9liorer la professionnalisation du sport f\u00e9minin de haut-niveau, sujet que nous avons abord\u00e9 dans notre <a href=\"https:\/\/www.youtube.com\/watch?v=nQUK9rKFeXA\">vid\u00e9o-dossier sur Ana\u00eblle Angerville&nbsp;<\/a>:<\/p>\n<p><em>\u00ab&nbsp;J\u2019aime dire que notre minist\u00e8re est comme une m\u00e9daille \u00e0 deux faces. On a la haute performance et on a le d\u00e9veloppement du sport partout et pour tous. Il est important que l\u2019excellence soit r\u00e9compens\u00e9e chez les hommes comme chez les femmes, mais la cl\u00e9 pour nous, c\u2019est vraiment le d\u00e9veloppement du niveau amateur. Donner le go\u00fbt du sport au plus de monde possible, c\u2019est aussi le meilleur moyen pour d\u00e9velopper le haut niveau.&nbsp;\u00bb<\/em><\/p>\n<p>Pour finir la journ\u00e9e, Laura Flessel s\u2019est rendu \u00e0 \u00ab&nbsp;<a href=\"https:\/\/www.sportdanslaville.com\/\">Sport dans la ville&nbsp;<\/a>\u00bb, sur les quais de Sa\u00f4ne, une association qui pr\u00f4ne l\u2019int\u00e9gration sociale et professionnelle par le sport. Jean-Michel Aulas, pr\u00e9sident de L\u2019Olympique lyonnais, grande figure du sport \u00e0 Lyon et partenaire de \u00ab&nbsp;Sport dans la ville&nbsp;\u00bb, \u00e9tait pr\u00e9sent pour accueillir la ministre.<\/p>\n<p>Certains jeunes, apparemment pas au courant de la visite, nous ont fait part de leur confusion :&nbsp;<em>\u00ab&nbsp;les mecs viennent jouer en costard-cravate, n\u2019importe quoi&nbsp;\u00bb<\/em>. D\u2019autres, un peu plus curieux, ont pu poser leurs questions \u00e0 la ministre&nbsp;: <em>\u00ab&nbsp;il est sympa, Macron&nbsp;?&nbsp;\u00bb<\/em>, <em>\u00ab&nbsp;pourquoi l\u2019escrime&nbsp;?&nbsp;\u00bb<\/em>, etc. Mme Flessel a jou\u00e9 le jeu&nbsp;: <em>\u00ab&nbsp;il est d\u2019un caract\u00e8re tr\u00e8s sympathique&nbsp;\u00bb<\/em>, <em>\u00ab&nbsp;je ne voulais pas faire de la danse&nbsp;\u00bb<\/em>, etc.<\/p>\n<figure id=\"attachment_12438\" aria-describedby=\"caption-attachment-12438\" style=\"width: 4032px\" class=\"wp-caption aligncenter\"><img loading=\"lazy\" decoding=\"async\" class=\"wp-image-12438 size-full\" src=\"https:\/\/lyonbondyblog.fr\/LBB\/wp-content\/uploads\/2018\/01\/Photo-2-2.jpg\" alt=\"\" width=\"4032\" height=\"3024\" srcset=\"https:\/\/lyonbondyblog.fr\/LBB\/wp-content\/uploads\/2018\/01\/Photo-2-2.jpg 4032w, https:\/\/lyonbondyblog.fr\/LBB\/wp-content\/uploads\/2018\/01\/Photo-2-2-300x225.jpg 300w, https:\/\/lyonbondyblog.fr\/LBB\/wp-content\/uploads\/2018\/01\/Photo-2-2-768x576.jpg 768w, https:\/\/lyonbondyblog.fr\/LBB\/wp-content\/uploads\/2018\/01\/Photo-2-2-1024x768.jpg 1024w, https:\/\/lyonbondyblog.fr\/LBB\/wp-content\/uploads\/2018\/01\/Photo-2-2-600x450.jpg 600w\" sizes=\"auto, (max-width: 4032px) 100vw, 4032px\" \/><figcaption id=\"caption-attachment-12438\" class=\"wp-caption-text\">(Cr\u00e9dits : Adrien AAZZAB \/ Lyon Bondy Blog)<\/figcaption><\/figure>\n<p>Apr\u00e8s cette interaction, les deux co-fondateurs, Philippe Oddou et Nicolas Eschermann, ont pr\u00e9sent\u00e9 deux programmes de l\u2019association, <em>\u00ab&nbsp;Job dans la ville&nbsp;\u00bb<\/em> et <em>\u00ab&nbsp;Elle dans la ville&nbsp;\u00bb<\/em>. Ce dernier semblait particuli\u00e8rement int\u00e9resser la ministre durant sa prise de parole face aux \u00e9ducateurs et aux jeunes du centre. Elle a aussi insist\u00e9 sur l\u2019importance du sport dans les quartiers prioritaires, annon\u00e7ant que 50 % des investissements de son minist\u00e8re seraient faits dans ceux-ci et qu\u2019elle ne souhaitait pas de <em>\u00ab&nbsp;saupoudrage des fonds publics&nbsp;\u00bb<\/em>.<\/p>\n<p>Apr\u00e8s cette ultime visite, un repas \u00e9tait pr\u00e9vu \u00e0 20 heures avec les pr\u00e9sidents des grands clubs sportifs de Lyon. M. Aulas \u00e9tait pr\u00e9sent, accompagn\u00e9 des dirigeants du LOU rugby, de la pr\u00e9sidente de l\u2019ASVEL f\u00e9minin et de repr\u00e9sentants du Lyon hockey club. Ainsi s\u2019est conclue cette journ\u00e9e charg\u00e9e.<\/p>\n<p><strong>Adrien AAZZAB<\/strong><\/p>\n<!-- AddThis Advanced Settings generic via filter on the_content --><!-- AddThis Share Buttons generic via filter on the_content -->","protected":false},"excerpt":{"rendered":"<p>Laura Flessel, ministre des Sports, \u00e9tait en visite officielle \u00e0 Lyon ce vendredi 19 janvier afin de discuter de la politique de la ville pour &hellip; <!-- AddThis Advanced Settings generic via filter on wp_trim_excerpt --><!-- AddThis Share Buttons generic via filter on wp_trim_excerpt --><\/p>\n","protected":false},"author":3415,"featured_media":12437,"comment_status":"open","ping_status":"open","sticky":false,"template":"","format":"standard","meta":{"_FSMCFIC_featured_image_caption":"","_FSMCFIC_featured_image_nocaption":"","_FSMCFIC_featured_image_hide":"","footnotes":""},"categories":[4,2862],"tags":[],"class_list":["post-12436","post","type-post","status-publish","format-standard","has-post-thumbnail","hentry","category-lyon","category-sport"],"yoast_head":"<!-- This site is optimized with the Yoast SEO plugin v22.8 - https:\/\/yoast.com\/wordpress\/plugins\/seo\/ -->\n<title>Laura Flessel \u00e0 Lyon : le sport comme outil de coh\u00e9sion - Lyon Bondy Blog<\/title>\n<meta name=\"robots\" content=\"index, follow, max-snippet:-1, max-image-preview:large, max-video-preview:-1\" \/>\n<link rel=\"canonical\" href=\"https:\/\/lyonbondyblog.fr\/LBB\/laura-flessel-a-lyon-sport-outil-de-cohesion\/\" \/>\n<meta property=\"og:locale\" content=\"fr_FR\" \/>\n<meta property=\"og:type\" content=\"article\" \/>\n<meta property=\"og:title\" content=\"Laura Flessel \u00e0 Lyon : le sport comme outil de coh\u00e9sion - Lyon Bondy Blog\" \/>\n<meta property=\"og:description\" content=\"Laura Flessel, ministre des Sports, \u00e9tait en visite officielle \u00e0 Lyon ce vendredi 19 janvier afin de discuter de la politique de la ville pour &hellip;\" \/>\n<meta property=\"og:url\" content=\"https:\/\/lyonbondyblog.fr\/LBB\/laura-flessel-a-lyon-sport-outil-de-cohesion\/\" \/>\n<meta property=\"og:site_name\" content=\"Lyon Bondy Blog\" \/>\n<meta property=\"article:publisher\" content=\"https:\/\/www.facebook.com\/lyonbondyblog\" \/>\n<meta property=\"article:published_time\" content=\"2018-01-23T15:05:29+00:00\" \/>\n<meta property=\"article:modified_time\" content=\"2018-03-01T16:23:40+00:00\" \/>\n<meta property=\"og:image\" content=\"https:\/\/lyonbondyblog.fr\/LBB\/wp-content\/uploads\/2018\/01\/Photo-1-2-1024x576.jpg\" \/>\n\t<meta property=\"og:image:width\" content=\"1024\" \/>\n\t<meta property=\"og:image:height\" content=\"576\" \/>\n\t<meta property=\"og:image:type\" content=\"image\/jpeg\" \/>\n<meta name=\"author\" content=\"Adrien Aazzab\" \/>\n<meta name=\"twitter:card\" content=\"summary_large_image\" \/>\n<meta name=\"twitter:creator\" content=\"@bondybloglyon\" \/>\n<meta name=\"twitter:site\" content=\"@bondybloglyon\" \/>\n<script type=\"application\/ld+json\" class=\"yoast-schema-graph\">{\"@context\":\"https:\/\/schema.org\",\"@graph\":[{\"@type\":\"Article\",\"@id\":\"https:\/\/lyonbondyblog.fr\/LBB\/laura-flessel-a-lyon-sport-outil-de-cohesion\/#article\",\"isPartOf\":{\"@id\":\"https:\/\/lyonbondyblog.fr\/LBB\/laura-flessel-a-lyon-sport-outil-de-cohesion\/\"},\"author\":{\"name\":\"Adrien Aazzab\",\"@id\":\"https:\/\/lyonbondyblog.fr\/LBB\/#\/schema\/person\/c59600a18274404b8eca4f7e81cd752c\"},\"headline\":\"Laura Flessel \u00e0 Lyon : le sport comme outil de coh\u00e9sion\",\"datePublished\":\"2018-01-23T15:05:29+00:00\",\"dateModified\":\"2018-03-01T16:23:40+00:00\",\"mainEntityOfPage\":{\"@id\":\"https:\/\/lyonbondyblog.fr\/LBB\/laura-flessel-a-lyon-sport-outil-de-cohesion\/\"},\"wordCount\":816,\"commentCount\":0,\"publisher\":{\"@id\":\"https:\/\/lyonbondyblog.fr\/LBB\/#organization\"},\"image\":{\"@id\":\"https:\/\/lyonbondyblog.fr\/LBB\/laura-flessel-a-lyon-sport-outil-de-cohesion\/#primaryimage\"},\"thumbnailUrl\":\"https:\/\/lyonbondyblog.fr\/LBB\/wp-content\/uploads\/2018\/01\/Photo-1-2.jpg\",\"articleSection\":[\"Lyon\",\"Sport\"],\"inLanguage\":\"fr-FR\",\"potentialAction\":[{\"@type\":\"CommentAction\",\"name\":\"Comment\",\"target\":[\"https:\/\/lyonbondyblog.fr\/LBB\/laura-flessel-a-lyon-sport-outil-de-cohesion\/#respond\"]}]},{\"@type\":\"WebPage\",\"@id\":\"https:\/\/lyonbondyblog.fr\/LBB\/laura-flessel-a-lyon-sport-outil-de-cohesion\/\",\"url\":\"https:\/\/lyonbondyblog.fr\/LBB\/laura-flessel-a-lyon-sport-outil-de-cohesion\/\",\"name\":\"Laura Flessel \u00e0 Lyon : le sport comme outil de coh\u00e9sion - Lyon Bondy Blog\",\"isPartOf\":{\"@id\":\"https:\/\/lyonbondyblog.fr\/LBB\/#website\"},\"primaryImageOfPage\":{\"@id\":\"https:\/\/lyonbondyblog.fr\/LBB\/laura-flessel-a-lyon-sport-outil-de-cohesion\/#primaryimage\"},\"image\":{\"@id\":\"https:\/\/lyonbondyblog.fr\/LBB\/laura-flessel-a-lyon-sport-outil-de-cohesion\/#primaryimage\"},\"thumbnailUrl\":\"https:\/\/lyonbondyblog.fr\/LBB\/wp-content\/uploads\/2018\/01\/Photo-1-2.jpg\",\"datePublished\":\"2018-01-23T15:05:29+00:00\",\"dateModified\":\"2018-03-01T16:23:40+00:00\",\"inLanguage\":\"fr-FR\",\"potentialAction\":[{\"@type\":\"ReadAction\",\"target\":[\"https:\/\/lyonbondyblog.fr\/LBB\/laura-flessel-a-lyon-sport-outil-de-cohesion\/\"]}]},{\"@type\":\"ImageObject\",\"inLanguage\":\"fr-FR\",\"@id\":\"https:\/\/lyonbondyblog.fr\/LBB\/laura-flessel-a-lyon-sport-outil-de-cohesion\/#primaryimage\",\"url\":\"https:\/\/lyonbondyblog.fr\/LBB\/wp-content\/uploads\/2018\/01\/Photo-1-2.jpg\",\"contentUrl\":\"https:\/\/lyonbondyblog.fr\/LBB\/wp-content\/uploads\/2018\/01\/Photo-1-2.jpg\",\"width\":4608,\"height\":2592,\"caption\":\"OLYMPUS DIGITAL CAMERA\"},{\"@type\":\"WebSite\",\"@id\":\"https:\/\/lyonbondyblog.fr\/LBB\/#website\",\"url\":\"https:\/\/lyonbondyblog.fr\/LBB\/\",\"name\":\"Lyon Bondy Blog\",\"description\":\"\",\"publisher\":{\"@id\":\"https:\/\/lyonbondyblog.fr\/LBB\/#organization\"},\"potentialAction\":[{\"@type\":\"SearchAction\",\"target\":{\"@type\":\"EntryPoint\",\"urlTemplate\":\"https:\/\/lyonbondyblog.fr\/LBB\/?s={search_term_string}\"},\"query-input\":\"required name=search_term_string\"}],\"inLanguage\":\"fr-FR\"},{\"@type\":\"Organization\",\"@id\":\"https:\/\/lyonbondyblog.fr\/LBB\/#organization\",\"name\":\"LYON BONDY BLOG\",\"url\":\"https:\/\/lyonbondyblog.fr\/LBB\/\",\"logo\":{\"@type\":\"ImageObject\",\"inLanguage\":\"fr-FR\",\"@id\":\"https:\/\/lyonbondyblog.fr\/LBB\/#\/schema\/logo\/image\/\",\"url\":\"http:\/\/lyonbondyblog.fr\/LBB\/wp-content\/uploads\/2014\/10\/logo-portable-144.png\",\"contentUrl\":\"http:\/\/lyonbondyblog.fr\/LBB\/wp-content\/uploads\/2014\/10\/logo-portable-144.png\",\"width\":144,\"height\":123,\"caption\":\"LYON BONDY BLOG\"},\"image\":{\"@id\":\"https:\/\/lyonbondyblog.fr\/LBB\/#\/schema\/logo\/image\/\"},\"sameAs\":[\"https:\/\/www.facebook.com\/lyonbondyblog\",\"https:\/\/x.com\/bondybloglyon\"]},{\"@type\":\"Person\",\"@id\":\"https:\/\/lyonbondyblog.fr\/LBB\/#\/schema\/person\/c59600a18274404b8eca4f7e81cd752c\",\"name\":\"Adrien Aazzab\",\"url\":\"https:\/\/lyonbondyblog.fr\/LBB\/author\/adrien_aazzab\/\"}]}<\/script>\n<!-- \/ Yoast SEO plugin. -->","yoast_head_json":{"title":"Laura Flessel \u00e0 Lyon : le sport comme outil de coh\u00e9sion - Lyon Bondy Blog","robots":{"index":"index","follow":"follow","max-snippet":"max-snippet:-1","max-image-preview":"max-image-preview:large","max-video-preview":"max-video-preview:-1"},"canonical":"https:\/\/lyonbondyblog.fr\/LBB\/laura-flessel-a-lyon-sport-outil-de-cohesion\/","og_locale":"fr_FR","og_type":"article","og_title":"Laura Flessel \u00e0 Lyon : le sport comme outil de coh\u00e9sion - Lyon Bondy Blog","og_description":"Laura Flessel, ministre des Sports, \u00e9tait en visite officielle \u00e0 Lyon ce vendredi 19 janvier afin de discuter de la politique de la ville pour &hellip;","og_url":"https:\/\/lyonbondyblog.fr\/LBB\/laura-flessel-a-lyon-sport-outil-de-cohesion\/","og_site_name":"Lyon Bondy Blog","article_publisher":"https:\/\/www.facebook.com\/lyonbondyblog","article_published_time":"2018-01-23T15:05:29+00:00","article_modified_time":"2018-03-01T16:23:40+00:00","og_image":[{"width":1024,"height":576,"url":"https:\/\/lyonbondyblog.fr\/LBB\/wp-content\/uploads\/2018\/01\/Photo-1-2-1024x576.jpg","type":"image\/jpeg"}],"author":"Adrien Aazzab","twitter_card":"summary_large_image","twitter_creator":"@bondybloglyon","twitter_site":"@bondybloglyon","schema":{"@context":"https:\/\/schema.org","@graph":[{"@type":"Article","@id":"https:\/\/lyonbondyblog.fr\/LBB\/laura-flessel-a-lyon-sport-outil-de-cohesion\/#article","isPartOf":{"@id":"https:\/\/lyonbondyblog.fr\/LBB\/laura-flessel-a-lyon-sport-outil-de-cohesion\/"},"author":{"name":"Adrien Aazzab","@id":"https:\/\/lyonbondyblog.fr\/LBB\/#\/schema\/person\/c59600a18274404b8eca4f7e81cd752c"},"headline":"Laura Flessel \u00e0 Lyon : le sport comme outil de coh\u00e9sion","datePublished":"2018-01-23T15:05:29+00:00","dateModified":"2018-03-01T16:23:40+00:00","mainEntityOfPage":{"@id":"https:\/\/lyonbondyblog.fr\/LBB\/laura-flessel-a-lyon-sport-outil-de-cohesion\/"},"wordCount":816,"commentCount":0,"publisher":{"@id":"https:\/\/lyonbondyblog.fr\/LBB\/#organization"},"image":{"@id":"https:\/\/lyonbondyblog.fr\/LBB\/laura-flessel-a-lyon-sport-outil-de-cohesion\/#primaryimage"},"thumbnailUrl":"https:\/\/lyonbondyblog.fr\/LBB\/wp-content\/uploads\/2018\/01\/Photo-1-2.jpg","articleSection":["Lyon","Sport"],"inLanguage":"fr-FR","potentialAction":[{"@type":"CommentAction","name":"Comment","target":["https:\/\/lyonbondyblog.fr\/LBB\/laura-flessel-a-lyon-sport-outil-de-cohesion\/#respond"]}]},{"@type":"WebPage","@id":"https:\/\/lyonbondyblog.fr\/LBB\/laura-flessel-a-lyon-sport-outil-de-cohesion\/","url":"https:\/\/lyonbondyblog.fr\/LBB\/laura-flessel-a-lyon-sport-outil-de-cohesion\/","name":"Laura Flessel \u00e0 Lyon : le sport comme outil de coh\u00e9sion - Lyon Bondy Blog","isPartOf":{"@id":"https:\/\/lyonbondyblog.fr\/LBB\/#website"},"primaryImageOfPage":{"@id":"https:\/\/lyonbondyblog.fr\/LBB\/laura-flessel-a-lyon-sport-outil-de-cohesion\/#primaryimage"},"image":{"@id":"https:\/\/lyonbondyblog.fr\/LBB\/laura-flessel-a-lyon-sport-outil-de-cohesion\/#primaryimage"},"thumbnailUrl":"https:\/\/lyonbondyblog.fr\/LBB\/wp-content\/uploads\/2018\/01\/Photo-1-2.jpg","datePublished":"2018-01-23T15:05:29+00:00","dateModified":"2018-03-01T16:23:40+00:00","inLanguage":"fr-FR","potentialAction":[{"@type":"ReadAction","target":["https:\/\/lyonbondyblog.fr\/LBB\/laura-flessel-a-lyon-sport-outil-de-cohesion\/"]}]},{"@type":"ImageObject","inLanguage":"fr-FR","@id":"https:\/\/lyonbondyblog.fr\/LBB\/laura-flessel-a-lyon-sport-outil-de-cohesion\/#primaryimage","url":"https:\/\/lyonbondyblog.fr\/LBB\/wp-content\/uploads\/2018\/01\/Photo-1-2.jpg","contentUrl":"https:\/\/lyonbondyblog.fr\/LBB\/wp-content\/uploads\/2018\/01\/Photo-1-2.jpg","width":4608,"height":2592,"caption":"OLYMPUS DIGITAL CAMERA"},{"@type":"WebSite","@id":"https:\/\/lyonbondyblog.fr\/LBB\/#website","url":"https:\/\/lyonbondyblog.fr\/LBB\/","name":"Lyon Bondy Blog","description":"","publisher":{"@id":"https:\/\/lyonbondyblog.fr\/LBB\/#organization"},"potentialAction":[{"@type":"SearchAction","target":{"@type":"EntryPoint","urlTemplate":"https:\/\/lyonbondyblog.fr\/LBB\/?s={search_term_string}"},"query-input":"required name=search_term_string"}],"inLanguage":"fr-FR"},{"@type":"Organization","@id":"https:\/\/lyonbondyblog.fr\/LBB\/#organization","name":"LYON BONDY BLOG","url":"https:\/\/lyonbondyblog.fr\/LBB\/","logo":{"@type":"ImageObject","inLanguage":"fr-FR","@id":"https:\/\/lyonbondyblog.fr\/LBB\/#\/schema\/logo\/image\/","url":"http:\/\/lyonbondyblog.fr\/LBB\/wp-content\/uploads\/2014\/10\/logo-portable-144.png","contentUrl":"http:\/\/lyonbondyblog.fr\/LBB\/wp-content\/uploads\/2014\/10\/logo-portable-144.png","width":144,"height":123,"caption":"LYON BONDY BLOG"},"image":{"@id":"https:\/\/lyonbondyblog.fr\/LBB\/#\/schema\/logo\/image\/"},"sameAs":["https:\/\/www.facebook.com\/lyonbondyblog","https:\/\/x.com\/bondybloglyon"]},{"@type":"Person","@id":"https:\/\/lyonbondyblog.fr\/LBB\/#\/schema\/person\/c59600a18274404b8eca4f7e81cd752c","name":"Adrien Aazzab","url":"https:\/\/lyonbondyblog.fr\/LBB\/author\/adrien_aazzab\/"}]}},"_links":{"self":[{"href":"https:\/\/lyonbondyblog.fr\/LBB\/wp-json\/wp\/v2\/posts\/12436","targetHints":{"allow":["GET"]}}],"collection":[{"href":"https:\/\/lyonbondyblog.fr\/LBB\/wp-json\/wp\/v2\/posts"}],"about":[{"href":"https:\/\/lyonbondyblog.fr\/LBB\/wp-json\/wp\/v2\/types\/post"}],"author":[{"embeddable":true,"href":"https:\/\/lyonbondyblog.fr\/LBB\/wp-json\/wp\/v2\/users\/3415"}],"replies":[{"embeddable":true,"href":"https:\/\/lyonbondyblog.fr\/LBB\/wp-json\/wp\/v2\/comments?post=12436"}],"version-history":[{"count":7,"href":"https:\/\/lyonbondyblog.fr\/LBB\/wp-json\/wp\/v2\/posts\/12436\/revisions"}],"predecessor-version":[{"id":12709,"href":"https:\/\/lyonbondyblog.fr\/LBB\/wp-json\/wp\/v2\/posts\/12436\/revisions\/12709"}],"wp:featuredmedia":[{"embeddable":true,"href":"https:\/\/lyonbondyblog.fr\/LBB\/wp-json\/wp\/v2\/media\/12437"}],"wp:attachment":[{"href":"https:\/\/lyonbondyblog.fr\/LBB\/wp-json\/wp\/v2\/media?parent=12436"}],"wp:term":[{"taxonomy":"category","embeddable":true,"href":"https:\/\/lyonbondyblog.fr\/LBB\/wp-json\/wp\/v2\/categories?post=12436"},{"taxonomy":"post_tag","embeddable":true,"href":"https:\/\/lyonbondyblog.fr\/LBB\/wp-json\/wp\/v2\/tags?post=12436"}],"curies":[{"name":"wp","href":"https:\/\/api.w.org\/{rel}","templated":true}]}}