{"id":12414,"date":"2018-01-14T21:52:42","date_gmt":"2018-01-14T20:52:42","guid":{"rendered":"http:\/\/lyonbondyblog.fr\/LBB\/?p=12414"},"modified":"2018-01-14T21:56:35","modified_gmt":"2018-01-14T20:56:35","slug":"gambardella-las-saint-priest-sauve-lhonneur-rhodanien","status":"publish","type":"post","link":"https:\/\/lyonbondyblog.fr\/LBB\/gambardella-las-saint-priest-sauve-lhonneur-rhodanien\/","title":{"rendered":"Gambardella\u00a0: l\u2019AS Saint-Priest sauve l\u2019honneur rhodanien"},"content":{"rendered":"<p><em><strong>Les 64<sup>\u00e8mes<\/sup> de finale de la Gambardella \u00e9taient au programme ce weekend, avec quatre clubs du Rh\u00f4ne encore en lice. Parmi eux, seul l\u2019AS Saint-Priest a su tirer son \u00e9pingle du jeu, auteure d\u2019une tr\u00e8s belle qualification \u00e0 domicile 3-0 face au FC Montceau Bourgogne. Retour sur cette d\u00e9monstration san-priode.<\/strong><\/em><\/p>\n<p><em><img loading=\"lazy\" decoding=\"async\" class=\"size-full wp-image-12420 aligncenter\" src=\"https:\/\/lyonbondyblog.fr\/LBB\/wp-content\/uploads\/2018\/01\/Photo-miniature.jpg\" alt=\"\" width=\"8295\" height=\"2436\" srcset=\"https:\/\/lyonbondyblog.fr\/LBB\/wp-content\/uploads\/2018\/01\/Photo-miniature.jpg 8295w, https:\/\/lyonbondyblog.fr\/LBB\/wp-content\/uploads\/2018\/01\/Photo-miniature-300x88.jpg 300w, https:\/\/lyonbondyblog.fr\/LBB\/wp-content\/uploads\/2018\/01\/Photo-miniature-768x226.jpg 768w, https:\/\/lyonbondyblog.fr\/LBB\/wp-content\/uploads\/2018\/01\/Photo-miniature-1024x301.jpg 1024w, https:\/\/lyonbondyblog.fr\/LBB\/wp-content\/uploads\/2018\/01\/Photo-miniature-600x176.jpg 600w\" sizes=\"auto, (max-width: 8295px) 100vw, 8295px\" \/><\/em><\/p>\n<p><em>(Cr\u00e9dits&nbsp;: Clara Delormeau)<\/em><\/p>\n<p>Un jour plus t\u00f4t lors du derby, l\u2019Olympique lyonnais s\u2019est vu sortir de la comp\u00e9tition par son rival de toujours l\u2019AS Saint-\u00c9tienne sur le score de 2-3. Un sale weekend donc pour les rhodaniens en coupe Gambardella. Sur quatre clubs engag\u00e9s lors de ces 64<sup>\u00e8mes<\/sup> de finale, un seul s\u2019est qualifi\u00e9 pour le prochain tour : l\u2019AS Saint-Priest, net vainqueur face \u00e0 Montceau sur le score de 3-0 au stade Jean Bouin. M\u00eame si elles \u00e9voluent un cran en-dessous du FC Montceau, niveau national, les jeunes pousses de Lionel Bah, niveau Honneur, ont pourtant offert une v\u00e9ritable d\u00e9monstration aux Montcelliens pour se qualifier pour les 32<sup>\u00e8mes<\/sup> de finale de la Coupe Gambardella.<\/p>\n<p><em><img loading=\"lazy\" decoding=\"async\" class=\"size-full wp-image-12418 aligncenter\" src=\"https:\/\/lyonbondyblog.fr\/LBB\/wp-content\/uploads\/2018\/01\/Photo-2-1.jpg\" alt=\"\" width=\"6000\" height=\"1556\" srcset=\"https:\/\/lyonbondyblog.fr\/LBB\/wp-content\/uploads\/2018\/01\/Photo-2-1.jpg 6000w, https:\/\/lyonbondyblog.fr\/LBB\/wp-content\/uploads\/2018\/01\/Photo-2-1-300x78.jpg 300w, https:\/\/lyonbondyblog.fr\/LBB\/wp-content\/uploads\/2018\/01\/Photo-2-1-768x199.jpg 768w, https:\/\/lyonbondyblog.fr\/LBB\/wp-content\/uploads\/2018\/01\/Photo-2-1-1024x266.jpg 1024w, https:\/\/lyonbondyblog.fr\/LBB\/wp-content\/uploads\/2018\/01\/Photo-2-1-600x156.jpg 600w\" sizes=\"auto, (max-width: 6000px) 100vw, 6000px\" \/><\/em><\/p>\n<p><em>(Cr\u00e9dits&nbsp;: Clara Delormeau)<\/em><\/p>\n<p><strong>Comme on se sent bien \u00e0 la maison<\/strong><\/p>\n<p>Le d\u00e9but de match \u00e9tait pourtant \u00e9quilibr\u00e9. Les deux \u00e9quipes se jaugeaient, cherchant une br\u00e8che o\u00f9 s\u2019engouffrer. Il n\u2019aura pas fallu longtemps aux sang-et-or pour se mettre en \u00e9vidence. Plus pr\u00e9cis dans leurs phases de jeu, les locaux ont trouv\u00e9 les espaces qui leur permettaient de prendre l\u2019ascendant sur les Montcelliens. Neuf minutes ont suffi \u00e0 Saint-Priest pour ouvrir la marque. Sur un beau d\u00e9bordement c\u00f4t\u00e9 gauche, Justin Bassinga (7) l\u00e8ve la t\u00eate et place un centre millim\u00e9tr\u00e9 sur la t\u00eate de Djoumoi Moussa (11) qui foudroie Th\u00e9o Berard, le portier de Montceau. Avec une possession de balle fr\u00f4lant les 80 %, les San-Priodes ont nettement domin\u00e9 leurs visiteurs qui se sont content\u00e9s d\u2019\u00eatre agressifs lors de contres. Erreur, car de leur c\u00f4t\u00e9 les sang-et-or en ont profit\u00e9 pour accro\u00eetre leur domination. Ils ont par deux fois cru doubler la mise : par Mohamed Soumah (9) d&rsquo;abord \u00e0 la 15<sup>\u00e8me<\/sup> minute, suite \u00e0 un corner et un gros cafouillage dans la surface de r\u00e9paration, mais l\u2019arbitre siffla une position de hors-jeu ; puis par la lourde frappe de Moussa \u00e0 la 38<sup>\u00e8me<\/sup> minute qui est venue s\u2019\u00e9craser sur la transversale. Les Montcelliens ont totalement subit la premi\u00e8re p\u00e9riode et ont probablement d\u00fb \u00eatre soulag\u00e9s de rentrer aux vestiaires men\u00e9s d\u2019un seul petit but.<\/p>\n<p><strong>Score \u00e0 la mi-temps&nbsp;: 1-0 pour l\u2019AS Saint-Priest.<\/strong><\/p>\n<p>Un supporter san-priode nous a livr\u00e9 son ressenti sur cette premi\u00e8re p\u00e9riode&nbsp;: <em>\u00ab il y a une nette domination au niveau de la possession pour Saint-Priest. On voit que l\u2019\u00e9quipe adverse d\u00e9fend bas, elle ne va pas du tout presser haut. Je pense qu\u2019ils vont jouer le temps jusqu\u2019\u00e0 la fin mais pour l\u2019instant on ne les sent pas capable de revenir dans le match. S\u2019il doit y avoir un prochain but je pense que \u00e7a sera du c\u00f4t\u00e9 de Saint-Priest&nbsp;\u00bb<\/em>.<\/p>\n<p><em><img loading=\"lazy\" decoding=\"async\" class=\"size-full wp-image-12419 aligncenter\" src=\"https:\/\/lyonbondyblog.fr\/LBB\/wp-content\/uploads\/2018\/01\/Photo-3-1.jpg\" alt=\"\" width=\"2089\" height=\"1184\" srcset=\"https:\/\/lyonbondyblog.fr\/LBB\/wp-content\/uploads\/2018\/01\/Photo-3-1.jpg 2089w, https:\/\/lyonbondyblog.fr\/LBB\/wp-content\/uploads\/2018\/01\/Photo-3-1-300x170.jpg 300w, https:\/\/lyonbondyblog.fr\/LBB\/wp-content\/uploads\/2018\/01\/Photo-3-1-768x435.jpg 768w, https:\/\/lyonbondyblog.fr\/LBB\/wp-content\/uploads\/2018\/01\/Photo-3-1-1024x580.jpg 1024w, https:\/\/lyonbondyblog.fr\/LBB\/wp-content\/uploads\/2018\/01\/Photo-3-1-600x340.jpg 600w\" sizes=\"auto, (max-width: 2089px) 100vw, 2089px\" \/><\/em><\/p>\n<p><em>(Cr\u00e9dits&nbsp;: Clara Delormeau)<\/em><\/p>\n<p><strong>Montceau fait grise mine<\/strong><\/p>\n<p>Ce supporter a eu le nez creux. Cinq minutes apr\u00e8s le d\u00e9but du second acte, \u00e0 la suite d\u2019une mauvaise relance de la d\u00e9fense de Montceau, Justin Bassinga pla\u00e7ait une frappe qui finit tout droit dans les petits filets. Cette deuxi\u00e8me p\u00e9riode confirma l\u2019ascendant qu\u2019a pris Saint-Priest face \u00e0 Montceau. Ces derniers, bien trop apathiques, ont laiss\u00e9 les locaux mener la barque. Les hommes de Fabrice Correia se sont montr\u00e9s incapables de relever la t\u00eate et trouver les ressources n\u00e9cessaires pour limiter les assauts san-priodes. En conc\u00e9dant de nombreuses fautes sous le coup de l\u2019\u00e9nervement et la frustration, Montceau a peu \u00e0 peu perdu le fil de la rencontre. Les nouveaux entrants c\u00f4t\u00e9 sang-et-or, le feu dans les jambes, ont eux aussi voulu se mettre en \u00e9vidence. En toute fin de rencontre, les visiteurs ont d\u00e9finitivement rendu les armes, encaissant m\u00eame dans le temps additionnel un troisi\u00e8me but anecdotique contre son camp de Th\u00e9o Agius (12).<\/p>\n<p><strong>R\u00e9actions d\u2019apr\u00e8s-match<\/strong><\/p>\n<p>Lionel Bah, coach des sang-et-or s\u2019est naturellement montr\u00e9 satisfait de cette qualification&nbsp;: <em>\u00ab&nbsp;on attendait ce match avec impatience. On voulait vraiment passer ce tour, vu que l\u2019ann\u00e9e derni\u00e8re, on s\u2019\u00e9tait arr\u00eat\u00e9s \u00e0 ce stade de la comp\u00e9tition. On voulait faire mieux et je pense qu\u2019on a bien abord\u00e9 ce match, on a r\u00e9ussi \u00e0 marquer assez rapidement, m\u00eame si on aurait pu davantage tuer le match d\u00e8s la premi\u00e8re mi-temps au vu de nos opportunit\u00e9s. Mais on est satisfaits, surtout pour les joueurs qui ont fourni pas mal d\u2019efforts, c\u2019est tout simplement m\u00e9rit\u00e9 \u00bb<\/em>.<\/p>\n<p>M\u00eame constat pour Djoumoi Moussa, premier buteur san-priode : <em>\u00ab&nbsp;c\u2019est une belle satisfaction, on a combattu du d\u00e9but \u00e0 la fin et \u00e7a a \u00e9t\u00e9 un tr\u00e8s bon match. Malgr\u00e9 le d\u00e9but o\u00f9 on a rat\u00e9 beaucoup d\u2019occasions, on a pratiqu\u00e9 un beau jeu collectif et \u00e7a a pay\u00e9 \u00bb<\/em>.<\/p>\n<p>Apr\u00e8s les \u00e9liminations de l\u2019Olympique Lyonnais, du FC Villefranche et de l\u2019AS Montchat, l\u2019AS Saint-Priest est le seul club rhodanien restant dans la comp\u00e9tition et aura \u00e0 c\u0153ur de r\u00e9aliser \u00e0 nouveau leur exploit de 2007, o\u00f9 il avait atteint le dernier carr\u00e9 de la Gambardella.<\/p>\n<p>Gambardella U19 (64<sup>\u00e8mes<\/sup> de finale) \u00e0 Saint-Priest, stade Jean Bouin, l\u2019AS Saint-Priste bat le FC Montceau Bourgogne 3-0 (1-0 \u00e0 la mi-temps).<\/p>\n<p>Buts&nbsp;de DJOUMOI (9<sup>\u00e8me<\/sup>), BASSINGA (55<sup>\u00e8me<\/sup>), et un troisi\u00e8me but sur CSC dans le temps additionnel (90<sup>\u00e8me+<\/sup>4).<br \/>\n<strong>AS Saint-Priest&nbsp;:<\/strong> Chorfa, Zouma, Maussi\u00e8re, Guettaf, Maalaoui, Le Meur, Bassinga, Roland, Soumah, Mamdouh, Moussa, Magat, Doucoure, Adni, Laure, Torche. Entraineur&nbsp;: Lionel Bah.<\/p>\n<p><strong>FC Montceau Bourgogne&nbsp;:<\/strong> Berard, El Karafi, Boe, Dupasquier, Volatier, Belkacem, Labille, Calli, Marchal, Malki, Moscato, Agius, Langlois, Kchta, Chingumba. Entraineur&nbsp;: Fabrice Correia.<\/p>\n<p><strong>OFFICIELS<\/strong><\/p>\n<p>Arbitre centre : DIANI SAMY<br \/>\nArbitre assistant 1 : VIGOUROUX GUENOLE<br \/>\nArbitre assistant 2 : RAMEL THEO<br \/>\nD\u00e9l\u00e9gu\u00e9 principal : SPATARI MARIE*<\/p>\n<p><strong>Les r\u00e9sultats des club rhodaniens ce weekend<\/strong><\/p>\n<p>OLYMPIQUE LYONNAIS <strong>2 &#8211; 3<\/strong> A.S SAINT-\u00c9TIENNE<br \/>\nF.C VILLEFRANCHE<strong> 1 \u2013 1 (4 tab 5)<\/strong> A.C AJACCIO<br \/>\nA.S MONTCHAT LYON <strong>0 \u2013 4<\/strong> OLYMPIQUE VALENCE<br \/>\nA.S SAINT PRIEST <strong>3 \u2013 0<\/strong> F.C MONTCEAU<\/p>\n<!-- AddThis Advanced Settings generic via filter on the_content --><!-- AddThis Share Buttons generic via filter on the_content -->","protected":false},"excerpt":{"rendered":"<p>Les 64\u00e8mes de finale de la Gambardella \u00e9taient au programme ce weekend, avec quatre clubs du Rh\u00f4ne encore en lice. Parmi eux, seul l\u2019AS Saint-Priest &hellip; <!-- AddThis Advanced Settings generic via filter on wp_trim_excerpt --><!-- AddThis Share Buttons generic via filter on wp_trim_excerpt --><\/p>\n","protected":false},"author":796,"featured_media":12417,"comment_status":"open","ping_status":"open","sticky":false,"template":"","format":"standard","meta":{"_FSMCFIC_featured_image_caption":"","_FSMCFIC_featured_image_nocaption":"","_FSMCFIC_featured_image_hide":"","footnotes":""},"categories":[5,2862],"tags":[],"class_list":["post-12414","post","type-post","status-publish","format-standard","has-post-thumbnail","hentry","category-ambiance","category-sport"],"yoast_head":"<!-- This site is optimized with the Yoast SEO plugin v22.8 - https:\/\/yoast.com\/wordpress\/plugins\/seo\/ -->\n<title>Gambardella\u00a0: l\u2019AS Saint-Priest sauve l\u2019honneur rhodanien - Lyon Bondy Blog<\/title>\n<meta name=\"robots\" content=\"index, follow, max-snippet:-1, max-image-preview:large, max-video-preview:-1\" \/>\n<link rel=\"canonical\" href=\"https:\/\/lyonbondyblog.fr\/LBB\/gambardella-las-saint-priest-sauve-lhonneur-rhodanien\/\" \/>\n<meta property=\"og:locale\" content=\"fr_FR\" \/>\n<meta property=\"og:type\" content=\"article\" \/>\n<meta property=\"og:title\" content=\"Gambardella\u00a0: l\u2019AS Saint-Priest sauve l\u2019honneur rhodanien - Lyon Bondy Blog\" \/>\n<meta property=\"og:description\" content=\"Les 64\u00e8mes de finale de la Gambardella \u00e9taient au programme ce weekend, avec quatre clubs du Rh\u00f4ne encore en lice. Parmi eux, seul l\u2019AS Saint-Priest &hellip;\" \/>\n<meta property=\"og:url\" content=\"https:\/\/lyonbondyblog.fr\/LBB\/gambardella-las-saint-priest-sauve-lhonneur-rhodanien\/\" \/>\n<meta property=\"og:site_name\" content=\"Lyon Bondy Blog\" \/>\n<meta property=\"article:publisher\" content=\"https:\/\/www.facebook.com\/lyonbondyblog\" \/>\n<meta property=\"article:published_time\" content=\"2018-01-14T20:52:42+00:00\" \/>\n<meta property=\"article:modified_time\" content=\"2018-01-14T20:56:35+00:00\" \/>\n<meta property=\"og:image\" content=\"https:\/\/lyonbondyblog.fr\/LBB\/wp-content\/uploads\/2018\/01\/Photo-1-1.jpg\" \/>\n\t<meta property=\"og:image:width\" content=\"4481\" \/>\n\t<meta property=\"og:image:height\" content=\"1383\" \/>\n\t<meta property=\"og:image:type\" content=\"image\/jpeg\" \/>\n<meta name=\"author\" content=\"Damien Mounia\" \/>\n<meta name=\"twitter:card\" content=\"summary_large_image\" \/>\n<meta name=\"twitter:creator\" content=\"@bondybloglyon\" \/>\n<meta name=\"twitter:site\" content=\"@bondybloglyon\" \/>\n<script type=\"application\/ld+json\" class=\"yoast-schema-graph\">{\"@context\":\"https:\/\/schema.org\",\"@graph\":[{\"@type\":\"Article\",\"@id\":\"https:\/\/lyonbondyblog.fr\/LBB\/gambardella-las-saint-priest-sauve-lhonneur-rhodanien\/#article\",\"isPartOf\":{\"@id\":\"https:\/\/lyonbondyblog.fr\/LBB\/gambardella-las-saint-priest-sauve-lhonneur-rhodanien\/\"},\"author\":{\"name\":\"Damien Mounia\",\"@id\":\"https:\/\/lyonbondyblog.fr\/LBB\/#\/schema\/person\/e0664459beb8b5131a5e83431d89e514\"},\"headline\":\"Gambardella\u00a0: l\u2019AS Saint-Priest sauve l\u2019honneur rhodanien\",\"datePublished\":\"2018-01-14T20:52:42+00:00\",\"dateModified\":\"2018-01-14T20:56:35+00:00\",\"mainEntityOfPage\":{\"@id\":\"https:\/\/lyonbondyblog.fr\/LBB\/gambardella-las-saint-priest-sauve-lhonneur-rhodanien\/\"},\"wordCount\":1070,\"commentCount\":0,\"publisher\":{\"@id\":\"https:\/\/lyonbondyblog.fr\/LBB\/#organization\"},\"image\":{\"@id\":\"https:\/\/lyonbondyblog.fr\/LBB\/gambardella-las-saint-priest-sauve-lhonneur-rhodanien\/#primaryimage\"},\"thumbnailUrl\":\"https:\/\/lyonbondyblog.fr\/LBB\/wp-content\/uploads\/2018\/01\/Photo-1-1.jpg\",\"articleSection\":[\"Ambiance\",\"Sport\"],\"inLanguage\":\"fr-FR\",\"potentialAction\":[{\"@type\":\"CommentAction\",\"name\":\"Comment\",\"target\":[\"https:\/\/lyonbondyblog.fr\/LBB\/gambardella-las-saint-priest-sauve-lhonneur-rhodanien\/#respond\"]}]},{\"@type\":\"WebPage\",\"@id\":\"https:\/\/lyonbondyblog.fr\/LBB\/gambardella-las-saint-priest-sauve-lhonneur-rhodanien\/\",\"url\":\"https:\/\/lyonbondyblog.fr\/LBB\/gambardella-las-saint-priest-sauve-lhonneur-rhodanien\/\",\"name\":\"Gambardella\u00a0: l\u2019AS Saint-Priest sauve l\u2019honneur rhodanien - Lyon Bondy Blog\",\"isPartOf\":{\"@id\":\"https:\/\/lyonbondyblog.fr\/LBB\/#website\"},\"primaryImageOfPage\":{\"@id\":\"https:\/\/lyonbondyblog.fr\/LBB\/gambardella-las-saint-priest-sauve-lhonneur-rhodanien\/#primaryimage\"},\"image\":{\"@id\":\"https:\/\/lyonbondyblog.fr\/LBB\/gambardella-las-saint-priest-sauve-lhonneur-rhodanien\/#primaryimage\"},\"thumbnailUrl\":\"https:\/\/lyonbondyblog.fr\/LBB\/wp-content\/uploads\/2018\/01\/Photo-1-1.jpg\",\"datePublished\":\"2018-01-14T20:52:42+00:00\",\"dateModified\":\"2018-01-14T20:56:35+00:00\",\"inLanguage\":\"fr-FR\",\"potentialAction\":[{\"@type\":\"ReadAction\",\"target\":[\"https:\/\/lyonbondyblog.fr\/LBB\/gambardella-las-saint-priest-sauve-lhonneur-rhodanien\/\"]}]},{\"@type\":\"ImageObject\",\"inLanguage\":\"fr-FR\",\"@id\":\"https:\/\/lyonbondyblog.fr\/LBB\/gambardella-las-saint-priest-sauve-lhonneur-rhodanien\/#primaryimage\",\"url\":\"https:\/\/lyonbondyblog.fr\/LBB\/wp-content\/uploads\/2018\/01\/Photo-1-1.jpg\",\"contentUrl\":\"https:\/\/lyonbondyblog.fr\/LBB\/wp-content\/uploads\/2018\/01\/Photo-1-1.jpg\",\"width\":4481,\"height\":1383},{\"@type\":\"WebSite\",\"@id\":\"https:\/\/lyonbondyblog.fr\/LBB\/#website\",\"url\":\"https:\/\/lyonbondyblog.fr\/LBB\/\",\"name\":\"Lyon Bondy Blog\",\"description\":\"\",\"publisher\":{\"@id\":\"https:\/\/lyonbondyblog.fr\/LBB\/#organization\"},\"potentialAction\":[{\"@type\":\"SearchAction\",\"target\":{\"@type\":\"EntryPoint\",\"urlTemplate\":\"https:\/\/lyonbondyblog.fr\/LBB\/?s={search_term_string}\"},\"query-input\":\"required name=search_term_string\"}],\"inLanguage\":\"fr-FR\"},{\"@type\":\"Organization\",\"@id\":\"https:\/\/lyonbondyblog.fr\/LBB\/#organization\",\"name\":\"LYON BONDY BLOG\",\"url\":\"https:\/\/lyonbondyblog.fr\/LBB\/\",\"logo\":{\"@type\":\"ImageObject\",\"inLanguage\":\"fr-FR\",\"@id\":\"https:\/\/lyonbondyblog.fr\/LBB\/#\/schema\/logo\/image\/\",\"url\":\"http:\/\/lyonbondyblog.fr\/LBB\/wp-content\/uploads\/2014\/10\/logo-portable-144.png\",\"contentUrl\":\"http:\/\/lyonbondyblog.fr\/LBB\/wp-content\/uploads\/2014\/10\/logo-portable-144.png\",\"width\":144,\"height\":123,\"caption\":\"LYON BONDY BLOG\"},\"image\":{\"@id\":\"https:\/\/lyonbondyblog.fr\/LBB\/#\/schema\/logo\/image\/\"},\"sameAs\":[\"https:\/\/www.facebook.com\/lyonbondyblog\",\"https:\/\/x.com\/bondybloglyon\"]},{\"@type\":\"Person\",\"@id\":\"https:\/\/lyonbondyblog.fr\/LBB\/#\/schema\/person\/e0664459beb8b5131a5e83431d89e514\",\"name\":\"Damien Mounia\",\"url\":\"https:\/\/lyonbondyblog.fr\/LBB\/author\/damien-mounia\/\"}]}<\/script>\n<!-- \/ Yoast SEO plugin. -->","yoast_head_json":{"title":"Gambardella\u00a0: l\u2019AS Saint-Priest sauve l\u2019honneur rhodanien - Lyon Bondy Blog","robots":{"index":"index","follow":"follow","max-snippet":"max-snippet:-1","max-image-preview":"max-image-preview:large","max-video-preview":"max-video-preview:-1"},"canonical":"https:\/\/lyonbondyblog.fr\/LBB\/gambardella-las-saint-priest-sauve-lhonneur-rhodanien\/","og_locale":"fr_FR","og_type":"article","og_title":"Gambardella\u00a0: l\u2019AS Saint-Priest sauve l\u2019honneur rhodanien - Lyon Bondy Blog","og_description":"Les 64\u00e8mes de finale de la Gambardella \u00e9taient au programme ce weekend, avec quatre clubs du Rh\u00f4ne encore en lice. Parmi eux, seul l\u2019AS Saint-Priest &hellip;","og_url":"https:\/\/lyonbondyblog.fr\/LBB\/gambardella-las-saint-priest-sauve-lhonneur-rhodanien\/","og_site_name":"Lyon Bondy Blog","article_publisher":"https:\/\/www.facebook.com\/lyonbondyblog","article_published_time":"2018-01-14T20:52:42+00:00","article_modified_time":"2018-01-14T20:56:35+00:00","og_image":[{"width":4481,"height":1383,"url":"https:\/\/lyonbondyblog.fr\/LBB\/wp-content\/uploads\/2018\/01\/Photo-1-1.jpg","type":"image\/jpeg"}],"author":"Damien Mounia","twitter_card":"summary_large_image","twitter_creator":"@bondybloglyon","twitter_site":"@bondybloglyon","schema":{"@context":"https:\/\/schema.org","@graph":[{"@type":"Article","@id":"https:\/\/lyonbondyblog.fr\/LBB\/gambardella-las-saint-priest-sauve-lhonneur-rhodanien\/#article","isPartOf":{"@id":"https:\/\/lyonbondyblog.fr\/LBB\/gambardella-las-saint-priest-sauve-lhonneur-rhodanien\/"},"author":{"name":"Damien Mounia","@id":"https:\/\/lyonbondyblog.fr\/LBB\/#\/schema\/person\/e0664459beb8b5131a5e83431d89e514"},"headline":"Gambardella\u00a0: l\u2019AS Saint-Priest sauve l\u2019honneur rhodanien","datePublished":"2018-01-14T20:52:42+00:00","dateModified":"2018-01-14T20:56:35+00:00","mainEntityOfPage":{"@id":"https:\/\/lyonbondyblog.fr\/LBB\/gambardella-las-saint-priest-sauve-lhonneur-rhodanien\/"},"wordCount":1070,"commentCount":0,"publisher":{"@id":"https:\/\/lyonbondyblog.fr\/LBB\/#organization"},"image":{"@id":"https:\/\/lyonbondyblog.fr\/LBB\/gambardella-las-saint-priest-sauve-lhonneur-rhodanien\/#primaryimage"},"thumbnailUrl":"https:\/\/lyonbondyblog.fr\/LBB\/wp-content\/uploads\/2018\/01\/Photo-1-1.jpg","articleSection":["Ambiance","Sport"],"inLanguage":"fr-FR","potentialAction":[{"@type":"CommentAction","name":"Comment","target":["https:\/\/lyonbondyblog.fr\/LBB\/gambardella-las-saint-priest-sauve-lhonneur-rhodanien\/#respond"]}]},{"@type":"WebPage","@id":"https:\/\/lyonbondyblog.fr\/LBB\/gambardella-las-saint-priest-sauve-lhonneur-rhodanien\/","url":"https:\/\/lyonbondyblog.fr\/LBB\/gambardella-las-saint-priest-sauve-lhonneur-rhodanien\/","name":"Gambardella\u00a0: l\u2019AS Saint-Priest sauve l\u2019honneur rhodanien - Lyon Bondy Blog","isPartOf":{"@id":"https:\/\/lyonbondyblog.fr\/LBB\/#website"},"primaryImageOfPage":{"@id":"https:\/\/lyonbondyblog.fr\/LBB\/gambardella-las-saint-priest-sauve-lhonneur-rhodanien\/#primaryimage"},"image":{"@id":"https:\/\/lyonbondyblog.fr\/LBB\/gambardella-las-saint-priest-sauve-lhonneur-rhodanien\/#primaryimage"},"thumbnailUrl":"https:\/\/lyonbondyblog.fr\/LBB\/wp-content\/uploads\/2018\/01\/Photo-1-1.jpg","datePublished":"2018-01-14T20:52:42+00:00","dateModified":"2018-01-14T20:56:35+00:00","inLanguage":"fr-FR","potentialAction":[{"@type":"ReadAction","target":["https:\/\/lyonbondyblog.fr\/LBB\/gambardella-las-saint-priest-sauve-lhonneur-rhodanien\/"]}]},{"@type":"ImageObject","inLanguage":"fr-FR","@id":"https:\/\/lyonbondyblog.fr\/LBB\/gambardella-las-saint-priest-sauve-lhonneur-rhodanien\/#primaryimage","url":"https:\/\/lyonbondyblog.fr\/LBB\/wp-content\/uploads\/2018\/01\/Photo-1-1.jpg","contentUrl":"https:\/\/lyonbondyblog.fr\/LBB\/wp-content\/uploads\/2018\/01\/Photo-1-1.jpg","width":4481,"height":1383},{"@type":"WebSite","@id":"https:\/\/lyonbondyblog.fr\/LBB\/#website","url":"https:\/\/lyonbondyblog.fr\/LBB\/","name":"Lyon Bondy Blog","description":"","publisher":{"@id":"https:\/\/lyonbondyblog.fr\/LBB\/#organization"},"potentialAction":[{"@type":"SearchAction","target":{"@type":"EntryPoint","urlTemplate":"https:\/\/lyonbondyblog.fr\/LBB\/?s={search_term_string}"},"query-input":"required name=search_term_string"}],"inLanguage":"fr-FR"},{"@type":"Organization","@id":"https:\/\/lyonbondyblog.fr\/LBB\/#organization","name":"LYON BONDY BLOG","url":"https:\/\/lyonbondyblog.fr\/LBB\/","logo":{"@type":"ImageObject","inLanguage":"fr-FR","@id":"https:\/\/lyonbondyblog.fr\/LBB\/#\/schema\/logo\/image\/","url":"http:\/\/lyonbondyblog.fr\/LBB\/wp-content\/uploads\/2014\/10\/logo-portable-144.png","contentUrl":"http:\/\/lyonbondyblog.fr\/LBB\/wp-content\/uploads\/2014\/10\/logo-portable-144.png","width":144,"height":123,"caption":"LYON BONDY BLOG"},"image":{"@id":"https:\/\/lyonbondyblog.fr\/LBB\/#\/schema\/logo\/image\/"},"sameAs":["https:\/\/www.facebook.com\/lyonbondyblog","https:\/\/x.com\/bondybloglyon"]},{"@type":"Person","@id":"https:\/\/lyonbondyblog.fr\/LBB\/#\/schema\/person\/e0664459beb8b5131a5e83431d89e514","name":"Damien Mounia","url":"https:\/\/lyonbondyblog.fr\/LBB\/author\/damien-mounia\/"}]}},"_links":{"self":[{"href":"https:\/\/lyonbondyblog.fr\/LBB\/wp-json\/wp\/v2\/posts\/12414","targetHints":{"allow":["GET"]}}],"collection":[{"href":"https:\/\/lyonbondyblog.fr\/LBB\/wp-json\/wp\/v2\/posts"}],"about":[{"href":"https:\/\/lyonbondyblog.fr\/LBB\/wp-json\/wp\/v2\/types\/post"}],"author":[{"embeddable":true,"href":"https:\/\/lyonbondyblog.fr\/LBB\/wp-json\/wp\/v2\/users\/796"}],"replies":[{"embeddable":true,"href":"https:\/\/lyonbondyblog.fr\/LBB\/wp-json\/wp\/v2\/comments?post=12414"}],"version-history":[{"count":7,"href":"https:\/\/lyonbondyblog.fr\/LBB\/wp-json\/wp\/v2\/posts\/12414\/revisions"}],"predecessor-version":[{"id":12425,"href":"https:\/\/lyonbondyblog.fr\/LBB\/wp-json\/wp\/v2\/posts\/12414\/revisions\/12425"}],"wp:featuredmedia":[{"embeddable":true,"href":"https:\/\/lyonbondyblog.fr\/LBB\/wp-json\/wp\/v2\/media\/12417"}],"wp:attachment":[{"href":"https:\/\/lyonbondyblog.fr\/LBB\/wp-json\/wp\/v2\/media?parent=12414"}],"wp:term":[{"taxonomy":"category","embeddable":true,"href":"https:\/\/lyonbondyblog.fr\/LBB\/wp-json\/wp\/v2\/categories?post=12414"},{"taxonomy":"post_tag","embeddable":true,"href":"https:\/\/lyonbondyblog.fr\/LBB\/wp-json\/wp\/v2\/tags?post=12414"}],"curies":[{"name":"wp","href":"https:\/\/api.w.org\/{rel}","templated":true}]}}