{"id":12360,"date":"2017-12-13T11:55:37","date_gmt":"2017-12-13T10:55:37","guid":{"rendered":"http:\/\/lyonbondyblog.fr\/LBB\/?p=12360"},"modified":"2018-01-31T09:36:58","modified_gmt":"2018-01-31T08:36:58","slug":"bac-2021-a-quoi-ressemblera-lycee-general-de-demain","status":"publish","type":"post","link":"https:\/\/lyonbondyblog.fr\/LBB\/bac-2021-a-quoi-ressemblera-lycee-general-de-demain\/","title":{"rendered":"BAC 2021 : \u00c0 quoi ressemblera le lyc\u00e9e g\u00e9n\u00e9ral de demain ?"},"content":{"rendered":"<p><em>Edouard Philippe et Jean-Michel Blanquer ont deux combats communs au cours de ce quinquennat&nbsp;: la r\u00e9forme des fili\u00e8res au lyc\u00e9e et la r\u00e9forme du baccalaur\u00e9at. Une r\u00e9forme qui va chambouler un syst\u00e8me en place depuis 1995. Voici de quoi mettre un peu de lumi\u00e8re sur la probable future organisation scolaire pour&nbsp;les actuelles classes de troisi\u00e8mes de cette ann\u00e9e. <\/em><\/p>\n<p>Depuis sa campagne pr\u00e9sidentielle, Emmanuel Macron a fait comprendre <a href=\"https:\/\/en-marche.fr\/emmanuel-macron\/le-programme\/education\">que de la maternelle \u00e0 la facult\u00e9, l\u2019\u00e9ducation serait une de ses priorit\u00e9s<\/a>. Face aux in\u00e9galit\u00e9s que repr\u00e9sentent les choix de fili\u00e8re (51 % des \u00e9l\u00e8ves en S, 17 % en L), le minist\u00e8re veut relancer une dynamique et une diversit\u00e9 scolaire pour casser cette hi\u00e9rarchie. Selon<a href=\"http:\/\/cache.media.education.gouv.fr\/file\/2014\/14\/0\/DEPP_NI_2014_31_orientation_trois_quarts_eleves_seconde_generale_technologique_souhaitent_preparer_baccalaureat_general_347140.pdf\"> le gouvernement<\/a>, tous les bons \u00e9l\u00e8ves en lettre comme en math\u00e9matiques tendent vers la S qui ouvrirait plus de portes dans l\u2019imaginaire collectif, paup\u00e9risant les fili\u00e8res ES, L et technologiques.<br \/>\n<strong><br \/>\nUn syst\u00e8me modulaire qui veut individualiser les parcours<\/strong><\/p>\n<p>\u00ab<em> Quatre mati\u00e8res seront pass\u00e9es en contr\u00f4le terminal, les autres seront valid\u00e9es en contr\u00f4le continu <\/em>\u00bb, annon\u00e7ait Emmanuel Macron au magazine <a href=\"http:\/\/www.letudiant.fr\/lycee\/presidentielle-emmanuel-macron-je-propose-un-bac-a-quatre-matieres-en-controle-terminal-les-autres-en-controle-continu.html\">L\u2019Etudiant<\/a> en mars 2017. La cr\u00e9ation de classes modulaires au lyc\u00e9e g\u00e9n\u00e9rale consiste \u00e0 supprimer les fili\u00e8res S, ES et L pour les remplacer par quatre mati\u00e8res obligatoires et communes : fran\u00e7ais, philosophie et maths, ainsi qu&rsquo;une quatri\u00e8me inconnue pour l\u2019instant. Les \u00e9l\u00e8ves devront choisir les autres mati\u00e8res en fonction de leurs go\u00fbts et aptitudes. Cela a pour <a href=\"https:\/\/sgen-cfdt.fr\/contenu\/uploads\/2016\/09\/Dossier-PE-247-.pdf\">but<\/a> d\u2019individualiser les parcours des \u00e9tudiants, de casser la hi\u00e9rarchisation des fili\u00e8res g\u00e9n\u00e9rales et de pr\u00e9parer les \u00e9l\u00e8ves \u00e0 l\u2019insertion professionnelle. Personnaliser les parcours scolaires pourrait, selon <a href=\"https:\/\/sgen-cfdt.fr\/contenu\/uploads\/2016\/09\/Dossier-PE-247-.pdf\">la SGEN -CFDT<\/a> (Le Syndicat g\u00e9n\u00e9ral de l\u2019\u00c9ducation nationale), r\u00e9duire l\u2019\u00e9chec scolaire, puisque les \u00e9l\u00e8ves auraient au pr\u00e9alable pu essayer diff\u00e9rentes mati\u00e8res.&nbsp; Les pr\u00e9requis professionnels seront donc valid\u00e9s avant les \u00e9tudes sup\u00e9rieures et les heures de cours seront diminu\u00e9es, de quoi faire des \u00e9conomies pour l\u2019Etat.<\/p>\n<p>&nbsp;<\/p>\n<p><strong>Un syndicat des enseignants en col\u00e8re <\/strong><\/p>\n<p>Le Syndicat national des enseignants du second degr\u00e9 n\u2019est pas de cet avis. Apr\u00e8s avoir \u00e9tudi\u00e9 le fonctionnement du <a href=\"https:\/\/www.snes.edu\/IMG\/pdf\/note_sur_le_lycee_modulaire_britannique.pdf\">syst\u00e8me modulaire en Angleterre<\/a>, celui-ci affirme que le \u00ab&nbsp;lyc\u00e9e \u00e0 la carte&nbsp;\u00bb serait encore plus rigide&nbsp;que notre organisation actuelle. Plus fragile car plus dispers\u00e9e, les \u00e9l\u00e8ves seraient coinc\u00e9s dans des modules qui accro\u00eetraient les in\u00e9galit\u00e9s du savoir. <em>\u00ab&nbsp;Pour&nbsp;&nbsp; qu&rsquo;une&nbsp;&nbsp; organisation&nbsp;&nbsp; du&nbsp;&nbsp; lyc\u00e9e &nbsp;&nbsp;puisse&nbsp;&nbsp; \u00e9viter \u00ab\u00a0d&rsquo;enfermer\u00a0\u00bb&nbsp;&nbsp; les&nbsp;&nbsp; \u00e9l\u00e8ves&nbsp;&nbsp; dans&nbsp;&nbsp; une \u00ab\u00a0sp\u00e9cialisation pr\u00e9coce\u00a0\u00bb, une voie de formation \u00ab\u00a0cloisonn\u00e9e\u00a0\u00bb, il faudrait que l&rsquo;\u00e9l\u00e8ve puisse changer de champs disciplinaires \u00e9tudi\u00e9s d&rsquo;une ann\u00e9e sur l&rsquo;autre. Or ce n&rsquo;est absolument pas possible en Grande-Bretagne : [\u2026] il est strictement impossible, par exemple, de choisir \u00ab\u00a0histoire\u00a0\u00bb ou \u00ab\u00a0math\u00e9matiques\u00a0\u00bb pour le A2 level (year 13) si on n&rsquo;a pas \u00e9tudi\u00e9 ces disciplines pour le AS level (year 12)&nbsp;\u00bb<\/em>, constate le syndicat. La diminution de mobilit\u00e9 \u00e9tudiante sera \u00e9galement r\u00e9duite apr\u00e8s le parcours scolaire. Puisque la professionnalisation aura lieu avant les \u00e9tudes sup\u00e9rieures, changer de parcours pendant les \u00e9tudes sup\u00e9rieures sera plus difficile.<br \/>\nLe dernier point que conteste les syndicats est social. Ils craignent que le choix des fili\u00e8res ne rel\u00e8ve pas d\u2019un probl\u00e8me d\u2019organisation, mais du milieu et des pressions sociales que subiraient les \u00e9l\u00e8ves. En fonction de leur sexe, ou encore de leurs notes, de leur \u00e9tablissement.<\/p>\n<figure id=\"attachment_12362\" aria-describedby=\"caption-attachment-12362\" style=\"width: 300px\" class=\"wp-caption alignnone\"><a href=\"https:\/\/lyonbondyblog.fr\/LBB\/wp-content\/uploads\/2017\/12\/Capture-tableau-fille-garcon.png\"><img loading=\"lazy\" decoding=\"async\" class=\"wp-image-12362 size-medium\" src=\"https:\/\/lyonbondyblog.fr\/LBB\/wp-content\/uploads\/2017\/12\/Capture-tableau-fille-garcon-300x114.png\" alt=\"\" width=\"300\" height=\"114\" srcset=\"https:\/\/lyonbondyblog.fr\/LBB\/wp-content\/uploads\/2017\/12\/Capture-tableau-fille-garcon-300x114.png 300w, https:\/\/lyonbondyblog.fr\/LBB\/wp-content\/uploads\/2017\/12\/Capture-tableau-fille-garcon-768x293.png 768w, https:\/\/lyonbondyblog.fr\/LBB\/wp-content\/uploads\/2017\/12\/Capture-tableau-fille-garcon-600x229.png 600w, https:\/\/lyonbondyblog.fr\/LBB\/wp-content\/uploads\/2017\/12\/Capture-tableau-fille-garcon.png 807w\" sizes=\"auto, (max-width: 300px) 100vw, 300px\" \/><\/a><figcaption id=\"caption-attachment-12362\" class=\"wp-caption-text\">Credits : SNES<\/figcaption><\/figure>\n<figure id=\"attachment_12361\" aria-describedby=\"caption-attachment-12361\" style=\"width: 300px\" class=\"wp-caption alignleft\"><a href=\"https:\/\/lyonbondyblog.fr\/LBB\/wp-content\/uploads\/2017\/12\/Capture-eleves-bon-mauvais.png\"><img loading=\"lazy\" decoding=\"async\" class=\"wp-image-12361 size-medium\" src=\"https:\/\/lyonbondyblog.fr\/LBB\/wp-content\/uploads\/2017\/12\/Capture-eleves-bon-mauvais-300x122.png\" alt=\"\" width=\"300\" height=\"122\" srcset=\"https:\/\/lyonbondyblog.fr\/LBB\/wp-content\/uploads\/2017\/12\/Capture-eleves-bon-mauvais-300x122.png 300w, https:\/\/lyonbondyblog.fr\/LBB\/wp-content\/uploads\/2017\/12\/Capture-eleves-bon-mauvais-768x312.png 768w, https:\/\/lyonbondyblog.fr\/LBB\/wp-content\/uploads\/2017\/12\/Capture-eleves-bon-mauvais-600x244.png 600w, https:\/\/lyonbondyblog.fr\/LBB\/wp-content\/uploads\/2017\/12\/Capture-eleves-bon-mauvais.png 809w\" sizes=\"auto, (max-width: 300px) 100vw, 300px\" \/><\/a><figcaption id=\"caption-attachment-12361\" class=\"wp-caption-text\">Credits : SNES<\/figcaption><\/figure>\n<p>&nbsp;<\/p>\n<p>&nbsp;<\/p>\n<p>&nbsp;<\/p>\n<p>&nbsp;<\/p>\n<p>&nbsp;<\/p>\n<p>Le baccalaur\u00e9at est le \u00ab&nbsp;totem&nbsp;\u00bb \u00e0 faire tomber pour le gouvernement. Gianni Colombo rappelle dans <a href=\"http:\/\/journals.openedition.org\/ries\/2517\"><em>L\u2019\u00e9valuation des syst\u00e8mes \u00e9ducatif<\/em><\/a><em>&nbsp;<\/em>: <em>\u00ab&nbsp;il ne faut pas oublier que l\u2019\u00e9valuation repr\u00e9sente l\u2019une des phases constitutives de l\u2019action \u00e9ducative. Pourtant, consid\u00e9rer l\u2019\u00e9valuation comme le c\u0153ur de la question risque d\u2019aboutir \u00e0 l\u2019exacerbation d\u2019un seul aspect sp\u00e9cifique de l\u2019ensemble de la th\u00e9matique scolaire et revient \u00e0 fragmenter un discours qui doit, au contraire, \u00eatre abord\u00e9 dans sa totalit\u00e9&nbsp;\u00bb<\/em>. Les professeurs encore form\u00e9s traditionnellement ne seront probablement pas pr\u00eats \u00e0 ce nouveau fonctionnement sans de nouvelles r\u00e9formes. Des \u00e9l\u00e8ves \u00e2g\u00e9s de seulement 14 ans ne semblent pas aptes \u00e0 d\u00e9cider sans doute leur parcours professionnel. Pour qu\u2019un tel projet marche, il faudra qu\u2019il soit bien encadr\u00e9 et financ\u00e9.<\/p>\n<p>&nbsp;<\/p>\n<!-- AddThis Advanced Settings generic via filter on the_content --><!-- AddThis Share Buttons generic via filter on the_content -->","protected":false},"excerpt":{"rendered":"<p>Edouard Philippe et Jean-Michel Blanquer ont deux combats communs au cours de ce quinquennat&nbsp;: la r\u00e9forme des fili\u00e8res au lyc\u00e9e et la r\u00e9forme du baccalaur\u00e9at. &hellip; <!-- AddThis Advanced Settings generic via filter on wp_trim_excerpt --><!-- AddThis Share Buttons generic via filter on wp_trim_excerpt --><\/p>\n","protected":false},"author":794,"featured_media":12363,"comment_status":"open","ping_status":"open","sticky":false,"template":"","format":"standard","meta":{"_FSMCFIC_featured_image_caption":"","_FSMCFIC_featured_image_nocaption":"","_FSMCFIC_featured_image_hide":"","footnotes":""},"categories":[8,6,2],"tags":[3277,77,3281,3278,3280,3279],"class_list":["post-12360","post","type-post","status-publish","format-standard","has-post-thumbnail","hentry","category-france","category-politique","category-societe","tag-bac","tag-ecole","tag-filieres","tag-lycee","tag-modulaire","tag-reformes"],"yoast_head":"<!-- This site is optimized with the Yoast SEO plugin v22.8 - https:\/\/yoast.com\/wordpress\/plugins\/seo\/ -->\n<title>BAC 2021 : \u00c0 quoi ressemblera le lyc\u00e9e g\u00e9n\u00e9ral de demain ? - Lyon Bondy Blog<\/title>\n<meta name=\"robots\" content=\"index, follow, max-snippet:-1, max-image-preview:large, max-video-preview:-1\" \/>\n<link rel=\"canonical\" href=\"https:\/\/lyonbondyblog.fr\/LBB\/bac-2021-a-quoi-ressemblera-lycee-general-de-demain\/\" \/>\n<meta property=\"og:locale\" content=\"fr_FR\" \/>\n<meta property=\"og:type\" content=\"article\" \/>\n<meta property=\"og:title\" content=\"BAC 2021 : \u00c0 quoi ressemblera le lyc\u00e9e g\u00e9n\u00e9ral de demain ? - Lyon Bondy Blog\" \/>\n<meta property=\"og:description\" content=\"Edouard Philippe et Jean-Michel Blanquer ont deux combats communs au cours de ce quinquennat&nbsp;: la r\u00e9forme des fili\u00e8res au lyc\u00e9e et la r\u00e9forme du baccalaur\u00e9at. &hellip;\" \/>\n<meta property=\"og:url\" content=\"https:\/\/lyonbondyblog.fr\/LBB\/bac-2021-a-quoi-ressemblera-lycee-general-de-demain\/\" \/>\n<meta property=\"og:site_name\" content=\"Lyon Bondy Blog\" \/>\n<meta property=\"article:publisher\" content=\"https:\/\/www.facebook.com\/lyonbondyblog\" \/>\n<meta property=\"article:published_time\" content=\"2017-12-13T10:55:37+00:00\" \/>\n<meta property=\"article:modified_time\" content=\"2018-01-31T08:36:58+00:00\" \/>\n<meta property=\"og:image\" content=\"https:\/\/lyonbondyblog.fr\/LBB\/wp-content\/uploads\/2017\/12\/bac.jpg\" \/>\n\t<meta property=\"og:image:width\" content=\"1024\" \/>\n\t<meta property=\"og:image:height\" content=\"683\" \/>\n\t<meta property=\"og:image:type\" content=\"image\/jpeg\" \/>\n<meta name=\"author\" content=\"Ines Mitanne\" \/>\n<meta name=\"twitter:card\" content=\"summary_large_image\" \/>\n<meta name=\"twitter:creator\" content=\"@bondybloglyon\" \/>\n<meta name=\"twitter:site\" content=\"@bondybloglyon\" \/>\n<script type=\"application\/ld+json\" class=\"yoast-schema-graph\">{\"@context\":\"https:\/\/schema.org\",\"@graph\":[{\"@type\":\"Article\",\"@id\":\"https:\/\/lyonbondyblog.fr\/LBB\/bac-2021-a-quoi-ressemblera-lycee-general-de-demain\/#article\",\"isPartOf\":{\"@id\":\"https:\/\/lyonbondyblog.fr\/LBB\/bac-2021-a-quoi-ressemblera-lycee-general-de-demain\/\"},\"author\":{\"name\":\"Ines Mitanne\",\"@id\":\"https:\/\/lyonbondyblog.fr\/LBB\/#\/schema\/person\/cd653da284899ba50a55b2707efcb52f\"},\"headline\":\"BAC 2021 : \u00c0 quoi ressemblera le lyc\u00e9e g\u00e9n\u00e9ral de demain ?\",\"datePublished\":\"2017-12-13T10:55:37+00:00\",\"dateModified\":\"2018-01-31T08:36:58+00:00\",\"mainEntityOfPage\":{\"@id\":\"https:\/\/lyonbondyblog.fr\/LBB\/bac-2021-a-quoi-ressemblera-lycee-general-de-demain\/\"},\"wordCount\":810,\"commentCount\":0,\"publisher\":{\"@id\":\"https:\/\/lyonbondyblog.fr\/LBB\/#organization\"},\"image\":{\"@id\":\"https:\/\/lyonbondyblog.fr\/LBB\/bac-2021-a-quoi-ressemblera-lycee-general-de-demain\/#primaryimage\"},\"thumbnailUrl\":\"https:\/\/lyonbondyblog.fr\/LBB\/wp-content\/uploads\/2017\/12\/bac.jpg\",\"keywords\":[\"BAC\",\"\u00e9cole\",\"fili\u00e8res\",\"lyc\u00e9e\",\"modulaire\",\"r\u00e9formes\"],\"articleSection\":[\"France\",\"Politique\",\"Soci\u00e9t\u00e9\"],\"inLanguage\":\"fr-FR\",\"potentialAction\":[{\"@type\":\"CommentAction\",\"name\":\"Comment\",\"target\":[\"https:\/\/lyonbondyblog.fr\/LBB\/bac-2021-a-quoi-ressemblera-lycee-general-de-demain\/#respond\"]}]},{\"@type\":\"WebPage\",\"@id\":\"https:\/\/lyonbondyblog.fr\/LBB\/bac-2021-a-quoi-ressemblera-lycee-general-de-demain\/\",\"url\":\"https:\/\/lyonbondyblog.fr\/LBB\/bac-2021-a-quoi-ressemblera-lycee-general-de-demain\/\",\"name\":\"BAC 2021 : \u00c0 quoi ressemblera le lyc\u00e9e g\u00e9n\u00e9ral de demain ? - Lyon Bondy Blog\",\"isPartOf\":{\"@id\":\"https:\/\/lyonbondyblog.fr\/LBB\/#website\"},\"primaryImageOfPage\":{\"@id\":\"https:\/\/lyonbondyblog.fr\/LBB\/bac-2021-a-quoi-ressemblera-lycee-general-de-demain\/#primaryimage\"},\"image\":{\"@id\":\"https:\/\/lyonbondyblog.fr\/LBB\/bac-2021-a-quoi-ressemblera-lycee-general-de-demain\/#primaryimage\"},\"thumbnailUrl\":\"https:\/\/lyonbondyblog.fr\/LBB\/wp-content\/uploads\/2017\/12\/bac.jpg\",\"datePublished\":\"2017-12-13T10:55:37+00:00\",\"dateModified\":\"2018-01-31T08:36:58+00:00\",\"inLanguage\":\"fr-FR\",\"potentialAction\":[{\"@type\":\"ReadAction\",\"target\":[\"https:\/\/lyonbondyblog.fr\/LBB\/bac-2021-a-quoi-ressemblera-lycee-general-de-demain\/\"]}]},{\"@type\":\"ImageObject\",\"inLanguage\":\"fr-FR\",\"@id\":\"https:\/\/lyonbondyblog.fr\/LBB\/bac-2021-a-quoi-ressemblera-lycee-general-de-demain\/#primaryimage\",\"url\":\"https:\/\/lyonbondyblog.fr\/LBB\/wp-content\/uploads\/2017\/12\/bac.jpg\",\"contentUrl\":\"https:\/\/lyonbondyblog.fr\/LBB\/wp-content\/uploads\/2017\/12\/bac.jpg\",\"width\":1024,\"height\":683,\"caption\":\"Cr\u00e9dits : Steven S.\"},{\"@type\":\"WebSite\",\"@id\":\"https:\/\/lyonbondyblog.fr\/LBB\/#website\",\"url\":\"https:\/\/lyonbondyblog.fr\/LBB\/\",\"name\":\"Lyon Bondy Blog\",\"description\":\"\",\"publisher\":{\"@id\":\"https:\/\/lyonbondyblog.fr\/LBB\/#organization\"},\"potentialAction\":[{\"@type\":\"SearchAction\",\"target\":{\"@type\":\"EntryPoint\",\"urlTemplate\":\"https:\/\/lyonbondyblog.fr\/LBB\/?s={search_term_string}\"},\"query-input\":\"required name=search_term_string\"}],\"inLanguage\":\"fr-FR\"},{\"@type\":\"Organization\",\"@id\":\"https:\/\/lyonbondyblog.fr\/LBB\/#organization\",\"name\":\"LYON BONDY BLOG\",\"url\":\"https:\/\/lyonbondyblog.fr\/LBB\/\",\"logo\":{\"@type\":\"ImageObject\",\"inLanguage\":\"fr-FR\",\"@id\":\"https:\/\/lyonbondyblog.fr\/LBB\/#\/schema\/logo\/image\/\",\"url\":\"http:\/\/lyonbondyblog.fr\/LBB\/wp-content\/uploads\/2014\/10\/logo-portable-144.png\",\"contentUrl\":\"http:\/\/lyonbondyblog.fr\/LBB\/wp-content\/uploads\/2014\/10\/logo-portable-144.png\",\"width\":144,\"height\":123,\"caption\":\"LYON BONDY BLOG\"},\"image\":{\"@id\":\"https:\/\/lyonbondyblog.fr\/LBB\/#\/schema\/logo\/image\/\"},\"sameAs\":[\"https:\/\/www.facebook.com\/lyonbondyblog\",\"https:\/\/x.com\/bondybloglyon\"]},{\"@type\":\"Person\",\"@id\":\"https:\/\/lyonbondyblog.fr\/LBB\/#\/schema\/person\/cd653da284899ba50a55b2707efcb52f\",\"name\":\"Ines Mitanne\",\"url\":\"https:\/\/lyonbondyblog.fr\/LBB\/author\/ines\/\"}]}<\/script>\n<!-- \/ Yoast SEO plugin. -->","yoast_head_json":{"title":"BAC 2021 : \u00c0 quoi ressemblera le lyc\u00e9e g\u00e9n\u00e9ral de demain ? - Lyon Bondy Blog","robots":{"index":"index","follow":"follow","max-snippet":"max-snippet:-1","max-image-preview":"max-image-preview:large","max-video-preview":"max-video-preview:-1"},"canonical":"https:\/\/lyonbondyblog.fr\/LBB\/bac-2021-a-quoi-ressemblera-lycee-general-de-demain\/","og_locale":"fr_FR","og_type":"article","og_title":"BAC 2021 : \u00c0 quoi ressemblera le lyc\u00e9e g\u00e9n\u00e9ral de demain ? - Lyon Bondy Blog","og_description":"Edouard Philippe et Jean-Michel Blanquer ont deux combats communs au cours de ce quinquennat&nbsp;: la r\u00e9forme des fili\u00e8res au lyc\u00e9e et la r\u00e9forme du baccalaur\u00e9at. &hellip;","og_url":"https:\/\/lyonbondyblog.fr\/LBB\/bac-2021-a-quoi-ressemblera-lycee-general-de-demain\/","og_site_name":"Lyon Bondy Blog","article_publisher":"https:\/\/www.facebook.com\/lyonbondyblog","article_published_time":"2017-12-13T10:55:37+00:00","article_modified_time":"2018-01-31T08:36:58+00:00","og_image":[{"width":1024,"height":683,"url":"https:\/\/lyonbondyblog.fr\/LBB\/wp-content\/uploads\/2017\/12\/bac.jpg","type":"image\/jpeg"}],"author":"Ines Mitanne","twitter_card":"summary_large_image","twitter_creator":"@bondybloglyon","twitter_site":"@bondybloglyon","schema":{"@context":"https:\/\/schema.org","@graph":[{"@type":"Article","@id":"https:\/\/lyonbondyblog.fr\/LBB\/bac-2021-a-quoi-ressemblera-lycee-general-de-demain\/#article","isPartOf":{"@id":"https:\/\/lyonbondyblog.fr\/LBB\/bac-2021-a-quoi-ressemblera-lycee-general-de-demain\/"},"author":{"name":"Ines Mitanne","@id":"https:\/\/lyonbondyblog.fr\/LBB\/#\/schema\/person\/cd653da284899ba50a55b2707efcb52f"},"headline":"BAC 2021 : \u00c0 quoi ressemblera le lyc\u00e9e g\u00e9n\u00e9ral de demain ?","datePublished":"2017-12-13T10:55:37+00:00","dateModified":"2018-01-31T08:36:58+00:00","mainEntityOfPage":{"@id":"https:\/\/lyonbondyblog.fr\/LBB\/bac-2021-a-quoi-ressemblera-lycee-general-de-demain\/"},"wordCount":810,"commentCount":0,"publisher":{"@id":"https:\/\/lyonbondyblog.fr\/LBB\/#organization"},"image":{"@id":"https:\/\/lyonbondyblog.fr\/LBB\/bac-2021-a-quoi-ressemblera-lycee-general-de-demain\/#primaryimage"},"thumbnailUrl":"https:\/\/lyonbondyblog.fr\/LBB\/wp-content\/uploads\/2017\/12\/bac.jpg","keywords":["BAC","\u00e9cole","fili\u00e8res","lyc\u00e9e","modulaire","r\u00e9formes"],"articleSection":["France","Politique","Soci\u00e9t\u00e9"],"inLanguage":"fr-FR","potentialAction":[{"@type":"CommentAction","name":"Comment","target":["https:\/\/lyonbondyblog.fr\/LBB\/bac-2021-a-quoi-ressemblera-lycee-general-de-demain\/#respond"]}]},{"@type":"WebPage","@id":"https:\/\/lyonbondyblog.fr\/LBB\/bac-2021-a-quoi-ressemblera-lycee-general-de-demain\/","url":"https:\/\/lyonbondyblog.fr\/LBB\/bac-2021-a-quoi-ressemblera-lycee-general-de-demain\/","name":"BAC 2021 : \u00c0 quoi ressemblera le lyc\u00e9e g\u00e9n\u00e9ral de demain ? - Lyon Bondy Blog","isPartOf":{"@id":"https:\/\/lyonbondyblog.fr\/LBB\/#website"},"primaryImageOfPage":{"@id":"https:\/\/lyonbondyblog.fr\/LBB\/bac-2021-a-quoi-ressemblera-lycee-general-de-demain\/#primaryimage"},"image":{"@id":"https:\/\/lyonbondyblog.fr\/LBB\/bac-2021-a-quoi-ressemblera-lycee-general-de-demain\/#primaryimage"},"thumbnailUrl":"https:\/\/lyonbondyblog.fr\/LBB\/wp-content\/uploads\/2017\/12\/bac.jpg","datePublished":"2017-12-13T10:55:37+00:00","dateModified":"2018-01-31T08:36:58+00:00","inLanguage":"fr-FR","potentialAction":[{"@type":"ReadAction","target":["https:\/\/lyonbondyblog.fr\/LBB\/bac-2021-a-quoi-ressemblera-lycee-general-de-demain\/"]}]},{"@type":"ImageObject","inLanguage":"fr-FR","@id":"https:\/\/lyonbondyblog.fr\/LBB\/bac-2021-a-quoi-ressemblera-lycee-general-de-demain\/#primaryimage","url":"https:\/\/lyonbondyblog.fr\/LBB\/wp-content\/uploads\/2017\/12\/bac.jpg","contentUrl":"https:\/\/lyonbondyblog.fr\/LBB\/wp-content\/uploads\/2017\/12\/bac.jpg","width":1024,"height":683,"caption":"Cr\u00e9dits : Steven S."},{"@type":"WebSite","@id":"https:\/\/lyonbondyblog.fr\/LBB\/#website","url":"https:\/\/lyonbondyblog.fr\/LBB\/","name":"Lyon Bondy Blog","description":"","publisher":{"@id":"https:\/\/lyonbondyblog.fr\/LBB\/#organization"},"potentialAction":[{"@type":"SearchAction","target":{"@type":"EntryPoint","urlTemplate":"https:\/\/lyonbondyblog.fr\/LBB\/?s={search_term_string}"},"query-input":"required name=search_term_string"}],"inLanguage":"fr-FR"},{"@type":"Organization","@id":"https:\/\/lyonbondyblog.fr\/LBB\/#organization","name":"LYON BONDY BLOG","url":"https:\/\/lyonbondyblog.fr\/LBB\/","logo":{"@type":"ImageObject","inLanguage":"fr-FR","@id":"https:\/\/lyonbondyblog.fr\/LBB\/#\/schema\/logo\/image\/","url":"http:\/\/lyonbondyblog.fr\/LBB\/wp-content\/uploads\/2014\/10\/logo-portable-144.png","contentUrl":"http:\/\/lyonbondyblog.fr\/LBB\/wp-content\/uploads\/2014\/10\/logo-portable-144.png","width":144,"height":123,"caption":"LYON BONDY BLOG"},"image":{"@id":"https:\/\/lyonbondyblog.fr\/LBB\/#\/schema\/logo\/image\/"},"sameAs":["https:\/\/www.facebook.com\/lyonbondyblog","https:\/\/x.com\/bondybloglyon"]},{"@type":"Person","@id":"https:\/\/lyonbondyblog.fr\/LBB\/#\/schema\/person\/cd653da284899ba50a55b2707efcb52f","name":"Ines Mitanne","url":"https:\/\/lyonbondyblog.fr\/LBB\/author\/ines\/"}]}},"_links":{"self":[{"href":"https:\/\/lyonbondyblog.fr\/LBB\/wp-json\/wp\/v2\/posts\/12360","targetHints":{"allow":["GET"]}}],"collection":[{"href":"https:\/\/lyonbondyblog.fr\/LBB\/wp-json\/wp\/v2\/posts"}],"about":[{"href":"https:\/\/lyonbondyblog.fr\/LBB\/wp-json\/wp\/v2\/types\/post"}],"author":[{"embeddable":true,"href":"https:\/\/lyonbondyblog.fr\/LBB\/wp-json\/wp\/v2\/users\/794"}],"replies":[{"embeddable":true,"href":"https:\/\/lyonbondyblog.fr\/LBB\/wp-json\/wp\/v2\/comments?post=12360"}],"version-history":[{"count":7,"href":"https:\/\/lyonbondyblog.fr\/LBB\/wp-json\/wp\/v2\/posts\/12360\/revisions"}],"predecessor-version":[{"id":12515,"href":"https:\/\/lyonbondyblog.fr\/LBB\/wp-json\/wp\/v2\/posts\/12360\/revisions\/12515"}],"wp:featuredmedia":[{"embeddable":true,"href":"https:\/\/lyonbondyblog.fr\/LBB\/wp-json\/wp\/v2\/media\/12363"}],"wp:attachment":[{"href":"https:\/\/lyonbondyblog.fr\/LBB\/wp-json\/wp\/v2\/media?parent=12360"}],"wp:term":[{"taxonomy":"category","embeddable":true,"href":"https:\/\/lyonbondyblog.fr\/LBB\/wp-json\/wp\/v2\/categories?post=12360"},{"taxonomy":"post_tag","embeddable":true,"href":"https:\/\/lyonbondyblog.fr\/LBB\/wp-json\/wp\/v2\/tags?post=12360"}],"curies":[{"name":"wp","href":"https:\/\/api.w.org\/{rel}","templated":true}]}}