{"id":1236,"date":"2012-12-03T11:09:51","date_gmt":"2012-12-03T10:09:51","guid":{"rendered":"http:\/\/lyonbondyblog.fr\/LBB\/?p=1236"},"modified":"2013-07-24T11:18:12","modified_gmt":"2013-07-24T09:18:12","slug":"le-lyon-bondy-blog-recrute-deux-services-civiques","status":"publish","type":"post","link":"https:\/\/lyonbondyblog.fr\/LBB\/le-lyon-bondy-blog-recrute-deux-services-civiques\/","title":{"rendered":"Le Lyon Bondy Blog recrute deux services civiques"},"content":{"rendered":"<p><strong>Vous avez entre 16 et 25 ans et souhaitez vous engager dans un service civique pour une dur\u00e9e de 8 mois, envoyez CV et lettre de motivation \u00e0 : bondyblog.lyon@gmail.com<\/strong><\/p>\n<p><a href=\"https:\/\/lyonbondyblog.fr\/LBB\/wp-content\/uploads\/2013\/07\/logo_service_civique.jpg\"><img loading=\"lazy\" decoding=\"async\" width=\"400\" height=\"248\" class=\"aligncenter size-full wp-image-1237\" alt=\"logo_service_civique\" src=\"https:\/\/lyonbondyblog.fr\/LBB\/wp-content\/uploads\/2013\/07\/logo_service_civique.jpg\" srcset=\"https:\/\/lyonbondyblog.fr\/LBB\/wp-content\/uploads\/2013\/07\/logo_service_civique.jpg 400w, https:\/\/lyonbondyblog.fr\/LBB\/wp-content\/uploads\/2013\/07\/logo_service_civique-300x186.jpg 300w\" sizes=\"auto, (max-width: 400px) 100vw, 400px\" \/><\/a><\/p>\n<div>\n<p>Le Lyon Bondy Blog recrute 2 services civiques.<\/p>\n<p>Les candidatures sont \u00e0 envoyer \u00e0 : <a href=\"mailto:bondyblog.lyon@gmail.com\">bondyblog.lyon@gmail.com<\/a><\/p>\n<p>Les entretiens auront lieu le mardi 11 d\u00e9cembre, \u00e0 partir de 18h30<\/p>\n<p><strong>Description du poste 1 : coordinateur m\u00e9dias<\/strong><\/p>\n<p>Le volontaire aura la charge d\u2019animer et de faire vivre le local, en lien avec les associations partenaires.<\/p>\n<p>Le volontaire devra d\u00e9velopper le r\u00e9seau m\u00e9dia (collaboration avec divers partenaires)<\/p>\n<p>Le volontaire aura ensuite \u00e0 sa charge de mettre en place l\u2019\u00e9mission de radio inter m\u00e9dias jeunes et associatifs.<\/p>\n<p>Possibilit\u00e9 \u00e9galement de mettre en place une table ronde sur l\u2019\u00e9tat de la presse Lyonnaise (traditionnelle et associative)<\/p>\n<p><strong>Description du profil recherch\u00e9<\/strong><\/p>\n<p>Connaissance de l\u2019association et des probl\u00e9matiques de la presse associative.<\/p>\n<p>Bon relationnel, sens de l\u2019organisation<\/p>\n<p>Rigueur, curiosit\u00e9 et sens de l\u2019humour\u00a0!<\/p>\n<p>Connaissance du tissu associatif lyonnais obligatoire<\/p>\n<p>Une exp\u00e9rience associative serait un plus<\/p>\n<p>Niveau de formation\u00a0: indiff\u00e9rent<\/p>\n<p><strong>Date de prise de fonction et dur\u00e9e de la mission<\/strong><br \/>\nLe 1er f\u00e9vrier 2013. Pour une dur\u00e9e de 8 mois<\/p>\n<p><strong>Date limite de candidature<\/strong><br \/>\nLundi 10 d\u00e9cembre<\/p>\n<p><strong>Salaire envisag\u00e9<\/strong><br \/>\n600 \u20ac<\/p>\n<p><strong>Lieu<\/strong><br \/>\n1 rue Sainte Marie des Terreaux<br \/>\n69001 LYON 1er<\/p>\n<p>&nbsp;<\/p>\n<p><strong>Description du poste 2 : coordinateur blog<\/strong><\/p>\n<p>Le volontaire aura la charge d\u2019accompagner le coll\u00e8ge solidaire (le bureau) dans la coordination du blog. A savoir relecture et mise en ligne des articles et recruter des nouveaux membres<\/p>\n<p><strong>Description du profil recherch\u00e9<\/strong><\/p>\n<p>Connaissance de l\u2019association et des probl\u00e9matiques de la presse web.<\/p>\n<p>Maitrise des outils web et multim\u00e9dia<\/p>\n<p>Bon relationnel, sens de l\u2019organisation<\/p>\n<p>Bonne capacit\u00e9 r\u00e9dactionnelle et qualit\u00e9s orthographiques<\/p>\n<p>Rigueur, curiosit\u00e9 et sens de l\u2019humour\u00a0!<\/p>\n<p>Exp\u00e9rience journalistique sur le web ou sur la blogosph\u00e8re<\/p>\n<p>Une exp\u00e9rience associative serait un plus<\/p>\n<p>Niveau de formation\u00a0: indiff\u00e9rent<\/p>\n<p><strong>Date de prise de fonction et dur\u00e9e de la mission<\/strong><br \/>\nLe 7 janvier 2013. Pour une dur\u00e9e de 8 mois<\/p>\n<p><strong>Date limite de candidature<\/strong><br \/>\nLundi 10 d\u00e9cembre<\/p>\n<p><strong>Salaire envisag\u00e9<\/strong><br \/>\n600 \u20ac<\/p>\n<\/div>\n<!-- AddThis Advanced Settings generic via filter on the_content --><!-- AddThis Share Buttons generic via filter on the_content -->","protected":false},"excerpt":{"rendered":"<p>Vous avez entre 16 et 25 ans et souhaitez vous engager dans un service civique pour une dur\u00e9e de 8 mois, envoyez CV et lettre &hellip; <!-- AddThis Advanced Settings generic via filter on wp_trim_excerpt --><!-- AddThis Share Buttons generic via filter on wp_trim_excerpt --><\/p>\n","protected":false},"author":1,"featured_media":1238,"comment_status":"open","ping_status":"open","sticky":false,"template":"","format":"standard","meta":{"_FSMCFIC_featured_image_caption":"","_FSMCFIC_featured_image_nocaption":"","_FSMCFIC_featured_image_hide":"","footnotes":""},"categories":[4],"tags":[502,112,501,500],"class_list":["post-1236","post","type-post","status-publish","format-standard","has-post-thumbnail","hentry","category-lyon","tag-engagement","tag-lyon-bondy-blog","tag-recrutement","tag-swervice-civique"],"yoast_head":"<!-- This site is optimized with the Yoast SEO plugin v22.8 - https:\/\/yoast.com\/wordpress\/plugins\/seo\/ -->\n<title>Le Lyon Bondy Blog recrute deux services civiques - Lyon Bondy Blog<\/title>\n<meta name=\"robots\" content=\"index, follow, max-snippet:-1, max-image-preview:large, max-video-preview:-1\" \/>\n<link rel=\"canonical\" href=\"https:\/\/lyonbondyblog.fr\/LBB\/le-lyon-bondy-blog-recrute-deux-services-civiques\/\" \/>\n<meta property=\"og:locale\" content=\"fr_FR\" \/>\n<meta property=\"og:type\" content=\"article\" \/>\n<meta property=\"og:title\" content=\"Le Lyon Bondy Blog recrute deux services civiques - Lyon Bondy Blog\" \/>\n<meta property=\"og:description\" content=\"Vous avez entre 16 et 25 ans et souhaitez vous engager dans un service civique pour une dur\u00e9e de 8 mois, envoyez CV et lettre &hellip;\" \/>\n<meta property=\"og:url\" content=\"https:\/\/lyonbondyblog.fr\/LBB\/le-lyon-bondy-blog-recrute-deux-services-civiques\/\" \/>\n<meta property=\"og:site_name\" content=\"Lyon Bondy Blog\" \/>\n<meta property=\"article:publisher\" content=\"https:\/\/www.facebook.com\/lyonbondyblog\" \/>\n<meta property=\"article:author\" content=\"https:\/\/www.facebook.com\/lyonbondyblog\" \/>\n<meta property=\"article:published_time\" content=\"2012-12-03T10:09:51+00:00\" \/>\n<meta property=\"article:modified_time\" content=\"2013-07-24T09:18:12+00:00\" \/>\n<meta property=\"og:image\" content=\"https:\/\/lyonbondyblog.fr\/LBB\/wp-content\/uploads\/2013\/07\/logo_service_civique_b.jpg\" \/>\n\t<meta property=\"og:image:width\" content=\"400\" \/>\n\t<meta property=\"og:image:height\" content=\"200\" \/>\n\t<meta property=\"og:image:type\" content=\"image\/jpeg\" \/>\n<meta name=\"author\" content=\"La r\u00e9daction\" \/>\n<meta name=\"twitter:card\" content=\"summary_large_image\" \/>\n<meta name=\"twitter:creator\" content=\"@BondyBlogLyon\" \/>\n<meta name=\"twitter:site\" content=\"@bondybloglyon\" \/>\n<script type=\"application\/ld+json\" class=\"yoast-schema-graph\">{\"@context\":\"https:\/\/schema.org\",\"@graph\":[{\"@type\":\"Article\",\"@id\":\"https:\/\/lyonbondyblog.fr\/LBB\/le-lyon-bondy-blog-recrute-deux-services-civiques\/#article\",\"isPartOf\":{\"@id\":\"https:\/\/lyonbondyblog.fr\/LBB\/le-lyon-bondy-blog-recrute-deux-services-civiques\/\"},\"author\":{\"name\":\"La r\u00e9daction\",\"@id\":\"https:\/\/lyonbondyblog.fr\/LBB\/#\/schema\/person\/e45f8d27baac75072daa0be50c409b25\"},\"headline\":\"Le Lyon Bondy Blog recrute deux services civiques\",\"datePublished\":\"2012-12-03T10:09:51+00:00\",\"dateModified\":\"2013-07-24T09:18:12+00:00\",\"mainEntityOfPage\":{\"@id\":\"https:\/\/lyonbondyblog.fr\/LBB\/le-lyon-bondy-blog-recrute-deux-services-civiques\/\"},\"wordCount\":359,\"commentCount\":0,\"publisher\":{\"@id\":\"https:\/\/lyonbondyblog.fr\/LBB\/#organization\"},\"image\":{\"@id\":\"https:\/\/lyonbondyblog.fr\/LBB\/le-lyon-bondy-blog-recrute-deux-services-civiques\/#primaryimage\"},\"thumbnailUrl\":\"https:\/\/lyonbondyblog.fr\/LBB\/wp-content\/uploads\/2013\/07\/logo_service_civique_b.jpg\",\"keywords\":[\"engagement\",\"Lyon Bondy Blog\",\"recrutement\",\"swervice civique\"],\"articleSection\":[\"Lyon\"],\"inLanguage\":\"fr-FR\",\"potentialAction\":[{\"@type\":\"CommentAction\",\"name\":\"Comment\",\"target\":[\"https:\/\/lyonbondyblog.fr\/LBB\/le-lyon-bondy-blog-recrute-deux-services-civiques\/#respond\"]}]},{\"@type\":\"WebPage\",\"@id\":\"https:\/\/lyonbondyblog.fr\/LBB\/le-lyon-bondy-blog-recrute-deux-services-civiques\/\",\"url\":\"https:\/\/lyonbondyblog.fr\/LBB\/le-lyon-bondy-blog-recrute-deux-services-civiques\/\",\"name\":\"Le Lyon Bondy Blog recrute deux services civiques - Lyon Bondy Blog\",\"isPartOf\":{\"@id\":\"https:\/\/lyonbondyblog.fr\/LBB\/#website\"},\"primaryImageOfPage\":{\"@id\":\"https:\/\/lyonbondyblog.fr\/LBB\/le-lyon-bondy-blog-recrute-deux-services-civiques\/#primaryimage\"},\"image\":{\"@id\":\"https:\/\/lyonbondyblog.fr\/LBB\/le-lyon-bondy-blog-recrute-deux-services-civiques\/#primaryimage\"},\"thumbnailUrl\":\"https:\/\/lyonbondyblog.fr\/LBB\/wp-content\/uploads\/2013\/07\/logo_service_civique_b.jpg\",\"datePublished\":\"2012-12-03T10:09:51+00:00\",\"dateModified\":\"2013-07-24T09:18:12+00:00\",\"inLanguage\":\"fr-FR\",\"potentialAction\":[{\"@type\":\"ReadAction\",\"target\":[\"https:\/\/lyonbondyblog.fr\/LBB\/le-lyon-bondy-blog-recrute-deux-services-civiques\/\"]}]},{\"@type\":\"ImageObject\",\"inLanguage\":\"fr-FR\",\"@id\":\"https:\/\/lyonbondyblog.fr\/LBB\/le-lyon-bondy-blog-recrute-deux-services-civiques\/#primaryimage\",\"url\":\"https:\/\/lyonbondyblog.fr\/LBB\/wp-content\/uploads\/2013\/07\/logo_service_civique_b.jpg\",\"contentUrl\":\"https:\/\/lyonbondyblog.fr\/LBB\/wp-content\/uploads\/2013\/07\/logo_service_civique_b.jpg\",\"width\":400,\"height\":200},{\"@type\":\"WebSite\",\"@id\":\"https:\/\/lyonbondyblog.fr\/LBB\/#website\",\"url\":\"https:\/\/lyonbondyblog.fr\/LBB\/\",\"name\":\"Lyon Bondy Blog\",\"description\":\"\",\"publisher\":{\"@id\":\"https:\/\/lyonbondyblog.fr\/LBB\/#organization\"},\"potentialAction\":[{\"@type\":\"SearchAction\",\"target\":{\"@type\":\"EntryPoint\",\"urlTemplate\":\"https:\/\/lyonbondyblog.fr\/LBB\/?s={search_term_string}\"},\"query-input\":\"required name=search_term_string\"}],\"inLanguage\":\"fr-FR\"},{\"@type\":\"Organization\",\"@id\":\"https:\/\/lyonbondyblog.fr\/LBB\/#organization\",\"name\":\"LYON BONDY BLOG\",\"url\":\"https:\/\/lyonbondyblog.fr\/LBB\/\",\"logo\":{\"@type\":\"ImageObject\",\"inLanguage\":\"fr-FR\",\"@id\":\"https:\/\/lyonbondyblog.fr\/LBB\/#\/schema\/logo\/image\/\",\"url\":\"http:\/\/lyonbondyblog.fr\/LBB\/wp-content\/uploads\/2014\/10\/logo-portable-144.png\",\"contentUrl\":\"http:\/\/lyonbondyblog.fr\/LBB\/wp-content\/uploads\/2014\/10\/logo-portable-144.png\",\"width\":144,\"height\":123,\"caption\":\"LYON BONDY BLOG\"},\"image\":{\"@id\":\"https:\/\/lyonbondyblog.fr\/LBB\/#\/schema\/logo\/image\/\"},\"sameAs\":[\"https:\/\/www.facebook.com\/lyonbondyblog\",\"https:\/\/x.com\/bondybloglyon\"]},{\"@type\":\"Person\",\"@id\":\"https:\/\/lyonbondyblog.fr\/LBB\/#\/schema\/person\/e45f8d27baac75072daa0be50c409b25\",\"name\":\"La r\u00e9daction\",\"description\":\"Cr\u00e9e en 2008, la r\u00e9daction du Lyon Bondy Blog s'applique \u00e0 proposer une information locale diff\u00e9rente et compl\u00e9mentaire des m\u00e9dias traditionnels.\",\"sameAs\":[\"https:\/\/www.facebook.com\/lyonbondyblog\",\"https:\/\/x.com\/BondyBlogLyon\"],\"url\":\"https:\/\/lyonbondyblog.fr\/LBB\/author\/admin\/\"}]}<\/script>\n<!-- \/ Yoast SEO plugin. -->","yoast_head_json":{"title":"Le Lyon Bondy Blog recrute deux services civiques - Lyon Bondy Blog","robots":{"index":"index","follow":"follow","max-snippet":"max-snippet:-1","max-image-preview":"max-image-preview:large","max-video-preview":"max-video-preview:-1"},"canonical":"https:\/\/lyonbondyblog.fr\/LBB\/le-lyon-bondy-blog-recrute-deux-services-civiques\/","og_locale":"fr_FR","og_type":"article","og_title":"Le Lyon Bondy Blog recrute deux services civiques - Lyon Bondy Blog","og_description":"Vous avez entre 16 et 25 ans et souhaitez vous engager dans un service civique pour une dur\u00e9e de 8 mois, envoyez CV et lettre &hellip;","og_url":"https:\/\/lyonbondyblog.fr\/LBB\/le-lyon-bondy-blog-recrute-deux-services-civiques\/","og_site_name":"Lyon Bondy Blog","article_publisher":"https:\/\/www.facebook.com\/lyonbondyblog","article_author":"https:\/\/www.facebook.com\/lyonbondyblog","article_published_time":"2012-12-03T10:09:51+00:00","article_modified_time":"2013-07-24T09:18:12+00:00","og_image":[{"width":400,"height":200,"url":"https:\/\/lyonbondyblog.fr\/LBB\/wp-content\/uploads\/2013\/07\/logo_service_civique_b.jpg","type":"image\/jpeg"}],"author":"La r\u00e9daction","twitter_card":"summary_large_image","twitter_creator":"@BondyBlogLyon","twitter_site":"@bondybloglyon","schema":{"@context":"https:\/\/schema.org","@graph":[{"@type":"Article","@id":"https:\/\/lyonbondyblog.fr\/LBB\/le-lyon-bondy-blog-recrute-deux-services-civiques\/#article","isPartOf":{"@id":"https:\/\/lyonbondyblog.fr\/LBB\/le-lyon-bondy-blog-recrute-deux-services-civiques\/"},"author":{"name":"La r\u00e9daction","@id":"https:\/\/lyonbondyblog.fr\/LBB\/#\/schema\/person\/e45f8d27baac75072daa0be50c409b25"},"headline":"Le Lyon Bondy Blog recrute deux services civiques","datePublished":"2012-12-03T10:09:51+00:00","dateModified":"2013-07-24T09:18:12+00:00","mainEntityOfPage":{"@id":"https:\/\/lyonbondyblog.fr\/LBB\/le-lyon-bondy-blog-recrute-deux-services-civiques\/"},"wordCount":359,"commentCount":0,"publisher":{"@id":"https:\/\/lyonbondyblog.fr\/LBB\/#organization"},"image":{"@id":"https:\/\/lyonbondyblog.fr\/LBB\/le-lyon-bondy-blog-recrute-deux-services-civiques\/#primaryimage"},"thumbnailUrl":"https:\/\/lyonbondyblog.fr\/LBB\/wp-content\/uploads\/2013\/07\/logo_service_civique_b.jpg","keywords":["engagement","Lyon Bondy Blog","recrutement","swervice civique"],"articleSection":["Lyon"],"inLanguage":"fr-FR","potentialAction":[{"@type":"CommentAction","name":"Comment","target":["https:\/\/lyonbondyblog.fr\/LBB\/le-lyon-bondy-blog-recrute-deux-services-civiques\/#respond"]}]},{"@type":"WebPage","@id":"https:\/\/lyonbondyblog.fr\/LBB\/le-lyon-bondy-blog-recrute-deux-services-civiques\/","url":"https:\/\/lyonbondyblog.fr\/LBB\/le-lyon-bondy-blog-recrute-deux-services-civiques\/","name":"Le Lyon Bondy Blog recrute deux services civiques - Lyon Bondy Blog","isPartOf":{"@id":"https:\/\/lyonbondyblog.fr\/LBB\/#website"},"primaryImageOfPage":{"@id":"https:\/\/lyonbondyblog.fr\/LBB\/le-lyon-bondy-blog-recrute-deux-services-civiques\/#primaryimage"},"image":{"@id":"https:\/\/lyonbondyblog.fr\/LBB\/le-lyon-bondy-blog-recrute-deux-services-civiques\/#primaryimage"},"thumbnailUrl":"https:\/\/lyonbondyblog.fr\/LBB\/wp-content\/uploads\/2013\/07\/logo_service_civique_b.jpg","datePublished":"2012-12-03T10:09:51+00:00","dateModified":"2013-07-24T09:18:12+00:00","inLanguage":"fr-FR","potentialAction":[{"@type":"ReadAction","target":["https:\/\/lyonbondyblog.fr\/LBB\/le-lyon-bondy-blog-recrute-deux-services-civiques\/"]}]},{"@type":"ImageObject","inLanguage":"fr-FR","@id":"https:\/\/lyonbondyblog.fr\/LBB\/le-lyon-bondy-blog-recrute-deux-services-civiques\/#primaryimage","url":"https:\/\/lyonbondyblog.fr\/LBB\/wp-content\/uploads\/2013\/07\/logo_service_civique_b.jpg","contentUrl":"https:\/\/lyonbondyblog.fr\/LBB\/wp-content\/uploads\/2013\/07\/logo_service_civique_b.jpg","width":400,"height":200},{"@type":"WebSite","@id":"https:\/\/lyonbondyblog.fr\/LBB\/#website","url":"https:\/\/lyonbondyblog.fr\/LBB\/","name":"Lyon Bondy Blog","description":"","publisher":{"@id":"https:\/\/lyonbondyblog.fr\/LBB\/#organization"},"potentialAction":[{"@type":"SearchAction","target":{"@type":"EntryPoint","urlTemplate":"https:\/\/lyonbondyblog.fr\/LBB\/?s={search_term_string}"},"query-input":"required name=search_term_string"}],"inLanguage":"fr-FR"},{"@type":"Organization","@id":"https:\/\/lyonbondyblog.fr\/LBB\/#organization","name":"LYON BONDY BLOG","url":"https:\/\/lyonbondyblog.fr\/LBB\/","logo":{"@type":"ImageObject","inLanguage":"fr-FR","@id":"https:\/\/lyonbondyblog.fr\/LBB\/#\/schema\/logo\/image\/","url":"http:\/\/lyonbondyblog.fr\/LBB\/wp-content\/uploads\/2014\/10\/logo-portable-144.png","contentUrl":"http:\/\/lyonbondyblog.fr\/LBB\/wp-content\/uploads\/2014\/10\/logo-portable-144.png","width":144,"height":123,"caption":"LYON BONDY BLOG"},"image":{"@id":"https:\/\/lyonbondyblog.fr\/LBB\/#\/schema\/logo\/image\/"},"sameAs":["https:\/\/www.facebook.com\/lyonbondyblog","https:\/\/x.com\/bondybloglyon"]},{"@type":"Person","@id":"https:\/\/lyonbondyblog.fr\/LBB\/#\/schema\/person\/e45f8d27baac75072daa0be50c409b25","name":"La r\u00e9daction","description":"Cr\u00e9e en 2008, la r\u00e9daction du Lyon Bondy Blog s'applique \u00e0 proposer une information locale diff\u00e9rente et compl\u00e9mentaire des m\u00e9dias traditionnels.","sameAs":["https:\/\/www.facebook.com\/lyonbondyblog","https:\/\/x.com\/BondyBlogLyon"],"url":"https:\/\/lyonbondyblog.fr\/LBB\/author\/admin\/"}]}},"_links":{"self":[{"href":"https:\/\/lyonbondyblog.fr\/LBB\/wp-json\/wp\/v2\/posts\/1236","targetHints":{"allow":["GET"]}}],"collection":[{"href":"https:\/\/lyonbondyblog.fr\/LBB\/wp-json\/wp\/v2\/posts"}],"about":[{"href":"https:\/\/lyonbondyblog.fr\/LBB\/wp-json\/wp\/v2\/types\/post"}],"author":[{"embeddable":true,"href":"https:\/\/lyonbondyblog.fr\/LBB\/wp-json\/wp\/v2\/users\/1"}],"replies":[{"embeddable":true,"href":"https:\/\/lyonbondyblog.fr\/LBB\/wp-json\/wp\/v2\/comments?post=1236"}],"version-history":[{"count":0,"href":"https:\/\/lyonbondyblog.fr\/LBB\/wp-json\/wp\/v2\/posts\/1236\/revisions"}],"wp:featuredmedia":[{"embeddable":true,"href":"https:\/\/lyonbondyblog.fr\/LBB\/wp-json\/wp\/v2\/media\/1238"}],"wp:attachment":[{"href":"https:\/\/lyonbondyblog.fr\/LBB\/wp-json\/wp\/v2\/media?parent=1236"}],"wp:term":[{"taxonomy":"category","embeddable":true,"href":"https:\/\/lyonbondyblog.fr\/LBB\/wp-json\/wp\/v2\/categories?post=1236"},{"taxonomy":"post_tag","embeddable":true,"href":"https:\/\/lyonbondyblog.fr\/LBB\/wp-json\/wp\/v2\/tags?post=1236"}],"curies":[{"name":"wp","href":"https:\/\/api.w.org\/{rel}","templated":true}]}}