{"id":12283,"date":"2017-12-04T23:49:13","date_gmt":"2017-12-04T22:49:13","guid":{"rendered":"http:\/\/lyonbondyblog.fr\/LBB\/?p=12283"},"modified":"2017-12-04T23:49:59","modified_gmt":"2017-12-04T22:49:59","slug":"sexisme-envers-hommes-violences-banalisees","status":"publish","type":"post","link":"https:\/\/lyonbondyblog.fr\/LBB\/sexisme-envers-hommes-violences-banalisees\/","title":{"rendered":"Le sexisme envers les hommes : des violences banalis\u00e9es ?"},"content":{"rendered":"<p><strong><em>Il peut s\u2019agir de votre fr\u00e8re, de votre p\u00e8re ou d\u2019un ami. En 2013, les hommes repr\u00e9sentaient 17 % des d\u00e9c\u00e8s \u00e0 la suite de violences conjugales. Seules 4 % des <\/em><a href=\"http:\/\/madame.lefigaro.fr\/societe\/violences-conjugales-le-silence-des-hommes-battus-140416-113843\">80\u00a0000<\/a><em> victimes par an portent plainte. Vers qui peuvent se tourner ces hommes\u00a0? Quels types de violences sont les plus r\u00e9currentes\u00a0?<\/em><\/strong><\/p>\n<p>Les violences perp\u00e9tu\u00e9es envers les hommes sont un cas complexe. Hommes et femmes ne subissent pas les m\u00eames violences\u00a0: s\u2019agit-il de sexisme\u00a0? Contrairement aux violences envers les femmes &#8211; 3 \u00e0 4 fois sup\u00e9rieures -, souvent les causes rel\u00e8vent plus du racisme, de l\u2019homophobie, ou encore du milieu social dont l\u2019homme est issu. De plus, ils ne subissent pas fr\u00e9quemment les m\u00eames agressions. <a href=\"https:\/\/www.insee.fr\/fr\/statistiques\/1280864\"><u>Selon l\u2019INSEE<\/u><\/a>, en moyenne, 53 % des hommes sont victimes d\u2019injures (contre 65 % de femmes), or les agressions physiques concernent 34 % des hommes (contre 21% des femmes).<\/p>\n<p><strong>Au sein du couple<\/strong><\/p>\n<p>Psychologiques ou physiques, les violences au sein du couple existent\u00a0: 10,5 % des hommes de 18 \u00e0 75 ans ont subi des atteintes psychologiques ou verbales. On estime que 432 hommes ont \u00e9t\u00e9 victimes de viol en 2013, dont 179 sont des viols conjugaux, selon <a href=\"http:\/\/www.haut-conseil-egalite.gouv.fr\/violences-de-genre\/reperes-statistiques-79\/\"><u>les statistiques du Haut Conseil de l\u2019\u00e9galit\u00e9<\/u><\/a>.<br \/>\nPeu \u00e9cout\u00e9es par la police, non habitu\u00e9e \u00e0 ce genre de cas, les d\u00e9nonciations sont rares, m\u00eame si nos droits sont en th\u00e9orie \u00e9gaux face \u00e0 la justice. Les violences verbales ne laissent pas de traces sur la peau ; prouver que l\u2019on est une victime devient quasiment impossible. <a href=\"http:\/\/inhesj.fr\/sites\/default\/files\/ondrp_files\/publications\/pdf\/reperes31.pdf\">Selon l\u2019Observatoire nationale de la d\u00e9linquance et des r\u00e9ponses p\u00e9nales<\/a>, les femmes excellent dans les comportements m\u00e9prisants, d\u00e9valorisants, et jaloux r\u00e9p\u00e9titifs.<\/p>\n<figure id=\"attachment_12292\" aria-describedby=\"caption-attachment-12292\" style=\"width: 361px\" class=\"wp-caption aligncenter\"><a href=\"https:\/\/lyonbondyblog.fr\/LBB\/wp-content\/uploads\/2017\/11\/Cr\u00e9dits-La-Croix-1-1.jpg\"><img loading=\"lazy\" decoding=\"async\" class=\"wp-image-12292 \" src=\"https:\/\/lyonbondyblog.fr\/LBB\/wp-content\/uploads\/2017\/11\/Cr\u00e9dits-La-Croix-1-1-194x300.jpg\" alt=\"Cr\u00e9dits : La Croix, 4 juillet 2016.\" width=\"361\" height=\"558\" srcset=\"https:\/\/lyonbondyblog.fr\/LBB\/wp-content\/uploads\/2017\/11\/Cr\u00e9dits-La-Croix-1-1-194x300.jpg 194w, https:\/\/lyonbondyblog.fr\/LBB\/wp-content\/uploads\/2017\/11\/Cr\u00e9dits-La-Croix-1-1.jpg 549w\" sizes=\"auto, (max-width: 361px) 100vw, 361px\" \/><\/a><figcaption id=\"caption-attachment-12292\" class=\"wp-caption-text\">Cr\u00e9dits : La Croix, 4 juillet 2016.<\/figcaption><\/figure>\n<figure id=\"attachment_12288\" aria-describedby=\"caption-attachment-12288\" style=\"width: 369px\" class=\"wp-caption aligncenter\"><a href=\"https:\/\/lyonbondyblog.fr\/LBB\/wp-content\/uploads\/2017\/11\/Cr\u00e9dits-La-Croix-2.jpg\"><img loading=\"lazy\" decoding=\"async\" class=\"wp-image-12288 \" src=\"https:\/\/lyonbondyblog.fr\/LBB\/wp-content\/uploads\/2017\/11\/Cr\u00e9dits-La-Croix-2-182x300.jpg\" alt=\"Cr\u00e9dits : La Croix, 4 juillet 2016.\" width=\"369\" height=\"608\" srcset=\"https:\/\/lyonbondyblog.fr\/LBB\/wp-content\/uploads\/2017\/11\/Cr\u00e9dits-La-Croix-2-182x300.jpg 182w, https:\/\/lyonbondyblog.fr\/LBB\/wp-content\/uploads\/2017\/11\/Cr\u00e9dits-La-Croix-2.jpg 530w\" sizes=\"auto, (max-width: 369px) 100vw, 369px\" \/><\/a><figcaption id=\"caption-attachment-12288\" class=\"wp-caption-text\">Cr\u00e9dits : La Croix, 4 juillet 2016.<\/figcaption><\/figure>\n<p>Au travail ou dans la rue, les femmes auront plus des actes banalis\u00e9s envers les hommes, comme une main \u00e0 la fesse. Mais \u00ab\u00a0ce n\u2019est pas grave t\u2019es un homme\u00a0!\u00a0\u00bb, pourrait-on entendre, ou \u00ab\u00a0vous attendez que \u00e7a alors tu devrais content non\u00a0?\u00bb, comme en t\u00e9moignent certaines personnes sur <a href=\"http:\/\/soshommesbattus.over-blog.com\/tag\/temoignages\/\"><u>des forums<\/u><\/a>.<\/p>\n<p><strong>Un tabou d\u00e8s l\u2019enfance<\/strong><\/p>\n<p>Selon le Centre d\u2019aide aux victimes d\u2019actes criminels (<a href=\"http:\/\/www.cavac.qc.ca\/documentation\/pdf\/hommes-victimes.pdf\">CAVAC<\/a>), les agressions sexuelles envers les hommes ne seraient reconnues que depuis les ann\u00e9es 1980. Le mythe de l\u2019homme viril aurait couvert de silence de nombreux gar\u00e7ons qui vivent dans une soci\u00e9t\u00e9 o\u00f9 ils n\u2019ont pas le droit d\u2019\u00eatre les victimes. Nous pouvons lire des \u00ab\u00a0mythes\u00a0\u00bb r\u00e9dig\u00e9s par l\u2019association tels que\u00a0<span style=\"text-decoration: line-through;\">:<\/span> \u00ab si un gar\u00e7on est sexuellement stimul\u00e9 ou a un orgasme lors de l\u2019agression, cela veut dire qu\u2019il participe volontairement ou ressent du plaisir \u00bb, ou encore\u00a0<span style=\"text-decoration: line-through;\">:<\/span> \u00ab Les hommes qui ont \u00e9t\u00e9 agress\u00e9s sexuellement deviennent des agresseurs sexuels \u00bb. Cela les transforment en monstres et non en victimes. Selon <a href=\"http:\/\/www.who.int\/mediacentre\/factsheets\/fs239\/fr\/\">un rapport de l&rsquo;OMS<\/a> rendu public en 2014, 5 \u00e0 10 % des hommes dans le monde ont subi des violences sexuelles pendant leur enfance. De plus, lors d\u2019agressions durant l\u2019enfance, l\u2019enfant est plus propice \u00e0 subir des violences psychologiques comme le chantage ou la manipulation. Dans 94 % des cas d\u2019agressions p\u00e9dophiles, l\u2019agresseur est un proche de la victime (professeur, parents, issu du cadre religieux&#8230;), ce qui r\u00e9duit les chances de pouvoir demander de l\u2019aide pour se sortir de cette situation.<strong>\u00a0<\/strong><\/p>\n<p><strong>Un manque d\u2019aide<\/strong><\/p>\n<p>M\u00eame si des associations contre la p\u00e9dophilie peuvent aider des hommes mineurs, les majeurs, eux, passent \u00e0 la trappe.\u00a0 Marl\u00e8ne Schiappa, nouvelle secr\u00e9taire d&rsquo;\u00c9tat \u00e0 l&rsquo;\u00e9galit\u00e9 femmes-hommes, \u00e9crit dans son dernier livre <em>O\u00f9 sont les violeurs ? Essai sur la culture du viol <\/em>(2017, L\u2019Aube)\u00a0:\u00a0<em>\u00ab\u00a0Il n\u2019existe en France aucune ligne d\u2019\u00e9coute pour les hommes viol\u00e9s et aucune association nationale traitant cette population\u00a0\u00bb<\/em>. Pour id\u00e9e, en cherchant <a href=\"http:\/\/www.adequations.org\/spip.php?article1473\"><u>une association en rapport avec la lutte du droits des femmes<\/u><\/a>, on peut trouver pr\u00e8s d\u2019une centaine d\u2019associations en France, contre une seule et unique les hommes battus\u00a0: <a href=\"https:\/\/www.facebook.com\/SOS-Hommes-Battus-France-Tel-09-81-02-82-89-531484570264006\/\"><u>SOS Hommes Battus France<\/u><\/a> (09 81 02 82 89). Pascal Combe, le fondateur de l\u2019association, d\u00e9nonce une politisation des mouvements f\u00e9ministes, qui selon lui tend \u00e0 marginaliser les hommes des aides que ces associations apportent. <em>\u00ab\u00a0Oui il s\u2019agit de discrimination, on se fait battre, on se tourne vers une association contre les violences conjugales, mais on nous vire car on est un homme\u00a0! Ce n\u2019est pas du sexisme \u00e7a\u00a0?\u00a0\u00bb <\/em>s\u2019exclame-t-il, en col\u00e8re de parler sans cesse <em>\u00ab dans le vent \u00bb<\/em>. <em>\u00ab\u00a0Les violences envers les hommes n\u2019int\u00e9ressent personne,<\/em> ajoute-t-il, <em>on nous d\u00e9cr\u00e9dibilise en nous faisant passer pour des tyrans, alors que nous sommes aussi des victimes\u2026\u00a0<a href=\"http:\/\/www.sudinfo.be\/1789991\/article\/2017-02-16\/une-anversoise-a-fait-dormir-son-mari-durant-deux-ans-dans-la-niche-du-chien-lui\"><u>la femme tyrannique existe aussi\u00a0<\/u><\/a>! \u00bb<\/em>. M\u00eame s\u2019il n\u2019y a pas encore d\u2019initiative r\u00e9elle en France pour mesurer le nombre d\u2019hommes concern\u00e9s, l\u2019INED lance <a href=\"https:\/\/www.ined-victimes.fr\/index.aspx\"><u>une \u00e9tude nationale<\/u><\/a> sur les victimes de violences <span style=\"text-decoration: line-through;\">(<\/span>de toutes sortes<span style=\"text-decoration: line-through;\">)<\/span> dont le programme sera d\u00e9voil\u00e9 en 2018\u00a0: une aubaine pour les hommes victimes de violences pour parler.<\/p>\n<p><strong>Une soci\u00e9t\u00e9 m\u00e2le \u00e0 l\u2019aise<\/strong><\/p>\n<p>Pour tester notre environnement social, nous avons s\u00e9lectionn\u00e9 un \u00e9chantillon al\u00e9atoire de 14 hommes ayant entre 15 et 25 ans, vivant en France m\u00e9tropolitaine et issus de la classe moyenne. 12 sur 14 pensent que le sexisme envers les hommes existe\u00a0: l\u2019entr\u00e9e en bo\u00eete, la <em>\u00ab\u00a0veille galanterie d\u00e9pass\u00e9e\u00a0\u00bb<\/em>, le besoin <em>\u00ab\u00a0d\u2019hommes forts pour porter objet lourd\u00a0\u00bb <\/em>en classe, blocage au lit conjugal pour des pratiques qui font <em>\u00ab\u00a0trop gay\u00a0\u00bb<\/em>. Ce sexisme est d\u00e9fini comme minoritaire, mais tout de m\u00eame subtile et blessant par la majorit\u00e9 des sond\u00e9s.<a href=\"https:\/\/lyonbondyblog.fr\/LBB\/wp-content\/uploads\/2017\/12\/tableau-avez-d\u00e9j\u00e0-eu.png\"><img loading=\"lazy\" decoding=\"async\" class=\" wp-image-12319 aligncenter\" src=\"https:\/\/lyonbondyblog.fr\/LBB\/wp-content\/uploads\/2017\/12\/tableau-avez-d\u00e9j\u00e0-eu-300x86.png\" alt=\"\" width=\"834\" height=\"239\" srcset=\"https:\/\/lyonbondyblog.fr\/LBB\/wp-content\/uploads\/2017\/12\/tableau-avez-d\u00e9j\u00e0-eu-300x86.png 300w, https:\/\/lyonbondyblog.fr\/LBB\/wp-content\/uploads\/2017\/12\/tableau-avez-d\u00e9j\u00e0-eu-768x220.png 768w, https:\/\/lyonbondyblog.fr\/LBB\/wp-content\/uploads\/2017\/12\/tableau-avez-d\u00e9j\u00e0-eu-600x172.png 600w, https:\/\/lyonbondyblog.fr\/LBB\/wp-content\/uploads\/2017\/12\/tableau-avez-d\u00e9j\u00e0-eu.png 854w\" sizes=\"auto, (max-width: 834px) 100vw, 834px\" \/><\/a><\/p>\n<p><a href=\"https:\/\/lyonbondyblog.fr\/LBB\/wp-content\/uploads\/2017\/12\/Si-vous.png\"><img loading=\"lazy\" decoding=\"async\" class=\" wp-image-12318 aligncenter\" src=\"https:\/\/lyonbondyblog.fr\/LBB\/wp-content\/uploads\/2017\/12\/Si-vous-300x152.png\" alt=\"\" width=\"705\" height=\"357\" srcset=\"https:\/\/lyonbondyblog.fr\/LBB\/wp-content\/uploads\/2017\/12\/Si-vous-300x152.png 300w, https:\/\/lyonbondyblog.fr\/LBB\/wp-content\/uploads\/2017\/12\/Si-vous-768x390.png 768w, https:\/\/lyonbondyblog.fr\/LBB\/wp-content\/uploads\/2017\/12\/Si-vous-600x305.png 600w, https:\/\/lyonbondyblog.fr\/LBB\/wp-content\/uploads\/2017\/12\/Si-vous.png 783w\" sizes=\"auto, (max-width: 705px) 100vw, 705px\" \/><\/a><\/p>\n<p>&nbsp;<\/p>\n<p>Effectivement, les hommes portent 3 \u00e0 4 fois moins plainte que les femmes en France.<\/p>\n<p><a href=\"https:\/\/lyonbondyblog.fr\/LBB\/wp-content\/uploads\/2017\/12\/etes-vous-\u00e0-l-aise..png\"><img loading=\"lazy\" decoding=\"async\" class=\" wp-image-12317 aligncenter\" src=\"https:\/\/lyonbondyblog.fr\/LBB\/wp-content\/uploads\/2017\/12\/etes-vous-\u00e0-l-aise.-300x125.png\" alt=\"\" width=\"655\" height=\"273\" srcset=\"https:\/\/lyonbondyblog.fr\/LBB\/wp-content\/uploads\/2017\/12\/etes-vous-\u00e0-l-aise.-300x125.png 300w, https:\/\/lyonbondyblog.fr\/LBB\/wp-content\/uploads\/2017\/12\/etes-vous-\u00e0-l-aise.-768x319.png 768w, https:\/\/lyonbondyblog.fr\/LBB\/wp-content\/uploads\/2017\/12\/etes-vous-\u00e0-l-aise.-600x249.png 600w, https:\/\/lyonbondyblog.fr\/LBB\/wp-content\/uploads\/2017\/12\/etes-vous-\u00e0-l-aise..png 843w\" sizes=\"auto, (max-width: 655px) 100vw, 655px\" \/><\/a><\/p>\n<p>Les hommes sond\u00e9s se disent mal \u00e0 l\u2019aise avec l\u2019image de l\u2019homme viril, sto\u00efque et puissant. Cette image est source de complexes et de discriminations\u00a0:\u00a0\u00eatre le \u00ab\u00a0m\u00e2le alpha dominant\u00a0\u00bb n\u2019est pas le d\u00e9sir de tous<span style=\"text-decoration: line-through;\">,<\/span> et cet objectif social est rejet\u00e9 par beaucoup, parce qu\u2019ils ne reconnaissent pas en cela. M\u00eame si ce sondage n\u2019\u00e9tablit pas de v\u00e9rit\u00e9 absolue et ne repr\u00e9sente pas les hommes battus, il donne l\u2019aper\u00e7u d\u2019un certain mal-\u00eatre pr\u00e9sent dans notre soci\u00e9t\u00e9. C\u2019est donc \u00e0 nous de rectifier les erreurs du pass\u00e9.<\/p>\n<p>Alors, le sexisme masculin, un mythe\u00a0? Non, un tabou.<\/p>\n<p>Le sexisme envers les hommes existe bel et bien, m\u00eame s\u2019il est minoritaire. Ces hommes se retrouvent alors dans la solitude de la m\u00e9connaissance soci\u00e9tale, qui ne leur vient pas en aide. Il ne s\u2019agit ni de victimiser les hommes, ni de culpabiliser les femmes, mais de remettre en question la vision que chaque genre a de l\u2019autre<span style=\"text-decoration: line-through;\">,<\/span> et de comprendre la source de nos probl\u00e8mes comportementaux. Virilit\u00e9 et f\u00e9minit\u00e9 sont peut-\u00eatre des termes \u00e0 revoir pour donner \u00e0 nos sexes l\u2019\u00e9galit\u00e9 qu\u2019ils n\u2019ont pas, en apparence.<\/p>\n<!-- AddThis Advanced Settings generic via filter on the_content --><!-- AddThis Share Buttons generic via filter on the_content -->","protected":false},"excerpt":{"rendered":"<p>Il peut s\u2019agir de votre fr\u00e8re, de votre p\u00e8re ou d\u2019un ami. En 2013, les hommes repr\u00e9sentaient 17 % des d\u00e9c\u00e8s \u00e0 la suite de &hellip; <!-- AddThis Advanced Settings generic via filter on wp_trim_excerpt --><!-- AddThis Share Buttons generic via filter on wp_trim_excerpt --><\/p>\n","protected":false},"author":794,"featured_media":12317,"comment_status":"open","ping_status":"open","sticky":false,"template":"","format":"standard","meta":{"_FSMCFIC_featured_image_caption":"","_FSMCFIC_featured_image_nocaption":"","_FSMCFIC_featured_image_hide":"","footnotes":""},"categories":[4,2],"tags":[],"class_list":["post-12283","post","type-post","status-publish","format-standard","has-post-thumbnail","hentry","category-lyon","category-societe"],"yoast_head":"<!-- This site is optimized with the Yoast SEO plugin v22.8 - https:\/\/yoast.com\/wordpress\/plugins\/seo\/ -->\n<title>Le sexisme envers les hommes : des violences banalis\u00e9es ? - Lyon Bondy Blog<\/title>\n<meta name=\"robots\" content=\"index, follow, max-snippet:-1, max-image-preview:large, max-video-preview:-1\" \/>\n<link rel=\"canonical\" href=\"https:\/\/lyonbondyblog.fr\/LBB\/sexisme-envers-hommes-violences-banalisees\/\" \/>\n<meta property=\"og:locale\" content=\"fr_FR\" \/>\n<meta property=\"og:type\" content=\"article\" \/>\n<meta property=\"og:title\" content=\"Le sexisme envers les hommes : des violences banalis\u00e9es ? - Lyon Bondy Blog\" \/>\n<meta property=\"og:description\" content=\"Il peut s\u2019agir de votre fr\u00e8re, de votre p\u00e8re ou d\u2019un ami. En 2013, les hommes repr\u00e9sentaient 17 % des d\u00e9c\u00e8s \u00e0 la suite de &hellip;\" \/>\n<meta property=\"og:url\" content=\"https:\/\/lyonbondyblog.fr\/LBB\/sexisme-envers-hommes-violences-banalisees\/\" \/>\n<meta property=\"og:site_name\" content=\"Lyon Bondy Blog\" \/>\n<meta property=\"article:publisher\" content=\"https:\/\/www.facebook.com\/lyonbondyblog\" \/>\n<meta property=\"article:published_time\" content=\"2017-12-04T22:49:13+00:00\" \/>\n<meta property=\"article:modified_time\" content=\"2017-12-04T22:49:59+00:00\" \/>\n<meta property=\"og:image\" content=\"https:\/\/lyonbondyblog.fr\/LBB\/wp-content\/uploads\/2017\/12\/etes-vous-\u00e0-l-aise..png\" \/>\n\t<meta property=\"og:image:width\" content=\"843\" \/>\n\t<meta property=\"og:image:height\" content=\"350\" \/>\n\t<meta property=\"og:image:type\" content=\"image\/png\" \/>\n<meta name=\"author\" content=\"Ines Mitanne\" \/>\n<meta name=\"twitter:card\" content=\"summary_large_image\" \/>\n<meta name=\"twitter:creator\" content=\"@bondybloglyon\" \/>\n<meta name=\"twitter:site\" content=\"@bondybloglyon\" \/>\n<script type=\"application\/ld+json\" class=\"yoast-schema-graph\">{\"@context\":\"https:\/\/schema.org\",\"@graph\":[{\"@type\":\"Article\",\"@id\":\"https:\/\/lyonbondyblog.fr\/LBB\/sexisme-envers-hommes-violences-banalisees\/#article\",\"isPartOf\":{\"@id\":\"https:\/\/lyonbondyblog.fr\/LBB\/sexisme-envers-hommes-violences-banalisees\/\"},\"author\":{\"name\":\"Ines Mitanne\",\"@id\":\"https:\/\/lyonbondyblog.fr\/LBB\/#\/schema\/person\/cd653da284899ba50a55b2707efcb52f\"},\"headline\":\"Le sexisme envers les hommes : des violences banalis\u00e9es ?\",\"datePublished\":\"2017-12-04T22:49:13+00:00\",\"dateModified\":\"2017-12-04T22:49:59+00:00\",\"mainEntityOfPage\":{\"@id\":\"https:\/\/lyonbondyblog.fr\/LBB\/sexisme-envers-hommes-violences-banalisees\/\"},\"wordCount\":1172,\"commentCount\":2,\"publisher\":{\"@id\":\"https:\/\/lyonbondyblog.fr\/LBB\/#organization\"},\"image\":{\"@id\":\"https:\/\/lyonbondyblog.fr\/LBB\/sexisme-envers-hommes-violences-banalisees\/#primaryimage\"},\"thumbnailUrl\":\"https:\/\/lyonbondyblog.fr\/LBB\/wp-content\/uploads\/2017\/12\/etes-vous-\u00e0-l-aise..png\",\"articleSection\":[\"Lyon\",\"Soci\u00e9t\u00e9\"],\"inLanguage\":\"fr-FR\",\"potentialAction\":[{\"@type\":\"CommentAction\",\"name\":\"Comment\",\"target\":[\"https:\/\/lyonbondyblog.fr\/LBB\/sexisme-envers-hommes-violences-banalisees\/#respond\"]}]},{\"@type\":\"WebPage\",\"@id\":\"https:\/\/lyonbondyblog.fr\/LBB\/sexisme-envers-hommes-violences-banalisees\/\",\"url\":\"https:\/\/lyonbondyblog.fr\/LBB\/sexisme-envers-hommes-violences-banalisees\/\",\"name\":\"Le sexisme envers les hommes : des violences banalis\u00e9es ? - Lyon Bondy Blog\",\"isPartOf\":{\"@id\":\"https:\/\/lyonbondyblog.fr\/LBB\/#website\"},\"primaryImageOfPage\":{\"@id\":\"https:\/\/lyonbondyblog.fr\/LBB\/sexisme-envers-hommes-violences-banalisees\/#primaryimage\"},\"image\":{\"@id\":\"https:\/\/lyonbondyblog.fr\/LBB\/sexisme-envers-hommes-violences-banalisees\/#primaryimage\"},\"thumbnailUrl\":\"https:\/\/lyonbondyblog.fr\/LBB\/wp-content\/uploads\/2017\/12\/etes-vous-\u00e0-l-aise..png\",\"datePublished\":\"2017-12-04T22:49:13+00:00\",\"dateModified\":\"2017-12-04T22:49:59+00:00\",\"inLanguage\":\"fr-FR\",\"potentialAction\":[{\"@type\":\"ReadAction\",\"target\":[\"https:\/\/lyonbondyblog.fr\/LBB\/sexisme-envers-hommes-violences-banalisees\/\"]}]},{\"@type\":\"ImageObject\",\"inLanguage\":\"fr-FR\",\"@id\":\"https:\/\/lyonbondyblog.fr\/LBB\/sexisme-envers-hommes-violences-banalisees\/#primaryimage\",\"url\":\"https:\/\/lyonbondyblog.fr\/LBB\/wp-content\/uploads\/2017\/12\/etes-vous-\u00e0-l-aise..png\",\"contentUrl\":\"https:\/\/lyonbondyblog.fr\/LBB\/wp-content\/uploads\/2017\/12\/etes-vous-\u00e0-l-aise..png\",\"width\":843,\"height\":350},{\"@type\":\"WebSite\",\"@id\":\"https:\/\/lyonbondyblog.fr\/LBB\/#website\",\"url\":\"https:\/\/lyonbondyblog.fr\/LBB\/\",\"name\":\"Lyon Bondy Blog\",\"description\":\"\",\"publisher\":{\"@id\":\"https:\/\/lyonbondyblog.fr\/LBB\/#organization\"},\"potentialAction\":[{\"@type\":\"SearchAction\",\"target\":{\"@type\":\"EntryPoint\",\"urlTemplate\":\"https:\/\/lyonbondyblog.fr\/LBB\/?s={search_term_string}\"},\"query-input\":\"required name=search_term_string\"}],\"inLanguage\":\"fr-FR\"},{\"@type\":\"Organization\",\"@id\":\"https:\/\/lyonbondyblog.fr\/LBB\/#organization\",\"name\":\"LYON BONDY BLOG\",\"url\":\"https:\/\/lyonbondyblog.fr\/LBB\/\",\"logo\":{\"@type\":\"ImageObject\",\"inLanguage\":\"fr-FR\",\"@id\":\"https:\/\/lyonbondyblog.fr\/LBB\/#\/schema\/logo\/image\/\",\"url\":\"http:\/\/lyonbondyblog.fr\/LBB\/wp-content\/uploads\/2014\/10\/logo-portable-144.png\",\"contentUrl\":\"http:\/\/lyonbondyblog.fr\/LBB\/wp-content\/uploads\/2014\/10\/logo-portable-144.png\",\"width\":144,\"height\":123,\"caption\":\"LYON BONDY BLOG\"},\"image\":{\"@id\":\"https:\/\/lyonbondyblog.fr\/LBB\/#\/schema\/logo\/image\/\"},\"sameAs\":[\"https:\/\/www.facebook.com\/lyonbondyblog\",\"https:\/\/x.com\/bondybloglyon\"]},{\"@type\":\"Person\",\"@id\":\"https:\/\/lyonbondyblog.fr\/LBB\/#\/schema\/person\/cd653da284899ba50a55b2707efcb52f\",\"name\":\"Ines Mitanne\",\"url\":\"https:\/\/lyonbondyblog.fr\/LBB\/author\/ines\/\"}]}<\/script>\n<!-- \/ Yoast SEO plugin. -->","yoast_head_json":{"title":"Le sexisme envers les hommes : des violences banalis\u00e9es ? - Lyon Bondy Blog","robots":{"index":"index","follow":"follow","max-snippet":"max-snippet:-1","max-image-preview":"max-image-preview:large","max-video-preview":"max-video-preview:-1"},"canonical":"https:\/\/lyonbondyblog.fr\/LBB\/sexisme-envers-hommes-violences-banalisees\/","og_locale":"fr_FR","og_type":"article","og_title":"Le sexisme envers les hommes : des violences banalis\u00e9es ? - Lyon Bondy Blog","og_description":"Il peut s\u2019agir de votre fr\u00e8re, de votre p\u00e8re ou d\u2019un ami. En 2013, les hommes repr\u00e9sentaient 17 % des d\u00e9c\u00e8s \u00e0 la suite de &hellip;","og_url":"https:\/\/lyonbondyblog.fr\/LBB\/sexisme-envers-hommes-violences-banalisees\/","og_site_name":"Lyon Bondy Blog","article_publisher":"https:\/\/www.facebook.com\/lyonbondyblog","article_published_time":"2017-12-04T22:49:13+00:00","article_modified_time":"2017-12-04T22:49:59+00:00","og_image":[{"width":843,"height":350,"url":"https:\/\/lyonbondyblog.fr\/LBB\/wp-content\/uploads\/2017\/12\/etes-vous-\u00e0-l-aise..png","type":"image\/png"}],"author":"Ines Mitanne","twitter_card":"summary_large_image","twitter_creator":"@bondybloglyon","twitter_site":"@bondybloglyon","schema":{"@context":"https:\/\/schema.org","@graph":[{"@type":"Article","@id":"https:\/\/lyonbondyblog.fr\/LBB\/sexisme-envers-hommes-violences-banalisees\/#article","isPartOf":{"@id":"https:\/\/lyonbondyblog.fr\/LBB\/sexisme-envers-hommes-violences-banalisees\/"},"author":{"name":"Ines Mitanne","@id":"https:\/\/lyonbondyblog.fr\/LBB\/#\/schema\/person\/cd653da284899ba50a55b2707efcb52f"},"headline":"Le sexisme envers les hommes : des violences banalis\u00e9es ?","datePublished":"2017-12-04T22:49:13+00:00","dateModified":"2017-12-04T22:49:59+00:00","mainEntityOfPage":{"@id":"https:\/\/lyonbondyblog.fr\/LBB\/sexisme-envers-hommes-violences-banalisees\/"},"wordCount":1172,"commentCount":2,"publisher":{"@id":"https:\/\/lyonbondyblog.fr\/LBB\/#organization"},"image":{"@id":"https:\/\/lyonbondyblog.fr\/LBB\/sexisme-envers-hommes-violences-banalisees\/#primaryimage"},"thumbnailUrl":"https:\/\/lyonbondyblog.fr\/LBB\/wp-content\/uploads\/2017\/12\/etes-vous-\u00e0-l-aise..png","articleSection":["Lyon","Soci\u00e9t\u00e9"],"inLanguage":"fr-FR","potentialAction":[{"@type":"CommentAction","name":"Comment","target":["https:\/\/lyonbondyblog.fr\/LBB\/sexisme-envers-hommes-violences-banalisees\/#respond"]}]},{"@type":"WebPage","@id":"https:\/\/lyonbondyblog.fr\/LBB\/sexisme-envers-hommes-violences-banalisees\/","url":"https:\/\/lyonbondyblog.fr\/LBB\/sexisme-envers-hommes-violences-banalisees\/","name":"Le sexisme envers les hommes : des violences banalis\u00e9es ? - Lyon Bondy Blog","isPartOf":{"@id":"https:\/\/lyonbondyblog.fr\/LBB\/#website"},"primaryImageOfPage":{"@id":"https:\/\/lyonbondyblog.fr\/LBB\/sexisme-envers-hommes-violences-banalisees\/#primaryimage"},"image":{"@id":"https:\/\/lyonbondyblog.fr\/LBB\/sexisme-envers-hommes-violences-banalisees\/#primaryimage"},"thumbnailUrl":"https:\/\/lyonbondyblog.fr\/LBB\/wp-content\/uploads\/2017\/12\/etes-vous-\u00e0-l-aise..png","datePublished":"2017-12-04T22:49:13+00:00","dateModified":"2017-12-04T22:49:59+00:00","inLanguage":"fr-FR","potentialAction":[{"@type":"ReadAction","target":["https:\/\/lyonbondyblog.fr\/LBB\/sexisme-envers-hommes-violences-banalisees\/"]}]},{"@type":"ImageObject","inLanguage":"fr-FR","@id":"https:\/\/lyonbondyblog.fr\/LBB\/sexisme-envers-hommes-violences-banalisees\/#primaryimage","url":"https:\/\/lyonbondyblog.fr\/LBB\/wp-content\/uploads\/2017\/12\/etes-vous-\u00e0-l-aise..png","contentUrl":"https:\/\/lyonbondyblog.fr\/LBB\/wp-content\/uploads\/2017\/12\/etes-vous-\u00e0-l-aise..png","width":843,"height":350},{"@type":"WebSite","@id":"https:\/\/lyonbondyblog.fr\/LBB\/#website","url":"https:\/\/lyonbondyblog.fr\/LBB\/","name":"Lyon Bondy Blog","description":"","publisher":{"@id":"https:\/\/lyonbondyblog.fr\/LBB\/#organization"},"potentialAction":[{"@type":"SearchAction","target":{"@type":"EntryPoint","urlTemplate":"https:\/\/lyonbondyblog.fr\/LBB\/?s={search_term_string}"},"query-input":"required name=search_term_string"}],"inLanguage":"fr-FR"},{"@type":"Organization","@id":"https:\/\/lyonbondyblog.fr\/LBB\/#organization","name":"LYON BONDY BLOG","url":"https:\/\/lyonbondyblog.fr\/LBB\/","logo":{"@type":"ImageObject","inLanguage":"fr-FR","@id":"https:\/\/lyonbondyblog.fr\/LBB\/#\/schema\/logo\/image\/","url":"http:\/\/lyonbondyblog.fr\/LBB\/wp-content\/uploads\/2014\/10\/logo-portable-144.png","contentUrl":"http:\/\/lyonbondyblog.fr\/LBB\/wp-content\/uploads\/2014\/10\/logo-portable-144.png","width":144,"height":123,"caption":"LYON BONDY BLOG"},"image":{"@id":"https:\/\/lyonbondyblog.fr\/LBB\/#\/schema\/logo\/image\/"},"sameAs":["https:\/\/www.facebook.com\/lyonbondyblog","https:\/\/x.com\/bondybloglyon"]},{"@type":"Person","@id":"https:\/\/lyonbondyblog.fr\/LBB\/#\/schema\/person\/cd653da284899ba50a55b2707efcb52f","name":"Ines Mitanne","url":"https:\/\/lyonbondyblog.fr\/LBB\/author\/ines\/"}]}},"_links":{"self":[{"href":"https:\/\/lyonbondyblog.fr\/LBB\/wp-json\/wp\/v2\/posts\/12283","targetHints":{"allow":["GET"]}}],"collection":[{"href":"https:\/\/lyonbondyblog.fr\/LBB\/wp-json\/wp\/v2\/posts"}],"about":[{"href":"https:\/\/lyonbondyblog.fr\/LBB\/wp-json\/wp\/v2\/types\/post"}],"author":[{"embeddable":true,"href":"https:\/\/lyonbondyblog.fr\/LBB\/wp-json\/wp\/v2\/users\/794"}],"replies":[{"embeddable":true,"href":"https:\/\/lyonbondyblog.fr\/LBB\/wp-json\/wp\/v2\/comments?post=12283"}],"version-history":[{"count":9,"href":"https:\/\/lyonbondyblog.fr\/LBB\/wp-json\/wp\/v2\/posts\/12283\/revisions"}],"predecessor-version":[{"id":12322,"href":"https:\/\/lyonbondyblog.fr\/LBB\/wp-json\/wp\/v2\/posts\/12283\/revisions\/12322"}],"wp:featuredmedia":[{"embeddable":true,"href":"https:\/\/lyonbondyblog.fr\/LBB\/wp-json\/wp\/v2\/media\/12317"}],"wp:attachment":[{"href":"https:\/\/lyonbondyblog.fr\/LBB\/wp-json\/wp\/v2\/media?parent=12283"}],"wp:term":[{"taxonomy":"category","embeddable":true,"href":"https:\/\/lyonbondyblog.fr\/LBB\/wp-json\/wp\/v2\/categories?post=12283"},{"taxonomy":"post_tag","embeddable":true,"href":"https:\/\/lyonbondyblog.fr\/LBB\/wp-json\/wp\/v2\/tags?post=12283"}],"curies":[{"name":"wp","href":"https:\/\/api.w.org\/{rel}","templated":true}]}}