{"id":12247,"date":"2017-11-24T14:39:28","date_gmt":"2017-11-24T13:39:28","guid":{"rendered":"http:\/\/lyonbondyblog.fr\/LBB\/?p=12247"},"modified":"2017-11-27T13:26:53","modified_gmt":"2017-11-27T12:26:53","slug":"300-enfants-lagglomeration-lyonnaise-dorment","status":"publish","type":"post","link":"https:\/\/lyonbondyblog.fr\/LBB\/300-enfants-lagglomeration-lyonnaise-dorment\/","title":{"rendered":"\u00ab 300 enfants dans l\u2019agglom\u00e9ration lyonnaise dorment dehors \u00bb"},"content":{"rendered":"<p><em>Depuis ce lundi 20 novembre et la Journ\u00e9e internationale des droits de l&rsquo;enfant, de nombreuses mobilisations solidaires et citoyennes se sont d\u00e9roul\u00e9es dans diverses \u00e9coles lyonnaises pour alerter sur la situation plus que critique de centaines d\u2019\u00e9coliers qui dorment actuellement \u00e0 la rue. Une situation pr\u00e9caire qui suscite la r\u00e9volte et l\u2019incompr\u00e9hension de la population.<\/em><\/p>\n<p><strong><em>Mardi 21 novembre, le LBB a interview\u00e9 Laurette Caquelard, parent d\u00e9l\u00e9gu\u00e9e, qui \u0153uvre pour venir en aide \u00e0 ces familles.<\/em><\/strong><\/p>\n<p><strong>Pour commencer, pouvez-vous nous expliquer le d\u00e9roul\u00e9 des diff\u00e9rentes actions que vous menez ?<\/strong><\/p>\n<p><em>\u00ab\u00a0Nous occupons notre \u00e9cole depuis 17h45. L\u2019entr\u00e9e a \u00e9t\u00e9 un peu compliqu\u00e9e parce qu\u2019il y a une petite dizaine de policiers devant l\u2019entr\u00e9e principale. Mais nous avons r\u00e9ussi \u00e0 nous regrouper dans le gymnase nous avons r\u00e9ussi \u00e0 installer deux familles qui normalement dorment dehors, donc nous sommes plut\u00f4t satisfaits. Pendant que je vous parle, des parents r\u00e9ussissent \u00e0 rentrer, donc on doit \u00eatre une trentaine de parents \u00e0 avoir r\u00e9ussi \u00e0 occuper l\u2019\u00e9cole ce soir.\u00a0\u00bb<\/em><\/p>\n<p><strong>La nuit derni\u00e8re \u00e0 l\u2019\u00e9cole Robert Doisneau, \u00e9tait-ce le m\u00eame genre mobilisation\u00a0?<\/strong><\/p>\n<p><em>\u00ab\u00a0La nuit derni\u00e8re nous avons occup\u00e9 l\u2019\u00e9cole pour diriger une assembl\u00e9e g\u00e9n\u00e9rale, afin de discuter de la suite \u00e0 donner \u00e0 notre mobilisation. Nous avons d\u00e9cid\u00e9 \u00e0 main lev\u00e9e \u00e0 quasi l\u2019unanimit\u00e9 d\u2019occuper notre \u00e9cole \u00e0 partir de ce soir. Nous poursuivrons nos actions le temps que les autorit\u00e9s comp\u00e9tentes, c\u2019est \u00e0 dire la pr\u00e9fecture et la mairie, leur trouvent une solution d\u2019h\u00e9bergement.\u00a0\u00bb<\/em><\/p>\n<p><strong>En dehors des occupations d\u2019\u00e9coles, y a-t-il d\u2019autres actions qui sont effectu\u00e9es afin de venir en aide \u00e0 ces familles\u00a0?<\/strong><\/p>\n<p><em>\u00ab Nous avons d\u00e9j\u00e0 organis\u00e9 un go\u00fbter solidaire pour apporter des fonds et parer au plus urgent donc des achats de nourriture, l\u2019achat d\u2019une tente et des achats de v\u00eatements. Hier, nous avons organis\u00e9 un ap\u00e9ro partag\u00e9 tout en lumi\u00e8re, pour sensibiliser les habitants du quartier et les parents d\u2019\u00e9l\u00e8ves \u00e0 la situation de ces familles sans abri. Nous sommes plusieurs \u00e9coles \u00e0 avoir fait cela \u00e0 Lyon et aux alentours pour alerter sur la situation de ces \u00e9l\u00e8ves qui dorment dehors tous les soirs depuis le mois de septembre.\u00a0\u00bb<\/em><\/p>\n<p><strong>On parle aujourd\u2019hui de 200 enfants qui dorment dans la rue. Comment expliquer ce chiffre ?<\/strong><\/p>\n<p><em>\u00ab\u00a0Il y a \u00e0 peu pr\u00e8s 250 \u00e9coliers dans l\u2019agglom\u00e9ration lyonnaise qui dorment dehors et d\u2019autres mineurs qui ne sont pas scolaris\u00e9s qui dorment \u00e9galement dehors. Ce qui fait \u00e0 peu pr\u00e8s 300 enfants dans l\u2019agglom\u00e9ration lyonnaise. C\u2019est un chiffre colossal et il est absolument indispensable que la Pr\u00e9fecture consid\u00e8re l\u2019ampleur du probl\u00e8me. On est devant des situations dramatiques, certains enfants commencent \u00e0 avoir des probl\u00e8mes de sant\u00e9. Et malgr\u00e9 tout, ce qui est vraiment frappant, c\u2019est qu\u2019il y a une vraie volont\u00e9 de venir \u00e0 l\u2019\u00e9cole tous les matins, une volont\u00e9 d\u2019apprendre et de vraiment \u00eatre \u00e9l\u00e8ve. Et c\u2019est aussi notre r\u00f4le \u00e0 nous de les accueillir, de les soutenir et de les aider le plus possible. C\u2019est un peu le but de notre action ce soir et pour les jours \u00e0 venir.\u00a0\u00bb<\/em><\/p>\n<p><strong>Personnellement, vous \u00eates parent d\u00e9l\u00e9gu\u00e9e, comment vous impliquez-vous avec les divers collectifs\u00a0?<\/strong><\/p>\n<p><em>\u00ab\u00a0On a cr\u00e9\u00e9 un collectif pour les familles en difficult\u00e9, en relation avec d\u2019autres \u00e9coles, notamment l\u2019\u00e9cole Servet et l\u2019\u00e9cole Victor Hugo. Et puis on est en lien direct avec les associations \u00ab\u00a0Jamais sans Toit\u00a0\u00bb et \u00ab\u00a0Pas d\u2019enfants sans toit\u00a0\u00bb, qui d\u2019ailleurs a fait une grosse campagne d\u2019affichage dimanche soir. Dans toute la ville de Lyon il y a quatre cents affiches r\u00e9alis\u00e9es par Don Mateo Delavega qui sont diss\u00e9min\u00e9es un peu partout. Chaque affiche repr\u00e9sente un enfant qui dort dehors dans la rue. Il y a beaucoup d\u2019actions qui sont faites en ce moment et on esp\u00e8re vraiment que \u00e7a d\u00e9bouchera tr\u00e8s vite \u00e0 des solutions d\u2019urgence.\u00a0\u00bb<\/em><\/p>\n<p><strong>Lundi, il y a eu des occupations dans plusieurs \u00e9coles de Lyon. Avec ce genre d\u2019op\u00e9ration de force, y a-t-il des r\u00e9actions derri\u00e8re\u00a0? De la part des \u00e9lus par exemple\u00a0? Pensez-vous que ces op\u00e9rations ont la r\u00e9sonnance n\u00e9cessaire pour que la situation change,\u00a0ou du moins s\u2019am\u00e9liore, pour ces familles ?<\/strong><\/p>\n<p><em>\u00ab\u00a0Oui. Demain on a rendez-vous, un rassemblement qui est pr\u00e9vu juste devant la pr\u00e9fecture par le collectif \u00ab\u00a0Jamais sans Toit\u00a0\u00bb et nous. Le pr\u00e9fet doit nous recevoir \u00e0 17 heures. On esp\u00e8re avoir de bonnes nouvelles pour tous les enfants scolaris\u00e9s dans notre \u00e9cole, mais aussi tous les enfants qui sont scolaris\u00e9s dans les \u00e9coles de Lyon et des agglom\u00e9rations aux alentours. On a bon espoir que la situation se d\u00e9bloque rapidement.\u00a0\u00bb<\/em><\/p>\n<p><strong>Lorsqu\u2019une famille est prise en charge, pour combien de temps peut-elle b\u00e9n\u00e9ficier d\u2019un toit\u00a0en g\u00e9n\u00e9ral ? Car l\u2019hiver et le froid rendent la situation critique. Quelle est la suite pour ces familles ?<\/strong><\/p>\n<p><em>\u00ab\u00a0C\u2019est un peu le probl\u00e8me. Ce sont souvent des situations d\u2019urgence. Je pense que \u00e7a va \u00eatre pour la p\u00e9riode hivernale, donc ce n\u2019est pas forc\u00e9ment la solution. On va parer au plus urgent. On va aussi essayer de batailler pour que ce ne soit pas que des situations d\u2019urgences, mais de vrais relogements sur du long terme.\u00a0\u00bb<\/em><\/p>\n<p>&nbsp;<\/p>\n<p>Une mobilisation solidaire et citoyenne qui se poursuit donc \u00e0 Lyon, \u00e0 l\u2019image du campement solidaire quai Augagneur en face de la pr\u00e9fecture de Lyon mercredi soir, qui a r\u00e9uni une centaine de personnes. Face \u00e0 ce nombre d\u2019enfants SDF, qui augmente chaque ann\u00e9e, la situation devient de plus en plus urgente. Aux \u00e9lus de r\u00e9agir.<\/p>\n<p>&nbsp;<\/p>\n<!-- AddThis Advanced Settings generic via filter on the_content --><!-- AddThis Share Buttons generic via filter on the_content -->","protected":false},"excerpt":{"rendered":"<p>Depuis ce lundi 20 novembre et la Journ\u00e9e internationale des droits de l&rsquo;enfant, de nombreuses mobilisations solidaires et citoyennes se sont d\u00e9roul\u00e9es dans diverses \u00e9coles &hellip; <!-- AddThis Advanced Settings generic via filter on wp_trim_excerpt --><!-- AddThis Share Buttons generic via filter on wp_trim_excerpt --><\/p>\n","protected":false},"author":796,"featured_media":12248,"comment_status":"open","ping_status":"open","sticky":false,"template":"","format":"standard","meta":{"_FSMCFIC_featured_image_caption":"","_FSMCFIC_featured_image_nocaption":"","_FSMCFIC_featured_image_hide":"","footnotes":""},"categories":[4],"tags":[1558,10,1102,1101],"class_list":["post-12247","post","type-post","status-publish","format-standard","has-post-thumbnail","hentry","category-lyon","tag-enfant","tag-lyon-2","tag-sans-abris","tag-sdf"],"yoast_head":"<!-- This site is optimized with the Yoast SEO plugin v22.8 - https:\/\/yoast.com\/wordpress\/plugins\/seo\/ -->\n<title>\u00ab 300 enfants dans l\u2019agglom\u00e9ration lyonnaise dorment dehors \u00bb - Lyon Bondy Blog<\/title>\n<meta name=\"robots\" content=\"index, follow, max-snippet:-1, max-image-preview:large, max-video-preview:-1\" \/>\n<link rel=\"canonical\" href=\"https:\/\/lyonbondyblog.fr\/LBB\/300-enfants-lagglomeration-lyonnaise-dorment\/\" \/>\n<meta property=\"og:locale\" content=\"fr_FR\" \/>\n<meta property=\"og:type\" content=\"article\" \/>\n<meta property=\"og:title\" content=\"\u00ab 300 enfants dans l\u2019agglom\u00e9ration lyonnaise dorment dehors \u00bb - Lyon Bondy Blog\" \/>\n<meta property=\"og:description\" content=\"Depuis ce lundi 20 novembre et la Journ\u00e9e internationale des droits de l&rsquo;enfant, de nombreuses mobilisations solidaires et citoyennes se sont d\u00e9roul\u00e9es dans diverses \u00e9coles &hellip;\" \/>\n<meta property=\"og:url\" content=\"https:\/\/lyonbondyblog.fr\/LBB\/300-enfants-lagglomeration-lyonnaise-dorment\/\" \/>\n<meta property=\"og:site_name\" content=\"Lyon Bondy Blog\" \/>\n<meta property=\"article:publisher\" content=\"https:\/\/www.facebook.com\/lyonbondyblog\" \/>\n<meta property=\"article:published_time\" content=\"2017-11-24T13:39:28+00:00\" \/>\n<meta property=\"article:modified_time\" content=\"2017-11-27T12:26:53+00:00\" \/>\n<meta property=\"og:image\" content=\"https:\/\/lyonbondyblog.fr\/LBB\/wp-content\/uploads\/2017\/11\/Photo-miniature1.jpg\" \/>\n\t<meta property=\"og:image:width\" content=\"960\" \/>\n\t<meta property=\"og:image:height\" content=\"720\" \/>\n\t<meta property=\"og:image:type\" content=\"image\/jpeg\" \/>\n<meta name=\"author\" content=\"Damien Mounia\" \/>\n<meta name=\"twitter:card\" content=\"summary_large_image\" \/>\n<meta name=\"twitter:creator\" content=\"@bondybloglyon\" \/>\n<meta name=\"twitter:site\" content=\"@bondybloglyon\" \/>\n<script type=\"application\/ld+json\" class=\"yoast-schema-graph\">{\"@context\":\"https:\/\/schema.org\",\"@graph\":[{\"@type\":\"Article\",\"@id\":\"https:\/\/lyonbondyblog.fr\/LBB\/300-enfants-lagglomeration-lyonnaise-dorment\/#article\",\"isPartOf\":{\"@id\":\"https:\/\/lyonbondyblog.fr\/LBB\/300-enfants-lagglomeration-lyonnaise-dorment\/\"},\"author\":{\"name\":\"Damien Mounia\",\"@id\":\"https:\/\/lyonbondyblog.fr\/LBB\/#\/schema\/person\/e0664459beb8b5131a5e83431d89e514\"},\"headline\":\"\u00ab 300 enfants dans l\u2019agglom\u00e9ration lyonnaise dorment dehors \u00bb\",\"datePublished\":\"2017-11-24T13:39:28+00:00\",\"dateModified\":\"2017-11-27T12:26:53+00:00\",\"mainEntityOfPage\":{\"@id\":\"https:\/\/lyonbondyblog.fr\/LBB\/300-enfants-lagglomeration-lyonnaise-dorment\/\"},\"wordCount\":995,\"commentCount\":0,\"publisher\":{\"@id\":\"https:\/\/lyonbondyblog.fr\/LBB\/#organization\"},\"image\":{\"@id\":\"https:\/\/lyonbondyblog.fr\/LBB\/300-enfants-lagglomeration-lyonnaise-dorment\/#primaryimage\"},\"thumbnailUrl\":\"https:\/\/lyonbondyblog.fr\/LBB\/wp-content\/uploads\/2017\/11\/Photo-miniature1.jpg\",\"keywords\":[\"Enfant\",\"lyon\",\"Sans-abris\",\"SDF\"],\"articleSection\":[\"Lyon\"],\"inLanguage\":\"fr-FR\",\"potentialAction\":[{\"@type\":\"CommentAction\",\"name\":\"Comment\",\"target\":[\"https:\/\/lyonbondyblog.fr\/LBB\/300-enfants-lagglomeration-lyonnaise-dorment\/#respond\"]}]},{\"@type\":\"WebPage\",\"@id\":\"https:\/\/lyonbondyblog.fr\/LBB\/300-enfants-lagglomeration-lyonnaise-dorment\/\",\"url\":\"https:\/\/lyonbondyblog.fr\/LBB\/300-enfants-lagglomeration-lyonnaise-dorment\/\",\"name\":\"\u00ab 300 enfants dans l\u2019agglom\u00e9ration lyonnaise dorment dehors \u00bb - Lyon Bondy Blog\",\"isPartOf\":{\"@id\":\"https:\/\/lyonbondyblog.fr\/LBB\/#website\"},\"primaryImageOfPage\":{\"@id\":\"https:\/\/lyonbondyblog.fr\/LBB\/300-enfants-lagglomeration-lyonnaise-dorment\/#primaryimage\"},\"image\":{\"@id\":\"https:\/\/lyonbondyblog.fr\/LBB\/300-enfants-lagglomeration-lyonnaise-dorment\/#primaryimage\"},\"thumbnailUrl\":\"https:\/\/lyonbondyblog.fr\/LBB\/wp-content\/uploads\/2017\/11\/Photo-miniature1.jpg\",\"datePublished\":\"2017-11-24T13:39:28+00:00\",\"dateModified\":\"2017-11-27T12:26:53+00:00\",\"inLanguage\":\"fr-FR\",\"potentialAction\":[{\"@type\":\"ReadAction\",\"target\":[\"https:\/\/lyonbondyblog.fr\/LBB\/300-enfants-lagglomeration-lyonnaise-dorment\/\"]}]},{\"@type\":\"ImageObject\",\"inLanguage\":\"fr-FR\",\"@id\":\"https:\/\/lyonbondyblog.fr\/LBB\/300-enfants-lagglomeration-lyonnaise-dorment\/#primaryimage\",\"url\":\"https:\/\/lyonbondyblog.fr\/LBB\/wp-content\/uploads\/2017\/11\/Photo-miniature1.jpg\",\"contentUrl\":\"https:\/\/lyonbondyblog.fr\/LBB\/wp-content\/uploads\/2017\/11\/Photo-miniature1.jpg\",\"width\":960,\"height\":720},{\"@type\":\"WebSite\",\"@id\":\"https:\/\/lyonbondyblog.fr\/LBB\/#website\",\"url\":\"https:\/\/lyonbondyblog.fr\/LBB\/\",\"name\":\"Lyon Bondy Blog\",\"description\":\"\",\"publisher\":{\"@id\":\"https:\/\/lyonbondyblog.fr\/LBB\/#organization\"},\"potentialAction\":[{\"@type\":\"SearchAction\",\"target\":{\"@type\":\"EntryPoint\",\"urlTemplate\":\"https:\/\/lyonbondyblog.fr\/LBB\/?s={search_term_string}\"},\"query-input\":\"required name=search_term_string\"}],\"inLanguage\":\"fr-FR\"},{\"@type\":\"Organization\",\"@id\":\"https:\/\/lyonbondyblog.fr\/LBB\/#organization\",\"name\":\"LYON BONDY BLOG\",\"url\":\"https:\/\/lyonbondyblog.fr\/LBB\/\",\"logo\":{\"@type\":\"ImageObject\",\"inLanguage\":\"fr-FR\",\"@id\":\"https:\/\/lyonbondyblog.fr\/LBB\/#\/schema\/logo\/image\/\",\"url\":\"http:\/\/lyonbondyblog.fr\/LBB\/wp-content\/uploads\/2014\/10\/logo-portable-144.png\",\"contentUrl\":\"http:\/\/lyonbondyblog.fr\/LBB\/wp-content\/uploads\/2014\/10\/logo-portable-144.png\",\"width\":144,\"height\":123,\"caption\":\"LYON BONDY BLOG\"},\"image\":{\"@id\":\"https:\/\/lyonbondyblog.fr\/LBB\/#\/schema\/logo\/image\/\"},\"sameAs\":[\"https:\/\/www.facebook.com\/lyonbondyblog\",\"https:\/\/x.com\/bondybloglyon\"]},{\"@type\":\"Person\",\"@id\":\"https:\/\/lyonbondyblog.fr\/LBB\/#\/schema\/person\/e0664459beb8b5131a5e83431d89e514\",\"name\":\"Damien Mounia\",\"url\":\"https:\/\/lyonbondyblog.fr\/LBB\/author\/damien-mounia\/\"}]}<\/script>\n<!-- \/ Yoast SEO plugin. -->","yoast_head_json":{"title":"\u00ab 300 enfants dans l\u2019agglom\u00e9ration lyonnaise dorment dehors \u00bb - Lyon Bondy Blog","robots":{"index":"index","follow":"follow","max-snippet":"max-snippet:-1","max-image-preview":"max-image-preview:large","max-video-preview":"max-video-preview:-1"},"canonical":"https:\/\/lyonbondyblog.fr\/LBB\/300-enfants-lagglomeration-lyonnaise-dorment\/","og_locale":"fr_FR","og_type":"article","og_title":"\u00ab 300 enfants dans l\u2019agglom\u00e9ration lyonnaise dorment dehors \u00bb - Lyon Bondy Blog","og_description":"Depuis ce lundi 20 novembre et la Journ\u00e9e internationale des droits de l&rsquo;enfant, de nombreuses mobilisations solidaires et citoyennes se sont d\u00e9roul\u00e9es dans diverses \u00e9coles &hellip;","og_url":"https:\/\/lyonbondyblog.fr\/LBB\/300-enfants-lagglomeration-lyonnaise-dorment\/","og_site_name":"Lyon Bondy Blog","article_publisher":"https:\/\/www.facebook.com\/lyonbondyblog","article_published_time":"2017-11-24T13:39:28+00:00","article_modified_time":"2017-11-27T12:26:53+00:00","og_image":[{"width":960,"height":720,"url":"https:\/\/lyonbondyblog.fr\/LBB\/wp-content\/uploads\/2017\/11\/Photo-miniature1.jpg","type":"image\/jpeg"}],"author":"Damien Mounia","twitter_card":"summary_large_image","twitter_creator":"@bondybloglyon","twitter_site":"@bondybloglyon","schema":{"@context":"https:\/\/schema.org","@graph":[{"@type":"Article","@id":"https:\/\/lyonbondyblog.fr\/LBB\/300-enfants-lagglomeration-lyonnaise-dorment\/#article","isPartOf":{"@id":"https:\/\/lyonbondyblog.fr\/LBB\/300-enfants-lagglomeration-lyonnaise-dorment\/"},"author":{"name":"Damien Mounia","@id":"https:\/\/lyonbondyblog.fr\/LBB\/#\/schema\/person\/e0664459beb8b5131a5e83431d89e514"},"headline":"\u00ab 300 enfants dans l\u2019agglom\u00e9ration lyonnaise dorment dehors \u00bb","datePublished":"2017-11-24T13:39:28+00:00","dateModified":"2017-11-27T12:26:53+00:00","mainEntityOfPage":{"@id":"https:\/\/lyonbondyblog.fr\/LBB\/300-enfants-lagglomeration-lyonnaise-dorment\/"},"wordCount":995,"commentCount":0,"publisher":{"@id":"https:\/\/lyonbondyblog.fr\/LBB\/#organization"},"image":{"@id":"https:\/\/lyonbondyblog.fr\/LBB\/300-enfants-lagglomeration-lyonnaise-dorment\/#primaryimage"},"thumbnailUrl":"https:\/\/lyonbondyblog.fr\/LBB\/wp-content\/uploads\/2017\/11\/Photo-miniature1.jpg","keywords":["Enfant","lyon","Sans-abris","SDF"],"articleSection":["Lyon"],"inLanguage":"fr-FR","potentialAction":[{"@type":"CommentAction","name":"Comment","target":["https:\/\/lyonbondyblog.fr\/LBB\/300-enfants-lagglomeration-lyonnaise-dorment\/#respond"]}]},{"@type":"WebPage","@id":"https:\/\/lyonbondyblog.fr\/LBB\/300-enfants-lagglomeration-lyonnaise-dorment\/","url":"https:\/\/lyonbondyblog.fr\/LBB\/300-enfants-lagglomeration-lyonnaise-dorment\/","name":"\u00ab 300 enfants dans l\u2019agglom\u00e9ration lyonnaise dorment dehors \u00bb - Lyon Bondy Blog","isPartOf":{"@id":"https:\/\/lyonbondyblog.fr\/LBB\/#website"},"primaryImageOfPage":{"@id":"https:\/\/lyonbondyblog.fr\/LBB\/300-enfants-lagglomeration-lyonnaise-dorment\/#primaryimage"},"image":{"@id":"https:\/\/lyonbondyblog.fr\/LBB\/300-enfants-lagglomeration-lyonnaise-dorment\/#primaryimage"},"thumbnailUrl":"https:\/\/lyonbondyblog.fr\/LBB\/wp-content\/uploads\/2017\/11\/Photo-miniature1.jpg","datePublished":"2017-11-24T13:39:28+00:00","dateModified":"2017-11-27T12:26:53+00:00","inLanguage":"fr-FR","potentialAction":[{"@type":"ReadAction","target":["https:\/\/lyonbondyblog.fr\/LBB\/300-enfants-lagglomeration-lyonnaise-dorment\/"]}]},{"@type":"ImageObject","inLanguage":"fr-FR","@id":"https:\/\/lyonbondyblog.fr\/LBB\/300-enfants-lagglomeration-lyonnaise-dorment\/#primaryimage","url":"https:\/\/lyonbondyblog.fr\/LBB\/wp-content\/uploads\/2017\/11\/Photo-miniature1.jpg","contentUrl":"https:\/\/lyonbondyblog.fr\/LBB\/wp-content\/uploads\/2017\/11\/Photo-miniature1.jpg","width":960,"height":720},{"@type":"WebSite","@id":"https:\/\/lyonbondyblog.fr\/LBB\/#website","url":"https:\/\/lyonbondyblog.fr\/LBB\/","name":"Lyon Bondy Blog","description":"","publisher":{"@id":"https:\/\/lyonbondyblog.fr\/LBB\/#organization"},"potentialAction":[{"@type":"SearchAction","target":{"@type":"EntryPoint","urlTemplate":"https:\/\/lyonbondyblog.fr\/LBB\/?s={search_term_string}"},"query-input":"required name=search_term_string"}],"inLanguage":"fr-FR"},{"@type":"Organization","@id":"https:\/\/lyonbondyblog.fr\/LBB\/#organization","name":"LYON BONDY BLOG","url":"https:\/\/lyonbondyblog.fr\/LBB\/","logo":{"@type":"ImageObject","inLanguage":"fr-FR","@id":"https:\/\/lyonbondyblog.fr\/LBB\/#\/schema\/logo\/image\/","url":"http:\/\/lyonbondyblog.fr\/LBB\/wp-content\/uploads\/2014\/10\/logo-portable-144.png","contentUrl":"http:\/\/lyonbondyblog.fr\/LBB\/wp-content\/uploads\/2014\/10\/logo-portable-144.png","width":144,"height":123,"caption":"LYON BONDY BLOG"},"image":{"@id":"https:\/\/lyonbondyblog.fr\/LBB\/#\/schema\/logo\/image\/"},"sameAs":["https:\/\/www.facebook.com\/lyonbondyblog","https:\/\/x.com\/bondybloglyon"]},{"@type":"Person","@id":"https:\/\/lyonbondyblog.fr\/LBB\/#\/schema\/person\/e0664459beb8b5131a5e83431d89e514","name":"Damien Mounia","url":"https:\/\/lyonbondyblog.fr\/LBB\/author\/damien-mounia\/"}]}},"_links":{"self":[{"href":"https:\/\/lyonbondyblog.fr\/LBB\/wp-json\/wp\/v2\/posts\/12247","targetHints":{"allow":["GET"]}}],"collection":[{"href":"https:\/\/lyonbondyblog.fr\/LBB\/wp-json\/wp\/v2\/posts"}],"about":[{"href":"https:\/\/lyonbondyblog.fr\/LBB\/wp-json\/wp\/v2\/types\/post"}],"author":[{"embeddable":true,"href":"https:\/\/lyonbondyblog.fr\/LBB\/wp-json\/wp\/v2\/users\/796"}],"replies":[{"embeddable":true,"href":"https:\/\/lyonbondyblog.fr\/LBB\/wp-json\/wp\/v2\/comments?post=12247"}],"version-history":[{"count":7,"href":"https:\/\/lyonbondyblog.fr\/LBB\/wp-json\/wp\/v2\/posts\/12247\/revisions"}],"predecessor-version":[{"id":12268,"href":"https:\/\/lyonbondyblog.fr\/LBB\/wp-json\/wp\/v2\/posts\/12247\/revisions\/12268"}],"wp:featuredmedia":[{"embeddable":true,"href":"https:\/\/lyonbondyblog.fr\/LBB\/wp-json\/wp\/v2\/media\/12248"}],"wp:attachment":[{"href":"https:\/\/lyonbondyblog.fr\/LBB\/wp-json\/wp\/v2\/media?parent=12247"}],"wp:term":[{"taxonomy":"category","embeddable":true,"href":"https:\/\/lyonbondyblog.fr\/LBB\/wp-json\/wp\/v2\/categories?post=12247"},{"taxonomy":"post_tag","embeddable":true,"href":"https:\/\/lyonbondyblog.fr\/LBB\/wp-json\/wp\/v2\/tags?post=12247"}],"curies":[{"name":"wp","href":"https:\/\/api.w.org\/{rel}","templated":true}]}}