{"id":12240,"date":"2017-11-24T17:30:29","date_gmt":"2017-11-24T16:30:29","guid":{"rendered":"http:\/\/lyonbondyblog.fr\/LBB\/?p=12240"},"modified":"2017-11-23T12:47:45","modified_gmt":"2017-11-23T11:47:45","slug":"deux-espagnols-lyonnais-crise-catalane","status":"publish","type":"post","link":"https:\/\/lyonbondyblog.fr\/LBB\/deux-espagnols-lyonnais-crise-catalane\/","title":{"rendered":"Ce que pensent deux Espagnols lyonnais de la crise catalane"},"content":{"rendered":"<p><em>Gerard est catalan, German est espagnol. Ces deux \u00e9tudiants de la r\u00e9gion lyonnaise sont venus nous parler de leur ressenti vis-\u00e0-vis de la \u00ab\u00a0guerre\u00a0\u00bb d\u2019ind\u00e9pendance entre l\u2019Espagne et la r\u00e9gion catalane.<\/em><\/p>\n<p>Les tensions ind\u00e9pendantistes catalanes et conservatrices espagnoles sont connues de tous depuis le XV\u00e8me si\u00e8cle. Le mois dernier, le gouvernement catalan est pass\u00e9 \u00e0 l\u2019action avec son r\u00e9f\u00e9rendum du 1er octobre. Il remporte 90 % de \u00ab\u00a0oui\u00a0\u00bb, favorable \u00e0 l\u2019ind\u00e9pendance de la Catalogne, mais le total des votes ne repr\u00e9sente que 42 % de la population civile r\u00e9gionale, d\u2019apr\u00e8s le porte-parole catalan. Le 27 octobre, le roi Felipe VI condamne ce r\u00e9sultat et d\u00e9nonce une mise en danger de l\u2019ordre d\u00e9mocratique de l\u2019\u00c9tat. Le 5 novembre, Carles Puigdemont &#8211; pr\u00e9sident de l\u2019ex\u00e9cutif catalan et initiateur du mouvement d\u2019ind\u00e9pendance &#8211; fuit en Belgique le gouvernement espagnol qui le poursuit pour s\u00e9dition, r\u00e9bellion et d\u00e9tournement de fonds publics. Cette semaine, le Lyon Bondy Blog est all\u00e9 \u00e0 la rencontre d\u2019un Catalan et d\u2019un Espagnol pour conna\u00eetre leur avis sur le sujet.<\/p>\n<p><strong>Pouvez-vous vous pr\u00e9senter un peu pour nos lecteurs\u00a0?<\/strong><\/p>\n<p><strong>German\u00a0:<\/strong> Je suis Madril\u00e8ne comme ma m\u00e8re et mon fr\u00e8re et j\u2019\u00e9tudie l\u2019ing\u00e9nierie mini\u00e8re.<\/p>\n<p><strong>Gerard\u00a0:<\/strong> Je suis Barcelonais, j\u2019ai 24 ans, j\u2019ai fait cinq ans de STAPS et je suis venu en France pour le rugby que je pratique depuis l\u2019\u00e2ge de 6 ans, avant de passer mon master.<\/p>\n<p><strong>Selon vous, quel lien entretiennent respectivement la Catalogne et l\u2019Espagne\u00a0?<\/strong><\/p>\n<p><strong>German\u00a0:<\/strong> Je crois que la Catalogne a la m\u00eame relation que les autres r\u00e9gions, m\u00eame si elle est nomm\u00e9e \u00ab communaut\u00e9 autonome \u00bb, je pense que l\u2019ensemble forme l\u2019\u00c9tat espagnol.<\/p>\n<p><strong>Gerard\u00a0:<\/strong> Je pense qu\u2019on a une relation proche car en Catalogne nous parlons les deux langues &#8211; le catalan et l\u2019espagnol. Personnellement, j\u2019ai grandi en Catalogne avec une famille catalane, donc je rencontrais plus le monde espagnol dans des environnements sportifs. Pour moi, notre lien passe juste par la langue. Mais cela peut aussi marquer une c\u00e9sure\u00a0: en Espagne, on n\u2019apprend g\u00e9n\u00e9ralement pas le catalan\u00a0; si un espagnol veut venir \u00e9tudier ou travailler en Catalogne, \u00e7a peut le bloquer.<\/p>\n<p><strong>Avez-vous vot\u00e9 pendant le r\u00e9f\u00e9rendum\u00a0? Pouvez-vous me donner votre choix\u00a0?<\/strong><\/p>\n<p><strong>German\u00a0:<\/strong> Si j\u2019\u00e9tais Catalan et que j\u2019y \u00e9tais, je ne serais sans doute pas aller voter. Personnellement je suis pour que ce type de vote puisse avoir lieu \u2013 m\u00eame si maintenant il est contraire \u00e0 la Constitution. Mais dans ce cas particulier, je trouve que le r\u00e9f\u00e9rendum est comme une blague mal organis\u00e9e et donc d\u00e9clar\u00e9e ill\u00e9gale par le Tribunal constitutionnel, car sans base juridique et inutile. S\u2019il faut le r\u00e9duire \u00e0 une question entre oui ou non, j\u2019aurais vot\u00e9 non. Je suis contre la cr\u00e9ation de nouvelles fronti\u00e8res et la fragmentation de l\u2019Europe car, \u00e0 la fin, \u00e7a rendra les \u00c9tats plus faibles pour accomplir leur mission : l\u2019am\u00e9lioration de la qualit\u00e9 de vie de leurs citoyens, surtout dans un monde assez globalis\u00e9. N\u00e9anmoins, c\u2019est une d\u00e9cision que doivent prendre les Catalans.<\/p>\n<p><strong>Gerard\u00a0:<\/strong> Oui, j\u2019ai vot\u00e9 oui. Cette ind\u00e9pendance est une bonne chose pour des raisons \u00e9conomiques et socio-culturelles. En 2007, il y a eu la crise \u00e9conomique en Espagne. La Catalogne repr\u00e9sente 20 % du PIB espagnol, c\u2019est la plus grosse r\u00e9gion agroalimentaire et automobile espagnole. L\u2019Espagne est un pays centralis\u00e9 \u00e0 Madrid ; on se sent handicap\u00e9s par la redistribution, m\u00eame si on accepte de partager les dividendes du tourisme par exemple. Par ailleurs, notre culture, notre langue, notre histoire font selon moi de nous un pays \u00e0 part enti\u00e8re. \u00c7a fait 300 ans qu\u2019on demande l\u2019ind\u00e9pendance.<\/p>\n<p><strong>La situation des civils catalans s\u2019est-elle apais\u00e9e selon vous\u00a0? Ou percevez-vous des tensions\u00a0?<\/strong><\/p>\n<p><strong>German\u00a0:<\/strong> Je crois que la situation s\u2019est apais\u00e9e, par rapport au jour du r\u00e9f\u00e9rendum, mais je crois qu\u2019elle s\u2019\u00e9chauffera \u00e0 l\u2019approche du jour des \u00e9lections (21 d\u00e9cembre 2017), que je trouve trop h\u00e2tives. Bien s\u00fbr, j\u2019ai senti des tensions entre la population de la Catalogne et le reste des Espagnols. De fait, je parlais de \u00e7a avec un ami qui y est en Erasmus maintenant\u00a0: il y a une polarisation tr\u00e8s forte entre les partisans d\u2019un c\u00f4t\u00e9 et de l\u2019autre cote. Personnellement, je trouve \u00e7a un peu triste.<\/p>\n<p><strong>Gerard\u00a0:<\/strong> J\u2019ai des amis \u00e0 Madrid, je ne trouve pas que les populations soient tendues. Enfin, en dehors des affrontements civils et policiers qu\u2019il y avait eu pendant le r\u00e9f\u00e9rendum.<\/p>\n<p><strong>Cette d\u00e9claration a-t-elle respect\u00e9 les r\u00e8gles d\u00e9mocratiques\u00a0? Ou est-ce plut\u00f4t un coup de force\u00a0?<\/strong><\/p>\n<p><strong>German\u00a0:<\/strong> Pas du tout. Le r\u00e9f\u00e9rendum n\u2019\u00e9tait qu\u2019une pantomime et n\u2019avait pas les garanties d\u00e9mocratiques suffisantes. Il y a des personnes qui ont vot\u00e9 plusieurs fois, des boites avec des votes ont \u00e9t\u00e9 prises par la police. Les r\u00e9sultats ne sont pas fiables.<\/p>\n<p><strong>Gerard\u00a0:<\/strong> Le gouvernement a organis\u00e9 un r\u00e9f\u00e9rendum et le peuple a vot\u00e9, m\u00eame si on a eu des difficult\u00e9s. Pour moi le coup de force vient de l\u2019Espagne avec l\u2019article 155, qui met sous tutelle la r\u00e9gion. Elle condamne un geste selon elle anti-d\u00e9mocratique avec une loi antid\u00e9mocratique. L\u2019id\u00e9e d\u2019ind\u00e9pendance vient du peuple.<\/p>\n<p><strong>Puigdemont est parti sans pr\u00e9venir directement la population. Voyez-vous son d\u00e9part comme une fuite coupable ou comme un gage de s\u00e9curit\u00e9 pour son mouvement\u00a0?<\/strong><\/p>\n<p><strong>German\u00a0:<\/strong> Je trouve qu\u2019il joue la com\u00e9die. Comme grand responsable de la \u00ab Generalitat de Catalunya \u00bb, il devra r\u00e9pondre de ses actes.<\/p>\n<p><strong>Gerard\u00a0:<\/strong> Il a bien fait. Il n\u2019avait pas le choix, sinon tout serait tomb\u00e9 \u00e0 l\u2019eau et sa condamnation aurait \u00e9t\u00e9 inutile. La s\u00e9paration va \u00eatre longue, tr\u00e8s longue\u00a0! Apr\u00e8s, on ne sait pas si cela fait partie de sa strat\u00e9gie depuis le d\u00e9but.<\/p>\n<p><strong>Faut-il n\u00e9gocier\u00a0? Continuer \u00e0 faire position de force\u00a0? Y a-t-il une solution parfaite\u00a0?<\/strong><\/p>\n<p><strong>German\u00a0:<\/strong> En paraphrasant mon prof, \u00ab la perfection n\u2019existe pas et si elle existe, elle n\u2019est pas parfaite \u00bb, je serais d\u2019accord avec une solution qui aurait \u00e9t\u00e9 faite dans des conditions ni stressantes, ni traumatisantes pour le pays, contrairement \u00e0 celles qu\u2019on nous donne aujourd\u2019hui. M\u00eame si je suis contre l\u2019ind\u00e9pendance, si la volont\u00e9 de la plupart des citoyens est de devenir ind\u00e9pendants, m\u00eame s\u2019ils sont tromp\u00e9s par leurs politiciens, \u00e7a devrait \u00eatre la solution.<\/p>\n<p><strong>Gerard\u00a0:<\/strong> L\u2019Europe doit nous reconna\u00eetre comme un pays, car l\u2019Espagne ne va pas nous dire \u00ab oui \u00bb comme \u00e7a. On peut n\u00e9gocier avec l\u2019Espagne gr\u00e2ce \u00e0 un syst\u00e8me de dettes.<\/p>\n<p><strong>Quelque chose \u00e0 ajouter ?<\/strong><\/p>\n<p><strong>German\u00a0:<\/strong> Je crois que l\u2019ind\u00e9pendance est une grosse perte de temps. \u00c0 la fin peu importe qui est au pouvoir, dans le cadre de l\u2019Espagne corrompue, ce qu&rsquo;il reste, ce sont les probl\u00e8mes des gens : sant\u00e9, \u00e9ducation, allocation, emplois, nourriture, \u00e9nergie\u2026 bref, la qualit\u00e9 de vie. Ind\u00e9pendant ou pas, il faut g\u00e9rer ces probl\u00e9matiques.<\/p>\n<p><strong>Gerard\u00a0:<\/strong> Pendant les vacances d\u2019octobre, je suis all\u00e9 \u00e0 Barcelone. Je suis s\u00fbr que l\u2019ind\u00e9pendance va se faire car ce n\u2019est pas un truc de politicien, c\u2019est un truc de \u00ab\u00a0poble\u00a0\u00bb [\u00ab peuple \u00bb, en catalan]. Tout le monde \u00e9tait dehors, en ville comme au village o\u00f9 j\u2019habite, pour le r\u00e9f\u00e9rendum.<\/p>\n<p style=\"text-align: right\"><em><strong>Propos recueillis par In\u00e8s Mitanne<\/strong><\/em><\/p>\n<!-- AddThis Advanced Settings generic via filter on the_content --><!-- AddThis Share Buttons generic via filter on the_content -->","protected":false},"excerpt":{"rendered":"<p>Gerard est catalan, German est espagnol. Ces deux \u00e9tudiants de la r\u00e9gion lyonnaise sont venus nous parler de leur ressenti vis-\u00e0-vis de la \u00ab\u00a0guerre\u00a0\u00bb d\u2019ind\u00e9pendance &hellip; <!-- AddThis Advanced Settings generic via filter on wp_trim_excerpt --><!-- AddThis Share Buttons generic via filter on wp_trim_excerpt --><\/p>\n","protected":false},"author":794,"featured_media":12241,"comment_status":"open","ping_status":"open","sticky":false,"template":"","format":"standard","meta":{"_FSMCFIC_featured_image_caption":"","_FSMCFIC_featured_image_nocaption":"","_FSMCFIC_featured_image_hide":"","footnotes":""},"categories":[4],"tags":[],"class_list":["post-12240","post","type-post","status-publish","format-standard","has-post-thumbnail","hentry","category-lyon"],"yoast_head":"<!-- This site is optimized with the Yoast SEO plugin v22.8 - https:\/\/yoast.com\/wordpress\/plugins\/seo\/ -->\n<title>Ce que pensent deux Espagnols lyonnais de la crise catalane<\/title>\n<meta name=\"description\" content=\"Gerard est catalan, German est espagnol. Ces deux \u00e9tudiants de la r\u00e9gion lyonnaise livrent leur ressenti vis-\u00e0-vis de l\u2019ind\u00e9pendance catalane.\" \/>\n<meta name=\"robots\" content=\"index, follow, max-snippet:-1, max-image-preview:large, max-video-preview:-1\" \/>\n<link rel=\"canonical\" href=\"https:\/\/lyonbondyblog.fr\/LBB\/deux-espagnols-lyonnais-crise-catalane\/\" \/>\n<meta property=\"og:locale\" content=\"fr_FR\" \/>\n<meta property=\"og:type\" content=\"article\" \/>\n<meta property=\"og:title\" content=\"Ce que pensent deux Espagnols lyonnais de la crise catalane\" \/>\n<meta property=\"og:description\" content=\"Gerard est catalan, German est espagnol. Ces deux \u00e9tudiants de la r\u00e9gion lyonnaise livrent leur ressenti vis-\u00e0-vis de l\u2019ind\u00e9pendance catalane.\" \/>\n<meta property=\"og:url\" content=\"https:\/\/lyonbondyblog.fr\/LBB\/deux-espagnols-lyonnais-crise-catalane\/\" \/>\n<meta property=\"og:site_name\" content=\"Lyon Bondy Blog\" \/>\n<meta property=\"article:publisher\" content=\"https:\/\/www.facebook.com\/lyonbondyblog\" \/>\n<meta property=\"article:published_time\" content=\"2017-11-24T16:30:29+00:00\" \/>\n<meta property=\"article:modified_time\" content=\"2017-11-23T11:47:45+00:00\" \/>\n<meta property=\"og:image\" content=\"https:\/\/lyonbondyblog.fr\/LBB\/wp-content\/uploads\/2017\/11\/Capture.png\" \/>\n\t<meta property=\"og:image:width\" content=\"781\" \/>\n\t<meta property=\"og:image:height\" content=\"511\" \/>\n\t<meta property=\"og:image:type\" content=\"image\/png\" \/>\n<meta name=\"author\" content=\"Ines Mitanne\" \/>\n<meta name=\"twitter:card\" content=\"summary_large_image\" \/>\n<meta name=\"twitter:creator\" content=\"@bondybloglyon\" \/>\n<meta name=\"twitter:site\" content=\"@bondybloglyon\" \/>\n<script type=\"application\/ld+json\" class=\"yoast-schema-graph\">{\"@context\":\"https:\/\/schema.org\",\"@graph\":[{\"@type\":\"Article\",\"@id\":\"https:\/\/lyonbondyblog.fr\/LBB\/deux-espagnols-lyonnais-crise-catalane\/#article\",\"isPartOf\":{\"@id\":\"https:\/\/lyonbondyblog.fr\/LBB\/deux-espagnols-lyonnais-crise-catalane\/\"},\"author\":{\"name\":\"Ines Mitanne\",\"@id\":\"https:\/\/lyonbondyblog.fr\/LBB\/#\/schema\/person\/cd653da284899ba50a55b2707efcb52f\"},\"headline\":\"Ce que pensent deux Espagnols lyonnais de la crise catalane\",\"datePublished\":\"2017-11-24T16:30:29+00:00\",\"dateModified\":\"2017-11-23T11:47:45+00:00\",\"mainEntityOfPage\":{\"@id\":\"https:\/\/lyonbondyblog.fr\/LBB\/deux-espagnols-lyonnais-crise-catalane\/\"},\"wordCount\":1306,\"commentCount\":0,\"publisher\":{\"@id\":\"https:\/\/lyonbondyblog.fr\/LBB\/#organization\"},\"image\":{\"@id\":\"https:\/\/lyonbondyblog.fr\/LBB\/deux-espagnols-lyonnais-crise-catalane\/#primaryimage\"},\"thumbnailUrl\":\"https:\/\/lyonbondyblog.fr\/LBB\/wp-content\/uploads\/2017\/11\/Capture.png\",\"articleSection\":[\"Lyon\"],\"inLanguage\":\"fr-FR\",\"potentialAction\":[{\"@type\":\"CommentAction\",\"name\":\"Comment\",\"target\":[\"https:\/\/lyonbondyblog.fr\/LBB\/deux-espagnols-lyonnais-crise-catalane\/#respond\"]}]},{\"@type\":\"WebPage\",\"@id\":\"https:\/\/lyonbondyblog.fr\/LBB\/deux-espagnols-lyonnais-crise-catalane\/\",\"url\":\"https:\/\/lyonbondyblog.fr\/LBB\/deux-espagnols-lyonnais-crise-catalane\/\",\"name\":\"Ce que pensent deux Espagnols lyonnais de la crise catalane\",\"isPartOf\":{\"@id\":\"https:\/\/lyonbondyblog.fr\/LBB\/#website\"},\"primaryImageOfPage\":{\"@id\":\"https:\/\/lyonbondyblog.fr\/LBB\/deux-espagnols-lyonnais-crise-catalane\/#primaryimage\"},\"image\":{\"@id\":\"https:\/\/lyonbondyblog.fr\/LBB\/deux-espagnols-lyonnais-crise-catalane\/#primaryimage\"},\"thumbnailUrl\":\"https:\/\/lyonbondyblog.fr\/LBB\/wp-content\/uploads\/2017\/11\/Capture.png\",\"datePublished\":\"2017-11-24T16:30:29+00:00\",\"dateModified\":\"2017-11-23T11:47:45+00:00\",\"description\":\"Gerard est catalan, German est espagnol. Ces deux \u00e9tudiants de la r\u00e9gion lyonnaise livrent leur ressenti vis-\u00e0-vis de l\u2019ind\u00e9pendance catalane.\",\"inLanguage\":\"fr-FR\",\"potentialAction\":[{\"@type\":\"ReadAction\",\"target\":[\"https:\/\/lyonbondyblog.fr\/LBB\/deux-espagnols-lyonnais-crise-catalane\/\"]}]},{\"@type\":\"ImageObject\",\"inLanguage\":\"fr-FR\",\"@id\":\"https:\/\/lyonbondyblog.fr\/LBB\/deux-espagnols-lyonnais-crise-catalane\/#primaryimage\",\"url\":\"https:\/\/lyonbondyblog.fr\/LBB\/wp-content\/uploads\/2017\/11\/Capture.png\",\"contentUrl\":\"https:\/\/lyonbondyblog.fr\/LBB\/wp-content\/uploads\/2017\/11\/Capture.png\",\"width\":781,\"height\":511,\"caption\":\"Cr\u00e9dit In\u00e8s Mitanne.\"},{\"@type\":\"WebSite\",\"@id\":\"https:\/\/lyonbondyblog.fr\/LBB\/#website\",\"url\":\"https:\/\/lyonbondyblog.fr\/LBB\/\",\"name\":\"Lyon Bondy Blog\",\"description\":\"\",\"publisher\":{\"@id\":\"https:\/\/lyonbondyblog.fr\/LBB\/#organization\"},\"potentialAction\":[{\"@type\":\"SearchAction\",\"target\":{\"@type\":\"EntryPoint\",\"urlTemplate\":\"https:\/\/lyonbondyblog.fr\/LBB\/?s={search_term_string}\"},\"query-input\":\"required name=search_term_string\"}],\"inLanguage\":\"fr-FR\"},{\"@type\":\"Organization\",\"@id\":\"https:\/\/lyonbondyblog.fr\/LBB\/#organization\",\"name\":\"LYON BONDY BLOG\",\"url\":\"https:\/\/lyonbondyblog.fr\/LBB\/\",\"logo\":{\"@type\":\"ImageObject\",\"inLanguage\":\"fr-FR\",\"@id\":\"https:\/\/lyonbondyblog.fr\/LBB\/#\/schema\/logo\/image\/\",\"url\":\"http:\/\/lyonbondyblog.fr\/LBB\/wp-content\/uploads\/2014\/10\/logo-portable-144.png\",\"contentUrl\":\"http:\/\/lyonbondyblog.fr\/LBB\/wp-content\/uploads\/2014\/10\/logo-portable-144.png\",\"width\":144,\"height\":123,\"caption\":\"LYON BONDY BLOG\"},\"image\":{\"@id\":\"https:\/\/lyonbondyblog.fr\/LBB\/#\/schema\/logo\/image\/\"},\"sameAs\":[\"https:\/\/www.facebook.com\/lyonbondyblog\",\"https:\/\/x.com\/bondybloglyon\"]},{\"@type\":\"Person\",\"@id\":\"https:\/\/lyonbondyblog.fr\/LBB\/#\/schema\/person\/cd653da284899ba50a55b2707efcb52f\",\"name\":\"Ines Mitanne\",\"url\":\"https:\/\/lyonbondyblog.fr\/LBB\/author\/ines\/\"}]}<\/script>\n<!-- \/ Yoast SEO plugin. -->","yoast_head_json":{"title":"Ce que pensent deux Espagnols lyonnais de la crise catalane","description":"Gerard est catalan, German est espagnol. Ces deux \u00e9tudiants de la r\u00e9gion lyonnaise livrent leur ressenti vis-\u00e0-vis de l\u2019ind\u00e9pendance catalane.","robots":{"index":"index","follow":"follow","max-snippet":"max-snippet:-1","max-image-preview":"max-image-preview:large","max-video-preview":"max-video-preview:-1"},"canonical":"https:\/\/lyonbondyblog.fr\/LBB\/deux-espagnols-lyonnais-crise-catalane\/","og_locale":"fr_FR","og_type":"article","og_title":"Ce que pensent deux Espagnols lyonnais de la crise catalane","og_description":"Gerard est catalan, German est espagnol. Ces deux \u00e9tudiants de la r\u00e9gion lyonnaise livrent leur ressenti vis-\u00e0-vis de l\u2019ind\u00e9pendance catalane.","og_url":"https:\/\/lyonbondyblog.fr\/LBB\/deux-espagnols-lyonnais-crise-catalane\/","og_site_name":"Lyon Bondy Blog","article_publisher":"https:\/\/www.facebook.com\/lyonbondyblog","article_published_time":"2017-11-24T16:30:29+00:00","article_modified_time":"2017-11-23T11:47:45+00:00","og_image":[{"width":781,"height":511,"url":"https:\/\/lyonbondyblog.fr\/LBB\/wp-content\/uploads\/2017\/11\/Capture.png","type":"image\/png"}],"author":"Ines Mitanne","twitter_card":"summary_large_image","twitter_creator":"@bondybloglyon","twitter_site":"@bondybloglyon","schema":{"@context":"https:\/\/schema.org","@graph":[{"@type":"Article","@id":"https:\/\/lyonbondyblog.fr\/LBB\/deux-espagnols-lyonnais-crise-catalane\/#article","isPartOf":{"@id":"https:\/\/lyonbondyblog.fr\/LBB\/deux-espagnols-lyonnais-crise-catalane\/"},"author":{"name":"Ines Mitanne","@id":"https:\/\/lyonbondyblog.fr\/LBB\/#\/schema\/person\/cd653da284899ba50a55b2707efcb52f"},"headline":"Ce que pensent deux Espagnols lyonnais de la crise catalane","datePublished":"2017-11-24T16:30:29+00:00","dateModified":"2017-11-23T11:47:45+00:00","mainEntityOfPage":{"@id":"https:\/\/lyonbondyblog.fr\/LBB\/deux-espagnols-lyonnais-crise-catalane\/"},"wordCount":1306,"commentCount":0,"publisher":{"@id":"https:\/\/lyonbondyblog.fr\/LBB\/#organization"},"image":{"@id":"https:\/\/lyonbondyblog.fr\/LBB\/deux-espagnols-lyonnais-crise-catalane\/#primaryimage"},"thumbnailUrl":"https:\/\/lyonbondyblog.fr\/LBB\/wp-content\/uploads\/2017\/11\/Capture.png","articleSection":["Lyon"],"inLanguage":"fr-FR","potentialAction":[{"@type":"CommentAction","name":"Comment","target":["https:\/\/lyonbondyblog.fr\/LBB\/deux-espagnols-lyonnais-crise-catalane\/#respond"]}]},{"@type":"WebPage","@id":"https:\/\/lyonbondyblog.fr\/LBB\/deux-espagnols-lyonnais-crise-catalane\/","url":"https:\/\/lyonbondyblog.fr\/LBB\/deux-espagnols-lyonnais-crise-catalane\/","name":"Ce que pensent deux Espagnols lyonnais de la crise catalane","isPartOf":{"@id":"https:\/\/lyonbondyblog.fr\/LBB\/#website"},"primaryImageOfPage":{"@id":"https:\/\/lyonbondyblog.fr\/LBB\/deux-espagnols-lyonnais-crise-catalane\/#primaryimage"},"image":{"@id":"https:\/\/lyonbondyblog.fr\/LBB\/deux-espagnols-lyonnais-crise-catalane\/#primaryimage"},"thumbnailUrl":"https:\/\/lyonbondyblog.fr\/LBB\/wp-content\/uploads\/2017\/11\/Capture.png","datePublished":"2017-11-24T16:30:29+00:00","dateModified":"2017-11-23T11:47:45+00:00","description":"Gerard est catalan, German est espagnol. Ces deux \u00e9tudiants de la r\u00e9gion lyonnaise livrent leur ressenti vis-\u00e0-vis de l\u2019ind\u00e9pendance catalane.","inLanguage":"fr-FR","potentialAction":[{"@type":"ReadAction","target":["https:\/\/lyonbondyblog.fr\/LBB\/deux-espagnols-lyonnais-crise-catalane\/"]}]},{"@type":"ImageObject","inLanguage":"fr-FR","@id":"https:\/\/lyonbondyblog.fr\/LBB\/deux-espagnols-lyonnais-crise-catalane\/#primaryimage","url":"https:\/\/lyonbondyblog.fr\/LBB\/wp-content\/uploads\/2017\/11\/Capture.png","contentUrl":"https:\/\/lyonbondyblog.fr\/LBB\/wp-content\/uploads\/2017\/11\/Capture.png","width":781,"height":511,"caption":"Cr\u00e9dit In\u00e8s Mitanne."},{"@type":"WebSite","@id":"https:\/\/lyonbondyblog.fr\/LBB\/#website","url":"https:\/\/lyonbondyblog.fr\/LBB\/","name":"Lyon Bondy Blog","description":"","publisher":{"@id":"https:\/\/lyonbondyblog.fr\/LBB\/#organization"},"potentialAction":[{"@type":"SearchAction","target":{"@type":"EntryPoint","urlTemplate":"https:\/\/lyonbondyblog.fr\/LBB\/?s={search_term_string}"},"query-input":"required name=search_term_string"}],"inLanguage":"fr-FR"},{"@type":"Organization","@id":"https:\/\/lyonbondyblog.fr\/LBB\/#organization","name":"LYON BONDY BLOG","url":"https:\/\/lyonbondyblog.fr\/LBB\/","logo":{"@type":"ImageObject","inLanguage":"fr-FR","@id":"https:\/\/lyonbondyblog.fr\/LBB\/#\/schema\/logo\/image\/","url":"http:\/\/lyonbondyblog.fr\/LBB\/wp-content\/uploads\/2014\/10\/logo-portable-144.png","contentUrl":"http:\/\/lyonbondyblog.fr\/LBB\/wp-content\/uploads\/2014\/10\/logo-portable-144.png","width":144,"height":123,"caption":"LYON BONDY BLOG"},"image":{"@id":"https:\/\/lyonbondyblog.fr\/LBB\/#\/schema\/logo\/image\/"},"sameAs":["https:\/\/www.facebook.com\/lyonbondyblog","https:\/\/x.com\/bondybloglyon"]},{"@type":"Person","@id":"https:\/\/lyonbondyblog.fr\/LBB\/#\/schema\/person\/cd653da284899ba50a55b2707efcb52f","name":"Ines Mitanne","url":"https:\/\/lyonbondyblog.fr\/LBB\/author\/ines\/"}]}},"_links":{"self":[{"href":"https:\/\/lyonbondyblog.fr\/LBB\/wp-json\/wp\/v2\/posts\/12240","targetHints":{"allow":["GET"]}}],"collection":[{"href":"https:\/\/lyonbondyblog.fr\/LBB\/wp-json\/wp\/v2\/posts"}],"about":[{"href":"https:\/\/lyonbondyblog.fr\/LBB\/wp-json\/wp\/v2\/types\/post"}],"author":[{"embeddable":true,"href":"https:\/\/lyonbondyblog.fr\/LBB\/wp-json\/wp\/v2\/users\/794"}],"replies":[{"embeddable":true,"href":"https:\/\/lyonbondyblog.fr\/LBB\/wp-json\/wp\/v2\/comments?post=12240"}],"version-history":[{"count":4,"href":"https:\/\/lyonbondyblog.fr\/LBB\/wp-json\/wp\/v2\/posts\/12240\/revisions"}],"predecessor-version":[{"id":12245,"href":"https:\/\/lyonbondyblog.fr\/LBB\/wp-json\/wp\/v2\/posts\/12240\/revisions\/12245"}],"wp:featuredmedia":[{"embeddable":true,"href":"https:\/\/lyonbondyblog.fr\/LBB\/wp-json\/wp\/v2\/media\/12241"}],"wp:attachment":[{"href":"https:\/\/lyonbondyblog.fr\/LBB\/wp-json\/wp\/v2\/media?parent=12240"}],"wp:term":[{"taxonomy":"category","embeddable":true,"href":"https:\/\/lyonbondyblog.fr\/LBB\/wp-json\/wp\/v2\/categories?post=12240"},{"taxonomy":"post_tag","embeddable":true,"href":"https:\/\/lyonbondyblog.fr\/LBB\/wp-json\/wp\/v2\/tags?post=12240"}],"curies":[{"name":"wp","href":"https:\/\/api.w.org\/{rel}","templated":true}]}}