{"id":11814,"date":"2017-06-07T17:22:19","date_gmt":"2017-06-07T15:22:19","guid":{"rendered":"http:\/\/lyonbondyblog.fr\/LBB\/?p=11814"},"modified":"2017-06-07T17:37:28","modified_gmt":"2017-06-07T15:37:28","slug":"legislatives-2017-candidats-republicains-2e-3e-4e-circonscriptions","status":"publish","type":"post","link":"https:\/\/lyonbondyblog.fr\/LBB\/legislatives-2017-candidats-republicains-2e-3e-4e-circonscriptions\/","title":{"rendered":"L\u00e9gislatives 2017 : Les candidats Les R\u00e9publicains des 2e, 3e &#038; 4e circonscriptions."},"content":{"rendered":"<p><em><a href=\"https:\/\/lyonbondyblog.fr\/LBB\/voter-voteront-breve-explication-elections-legislatives\/\">Les \u00e9lections l\u00e9gislatives auront lieu les 11 et 18 juin prochain.<\/a> \u00c0 cette occasion, le Lyon Bondy Blog part \u00e0 la rencontre des candidats pour vous rapporter leurs programmes. Des interviews audio ont \u00e9t\u00e9 r\u00e9alis\u00e9es afin de\u00a0les mettre en perspective avec\u00a0les probl\u00e9matiques des quartiers populaires, de l&rsquo;\u00e9ducation ou du handicap. Vous pouvez retrouver tous nos articles consacr\u00e9s \u00e0 l&rsquo;\u00e9lection de nos futur-e-s d\u00e9put\u00e9-e-s en cliquant <a href=\"https:\/\/lyonbondyblog.fr\/LBB\/category\/politique\/\">ici<\/a>.<\/em><\/p>\n<p>C&rsquo;est au tour du parti Les R\u00e9publicains de s&rsquo;exprimer sur leur vision des l\u00e9gislatives. Apr\u00e8s la claque re\u00e7ue ce premier week-end de mai, il est indispensable pour eux que ce 3e tour des pr\u00e9sidentielles soit une plaque tournante de la politique. Les candidats sont :<\/p>\n<h5>Laurence Balas : candidate dans la 2e circonscription<br \/>\nNora Berra : candidate dans la 3e circonscription<br \/>\nDominique Nachury : candidate dans la 4e circonscription<\/h5>\n<p>Anne Lorne, candidate de la 1e circonscription n&rsquo;a pas donn\u00e9 suite \u00e0 nos nombreux appels et rendez-vous pour une interview pour le LBB.<\/p>\n<h4>La d\u00e9faite de Fran\u00e7ois Fillon au 1er tour de la pr\u00e9sidentielle, est-ce une claque avant les l\u00e9gislatives ou est-ce que tout est \u00e0 rejouer ? (Nora Berra)<\/h4>\n<div id=\"mp3jWrap_0\" class=\"mjp-s-wrapper s-graphic unsel-mjp \" style=\"font-size:18px;\"><span id=\"playpause_wrap_mp3j_0\" class=\"wrap_inline_mp3j\" style=\"font-weight:700;\"><span class=\"gfxbutton_mp3j play-mjp\" id=\"playpause_mp3j_0\" style=\"font-size:18px;\">&nbsp;&nbsp;&nbsp;&nbsp;&nbsp;<\/span>&nbsp;<span class=\"group_wrap\"><span class=\"bars_mp3j\"><span class=\"loadB_mp3j\" id=\"load_mp3j_0\"><\/span><span class=\"posbarB_mp3j\" id=\"posbar_mp3j_0\"><\/span><\/span><span class=\"T_mp3j\" id=\"T_mp3j_0\" style=\"font-size:18px;\">q4<\/span><span class=\"indi_mp3j\" style=\"font-size:12.6px;\" id=\"statusMI_0\"><\/span><\/span><span class=\"vol_mp3j flipped\" id=\"vol_mp3j_0\"><\/span><\/span><\/div><span class=\"s-nosolution\" id=\"mp3j_nosolution_0\" style=\"display:none;\"><\/span><script>\nMP3jPLAYLISTS.inline_0 = [\n\t{ name: \"q4\", formats: [\"mp3\"], mp3: \"aHR0cHM6Ly9seW9uYm9uZHlibG9nLmZyL0xCQi93cC1jb250ZW50L3VwbG9hZHMvMjAxNy8wNi9xNC5tcDM=\", counterpart:\"\", artist: \"\", image: \"\", imgurl: \"\" }\n];\n<\/script>\n\n<script>MP3jPLAYERS[0] = { list: MP3jPLAYLISTS.inline_0, tr:0, type:'single', lstate:'', loop:false, play_txt:'&nbsp;&nbsp;&nbsp;&nbsp;&nbsp;', pause_txt:'&nbsp;&nbsp;&nbsp;&nbsp;&nbsp;', pp_title:'', autoplay:false, download:false, vol:85, height:'' };<\/script>\n<h4>Nouveau projet d\u2019action pour les R\u00e9publicains, quel est-il et en quoi consiste-t-il ? (Dominique Nachury)<\/h4>\n<div id=\"mp3jWrap_1\" class=\"mjp-s-wrapper s-graphic unsel-mjp \" style=\"font-size:18px;\"><span id=\"playpause_wrap_mp3j_1\" class=\"wrap_inline_mp3j\" style=\"font-weight:700;\"><span class=\"gfxbutton_mp3j play-mjp\" id=\"playpause_mp3j_1\" style=\"font-size:18px;\">&nbsp;&nbsp;&nbsp;&nbsp;&nbsp;<\/span>&nbsp;<span class=\"group_wrap\"><span class=\"bars_mp3j\"><span class=\"loadB_mp3j\" id=\"load_mp3j_1\"><\/span><span class=\"posbarB_mp3j\" id=\"posbar_mp3j_1\"><\/span><\/span><span class=\"T_mp3j\" id=\"T_mp3j_1\" style=\"font-size:18px;\">question_3<\/span><span class=\"indi_mp3j\" style=\"font-size:12.6px;\" id=\"statusMI_1\"><\/span><\/span><span class=\"vol_mp3j flipped\" id=\"vol_mp3j_1\"><\/span><\/span><\/div><span class=\"s-nosolution\" id=\"mp3j_nosolution_1\" style=\"display:none;\"><\/span><script>\nMP3jPLAYLISTS.inline_1 = [\n\t{ name: \"question_3\", formats: [\"mp3\"], mp3: \"aHR0cHM6Ly9seW9uYm9uZHlibG9nLmZyL0xCQi93cC1jb250ZW50L3VwbG9hZHMvMjAxNy8wNi9xdWVzdGlvbl8zLm1wMw==\", counterpart:\"\", artist: \"\", image: \"\", imgurl: \"\" }\n];\n<\/script>\n\n<script>MP3jPLAYERS[1] = { list: MP3jPLAYLISTS.inline_1, tr:0, type:'single', lstate:'', loop:false, play_txt:'&nbsp;&nbsp;&nbsp;&nbsp;&nbsp;', pause_txt:'&nbsp;&nbsp;&nbsp;&nbsp;&nbsp;', pp_title:'', autoplay:false, download:false, vol:85, height:'' };<\/script>\n<h4>Fran\u00e7ois Baroin \u00e0 la t\u00eate des l\u00e9gislatives, qu\u2019est-ce que cela signifie pour vous et le parti\u00a0? (Dominique Nachury)<\/h4>\n<div id=\"mp3jWrap_2\" class=\"mjp-s-wrapper s-graphic unsel-mjp \" style=\"font-size:18px;\"><span id=\"playpause_wrap_mp3j_2\" class=\"wrap_inline_mp3j\" style=\"font-weight:700;\"><span class=\"gfxbutton_mp3j play-mjp\" id=\"playpause_mp3j_2\" style=\"font-size:18px;\">&nbsp;&nbsp;&nbsp;&nbsp;&nbsp;<\/span>&nbsp;<span class=\"group_wrap\"><span class=\"bars_mp3j\"><span class=\"loadB_mp3j\" id=\"load_mp3j_2\"><\/span><span class=\"posbarB_mp3j\" id=\"posbar_mp3j_2\"><\/span><\/span><span class=\"T_mp3j\" id=\"T_mp3j_2\" style=\"font-size:18px;\">question-2-DN<\/span><span class=\"indi_mp3j\" style=\"font-size:12.6px;\" id=\"statusMI_2\"><\/span><\/span><span class=\"vol_mp3j flipped\" id=\"vol_mp3j_2\"><\/span><\/span><\/div><span class=\"s-nosolution\" id=\"mp3j_nosolution_2\" style=\"display:none;\"><\/span><script>\nMP3jPLAYLISTS.inline_2 = [\n\t{ name: \"question-2-DN\", formats: [\"wav\"], mp3: \"aHR0cHM6Ly9seW9uYm9uZHlibG9nLmZyL0xCQi93cC1jb250ZW50L3VwbG9hZHMvMjAxNy8wNi9xdWVzdGlvbi0yLUROLndhdg==\", counterpart:\"\", artist: \"\", image: \"\", imgurl: \"\" }\n];\n<\/script>\n\n<script>MP3jPLAYERS[2] = { list: MP3jPLAYLISTS.inline_2, tr:0, type:'single', lstate:'', loop:false, play_txt:'&nbsp;&nbsp;&nbsp;&nbsp;&nbsp;', pause_txt:'&nbsp;&nbsp;&nbsp;&nbsp;&nbsp;', pp_title:'', autoplay:false, download:false, vol:85, height:'' };<\/script>\n<h4>Des classes \u00e0 12 \u00e9l\u00e8ves dans les ZEP, n\u00e9cessaire mais utopique ? (Laurence Balas)<\/h4>\n<div id=\"mp3jWrap_3\" class=\"mjp-s-wrapper s-graphic unsel-mjp \" style=\"font-size:18px;\"><span id=\"playpause_wrap_mp3j_3\" class=\"wrap_inline_mp3j\" style=\"font-weight:700;\"><span class=\"gfxbutton_mp3j play-mjp\" id=\"playpause_mp3j_3\" style=\"font-size:18px;\">&nbsp;&nbsp;&nbsp;&nbsp;&nbsp;<\/span>&nbsp;<span class=\"group_wrap\"><span class=\"bars_mp3j\"><span class=\"loadB_mp3j\" id=\"load_mp3j_3\"><\/span><span class=\"posbarB_mp3j\" id=\"posbar_mp3j_3\"><\/span><\/span><span class=\"T_mp3j\" id=\"T_mp3j_3\" style=\"font-size:18px;\">Q3<\/span><span class=\"indi_mp3j\" style=\"font-size:12.6px;\" id=\"statusMI_3\"><\/span><\/span><span class=\"vol_mp3j flipped\" id=\"vol_mp3j_3\"><\/span><\/span><\/div><span class=\"s-nosolution\" id=\"mp3j_nosolution_3\" style=\"display:none;\"><\/span><script>\nMP3jPLAYLISTS.inline_3 = [\n\t{ name: \"Q3\", formats: [\"mp3\"], mp3: \"aHR0cHM6Ly9seW9uYm9uZHlibG9nLmZyL0xCQi93cC1jb250ZW50L3VwbG9hZHMvMjAxNy8wNi9RMy5tcDM=\", counterpart:\"\", artist: \"\", image: \"\", imgurl: \"\" }\n];\n<\/script>\n\n<script>MP3jPLAYERS[3] = { list: MP3jPLAYLISTS.inline_3, tr:0, type:'single', lstate:'', loop:false, play_txt:'&nbsp;&nbsp;&nbsp;&nbsp;&nbsp;', pause_txt:'&nbsp;&nbsp;&nbsp;&nbsp;&nbsp;', pp_title:'', autoplay:false, download:false, vol:85, height:'' };<\/script>\n<h4>On parle aujourd\u2019hui de business du savoir, vous, d\u00e9put\u00e9, est-ce que l&rsquo;id\u00e9e d&rsquo;une \u00e9cole\u00a0 compl\u00e8tement gratuite est envisageable ? (Nora Berra)<\/h4>\n<div id=\"mp3jWrap_4\" class=\"mjp-s-wrapper s-graphic unsel-mjp \" style=\"font-size:18px;\"><span id=\"playpause_wrap_mp3j_4\" class=\"wrap_inline_mp3j\" style=\"font-weight:700;\"><span class=\"gfxbutton_mp3j play-mjp\" id=\"playpause_mp3j_4\" style=\"font-size:18px;\">&nbsp;&nbsp;&nbsp;&nbsp;&nbsp;<\/span>&nbsp;<span class=\"group_wrap\"><span class=\"bars_mp3j\"><span class=\"loadB_mp3j\" id=\"load_mp3j_4\"><\/span><span class=\"posbarB_mp3j\" id=\"posbar_mp3j_4\"><\/span><\/span><span class=\"T_mp3j\" id=\"T_mp3j_4\" style=\"font-size:18px;\">q7<\/span><span class=\"indi_mp3j\" style=\"font-size:12.6px;\" id=\"statusMI_4\"><\/span><\/span><span class=\"vol_mp3j flipped\" id=\"vol_mp3j_4\"><\/span><\/span><\/div><span class=\"s-nosolution\" id=\"mp3j_nosolution_4\" style=\"display:none;\"><\/span><script>\nMP3jPLAYLISTS.inline_4 = [\n\t{ name: \"q7\", formats: [\"mp3\"], mp3: \"aHR0cHM6Ly9seW9uYm9uZHlibG9nLmZyL0xCQi93cC1jb250ZW50L3VwbG9hZHMvMjAxNy8wNi9xNy5tcDM=\", counterpart:\"\", artist: \"\", image: \"\", imgurl: \"\" }\n];\n<\/script>\n\n<script>MP3jPLAYERS[4] = { list: MP3jPLAYLISTS.inline_4, tr:0, type:'single', lstate:'', loop:false, play_txt:'&nbsp;&nbsp;&nbsp;&nbsp;&nbsp;', pause_txt:'&nbsp;&nbsp;&nbsp;&nbsp;&nbsp;', pp_title:'', autoplay:false, download:false, vol:85, height:'' };<\/script>\n<h4>\u00c9ducation, quel changement est n\u00e9cessaire\u00a0? (Laurence Balas)<\/h4>\n<div id=\"mp3jWrap_5\" class=\"mjp-s-wrapper s-graphic unsel-mjp \" style=\"font-size:18px;\"><span id=\"playpause_wrap_mp3j_5\" class=\"wrap_inline_mp3j\" style=\"font-weight:700;\"><span class=\"gfxbutton_mp3j play-mjp\" id=\"playpause_mp3j_5\" style=\"font-size:18px;\">&nbsp;&nbsp;&nbsp;&nbsp;&nbsp;<\/span>&nbsp;<span class=\"group_wrap\"><span class=\"bars_mp3j\"><span class=\"loadB_mp3j\" id=\"load_mp3j_5\"><\/span><span class=\"posbarB_mp3j\" id=\"posbar_mp3j_5\"><\/span><\/span><span class=\"T_mp3j\" id=\"T_mp3j_5\" style=\"font-size:18px;\">Q1<\/span><span class=\"indi_mp3j\" style=\"font-size:12.6px;\" id=\"statusMI_5\"><\/span><\/span><span class=\"vol_mp3j flipped\" id=\"vol_mp3j_5\"><\/span><\/span><\/div><span class=\"s-nosolution\" id=\"mp3j_nosolution_5\" style=\"display:none;\"><\/span><script>\nMP3jPLAYLISTS.inline_5 = [\n\t{ name: \"Q1\", formats: [\"mp3\"], mp3: \"aHR0cHM6Ly9seW9uYm9uZHlibG9nLmZyL0xCQi93cC1jb250ZW50L3VwbG9hZHMvMjAxNy8wNi9RMS5tcDM=\", counterpart:\"\", artist: \"\", image: \"\", imgurl: \"\" }\n];\n<\/script>\n\n<script>MP3jPLAYERS[5] = { list: MP3jPLAYLISTS.inline_5, tr:0, type:'single', lstate:'', loop:false, play_txt:'&nbsp;&nbsp;&nbsp;&nbsp;&nbsp;', pause_txt:'&nbsp;&nbsp;&nbsp;&nbsp;&nbsp;', pp_title:'', autoplay:false, download:false, vol:85, height:'' };<\/script>\n<h4>Comment am\u00e9liorer le quotidien des personnes handicap\u00e9es au travail ou dans la vie de tous les jours\u00a0? (Dominique Nachury)<\/h4>\n<div id=\"mp3jWrap_6\" class=\"mjp-s-wrapper s-graphic unsel-mjp \" style=\"font-size:18px;\"><span id=\"playpause_wrap_mp3j_6\" class=\"wrap_inline_mp3j\" style=\"font-weight:700;\"><span class=\"gfxbutton_mp3j play-mjp\" id=\"playpause_mp3j_6\" style=\"font-size:18px;\">&nbsp;&nbsp;&nbsp;&nbsp;&nbsp;<\/span>&nbsp;<span class=\"group_wrap\"><span class=\"bars_mp3j\"><span class=\"loadB_mp3j\" id=\"load_mp3j_6\"><\/span><span class=\"posbarB_mp3j\" id=\"posbar_mp3j_6\"><\/span><\/span><span class=\"T_mp3j\" id=\"T_mp3j_6\" style=\"font-size:18px;\">question_41<\/span><span class=\"indi_mp3j\" style=\"font-size:12.6px;\" id=\"statusMI_6\"><\/span><\/span><span class=\"vol_mp3j flipped\" id=\"vol_mp3j_6\"><\/span><\/span><\/div><span class=\"s-nosolution\" id=\"mp3j_nosolution_6\" style=\"display:none;\"><\/span><script>\nMP3jPLAYLISTS.inline_6 = [\n\t{ name: \"question_41\", formats: [\"mp3\"], mp3: \"aHR0cHM6Ly9seW9uYm9uZHlibG9nLmZyL0xCQi93cC1jb250ZW50L3VwbG9hZHMvMjAxNy8wNi9xdWVzdGlvbl80MS5tcDM=\", counterpart:\"\", artist: \"\", image: \"\", imgurl: \"\" }\n];\n<\/script>\n\n<script>MP3jPLAYERS[6] = { list: MP3jPLAYLISTS.inline_6, tr:0, type:'single', lstate:'', loop:false, play_txt:'&nbsp;&nbsp;&nbsp;&nbsp;&nbsp;', pause_txt:'&nbsp;&nbsp;&nbsp;&nbsp;&nbsp;', pp_title:'', autoplay:false, download:false, vol:85, height:'' };<\/script>\n<h4>Comment faire participer les banlieues dans des villes comme Lyon qui sont de plus en plus attractives au niveau europ\u00e9en\u00a0? (Nora Berra)<\/h4>\n<div id=\"mp3jWrap_7\" class=\"mjp-s-wrapper s-graphic unsel-mjp \" style=\"font-size:18px;\"><span id=\"playpause_wrap_mp3j_7\" class=\"wrap_inline_mp3j\" style=\"font-weight:700;\"><span class=\"gfxbutton_mp3j play-mjp\" id=\"playpause_mp3j_7\" style=\"font-size:18px;\">&nbsp;&nbsp;&nbsp;&nbsp;&nbsp;<\/span>&nbsp;<span class=\"group_wrap\"><span class=\"bars_mp3j\"><span class=\"loadB_mp3j\" id=\"load_mp3j_7\"><\/span><span class=\"posbarB_mp3j\" id=\"posbar_mp3j_7\"><\/span><\/span><span class=\"T_mp3j\" id=\"T_mp3j_7\" style=\"font-size:18px;\">q6<\/span><span class=\"indi_mp3j\" style=\"font-size:12.6px;\" id=\"statusMI_7\"><\/span><\/span><span class=\"vol_mp3j flipped\" id=\"vol_mp3j_7\"><\/span><\/span><\/div><span class=\"s-nosolution\" id=\"mp3j_nosolution_7\" style=\"display:none;\"><\/span><script>\nMP3jPLAYLISTS.inline_7 = [\n\t{ name: \"q6\", formats: [\"mp3\"], mp3: \"aHR0cHM6Ly9seW9uYm9uZHlibG9nLmZyL0xCQi93cC1jb250ZW50L3VwbG9hZHMvMjAxNy8wNi9xNi5tcDM=\", counterpart:\"\", artist: \"\", image: \"\", imgurl: \"\" }\n];\n<\/script>\n\n<script>MP3jPLAYERS[7] = { list: MP3jPLAYLISTS.inline_7, tr:0, type:'single', lstate:'', loop:false, play_txt:'&nbsp;&nbsp;&nbsp;&nbsp;&nbsp;', pause_txt:'&nbsp;&nbsp;&nbsp;&nbsp;&nbsp;', pp_title:'', autoplay:false, download:false, vol:85, height:'' };<\/script>\n<h4>Qu\u2019est ce qu\u2019il faut faire pour aider le d\u00e9veloppement des auto-entrepreneurs en France ? (Laurence Balas)<\/h4>\n<div id=\"mp3jWrap_8\" class=\"mjp-s-wrapper s-graphic unsel-mjp \" style=\"font-size:18px;\"><span id=\"playpause_wrap_mp3j_8\" class=\"wrap_inline_mp3j\" style=\"font-weight:700;\"><span class=\"gfxbutton_mp3j play-mjp\" id=\"playpause_mp3j_8\" style=\"font-size:18px;\">&nbsp;&nbsp;&nbsp;&nbsp;&nbsp;<\/span>&nbsp;<span class=\"group_wrap\"><span class=\"bars_mp3j\"><span class=\"loadB_mp3j\" id=\"load_mp3j_8\"><\/span><span class=\"posbarB_mp3j\" id=\"posbar_mp3j_8\"><\/span><\/span><span class=\"T_mp3j\" id=\"T_mp3j_8\" style=\"font-size:18px;\">Q2<\/span><span class=\"indi_mp3j\" style=\"font-size:12.6px;\" id=\"statusMI_8\"><\/span><\/span><span class=\"vol_mp3j flipped\" id=\"vol_mp3j_8\"><\/span><\/span><\/div><span class=\"s-nosolution\" id=\"mp3j_nosolution_8\" style=\"display:none;\"><\/span><script>\nMP3jPLAYLISTS.inline_8 = [\n\t{ name: \"Q2\", formats: [\"mp3\"], mp3: \"aHR0cHM6Ly9seW9uYm9uZHlibG9nLmZyL0xCQi93cC1jb250ZW50L3VwbG9hZHMvMjAxNy8wNi9RMi5tcDM=\", counterpart:\"\", artist: \"\", image: \"\", imgurl: \"\" }\n];\n<\/script>\n\n<script>MP3jPLAYERS[8] = { list: MP3jPLAYLISTS.inline_8, tr:0, type:'single', lstate:'', loop:false, play_txt:'&nbsp;&nbsp;&nbsp;&nbsp;&nbsp;', pause_txt:'&nbsp;&nbsp;&nbsp;&nbsp;&nbsp;', pp_title:'', autoplay:false, download:false, vol:85, height:'' };<\/script>\n<!-- AddThis Advanced Settings generic via filter on the_content --><!-- AddThis Share Buttons generic via filter on the_content -->","protected":false},"excerpt":{"rendered":"<p>Les \u00e9lections l\u00e9gislatives auront lieu les 11 et 18 juin prochain. \u00c0 cette occasion, le Lyon Bondy Blog part \u00e0 la rencontre des candidats pour &hellip; <!-- AddThis Advanced Settings generic via filter on wp_trim_excerpt --><!-- AddThis Share Buttons generic via filter on wp_trim_excerpt --><\/p>\n","protected":false},"author":790,"featured_media":11828,"comment_status":"open","ping_status":"open","sticky":false,"template":"","format":"standard","meta":{"_FSMCFIC_featured_image_caption":"","_FSMCFIC_featured_image_nocaption":"","_FSMCFIC_featured_image_hide":"","footnotes":""},"categories":[2762,6],"tags":[2891,3049,3051,343,3047,3050,3048],"class_list":["post-11814","post","type-post","status-publish","format-standard","has-post-thumbnail","hentry","category-legislative-2017","category-politique","tag-2891","tag-dominique-nachury","tag-laurence-balas","tag-legislatives","tag-les","tag-nora-berra","tag-republicains"],"yoast_head":"<!-- This site is optimized with the Yoast SEO plugin v22.8 - https:\/\/yoast.com\/wordpress\/plugins\/seo\/ -->\n<title>L\u00e9gislatives 2017 : Les candidats Les R\u00e9publicains des 2e, 3e &amp; 4e circonscriptions. - Lyon Bondy Blog<\/title>\n<meta name=\"robots\" content=\"index, follow, max-snippet:-1, max-image-preview:large, max-video-preview:-1\" \/>\n<link rel=\"canonical\" href=\"https:\/\/lyonbondyblog.fr\/LBB\/legislatives-2017-candidats-republicains-2e-3e-4e-circonscriptions\/\" \/>\n<meta property=\"og:locale\" content=\"fr_FR\" \/>\n<meta property=\"og:type\" content=\"article\" \/>\n<meta property=\"og:title\" content=\"L\u00e9gislatives 2017 : Les candidats Les R\u00e9publicains des 2e, 3e &amp; 4e circonscriptions. - Lyon Bondy Blog\" \/>\n<meta property=\"og:description\" content=\"Les \u00e9lections l\u00e9gislatives auront lieu les 11 et 18 juin prochain. \u00c0 cette occasion, le Lyon Bondy Blog part \u00e0 la rencontre des candidats pour &hellip;\" \/>\n<meta property=\"og:url\" content=\"https:\/\/lyonbondyblog.fr\/LBB\/legislatives-2017-candidats-republicains-2e-3e-4e-circonscriptions\/\" \/>\n<meta property=\"og:site_name\" content=\"Lyon Bondy Blog\" \/>\n<meta property=\"article:publisher\" content=\"https:\/\/www.facebook.com\/lyonbondyblog\" \/>\n<meta property=\"article:published_time\" content=\"2017-06-07T15:22:19+00:00\" \/>\n<meta property=\"article:modified_time\" content=\"2017-06-07T15:37:28+00:00\" \/>\n<meta property=\"og:image\" content=\"https:\/\/lyonbondyblog.fr\/LBB\/wp-content\/uploads\/2017\/06\/2048x1536-fit_logo-parti-republicains.jpg\" \/>\n\t<meta property=\"og:image:width\" content=\"1922\" \/>\n\t<meta property=\"og:image:height\" content=\"1536\" \/>\n\t<meta property=\"og:image:type\" content=\"image\/jpeg\" \/>\n<meta name=\"author\" content=\"Dylan Munoz\" \/>\n<meta name=\"twitter:card\" content=\"summary_large_image\" \/>\n<meta name=\"twitter:creator\" content=\"@bondybloglyon\" \/>\n<meta name=\"twitter:site\" content=\"@bondybloglyon\" \/>\n<script type=\"application\/ld+json\" class=\"yoast-schema-graph\">{\"@context\":\"https:\/\/schema.org\",\"@graph\":[{\"@type\":\"Article\",\"@id\":\"https:\/\/lyonbondyblog.fr\/LBB\/legislatives-2017-candidats-republicains-2e-3e-4e-circonscriptions\/#article\",\"isPartOf\":{\"@id\":\"https:\/\/lyonbondyblog.fr\/LBB\/legislatives-2017-candidats-republicains-2e-3e-4e-circonscriptions\/\"},\"author\":{\"name\":\"Dylan Munoz\",\"@id\":\"https:\/\/lyonbondyblog.fr\/LBB\/#\/schema\/person\/c047e75bc2fde2a4510b73ffa872a540\"},\"headline\":\"L\u00e9gislatives 2017 : Les candidats Les R\u00e9publicains des 2e, 3e &#038; 4e circonscriptions.\",\"datePublished\":\"2017-06-07T15:22:19+00:00\",\"dateModified\":\"2017-06-07T15:37:28+00:00\",\"mainEntityOfPage\":{\"@id\":\"https:\/\/lyonbondyblog.fr\/LBB\/legislatives-2017-candidats-republicains-2e-3e-4e-circonscriptions\/\"},\"wordCount\":449,\"commentCount\":1,\"publisher\":{\"@id\":\"https:\/\/lyonbondyblog.fr\/LBB\/#organization\"},\"image\":{\"@id\":\"https:\/\/lyonbondyblog.fr\/LBB\/legislatives-2017-candidats-republicains-2e-3e-4e-circonscriptions\/#primaryimage\"},\"thumbnailUrl\":\"https:\/\/lyonbondyblog.fr\/LBB\/wp-content\/uploads\/2017\/06\/2048x1536-fit_logo-parti-republicains.jpg\",\"keywords\":[\"2017\",\"Dominique Nachury\",\"Laurence Balas\",\"l\u00e9gislatives\",\"Les\",\"Nora Berra\",\"R\u00e9publicains\"],\"articleSection\":[\"Legislative 2017\",\"Politique\"],\"inLanguage\":\"fr-FR\",\"potentialAction\":[{\"@type\":\"CommentAction\",\"name\":\"Comment\",\"target\":[\"https:\/\/lyonbondyblog.fr\/LBB\/legislatives-2017-candidats-republicains-2e-3e-4e-circonscriptions\/#respond\"]}]},{\"@type\":\"WebPage\",\"@id\":\"https:\/\/lyonbondyblog.fr\/LBB\/legislatives-2017-candidats-republicains-2e-3e-4e-circonscriptions\/\",\"url\":\"https:\/\/lyonbondyblog.fr\/LBB\/legislatives-2017-candidats-republicains-2e-3e-4e-circonscriptions\/\",\"name\":\"L\u00e9gislatives 2017 : Les candidats Les R\u00e9publicains des 2e, 3e & 4e circonscriptions. - Lyon Bondy Blog\",\"isPartOf\":{\"@id\":\"https:\/\/lyonbondyblog.fr\/LBB\/#website\"},\"primaryImageOfPage\":{\"@id\":\"https:\/\/lyonbondyblog.fr\/LBB\/legislatives-2017-candidats-republicains-2e-3e-4e-circonscriptions\/#primaryimage\"},\"image\":{\"@id\":\"https:\/\/lyonbondyblog.fr\/LBB\/legislatives-2017-candidats-republicains-2e-3e-4e-circonscriptions\/#primaryimage\"},\"thumbnailUrl\":\"https:\/\/lyonbondyblog.fr\/LBB\/wp-content\/uploads\/2017\/06\/2048x1536-fit_logo-parti-republicains.jpg\",\"datePublished\":\"2017-06-07T15:22:19+00:00\",\"dateModified\":\"2017-06-07T15:37:28+00:00\",\"inLanguage\":\"fr-FR\",\"potentialAction\":[{\"@type\":\"ReadAction\",\"target\":[\"https:\/\/lyonbondyblog.fr\/LBB\/legislatives-2017-candidats-republicains-2e-3e-4e-circonscriptions\/\"]}]},{\"@type\":\"ImageObject\",\"inLanguage\":\"fr-FR\",\"@id\":\"https:\/\/lyonbondyblog.fr\/LBB\/legislatives-2017-candidats-republicains-2e-3e-4e-circonscriptions\/#primaryimage\",\"url\":\"https:\/\/lyonbondyblog.fr\/LBB\/wp-content\/uploads\/2017\/06\/2048x1536-fit_logo-parti-republicains.jpg\",\"contentUrl\":\"https:\/\/lyonbondyblog.fr\/LBB\/wp-content\/uploads\/2017\/06\/2048x1536-fit_logo-parti-republicains.jpg\",\"width\":1922,\"height\":1536},{\"@type\":\"WebSite\",\"@id\":\"https:\/\/lyonbondyblog.fr\/LBB\/#website\",\"url\":\"https:\/\/lyonbondyblog.fr\/LBB\/\",\"name\":\"Lyon Bondy Blog\",\"description\":\"\",\"publisher\":{\"@id\":\"https:\/\/lyonbondyblog.fr\/LBB\/#organization\"},\"potentialAction\":[{\"@type\":\"SearchAction\",\"target\":{\"@type\":\"EntryPoint\",\"urlTemplate\":\"https:\/\/lyonbondyblog.fr\/LBB\/?s={search_term_string}\"},\"query-input\":\"required name=search_term_string\"}],\"inLanguage\":\"fr-FR\"},{\"@type\":\"Organization\",\"@id\":\"https:\/\/lyonbondyblog.fr\/LBB\/#organization\",\"name\":\"LYON BONDY BLOG\",\"url\":\"https:\/\/lyonbondyblog.fr\/LBB\/\",\"logo\":{\"@type\":\"ImageObject\",\"inLanguage\":\"fr-FR\",\"@id\":\"https:\/\/lyonbondyblog.fr\/LBB\/#\/schema\/logo\/image\/\",\"url\":\"http:\/\/lyonbondyblog.fr\/LBB\/wp-content\/uploads\/2014\/10\/logo-portable-144.png\",\"contentUrl\":\"http:\/\/lyonbondyblog.fr\/LBB\/wp-content\/uploads\/2014\/10\/logo-portable-144.png\",\"width\":144,\"height\":123,\"caption\":\"LYON BONDY BLOG\"},\"image\":{\"@id\":\"https:\/\/lyonbondyblog.fr\/LBB\/#\/schema\/logo\/image\/\"},\"sameAs\":[\"https:\/\/www.facebook.com\/lyonbondyblog\",\"https:\/\/x.com\/bondybloglyon\"]},{\"@type\":\"Person\",\"@id\":\"https:\/\/lyonbondyblog.fr\/LBB\/#\/schema\/person\/c047e75bc2fde2a4510b73ffa872a540\",\"name\":\"Dylan Munoz\",\"url\":\"https:\/\/lyonbondyblog.fr\/LBB\/author\/dylan-munoz\/\"}]}<\/script>\n<!-- \/ Yoast SEO plugin. -->","yoast_head_json":{"title":"L\u00e9gislatives 2017 : Les candidats Les R\u00e9publicains des 2e, 3e & 4e circonscriptions. - Lyon Bondy Blog","robots":{"index":"index","follow":"follow","max-snippet":"max-snippet:-1","max-image-preview":"max-image-preview:large","max-video-preview":"max-video-preview:-1"},"canonical":"https:\/\/lyonbondyblog.fr\/LBB\/legislatives-2017-candidats-republicains-2e-3e-4e-circonscriptions\/","og_locale":"fr_FR","og_type":"article","og_title":"L\u00e9gislatives 2017 : Les candidats Les R\u00e9publicains des 2e, 3e & 4e circonscriptions. - Lyon Bondy Blog","og_description":"Les \u00e9lections l\u00e9gislatives auront lieu les 11 et 18 juin prochain. \u00c0 cette occasion, le Lyon Bondy Blog part \u00e0 la rencontre des candidats pour &hellip;","og_url":"https:\/\/lyonbondyblog.fr\/LBB\/legislatives-2017-candidats-republicains-2e-3e-4e-circonscriptions\/","og_site_name":"Lyon Bondy Blog","article_publisher":"https:\/\/www.facebook.com\/lyonbondyblog","article_published_time":"2017-06-07T15:22:19+00:00","article_modified_time":"2017-06-07T15:37:28+00:00","og_image":[{"width":1922,"height":1536,"url":"https:\/\/lyonbondyblog.fr\/LBB\/wp-content\/uploads\/2017\/06\/2048x1536-fit_logo-parti-republicains.jpg","type":"image\/jpeg"}],"author":"Dylan Munoz","twitter_card":"summary_large_image","twitter_creator":"@bondybloglyon","twitter_site":"@bondybloglyon","schema":{"@context":"https:\/\/schema.org","@graph":[{"@type":"Article","@id":"https:\/\/lyonbondyblog.fr\/LBB\/legislatives-2017-candidats-republicains-2e-3e-4e-circonscriptions\/#article","isPartOf":{"@id":"https:\/\/lyonbondyblog.fr\/LBB\/legislatives-2017-candidats-republicains-2e-3e-4e-circonscriptions\/"},"author":{"name":"Dylan Munoz","@id":"https:\/\/lyonbondyblog.fr\/LBB\/#\/schema\/person\/c047e75bc2fde2a4510b73ffa872a540"},"headline":"L\u00e9gislatives 2017 : Les candidats Les R\u00e9publicains des 2e, 3e &#038; 4e circonscriptions.","datePublished":"2017-06-07T15:22:19+00:00","dateModified":"2017-06-07T15:37:28+00:00","mainEntityOfPage":{"@id":"https:\/\/lyonbondyblog.fr\/LBB\/legislatives-2017-candidats-republicains-2e-3e-4e-circonscriptions\/"},"wordCount":449,"commentCount":1,"publisher":{"@id":"https:\/\/lyonbondyblog.fr\/LBB\/#organization"},"image":{"@id":"https:\/\/lyonbondyblog.fr\/LBB\/legislatives-2017-candidats-republicains-2e-3e-4e-circonscriptions\/#primaryimage"},"thumbnailUrl":"https:\/\/lyonbondyblog.fr\/LBB\/wp-content\/uploads\/2017\/06\/2048x1536-fit_logo-parti-republicains.jpg","keywords":["2017","Dominique Nachury","Laurence Balas","l\u00e9gislatives","Les","Nora Berra","R\u00e9publicains"],"articleSection":["Legislative 2017","Politique"],"inLanguage":"fr-FR","potentialAction":[{"@type":"CommentAction","name":"Comment","target":["https:\/\/lyonbondyblog.fr\/LBB\/legislatives-2017-candidats-republicains-2e-3e-4e-circonscriptions\/#respond"]}]},{"@type":"WebPage","@id":"https:\/\/lyonbondyblog.fr\/LBB\/legislatives-2017-candidats-republicains-2e-3e-4e-circonscriptions\/","url":"https:\/\/lyonbondyblog.fr\/LBB\/legislatives-2017-candidats-republicains-2e-3e-4e-circonscriptions\/","name":"L\u00e9gislatives 2017 : Les candidats Les R\u00e9publicains des 2e, 3e & 4e circonscriptions. - Lyon Bondy Blog","isPartOf":{"@id":"https:\/\/lyonbondyblog.fr\/LBB\/#website"},"primaryImageOfPage":{"@id":"https:\/\/lyonbondyblog.fr\/LBB\/legislatives-2017-candidats-republicains-2e-3e-4e-circonscriptions\/#primaryimage"},"image":{"@id":"https:\/\/lyonbondyblog.fr\/LBB\/legislatives-2017-candidats-republicains-2e-3e-4e-circonscriptions\/#primaryimage"},"thumbnailUrl":"https:\/\/lyonbondyblog.fr\/LBB\/wp-content\/uploads\/2017\/06\/2048x1536-fit_logo-parti-republicains.jpg","datePublished":"2017-06-07T15:22:19+00:00","dateModified":"2017-06-07T15:37:28+00:00","inLanguage":"fr-FR","potentialAction":[{"@type":"ReadAction","target":["https:\/\/lyonbondyblog.fr\/LBB\/legislatives-2017-candidats-republicains-2e-3e-4e-circonscriptions\/"]}]},{"@type":"ImageObject","inLanguage":"fr-FR","@id":"https:\/\/lyonbondyblog.fr\/LBB\/legislatives-2017-candidats-republicains-2e-3e-4e-circonscriptions\/#primaryimage","url":"https:\/\/lyonbondyblog.fr\/LBB\/wp-content\/uploads\/2017\/06\/2048x1536-fit_logo-parti-republicains.jpg","contentUrl":"https:\/\/lyonbondyblog.fr\/LBB\/wp-content\/uploads\/2017\/06\/2048x1536-fit_logo-parti-republicains.jpg","width":1922,"height":1536},{"@type":"WebSite","@id":"https:\/\/lyonbondyblog.fr\/LBB\/#website","url":"https:\/\/lyonbondyblog.fr\/LBB\/","name":"Lyon Bondy Blog","description":"","publisher":{"@id":"https:\/\/lyonbondyblog.fr\/LBB\/#organization"},"potentialAction":[{"@type":"SearchAction","target":{"@type":"EntryPoint","urlTemplate":"https:\/\/lyonbondyblog.fr\/LBB\/?s={search_term_string}"},"query-input":"required name=search_term_string"}],"inLanguage":"fr-FR"},{"@type":"Organization","@id":"https:\/\/lyonbondyblog.fr\/LBB\/#organization","name":"LYON BONDY BLOG","url":"https:\/\/lyonbondyblog.fr\/LBB\/","logo":{"@type":"ImageObject","inLanguage":"fr-FR","@id":"https:\/\/lyonbondyblog.fr\/LBB\/#\/schema\/logo\/image\/","url":"http:\/\/lyonbondyblog.fr\/LBB\/wp-content\/uploads\/2014\/10\/logo-portable-144.png","contentUrl":"http:\/\/lyonbondyblog.fr\/LBB\/wp-content\/uploads\/2014\/10\/logo-portable-144.png","width":144,"height":123,"caption":"LYON BONDY BLOG"},"image":{"@id":"https:\/\/lyonbondyblog.fr\/LBB\/#\/schema\/logo\/image\/"},"sameAs":["https:\/\/www.facebook.com\/lyonbondyblog","https:\/\/x.com\/bondybloglyon"]},{"@type":"Person","@id":"https:\/\/lyonbondyblog.fr\/LBB\/#\/schema\/person\/c047e75bc2fde2a4510b73ffa872a540","name":"Dylan Munoz","url":"https:\/\/lyonbondyblog.fr\/LBB\/author\/dylan-munoz\/"}]}},"_links":{"self":[{"href":"https:\/\/lyonbondyblog.fr\/LBB\/wp-json\/wp\/v2\/posts\/11814","targetHints":{"allow":["GET"]}}],"collection":[{"href":"https:\/\/lyonbondyblog.fr\/LBB\/wp-json\/wp\/v2\/posts"}],"about":[{"href":"https:\/\/lyonbondyblog.fr\/LBB\/wp-json\/wp\/v2\/types\/post"}],"author":[{"embeddable":true,"href":"https:\/\/lyonbondyblog.fr\/LBB\/wp-json\/wp\/v2\/users\/790"}],"replies":[{"embeddable":true,"href":"https:\/\/lyonbondyblog.fr\/LBB\/wp-json\/wp\/v2\/comments?post=11814"}],"version-history":[{"count":5,"href":"https:\/\/lyonbondyblog.fr\/LBB\/wp-json\/wp\/v2\/posts\/11814\/revisions"}],"predecessor-version":[{"id":11832,"href":"https:\/\/lyonbondyblog.fr\/LBB\/wp-json\/wp\/v2\/posts\/11814\/revisions\/11832"}],"wp:featuredmedia":[{"embeddable":true,"href":"https:\/\/lyonbondyblog.fr\/LBB\/wp-json\/wp\/v2\/media\/11828"}],"wp:attachment":[{"href":"https:\/\/lyonbondyblog.fr\/LBB\/wp-json\/wp\/v2\/media?parent=11814"}],"wp:term":[{"taxonomy":"category","embeddable":true,"href":"https:\/\/lyonbondyblog.fr\/LBB\/wp-json\/wp\/v2\/categories?post=11814"},{"taxonomy":"post_tag","embeddable":true,"href":"https:\/\/lyonbondyblog.fr\/LBB\/wp-json\/wp\/v2\/tags?post=11814"}],"curies":[{"name":"wp","href":"https:\/\/api.w.org\/{rel}","templated":true}]}}