{"id":11743,"date":"2017-05-28T17:29:37","date_gmt":"2017-05-28T15:29:37","guid":{"rendered":"http:\/\/lyonbondyblog.fr\/LBB\/?p=11743"},"modified":"2017-05-28T17:32:50","modified_gmt":"2017-05-28T15:32:50","slug":"extra-nuits-sonores-cocktail-de-festivite-dhumanite","status":"publish","type":"post","link":"https:\/\/lyonbondyblog.fr\/LBB\/extra-nuits-sonores-cocktail-de-festivite-dhumanite\/","title":{"rendered":"Extra ! Nuits sonores : un cocktail de festivit\u00e9 et d\u2019humanit\u00e9"},"content":{"rendered":"<p><em>Le 26 mai, au bord du quai Rambaud pr\u00e8s de Confluences, se tenait <a href=\"http:\/\/www.nuits-sonores.com\/les-programmes\/extra-2017\/\">l\u2019Extra\u00a0! Nuits Sonores<\/a> pour une apr\u00e8s-midi forte en chaleur et en d\u00e9couverte. Un open air qui a pour objectif de sensibiliser un maximum de personnes sur la question des r\u00e9fugi\u00e9s.<\/em><\/p>\n<p>C\u2019est sous un soleil \u00e9crasant que des centaines de personnes dansent au rythme de la musique du collectif <a href=\"https:\/\/frenchhouserecords.com\/\">French House Records<\/a> pendant que d\u2019autres se d\u00e9tendent \u00e0 l\u2019ombre profitant de ce week-end de l\u2019ascension. Skateboard, graffiti, d\u00e9tente, cuisine du monde et danse, un programme aux couleurs de l\u2019\u00e9t\u00e9.<\/p>\n<p><a href=\"https:\/\/lyonbondyblog.fr\/LBB\/wp-content\/uploads\/2017\/05\/18741228_1419068651513864_491877620_n.jpg\"><img loading=\"lazy\" decoding=\"async\" class=\" wp-image-11744 aligncenter\" src=\"https:\/\/lyonbondyblog.fr\/LBB\/wp-content\/uploads\/2017\/05\/18741228_1419068651513864_491877620_n-300x225.jpg\" alt=\"\" width=\"465\" height=\"349\" srcset=\"https:\/\/lyonbondyblog.fr\/LBB\/wp-content\/uploads\/2017\/05\/18741228_1419068651513864_491877620_n-300x225.jpg 300w, https:\/\/lyonbondyblog.fr\/LBB\/wp-content\/uploads\/2017\/05\/18741228_1419068651513864_491877620_n-768x576.jpg 768w, https:\/\/lyonbondyblog.fr\/LBB\/wp-content\/uploads\/2017\/05\/18741228_1419068651513864_491877620_n-600x450.jpg 600w, https:\/\/lyonbondyblog.fr\/LBB\/wp-content\/uploads\/2017\/05\/18741228_1419068651513864_491877620_n.jpg 960w\" sizes=\"auto, (max-width: 465px) 100vw, 465px\" \/><\/a><\/p>\n<p>L\u2019association <a href=\"http:\/\/www.auvergne-rhone-alpesolidaires.org\/structures\/singa-lyon\">SINGA<\/a>, en partenariat avec la plateforme <a href=\"http:\/\/www.actionemploirefugies.com\/\">Action Emploi R\u00e9fugi\u00e9s<\/a> offre tout au long de l\u2019apr\u00e8s-midi ensoleill\u00e9e plusieurs activit\u00e9s. Entre autres, un blind-test g\u00e9ant est propos\u00e9 pour casser les st\u00e9r\u00e9otypes des r\u00e9fugi\u00e9s. Souvent d\u00e9nigr\u00e9s, ces derniers sont r\u00e9guli\u00e8rement mis \u00e0 part. Pourtant, Freddy Mercury, Wyclef Jean, Bob Marley, ces grandes ic\u00f4nes qui ont boulevers\u00e9 le monde de la musique en faisaient partie. C\u2019est bien le message v\u00e9hicul\u00e9 de cet open air\u00a0: \u00ab\u00a0<em>On veut changer le regard qu\u2019ont les gens sur les r\u00e9fugi\u00e9s parce que souvent, quand on parle d\u2019eux, les gens se braquent<\/em>\u00a0\u00bb d\u00e9clare Soraya Addi, chef de projet.<\/p>\n<p>Il reste cependant difficile pour les associations d\u2019attirer tous les jeunes quand la musique des cinq DJs (: <a href=\"https:\/\/www.facebook.com\/paulpe.schneider?fref=mentions\">Paul Schneider<\/a>, <a href=\"https:\/\/www.facebook.com\/florentvolt\/?fref=mentions\">Florent Volt<\/a>, <a href=\"https:\/\/www.facebook.com\/gartneradrien\/?fref=mentions\">Adrein Gartner<\/a>,\u00a0 <a href=\"https:\/\/www.facebook.com\/profile.php?id=530974415&amp;fref=mentions\">Clement Prader<\/a> et <a href=\"https:\/\/www.facebook.com\/miskeyz\/?fref=mentions\">Miskeyz<\/a>)\u00a0 font vibrer tout le square.<\/p>\n<p>Hormis les stands de bi\u00e8re r\u00e9partis sur l\u2019ensemble du square G\u00e9n\u00e9ral Delfosse, des communaut\u00e9s en lien avec l\u2019association SINGA proposent des plats venus d\u2019ailleurs pour le plus grand plaisir des festivaliers. La communaut\u00e9 b\u00e9ninoise accompagnait cette journ\u00e9e en mettant en avant ses atouts culinaires\u00a0: \u00ab\u00a0<em>C\u2019est agr\u00e9able de pouvoir partager sa culture avec des personnes qui ne connaissent pas forc\u00e9ment. Ils apprennent des choses et nous aussi. Nous sommes venus au dernier moment, on appr\u00e9hendait un peu, mais les gens sont curieux et contents de nous voir<\/em>\u00a0\u00bb se r\u00e9jouit le pr\u00e9sident de l\u2019association <a href=\"http:\/\/www.verif.com\/societe\/UNION-DES-FEMMES-ET-AMI%28E%29S-DU-BENIN-RHONE-%28UFAB-RHONE%29-809716525\/\">Les Amazones<\/a>.<\/p>\n<p><a href=\"https:\/\/lyonbondyblog.fr\/LBB\/wp-content\/uploads\/2017\/05\/18788118_1419068648180531_487882159_n.jpg\"><img loading=\"lazy\" decoding=\"async\" class=\" wp-image-11745 aligncenter\" src=\"https:\/\/lyonbondyblog.fr\/LBB\/wp-content\/uploads\/2017\/05\/18788118_1419068648180531_487882159_n-225x300.jpg\" alt=\"\" width=\"325\" height=\"433\" srcset=\"https:\/\/lyonbondyblog.fr\/LBB\/wp-content\/uploads\/2017\/05\/18788118_1419068648180531_487882159_n-225x300.jpg 225w, https:\/\/lyonbondyblog.fr\/LBB\/wp-content\/uploads\/2017\/05\/18788118_1419068648180531_487882159_n-600x800.jpg 600w, https:\/\/lyonbondyblog.fr\/LBB\/wp-content\/uploads\/2017\/05\/18788118_1419068648180531_487882159_n.jpg 720w\" sizes=\"auto, (max-width: 325px) 100vw, 325px\" \/><\/a><\/p>\n<p>Pour rajouter un peu de couleur, l\u2019open air accueille \u00e9galement l\u2019association <a href=\"http:\/\/www.lacoulure.com\/\">La Coulure<\/a>, un groupe d\u2019artistes sp\u00e9cialis\u00e9 dans le graffiti. Ils proposent deux stands permettant de laisser libre cours \u00e0 son imagination.<\/p>\n<p>Organis\u00e9 lors du grand week-end de l\u2019ascension, nombreuses sont les personnes \u00e0 s\u2019\u00eatre d\u00e9plac\u00e9e pour cet \u00e9v\u00e8nement r\u00e9unissant festivit\u00e9 et humanit\u00e9. Le temps estival redonne le sourire aux jeunes venant f\u00eater l\u2019arriv\u00e9e des beaux jours. Un Open Air particulier qui, pour la premi\u00e8re fois dans le cadre des Nuits Sonores, s\u2019engage en sensibilisant les jeunes \u00e0 des sujets de soci\u00e9t\u00e9 importants, notamment les r\u00e9fugi\u00e9s.<\/p>\n<p>Cette initiative humaine est une r\u00e9ussite.<\/p>\n<!-- AddThis Advanced Settings generic via filter on the_content --><!-- AddThis Share Buttons generic via filter on the_content -->","protected":false},"excerpt":{"rendered":"<p>Le 26 mai, au bord du quai Rambaud pr\u00e8s de Confluences, se tenait l\u2019Extra\u00a0! Nuits Sonores pour une apr\u00e8s-midi forte en chaleur et en d\u00e9couverte. &hellip; <!-- AddThis Advanced Settings generic via filter on wp_trim_excerpt --><!-- AddThis Share Buttons generic via filter on wp_trim_excerpt --><\/p>\n","protected":false},"author":826,"featured_media":11744,"comment_status":"open","ping_status":"open","sticky":false,"template":"","format":"standard","meta":{"_FSMCFIC_featured_image_caption":"","_FSMCFIC_featured_image_nocaption":"","_FSMCFIC_featured_image_hide":"","footnotes":""},"categories":[3,4],"tags":[3021,2991,3020,3022,677,358,3018,3019],"class_list":["post-11743","post","type-post","status-publish","format-standard","has-post-thumbnail","hentry","category-culture","category-lyon","tag-asso","tag-chanson","tag-eletro","tag-humain","tag-immigration","tag-musique","tag-nuits","tag-sonores"],"yoast_head":"<!-- This site is optimized with the Yoast SEO plugin v22.8 - https:\/\/yoast.com\/wordpress\/plugins\/seo\/ -->\n<title>Extra ! Nuits sonores : un cocktail de festivit\u00e9 et d\u2019humanit\u00e9 - Lyon Bondy Blog<\/title>\n<meta name=\"robots\" content=\"index, follow, max-snippet:-1, max-image-preview:large, max-video-preview:-1\" \/>\n<link rel=\"canonical\" href=\"https:\/\/lyonbondyblog.fr\/LBB\/extra-nuits-sonores-cocktail-de-festivite-dhumanite\/\" \/>\n<meta property=\"og:locale\" content=\"fr_FR\" \/>\n<meta property=\"og:type\" content=\"article\" \/>\n<meta property=\"og:title\" content=\"Extra ! Nuits sonores : un cocktail de festivit\u00e9 et d\u2019humanit\u00e9 - Lyon Bondy Blog\" \/>\n<meta property=\"og:description\" content=\"Le 26 mai, au bord du quai Rambaud pr\u00e8s de Confluences, se tenait l\u2019Extra\u00a0! Nuits Sonores pour une apr\u00e8s-midi forte en chaleur et en d\u00e9couverte. &hellip;\" \/>\n<meta property=\"og:url\" content=\"https:\/\/lyonbondyblog.fr\/LBB\/extra-nuits-sonores-cocktail-de-festivite-dhumanite\/\" \/>\n<meta property=\"og:site_name\" content=\"Lyon Bondy Blog\" \/>\n<meta property=\"article:publisher\" content=\"https:\/\/www.facebook.com\/lyonbondyblog\" \/>\n<meta property=\"article:published_time\" content=\"2017-05-28T15:29:37+00:00\" \/>\n<meta property=\"article:modified_time\" content=\"2017-05-28T15:32:50+00:00\" \/>\n<meta property=\"og:image\" content=\"https:\/\/lyonbondyblog.fr\/LBB\/wp-content\/uploads\/2017\/05\/18741228_1419068651513864_491877620_n.jpg\" \/>\n\t<meta property=\"og:image:width\" content=\"960\" \/>\n\t<meta property=\"og:image:height\" content=\"720\" \/>\n\t<meta property=\"og:image:type\" content=\"image\/jpeg\" \/>\n<meta name=\"author\" content=\"Lucie Talon\" \/>\n<meta name=\"twitter:card\" content=\"summary_large_image\" \/>\n<meta name=\"twitter:creator\" content=\"@bondybloglyon\" \/>\n<meta name=\"twitter:site\" content=\"@bondybloglyon\" \/>\n<script type=\"application\/ld+json\" class=\"yoast-schema-graph\">{\"@context\":\"https:\/\/schema.org\",\"@graph\":[{\"@type\":\"Article\",\"@id\":\"https:\/\/lyonbondyblog.fr\/LBB\/extra-nuits-sonores-cocktail-de-festivite-dhumanite\/#article\",\"isPartOf\":{\"@id\":\"https:\/\/lyonbondyblog.fr\/LBB\/extra-nuits-sonores-cocktail-de-festivite-dhumanite\/\"},\"author\":{\"name\":\"Lucie Talon\",\"@id\":\"https:\/\/lyonbondyblog.fr\/LBB\/#\/schema\/person\/d48d61bb9e1ceabbdcb07371986c490e\"},\"headline\":\"Extra ! Nuits sonores : un cocktail de festivit\u00e9 et d\u2019humanit\u00e9\",\"datePublished\":\"2017-05-28T15:29:37+00:00\",\"dateModified\":\"2017-05-28T15:32:50+00:00\",\"mainEntityOfPage\":{\"@id\":\"https:\/\/lyonbondyblog.fr\/LBB\/extra-nuits-sonores-cocktail-de-festivite-dhumanite\/\"},\"wordCount\":496,\"commentCount\":0,\"publisher\":{\"@id\":\"https:\/\/lyonbondyblog.fr\/LBB\/#organization\"},\"image\":{\"@id\":\"https:\/\/lyonbondyblog.fr\/LBB\/extra-nuits-sonores-cocktail-de-festivite-dhumanite\/#primaryimage\"},\"thumbnailUrl\":\"https:\/\/lyonbondyblog.fr\/LBB\/wp-content\/uploads\/2017\/05\/18741228_1419068651513864_491877620_n.jpg\",\"keywords\":[\"asso\",\"chanson\",\"eletro\",\"humain\",\"immigration\",\"musique\",\"nuits\",\"sonores\"],\"articleSection\":[\"Culture\",\"Lyon\"],\"inLanguage\":\"fr-FR\",\"potentialAction\":[{\"@type\":\"CommentAction\",\"name\":\"Comment\",\"target\":[\"https:\/\/lyonbondyblog.fr\/LBB\/extra-nuits-sonores-cocktail-de-festivite-dhumanite\/#respond\"]}]},{\"@type\":\"WebPage\",\"@id\":\"https:\/\/lyonbondyblog.fr\/LBB\/extra-nuits-sonores-cocktail-de-festivite-dhumanite\/\",\"url\":\"https:\/\/lyonbondyblog.fr\/LBB\/extra-nuits-sonores-cocktail-de-festivite-dhumanite\/\",\"name\":\"Extra ! Nuits sonores : un cocktail de festivit\u00e9 et d\u2019humanit\u00e9 - Lyon Bondy Blog\",\"isPartOf\":{\"@id\":\"https:\/\/lyonbondyblog.fr\/LBB\/#website\"},\"primaryImageOfPage\":{\"@id\":\"https:\/\/lyonbondyblog.fr\/LBB\/extra-nuits-sonores-cocktail-de-festivite-dhumanite\/#primaryimage\"},\"image\":{\"@id\":\"https:\/\/lyonbondyblog.fr\/LBB\/extra-nuits-sonores-cocktail-de-festivite-dhumanite\/#primaryimage\"},\"thumbnailUrl\":\"https:\/\/lyonbondyblog.fr\/LBB\/wp-content\/uploads\/2017\/05\/18741228_1419068651513864_491877620_n.jpg\",\"datePublished\":\"2017-05-28T15:29:37+00:00\",\"dateModified\":\"2017-05-28T15:32:50+00:00\",\"inLanguage\":\"fr-FR\",\"potentialAction\":[{\"@type\":\"ReadAction\",\"target\":[\"https:\/\/lyonbondyblog.fr\/LBB\/extra-nuits-sonores-cocktail-de-festivite-dhumanite\/\"]}]},{\"@type\":\"ImageObject\",\"inLanguage\":\"fr-FR\",\"@id\":\"https:\/\/lyonbondyblog.fr\/LBB\/extra-nuits-sonores-cocktail-de-festivite-dhumanite\/#primaryimage\",\"url\":\"https:\/\/lyonbondyblog.fr\/LBB\/wp-content\/uploads\/2017\/05\/18741228_1419068651513864_491877620_n.jpg\",\"contentUrl\":\"https:\/\/lyonbondyblog.fr\/LBB\/wp-content\/uploads\/2017\/05\/18741228_1419068651513864_491877620_n.jpg\",\"width\":960,\"height\":720},{\"@type\":\"WebSite\",\"@id\":\"https:\/\/lyonbondyblog.fr\/LBB\/#website\",\"url\":\"https:\/\/lyonbondyblog.fr\/LBB\/\",\"name\":\"Lyon Bondy Blog\",\"description\":\"\",\"publisher\":{\"@id\":\"https:\/\/lyonbondyblog.fr\/LBB\/#organization\"},\"potentialAction\":[{\"@type\":\"SearchAction\",\"target\":{\"@type\":\"EntryPoint\",\"urlTemplate\":\"https:\/\/lyonbondyblog.fr\/LBB\/?s={search_term_string}\"},\"query-input\":\"required name=search_term_string\"}],\"inLanguage\":\"fr-FR\"},{\"@type\":\"Organization\",\"@id\":\"https:\/\/lyonbondyblog.fr\/LBB\/#organization\",\"name\":\"LYON BONDY BLOG\",\"url\":\"https:\/\/lyonbondyblog.fr\/LBB\/\",\"logo\":{\"@type\":\"ImageObject\",\"inLanguage\":\"fr-FR\",\"@id\":\"https:\/\/lyonbondyblog.fr\/LBB\/#\/schema\/logo\/image\/\",\"url\":\"http:\/\/lyonbondyblog.fr\/LBB\/wp-content\/uploads\/2014\/10\/logo-portable-144.png\",\"contentUrl\":\"http:\/\/lyonbondyblog.fr\/LBB\/wp-content\/uploads\/2014\/10\/logo-portable-144.png\",\"width\":144,\"height\":123,\"caption\":\"LYON BONDY BLOG\"},\"image\":{\"@id\":\"https:\/\/lyonbondyblog.fr\/LBB\/#\/schema\/logo\/image\/\"},\"sameAs\":[\"https:\/\/www.facebook.com\/lyonbondyblog\",\"https:\/\/x.com\/bondybloglyon\"]},{\"@type\":\"Person\",\"@id\":\"https:\/\/lyonbondyblog.fr\/LBB\/#\/schema\/person\/d48d61bb9e1ceabbdcb07371986c490e\",\"name\":\"Lucie Talon\",\"url\":\"https:\/\/lyonbondyblog.fr\/LBB\/author\/lucie-talon\/\"}]}<\/script>\n<!-- \/ Yoast SEO plugin. -->","yoast_head_json":{"title":"Extra ! Nuits sonores : un cocktail de festivit\u00e9 et d\u2019humanit\u00e9 - Lyon Bondy Blog","robots":{"index":"index","follow":"follow","max-snippet":"max-snippet:-1","max-image-preview":"max-image-preview:large","max-video-preview":"max-video-preview:-1"},"canonical":"https:\/\/lyonbondyblog.fr\/LBB\/extra-nuits-sonores-cocktail-de-festivite-dhumanite\/","og_locale":"fr_FR","og_type":"article","og_title":"Extra ! Nuits sonores : un cocktail de festivit\u00e9 et d\u2019humanit\u00e9 - Lyon Bondy Blog","og_description":"Le 26 mai, au bord du quai Rambaud pr\u00e8s de Confluences, se tenait l\u2019Extra\u00a0! Nuits Sonores pour une apr\u00e8s-midi forte en chaleur et en d\u00e9couverte. &hellip;","og_url":"https:\/\/lyonbondyblog.fr\/LBB\/extra-nuits-sonores-cocktail-de-festivite-dhumanite\/","og_site_name":"Lyon Bondy Blog","article_publisher":"https:\/\/www.facebook.com\/lyonbondyblog","article_published_time":"2017-05-28T15:29:37+00:00","article_modified_time":"2017-05-28T15:32:50+00:00","og_image":[{"width":960,"height":720,"url":"https:\/\/lyonbondyblog.fr\/LBB\/wp-content\/uploads\/2017\/05\/18741228_1419068651513864_491877620_n.jpg","type":"image\/jpeg"}],"author":"Lucie Talon","twitter_card":"summary_large_image","twitter_creator":"@bondybloglyon","twitter_site":"@bondybloglyon","schema":{"@context":"https:\/\/schema.org","@graph":[{"@type":"Article","@id":"https:\/\/lyonbondyblog.fr\/LBB\/extra-nuits-sonores-cocktail-de-festivite-dhumanite\/#article","isPartOf":{"@id":"https:\/\/lyonbondyblog.fr\/LBB\/extra-nuits-sonores-cocktail-de-festivite-dhumanite\/"},"author":{"name":"Lucie Talon","@id":"https:\/\/lyonbondyblog.fr\/LBB\/#\/schema\/person\/d48d61bb9e1ceabbdcb07371986c490e"},"headline":"Extra ! Nuits sonores : un cocktail de festivit\u00e9 et d\u2019humanit\u00e9","datePublished":"2017-05-28T15:29:37+00:00","dateModified":"2017-05-28T15:32:50+00:00","mainEntityOfPage":{"@id":"https:\/\/lyonbondyblog.fr\/LBB\/extra-nuits-sonores-cocktail-de-festivite-dhumanite\/"},"wordCount":496,"commentCount":0,"publisher":{"@id":"https:\/\/lyonbondyblog.fr\/LBB\/#organization"},"image":{"@id":"https:\/\/lyonbondyblog.fr\/LBB\/extra-nuits-sonores-cocktail-de-festivite-dhumanite\/#primaryimage"},"thumbnailUrl":"https:\/\/lyonbondyblog.fr\/LBB\/wp-content\/uploads\/2017\/05\/18741228_1419068651513864_491877620_n.jpg","keywords":["asso","chanson","eletro","humain","immigration","musique","nuits","sonores"],"articleSection":["Culture","Lyon"],"inLanguage":"fr-FR","potentialAction":[{"@type":"CommentAction","name":"Comment","target":["https:\/\/lyonbondyblog.fr\/LBB\/extra-nuits-sonores-cocktail-de-festivite-dhumanite\/#respond"]}]},{"@type":"WebPage","@id":"https:\/\/lyonbondyblog.fr\/LBB\/extra-nuits-sonores-cocktail-de-festivite-dhumanite\/","url":"https:\/\/lyonbondyblog.fr\/LBB\/extra-nuits-sonores-cocktail-de-festivite-dhumanite\/","name":"Extra ! Nuits sonores : un cocktail de festivit\u00e9 et d\u2019humanit\u00e9 - Lyon Bondy Blog","isPartOf":{"@id":"https:\/\/lyonbondyblog.fr\/LBB\/#website"},"primaryImageOfPage":{"@id":"https:\/\/lyonbondyblog.fr\/LBB\/extra-nuits-sonores-cocktail-de-festivite-dhumanite\/#primaryimage"},"image":{"@id":"https:\/\/lyonbondyblog.fr\/LBB\/extra-nuits-sonores-cocktail-de-festivite-dhumanite\/#primaryimage"},"thumbnailUrl":"https:\/\/lyonbondyblog.fr\/LBB\/wp-content\/uploads\/2017\/05\/18741228_1419068651513864_491877620_n.jpg","datePublished":"2017-05-28T15:29:37+00:00","dateModified":"2017-05-28T15:32:50+00:00","inLanguage":"fr-FR","potentialAction":[{"@type":"ReadAction","target":["https:\/\/lyonbondyblog.fr\/LBB\/extra-nuits-sonores-cocktail-de-festivite-dhumanite\/"]}]},{"@type":"ImageObject","inLanguage":"fr-FR","@id":"https:\/\/lyonbondyblog.fr\/LBB\/extra-nuits-sonores-cocktail-de-festivite-dhumanite\/#primaryimage","url":"https:\/\/lyonbondyblog.fr\/LBB\/wp-content\/uploads\/2017\/05\/18741228_1419068651513864_491877620_n.jpg","contentUrl":"https:\/\/lyonbondyblog.fr\/LBB\/wp-content\/uploads\/2017\/05\/18741228_1419068651513864_491877620_n.jpg","width":960,"height":720},{"@type":"WebSite","@id":"https:\/\/lyonbondyblog.fr\/LBB\/#website","url":"https:\/\/lyonbondyblog.fr\/LBB\/","name":"Lyon Bondy Blog","description":"","publisher":{"@id":"https:\/\/lyonbondyblog.fr\/LBB\/#organization"},"potentialAction":[{"@type":"SearchAction","target":{"@type":"EntryPoint","urlTemplate":"https:\/\/lyonbondyblog.fr\/LBB\/?s={search_term_string}"},"query-input":"required name=search_term_string"}],"inLanguage":"fr-FR"},{"@type":"Organization","@id":"https:\/\/lyonbondyblog.fr\/LBB\/#organization","name":"LYON BONDY BLOG","url":"https:\/\/lyonbondyblog.fr\/LBB\/","logo":{"@type":"ImageObject","inLanguage":"fr-FR","@id":"https:\/\/lyonbondyblog.fr\/LBB\/#\/schema\/logo\/image\/","url":"http:\/\/lyonbondyblog.fr\/LBB\/wp-content\/uploads\/2014\/10\/logo-portable-144.png","contentUrl":"http:\/\/lyonbondyblog.fr\/LBB\/wp-content\/uploads\/2014\/10\/logo-portable-144.png","width":144,"height":123,"caption":"LYON BONDY BLOG"},"image":{"@id":"https:\/\/lyonbondyblog.fr\/LBB\/#\/schema\/logo\/image\/"},"sameAs":["https:\/\/www.facebook.com\/lyonbondyblog","https:\/\/x.com\/bondybloglyon"]},{"@type":"Person","@id":"https:\/\/lyonbondyblog.fr\/LBB\/#\/schema\/person\/d48d61bb9e1ceabbdcb07371986c490e","name":"Lucie Talon","url":"https:\/\/lyonbondyblog.fr\/LBB\/author\/lucie-talon\/"}]}},"_links":{"self":[{"href":"https:\/\/lyonbondyblog.fr\/LBB\/wp-json\/wp\/v2\/posts\/11743","targetHints":{"allow":["GET"]}}],"collection":[{"href":"https:\/\/lyonbondyblog.fr\/LBB\/wp-json\/wp\/v2\/posts"}],"about":[{"href":"https:\/\/lyonbondyblog.fr\/LBB\/wp-json\/wp\/v2\/types\/post"}],"author":[{"embeddable":true,"href":"https:\/\/lyonbondyblog.fr\/LBB\/wp-json\/wp\/v2\/users\/826"}],"replies":[{"embeddable":true,"href":"https:\/\/lyonbondyblog.fr\/LBB\/wp-json\/wp\/v2\/comments?post=11743"}],"version-history":[{"count":4,"href":"https:\/\/lyonbondyblog.fr\/LBB\/wp-json\/wp\/v2\/posts\/11743\/revisions"}],"predecessor-version":[{"id":11750,"href":"https:\/\/lyonbondyblog.fr\/LBB\/wp-json\/wp\/v2\/posts\/11743\/revisions\/11750"}],"wp:featuredmedia":[{"embeddable":true,"href":"https:\/\/lyonbondyblog.fr\/LBB\/wp-json\/wp\/v2\/media\/11744"}],"wp:attachment":[{"href":"https:\/\/lyonbondyblog.fr\/LBB\/wp-json\/wp\/v2\/media?parent=11743"}],"wp:term":[{"taxonomy":"category","embeddable":true,"href":"https:\/\/lyonbondyblog.fr\/LBB\/wp-json\/wp\/v2\/categories?post=11743"},{"taxonomy":"post_tag","embeddable":true,"href":"https:\/\/lyonbondyblog.fr\/LBB\/wp-json\/wp\/v2\/tags?post=11743"}],"curies":[{"name":"wp","href":"https:\/\/api.w.org\/{rel}","templated":true}]}}