{"id":11336,"date":"2017-05-03T16:01:04","date_gmt":"2017-05-03T14:01:04","guid":{"rendered":"http:\/\/lyonbondyblog.fr\/LBB\/?p=11336"},"modified":"2017-05-06T12:55:50","modified_gmt":"2017-05-06T10:55:50","slug":"nathalie-perrin-gilbert-dune-gauche-hesitante-a-vote-utile","status":"publish","type":"post","link":"https:\/\/lyonbondyblog.fr\/LBB\/nathalie-perrin-gilbert-dune-gauche-hesitante-a-vote-utile\/","title":{"rendered":"Nathalie Perrin-Gilbert : d\u2019une Gauche h\u00e9sitante \u00e0 un vote utile"},"content":{"rendered":"<p><em>Au soir du premier tour, les deux candidats sortants Emmanuel Macron et Marine Le Pen se lancent dans une longue parade pour s\u00e9duire un maximum de Fran\u00e7ais avant le 7 mai.&nbsp;La candidate citoyenne aux l\u00e9gislatives du Rh\u00f4ne, Nathalie&nbsp;Perrin-Gilbert&nbsp;souhaite mettre les choses au clair sur ses choix de vote et sur la situation de la France \u00e0 la veille du deuxi\u00e8me tour.<\/em><\/p>\n<p>\u00c0 Lyon, la maire du premier arrondissement a quitt\u00e9 en 2013 le Parti socialiste qui ne lui convenait plus.&nbsp;Depuis, la candidate aux l\u00e9gislatives n\u2019a encore rejoint aucun autre&nbsp;mouvement, mais&nbsp;a cr\u00e9\u00e9 le&nbsp;<a href=\"http:\/\/gram-metropoles.org\/\">GRAM,<\/a> sa propre association citoyenne. M\u00eame si la Gauche n\u2019a pas sa place au second tour, elle estime que rien n\u2019est perdu pour les l\u00e9gislatives.<\/p>\n<h3>Un premier tour ambigu<\/h3>\n<p>La candidate \u00e0 la deuxi\u00e8me circonscription du Rh\u00f4ne, Nathalie&nbsp;Perrin-Gilbert,&nbsp;a d\u00e9cid\u00e9 de donner son vote \u00e0 l\u2019ancien d\u00e9put\u00e9 europ\u00e9en, Beno\u00eet Hamon en tant que \u00ab&nbsp;<em>citoyenne lambda et pas comme un membre du&nbsp;Parti socialiste<\/em>&nbsp;\u00bb.&nbsp;Seulement, quelque temps plus tard, cette derni\u00e8re s\u2019est tourn\u00e9e vers Jean-Luc M\u00e9lenchon, \u00e0 une semaine du premier tour :&nbsp;\u00ab&nbsp;<em>Je&nbsp;suis all\u00e9 \u00e0 son meeting&nbsp;(..)&nbsp;que j\u2019avais trouv\u00e9 int\u00e9ressant notamment ses propos \u00e0&nbsp;Eurexpo&nbsp;sur la culture, la recherche, l\u2019universit\u00e9<\/em>&nbsp;\u00bb.&nbsp;Les phrases \u00e9lanc\u00e9es et le ton prononc\u00e9 du leader du Front de Gauche a su convaincre la maire socialiste du premier arrondissement.&nbsp;Si&nbsp;Beno\u00eet Hamon et Nathalie&nbsp;Perrin-Gilbert&nbsp;se connaissent depuis longtemps, le programme du candidat de la France Insoumise semble faire le poids&nbsp;:&nbsp;\u00ab&nbsp;<em>On a constat\u00e9 fortement en \u00e9tant au meeting que la dynamique citoyenne habitante \u00e9tait du c\u00f4t\u00e9 de la France Insoumise.&nbsp;J\u2019ai vu de l\u2019espoir de ce c\u00f4t\u00e9-l\u00e0&nbsp;<\/em>\u00bb reconna\u00eet Madame la maire.<br \/>\nUn vote qui peut \u00eatre consid\u00e9r\u00e9 comme utile, si l\u2019on reprend les paroles de la candidate :&nbsp;\u00ab&nbsp;<em>Pour moi, avoir une chance que la gauche soit au second tour, c\u2019\u00e9tait voter M\u00e9lenchon.&nbsp;Je l\u2019ai fait alors que dans le fond, je pouvais me retrouver chez Beno\u00eet Hamon.&nbsp;Je suis oblig\u00e9 de faire un choix, et \u00e7a m\u2019emb\u00eate <\/em>\u00bb.<\/p>\n<p>Pr\u00e9c\u00e9demment&nbsp;soutenue&nbsp;par G\u00e9rard&nbsp;Collomb, les relations entre les deux \u00e9lus se sont&nbsp;<a href=\"http:\/\/www.rue89lyon.fr\/2012\/01\/05\/nathalie-perrin-gilbert-opposition-gauche-de-collomb\/\">d\u00e9grad\u00e9es<\/a>.&nbsp;En 2008, quand le maire de Lyon est \u00e9lu pour un deuxi\u00e8me mandat, la conseill\u00e8re municipale s\u2019oppose sur certaines propositions de la politique de Monsieur&nbsp;Collomb.&nbsp;Le projet du Grand stade consacr\u00e9 \u00e0 l\u2019Olympique lyonnais en fait partie.&nbsp;Elle d\u00e9clare&nbsp;:\u00ab&nbsp;<em>je suis connue pour \u00eatre une femme de gauche et on me reproche souvent d\u2019\u00eatre l\u2019\u00e9ternelle opposante simplement parce que je tiens \u00e0 des valeurs&nbsp;\u00bb.<\/em><\/p>\n<h3>&nbsp; \u00ab&nbsp;Malgr\u00e9 tous les probl\u00e8mes que \u00e7a pose, je mettrais un bulletin Macron dans l\u2019urne.&nbsp;\u00bb<\/h3>\n<p>Pour Nathalie&nbsp;Perrin-Gilbert,&nbsp;qui aurait aim\u00e9 voir M\u00e9lenchon passer au deuxi\u00e8me tour, la mont\u00e9e du&nbsp;Front National&nbsp;est \u00ab&nbsp;<em>une catastrophe&nbsp;(\u2026).&nbsp;Aujourd\u2019hui, on se retrouve avec un choix que j\u2019aurais pour ma part voulu \u00e9viter&nbsp;:&nbsp;trancher entre Madame Le Pen et Monsieur Macron<\/em>&nbsp;\u00bb.&nbsp;Le soir des r\u00e9sultats du premier tour, la maire du premier arrondissement a d\u00e9clar\u00e9 sur son profil Facebook qu\u2019\u00ab <em>il faut emp\u00eacher Marine Le Pen de gagner les \u00e9lections le 7 mai prochain<\/em>&nbsp;\u00bb.&nbsp;Pour y faire barrage, la seule solution reste de voter le plus jeune candidat \u00e0 l\u2019\u00e9lection pr\u00e9sidentielle, Emmanuel Macron.&nbsp;Madame&nbsp;Perrin-Gilbert&nbsp;votera alors&nbsp;Macron mais&nbsp;n\u2019incite personne d\u2019autre \u00e0 le faire&nbsp;:&nbsp;\u00ab&nbsp;<em>Je pense que les gens font ce qu\u2019ils veulent apr\u00e8s tout.&nbsp;\u00c0 aucun moment, je ne vais critiquer ceux qui vont voter blanc et qui n\u2019iront pas voter<\/em> \u00bb.&nbsp;Le choix de voter pour l\u2019opposant \u00e0 Marine Le Pen est uniquement dans le but de bloquer l\u2019acc\u00e8s au pouvoir de cette derni\u00e8re.&nbsp;Le programme d\u2019En Marche ne convainc pas pour autant la candidate aux l\u00e9gislatives&nbsp;: \u00ab&nbsp;<em>je lutterai contre Monsieur Macron et son programme \u00e0 l\u2019Assembl\u00e9<\/em>&nbsp;\u00bb annonce la co-fondatrice du <a href=\"https:\/\/www.facebook.com\/gramlyonmetropole\/\">GRAM<\/a>. L\u2019\u00e9quipe d\u2019Emmanuel Macron, dont G\u00e9rard&nbsp;Collomb&nbsp;fait partie, doivent \u00ab&nbsp;<em>substituer \u00e0 leur arrogance et leur intransigeance de la modestie et de l\u2019humilit\u00e9&nbsp;<\/em>\u00bb annonce Madame&nbsp;Perrin-Gilbert&nbsp;sur Facebook.&nbsp;Elle souligne \u00e9galement que le comportement du candidat d\u2019aucun parti lors de sa qualification au deuxi\u00e8me tour est une erreur grossi\u00e8re&nbsp;:&nbsp;\u00ab&nbsp;<em>Si j\u2019\u00e9tais lui, je ne paraderai surtout pas.&nbsp;J\u2019ai trouv\u00e9 son arrogance \u00e0 aller f\u00eater sa victoire totalement d\u00e9plac\u00e9e<\/em>&nbsp;\u00bb.<\/p>\n<h3>La menace du Front National<\/h3>\n<p>Avec la mont\u00e9e du terrorisme en France, le Front National accro\u00eet, r\u00e9cup\u00e8re de plus en plus de voix. Aujourd\u2019hui, Marine Le Pen est \u00e0 quelques points de la pr\u00e9sidentielle, ce qui pousse certains \u00e0 d\u00e9clencher l\u2019alarme. Pour Nathalie Perrin-Gilbert \u00ab&nbsp;<em>le vote Le Pen c\u2019est le r\u00e9sultat des politiques lib\u00e9rales, des politiques avec un certain m\u00e9pris vis-\u00e0-vis de citoyens, des citoyennes, des habitants des quartiers, plus g\u00e9n\u00e9ralement de notre pays<\/em>&nbsp;\u00bb. Actuellement, la situation de la France avec l\u2019\u00e9tat d\u2019urgence ne serait pas compatible avec la politique de Marine Le Pen. C\u2019est un parti \u00ab&nbsp;violent, <em>homophobe et x\u00e9nophobe contre nos libert\u00e9s<\/em>&nbsp;\u00bb nous confie la conseill\u00e8re municipale de Lyon.&nbsp; \u00ab&nbsp;<em>Que serait Madame Le Pen pr\u00e9sidente avec l\u2019\u00e9tat d\u2019urgence dans notre pays&nbsp;quand on voit ce que ses partis, comme le GUD, font vis-\u00e0-vis de vos coll\u00e8gues&nbsp;?<\/em>&nbsp;\u00bb s\u2019indigne-t-elle faisant r\u00e9f\u00e9rence \u00e0 l\u2019entr\u00e9e d\u2019immeuble du journaliste Laurent Burlet qui a \u00e9t\u00e9 <a href=\"http:\/\/www.rue89lyon.fr\/2017\/04\/18\/facho-land-intimidations-apres-article-lextreme-droite-vieux-lyon\/\">tagu\u00e9e<\/a> et revendiqu\u00e9e par l\u2019extr\u00eame droite nationaliste. Cet acte de vandalisme survient quelques jours apr\u00e8s la publication de <a href=\"http:\/\/www.rue89lyon.fr\/2017\/03\/29\/le-vieux-lyon-ne-veut-pas-devenir-facho-land-saison-2\/\">l\u2019article<\/a> sur l\u2019accroissement de l\u2019extr\u00eame droite. Nathalie Perrin-Gilbert est une unanime&nbsp;: \u00ab&nbsp;<em>Je pr\u00e9f\u00e8re lutter politiquement face \u00e0 une violence institutionnelle et \u00e9conomique que lutter dans la rue face aux brigades de Madame Le Pen et de l\u2019extr\u00eame droite.<\/em>&nbsp;\u00bb car l\u2019image de la France \u00e0 l\u2019international est aussi en jeu.<\/p>\n<p>Les \u00e9lections pr\u00e9sidentielles mouvement\u00e9es de l\u2019ann\u00e9e 2017 ne laissent pas de place au parti de gauche. Mais Nathalie Perrin-Gilbert place son espoir dans les \u00e9lections l\u00e9gislatives de Juin&nbsp;: \u00ab&nbsp;<em>les l\u00e9gislatives sont un 3<sup>e<\/sup> tour des pr\u00e9sidentielles. On n\u2019a pas \u00e9t\u00e9 capable de passer le 1<sup>er<\/sup>, passons \u00e0 celui du 3<sup>e<\/sup> tour. Soyons forts ensemble<\/em>&nbsp;\u00bb.<\/p>\n<p style=\"text-align: right;\">Article sign\u00e9 Lucie Talon<\/p>\n<!-- AddThis Advanced Settings generic via filter on the_content --><!-- AddThis Share Buttons generic via filter on the_content -->","protected":false},"excerpt":{"rendered":"<p>Au soir du premier tour, les deux candidats sortants Emmanuel Macron et Marine Le Pen se lancent dans une longue parade pour s\u00e9duire un maximum &hellip; <!-- AddThis Advanced Settings generic via filter on wp_trim_excerpt --><!-- AddThis Share Buttons generic via filter on wp_trim_excerpt --><\/p>\n","protected":false},"author":826,"featured_media":11337,"comment_status":"open","ping_status":"open","sticky":false,"template":"","format":"standard","meta":{"_FSMCFIC_featured_image_caption":"","_FSMCFIC_featured_image_nocaption":"","_FSMCFIC_featured_image_hide":"","footnotes":""},"categories":[2923,2762,6,2792],"tags":[343,784,2510],"class_list":["post-11336","post","type-post","status-publish","format-standard","has-post-thumbnail","hentry","category-lentre-deux-tours","category-legislative-2017","category-politique","category-presidentielle_2017","tag-legislatives","tag-nathalie-perrin-gilbert","tag-presidentielle"],"yoast_head":"<!-- This site is optimized with the Yoast SEO plugin v22.8 - https:\/\/yoast.com\/wordpress\/plugins\/seo\/ -->\n<title>Nathalie Perrin-Gilbert : d\u2019une Gauche h\u00e9sitante \u00e0 un vote utile - Lyon Bondy Blog<\/title>\n<meta name=\"robots\" content=\"index, follow, max-snippet:-1, max-image-preview:large, max-video-preview:-1\" \/>\n<link rel=\"canonical\" href=\"https:\/\/lyonbondyblog.fr\/LBB\/nathalie-perrin-gilbert-dune-gauche-hesitante-a-vote-utile\/\" \/>\n<meta property=\"og:locale\" content=\"fr_FR\" \/>\n<meta property=\"og:type\" content=\"article\" \/>\n<meta property=\"og:title\" content=\"Nathalie Perrin-Gilbert : d\u2019une Gauche h\u00e9sitante \u00e0 un vote utile - Lyon Bondy Blog\" \/>\n<meta property=\"og:description\" content=\"Au soir du premier tour, les deux candidats sortants Emmanuel Macron et Marine Le Pen se lancent dans une longue parade pour s\u00e9duire un maximum &hellip;\" \/>\n<meta property=\"og:url\" content=\"https:\/\/lyonbondyblog.fr\/LBB\/nathalie-perrin-gilbert-dune-gauche-hesitante-a-vote-utile\/\" \/>\n<meta property=\"og:site_name\" content=\"Lyon Bondy Blog\" \/>\n<meta property=\"article:publisher\" content=\"https:\/\/www.facebook.com\/lyonbondyblog\" \/>\n<meta property=\"article:published_time\" content=\"2017-05-03T14:01:04+00:00\" \/>\n<meta property=\"article:modified_time\" content=\"2017-05-06T10:55:50+00:00\" \/>\n<meta property=\"og:image\" content=\"https:\/\/lyonbondyblog.fr\/LBB\/wp-content\/uploads\/2017\/05\/17553436_10211253447985690_523823879270728464_n.jpg\" \/>\n\t<meta property=\"og:image:width\" content=\"960\" \/>\n\t<meta property=\"og:image:height\" content=\"953\" \/>\n\t<meta property=\"og:image:type\" content=\"image\/jpeg\" \/>\n<meta name=\"author\" content=\"Lucie Talon\" \/>\n<meta name=\"twitter:card\" content=\"summary_large_image\" \/>\n<meta name=\"twitter:creator\" content=\"@bondybloglyon\" \/>\n<meta name=\"twitter:site\" content=\"@bondybloglyon\" \/>\n<script type=\"application\/ld+json\" class=\"yoast-schema-graph\">{\"@context\":\"https:\/\/schema.org\",\"@graph\":[{\"@type\":\"Article\",\"@id\":\"https:\/\/lyonbondyblog.fr\/LBB\/nathalie-perrin-gilbert-dune-gauche-hesitante-a-vote-utile\/#article\",\"isPartOf\":{\"@id\":\"https:\/\/lyonbondyblog.fr\/LBB\/nathalie-perrin-gilbert-dune-gauche-hesitante-a-vote-utile\/\"},\"author\":{\"name\":\"Lucie Talon\",\"@id\":\"https:\/\/lyonbondyblog.fr\/LBB\/#\/schema\/person\/d48d61bb9e1ceabbdcb07371986c490e\"},\"headline\":\"Nathalie Perrin-Gilbert : d\u2019une Gauche h\u00e9sitante \u00e0 un vote utile\",\"datePublished\":\"2017-05-03T14:01:04+00:00\",\"dateModified\":\"2017-05-06T10:55:50+00:00\",\"mainEntityOfPage\":{\"@id\":\"https:\/\/lyonbondyblog.fr\/LBB\/nathalie-perrin-gilbert-dune-gauche-hesitante-a-vote-utile\/\"},\"wordCount\":1183,\"commentCount\":0,\"publisher\":{\"@id\":\"https:\/\/lyonbondyblog.fr\/LBB\/#organization\"},\"image\":{\"@id\":\"https:\/\/lyonbondyblog.fr\/LBB\/nathalie-perrin-gilbert-dune-gauche-hesitante-a-vote-utile\/#primaryimage\"},\"thumbnailUrl\":\"https:\/\/lyonbondyblog.fr\/LBB\/wp-content\/uploads\/2017\/05\/17553436_10211253447985690_523823879270728464_n.jpg\",\"keywords\":[\"l\u00e9gislatives\",\"Nathalie PERRIN-GILBERT\",\"pr\u00e9sidentielle\"],\"articleSection\":[\"L'entre-deux-tours\",\"Legislative 2017\",\"Politique\",\"Pr\u00e9sidentielle 2017\"],\"inLanguage\":\"fr-FR\",\"potentialAction\":[{\"@type\":\"CommentAction\",\"name\":\"Comment\",\"target\":[\"https:\/\/lyonbondyblog.fr\/LBB\/nathalie-perrin-gilbert-dune-gauche-hesitante-a-vote-utile\/#respond\"]}]},{\"@type\":\"WebPage\",\"@id\":\"https:\/\/lyonbondyblog.fr\/LBB\/nathalie-perrin-gilbert-dune-gauche-hesitante-a-vote-utile\/\",\"url\":\"https:\/\/lyonbondyblog.fr\/LBB\/nathalie-perrin-gilbert-dune-gauche-hesitante-a-vote-utile\/\",\"name\":\"Nathalie Perrin-Gilbert : d\u2019une Gauche h\u00e9sitante \u00e0 un vote utile - Lyon Bondy Blog\",\"isPartOf\":{\"@id\":\"https:\/\/lyonbondyblog.fr\/LBB\/#website\"},\"primaryImageOfPage\":{\"@id\":\"https:\/\/lyonbondyblog.fr\/LBB\/nathalie-perrin-gilbert-dune-gauche-hesitante-a-vote-utile\/#primaryimage\"},\"image\":{\"@id\":\"https:\/\/lyonbondyblog.fr\/LBB\/nathalie-perrin-gilbert-dune-gauche-hesitante-a-vote-utile\/#primaryimage\"},\"thumbnailUrl\":\"https:\/\/lyonbondyblog.fr\/LBB\/wp-content\/uploads\/2017\/05\/17553436_10211253447985690_523823879270728464_n.jpg\",\"datePublished\":\"2017-05-03T14:01:04+00:00\",\"dateModified\":\"2017-05-06T10:55:50+00:00\",\"inLanguage\":\"fr-FR\",\"potentialAction\":[{\"@type\":\"ReadAction\",\"target\":[\"https:\/\/lyonbondyblog.fr\/LBB\/nathalie-perrin-gilbert-dune-gauche-hesitante-a-vote-utile\/\"]}]},{\"@type\":\"ImageObject\",\"inLanguage\":\"fr-FR\",\"@id\":\"https:\/\/lyonbondyblog.fr\/LBB\/nathalie-perrin-gilbert-dune-gauche-hesitante-a-vote-utile\/#primaryimage\",\"url\":\"https:\/\/lyonbondyblog.fr\/LBB\/wp-content\/uploads\/2017\/05\/17553436_10211253447985690_523823879270728464_n.jpg\",\"contentUrl\":\"https:\/\/lyonbondyblog.fr\/LBB\/wp-content\/uploads\/2017\/05\/17553436_10211253447985690_523823879270728464_n.jpg\",\"width\":\"960\",\"height\":\"953\"},{\"@type\":\"WebSite\",\"@id\":\"https:\/\/lyonbondyblog.fr\/LBB\/#website\",\"url\":\"https:\/\/lyonbondyblog.fr\/LBB\/\",\"name\":\"Lyon Bondy Blog\",\"description\":\"\",\"publisher\":{\"@id\":\"https:\/\/lyonbondyblog.fr\/LBB\/#organization\"},\"potentialAction\":[{\"@type\":\"SearchAction\",\"target\":{\"@type\":\"EntryPoint\",\"urlTemplate\":\"https:\/\/lyonbondyblog.fr\/LBB\/?s={search_term_string}\"},\"query-input\":\"required name=search_term_string\"}],\"inLanguage\":\"fr-FR\"},{\"@type\":\"Organization\",\"@id\":\"https:\/\/lyonbondyblog.fr\/LBB\/#organization\",\"name\":\"LYON BONDY BLOG\",\"url\":\"https:\/\/lyonbondyblog.fr\/LBB\/\",\"logo\":{\"@type\":\"ImageObject\",\"inLanguage\":\"fr-FR\",\"@id\":\"https:\/\/lyonbondyblog.fr\/LBB\/#\/schema\/logo\/image\/\",\"url\":\"http:\/\/lyonbondyblog.fr\/LBB\/wp-content\/uploads\/2014\/10\/logo-portable-144.png\",\"contentUrl\":\"http:\/\/lyonbondyblog.fr\/LBB\/wp-content\/uploads\/2014\/10\/logo-portable-144.png\",\"width\":144,\"height\":123,\"caption\":\"LYON BONDY BLOG\"},\"image\":{\"@id\":\"https:\/\/lyonbondyblog.fr\/LBB\/#\/schema\/logo\/image\/\"},\"sameAs\":[\"https:\/\/www.facebook.com\/lyonbondyblog\",\"https:\/\/x.com\/bondybloglyon\"]},{\"@type\":\"Person\",\"@id\":\"https:\/\/lyonbondyblog.fr\/LBB\/#\/schema\/person\/d48d61bb9e1ceabbdcb07371986c490e\",\"name\":\"Lucie Talon\",\"url\":\"https:\/\/lyonbondyblog.fr\/LBB\/author\/lucie-talon\/\"}]}<\/script>\n<!-- \/ Yoast SEO plugin. -->","yoast_head_json":{"title":"Nathalie Perrin-Gilbert : d\u2019une Gauche h\u00e9sitante \u00e0 un vote utile - Lyon Bondy Blog","robots":{"index":"index","follow":"follow","max-snippet":"max-snippet:-1","max-image-preview":"max-image-preview:large","max-video-preview":"max-video-preview:-1"},"canonical":"https:\/\/lyonbondyblog.fr\/LBB\/nathalie-perrin-gilbert-dune-gauche-hesitante-a-vote-utile\/","og_locale":"fr_FR","og_type":"article","og_title":"Nathalie Perrin-Gilbert : d\u2019une Gauche h\u00e9sitante \u00e0 un vote utile - Lyon Bondy Blog","og_description":"Au soir du premier tour, les deux candidats sortants Emmanuel Macron et Marine Le Pen se lancent dans une longue parade pour s\u00e9duire un maximum &hellip;","og_url":"https:\/\/lyonbondyblog.fr\/LBB\/nathalie-perrin-gilbert-dune-gauche-hesitante-a-vote-utile\/","og_site_name":"Lyon Bondy Blog","article_publisher":"https:\/\/www.facebook.com\/lyonbondyblog","article_published_time":"2017-05-03T14:01:04+00:00","article_modified_time":"2017-05-06T10:55:50+00:00","og_image":[{"width":"960","height":"953","url":"https:\/\/lyonbondyblog.fr\/LBB\/wp-content\/uploads\/2017\/05\/17553436_10211253447985690_523823879270728464_n.jpg","type":"image\/jpeg"}],"author":"Lucie Talon","twitter_card":"summary_large_image","twitter_creator":"@bondybloglyon","twitter_site":"@bondybloglyon","schema":{"@context":"https:\/\/schema.org","@graph":[{"@type":"Article","@id":"https:\/\/lyonbondyblog.fr\/LBB\/nathalie-perrin-gilbert-dune-gauche-hesitante-a-vote-utile\/#article","isPartOf":{"@id":"https:\/\/lyonbondyblog.fr\/LBB\/nathalie-perrin-gilbert-dune-gauche-hesitante-a-vote-utile\/"},"author":{"name":"Lucie Talon","@id":"https:\/\/lyonbondyblog.fr\/LBB\/#\/schema\/person\/d48d61bb9e1ceabbdcb07371986c490e"},"headline":"Nathalie Perrin-Gilbert : d\u2019une Gauche h\u00e9sitante \u00e0 un vote utile","datePublished":"2017-05-03T14:01:04+00:00","dateModified":"2017-05-06T10:55:50+00:00","mainEntityOfPage":{"@id":"https:\/\/lyonbondyblog.fr\/LBB\/nathalie-perrin-gilbert-dune-gauche-hesitante-a-vote-utile\/"},"wordCount":1183,"commentCount":0,"publisher":{"@id":"https:\/\/lyonbondyblog.fr\/LBB\/#organization"},"image":{"@id":"https:\/\/lyonbondyblog.fr\/LBB\/nathalie-perrin-gilbert-dune-gauche-hesitante-a-vote-utile\/#primaryimage"},"thumbnailUrl":"https:\/\/lyonbondyblog.fr\/LBB\/wp-content\/uploads\/2017\/05\/17553436_10211253447985690_523823879270728464_n.jpg","keywords":["l\u00e9gislatives","Nathalie PERRIN-GILBERT","pr\u00e9sidentielle"],"articleSection":["L'entre-deux-tours","Legislative 2017","Politique","Pr\u00e9sidentielle 2017"],"inLanguage":"fr-FR","potentialAction":[{"@type":"CommentAction","name":"Comment","target":["https:\/\/lyonbondyblog.fr\/LBB\/nathalie-perrin-gilbert-dune-gauche-hesitante-a-vote-utile\/#respond"]}]},{"@type":"WebPage","@id":"https:\/\/lyonbondyblog.fr\/LBB\/nathalie-perrin-gilbert-dune-gauche-hesitante-a-vote-utile\/","url":"https:\/\/lyonbondyblog.fr\/LBB\/nathalie-perrin-gilbert-dune-gauche-hesitante-a-vote-utile\/","name":"Nathalie Perrin-Gilbert : d\u2019une Gauche h\u00e9sitante \u00e0 un vote utile - Lyon Bondy Blog","isPartOf":{"@id":"https:\/\/lyonbondyblog.fr\/LBB\/#website"},"primaryImageOfPage":{"@id":"https:\/\/lyonbondyblog.fr\/LBB\/nathalie-perrin-gilbert-dune-gauche-hesitante-a-vote-utile\/#primaryimage"},"image":{"@id":"https:\/\/lyonbondyblog.fr\/LBB\/nathalie-perrin-gilbert-dune-gauche-hesitante-a-vote-utile\/#primaryimage"},"thumbnailUrl":"https:\/\/lyonbondyblog.fr\/LBB\/wp-content\/uploads\/2017\/05\/17553436_10211253447985690_523823879270728464_n.jpg","datePublished":"2017-05-03T14:01:04+00:00","dateModified":"2017-05-06T10:55:50+00:00","inLanguage":"fr-FR","potentialAction":[{"@type":"ReadAction","target":["https:\/\/lyonbondyblog.fr\/LBB\/nathalie-perrin-gilbert-dune-gauche-hesitante-a-vote-utile\/"]}]},{"@type":"ImageObject","inLanguage":"fr-FR","@id":"https:\/\/lyonbondyblog.fr\/LBB\/nathalie-perrin-gilbert-dune-gauche-hesitante-a-vote-utile\/#primaryimage","url":"https:\/\/lyonbondyblog.fr\/LBB\/wp-content\/uploads\/2017\/05\/17553436_10211253447985690_523823879270728464_n.jpg","contentUrl":"https:\/\/lyonbondyblog.fr\/LBB\/wp-content\/uploads\/2017\/05\/17553436_10211253447985690_523823879270728464_n.jpg","width":"960","height":"953"},{"@type":"WebSite","@id":"https:\/\/lyonbondyblog.fr\/LBB\/#website","url":"https:\/\/lyonbondyblog.fr\/LBB\/","name":"Lyon Bondy Blog","description":"","publisher":{"@id":"https:\/\/lyonbondyblog.fr\/LBB\/#organization"},"potentialAction":[{"@type":"SearchAction","target":{"@type":"EntryPoint","urlTemplate":"https:\/\/lyonbondyblog.fr\/LBB\/?s={search_term_string}"},"query-input":"required name=search_term_string"}],"inLanguage":"fr-FR"},{"@type":"Organization","@id":"https:\/\/lyonbondyblog.fr\/LBB\/#organization","name":"LYON BONDY BLOG","url":"https:\/\/lyonbondyblog.fr\/LBB\/","logo":{"@type":"ImageObject","inLanguage":"fr-FR","@id":"https:\/\/lyonbondyblog.fr\/LBB\/#\/schema\/logo\/image\/","url":"http:\/\/lyonbondyblog.fr\/LBB\/wp-content\/uploads\/2014\/10\/logo-portable-144.png","contentUrl":"http:\/\/lyonbondyblog.fr\/LBB\/wp-content\/uploads\/2014\/10\/logo-portable-144.png","width":144,"height":123,"caption":"LYON BONDY BLOG"},"image":{"@id":"https:\/\/lyonbondyblog.fr\/LBB\/#\/schema\/logo\/image\/"},"sameAs":["https:\/\/www.facebook.com\/lyonbondyblog","https:\/\/x.com\/bondybloglyon"]},{"@type":"Person","@id":"https:\/\/lyonbondyblog.fr\/LBB\/#\/schema\/person\/d48d61bb9e1ceabbdcb07371986c490e","name":"Lucie Talon","url":"https:\/\/lyonbondyblog.fr\/LBB\/author\/lucie-talon\/"}]}},"_links":{"self":[{"href":"https:\/\/lyonbondyblog.fr\/LBB\/wp-json\/wp\/v2\/posts\/11336","targetHints":{"allow":["GET"]}}],"collection":[{"href":"https:\/\/lyonbondyblog.fr\/LBB\/wp-json\/wp\/v2\/posts"}],"about":[{"href":"https:\/\/lyonbondyblog.fr\/LBB\/wp-json\/wp\/v2\/types\/post"}],"author":[{"embeddable":true,"href":"https:\/\/lyonbondyblog.fr\/LBB\/wp-json\/wp\/v2\/users\/826"}],"replies":[{"embeddable":true,"href":"https:\/\/lyonbondyblog.fr\/LBB\/wp-json\/wp\/v2\/comments?post=11336"}],"version-history":[{"count":6,"href":"https:\/\/lyonbondyblog.fr\/LBB\/wp-json\/wp\/v2\/posts\/11336\/revisions"}],"predecessor-version":[{"id":11379,"href":"https:\/\/lyonbondyblog.fr\/LBB\/wp-json\/wp\/v2\/posts\/11336\/revisions\/11379"}],"wp:featuredmedia":[{"embeddable":true,"href":"https:\/\/lyonbondyblog.fr\/LBB\/wp-json\/wp\/v2\/media\/11337"}],"wp:attachment":[{"href":"https:\/\/lyonbondyblog.fr\/LBB\/wp-json\/wp\/v2\/media?parent=11336"}],"wp:term":[{"taxonomy":"category","embeddable":true,"href":"https:\/\/lyonbondyblog.fr\/LBB\/wp-json\/wp\/v2\/categories?post=11336"},{"taxonomy":"post_tag","embeddable":true,"href":"https:\/\/lyonbondyblog.fr\/LBB\/wp-json\/wp\/v2\/tags?post=11336"}],"curies":[{"name":"wp","href":"https:\/\/api.w.org\/{rel}","templated":true}]}}