{"id":11284,"date":"2017-04-28T11:50:27","date_gmt":"2017-04-28T09:50:27","guid":{"rendered":"http:\/\/lyonbondyblog.fr\/LBB\/?p=11284"},"modified":"2017-04-28T12:23:55","modified_gmt":"2017-04-28T10:23:55","slug":"javais-bu-beaucoup-beaucoup","status":"publish","type":"post","link":"https:\/\/lyonbondyblog.fr\/LBB\/javais-bu-beaucoup-beaucoup\/","title":{"rendered":"\u00ab J\u2019avais bu, beaucoup, beaucoup \u00bb"},"content":{"rendered":"<p><em>Tribunal de Grande Instance de Lyon, comparution imm\u00e9diate, le 21 avril 2017<\/em><\/p>\n<p>Armel* et Meryl* sont jeunes. Mais Armel et Meryl sont majeurs. C\u2019est pour cela qu\u2019ils ne sont pas jug\u00e9s par un tribunal pour enfants, \u00e0 la diff\u00e9rence de leurs amis impliqu\u00e9s aussi dans cette affaire. On leur reproche des faits de violence en r\u00e9union ayant entrain\u00e9 pour deux adolescents une Incapacit\u00e9 Totale de Travail (ITT) de deux jours.<\/p>\n<p>Les faits se sont d\u00e9roul\u00e9s la semaine derni\u00e8re sur la Presqu\u2019\u00eele, au c\u0153ur de la nuit. Les victimes pr\u00e9sum\u00e9es sont assises sur un banc, un groupe de filles vient leur demander des cigarettes. Soit ils n\u2019en ont pas, soit ils refusent d\u2019en donner, quoi qu\u2019il en soit la r\u00e9ponse est n\u00e9gative. Le ton monte alors petit \u00e0 petit entre les deux groupes, jusqu\u2019\u00e0 ce qu\u2019Armel et ses \u00ab\u00a0<em>potes\u00a0<\/em>\u00bb mineurs viennent s\u2019en m\u00ealer \u2013 ils connaissent les filles \u2013 , chahutent et frappent les deux victimes. Les filles profitent de la confusion pour voler leurs sacs.<br \/>\nMeryl, lui, s\u2019est tenu en retrait de la bagarre. Mais lorsqu\u2019une des victimes vient ensuite lui r\u00e9clamer son sac, il la repousse violemment et il semblerait qu\u2019il lui ait mis aussi un coup de poing. La police arrive quelques minutes plus tard sur les lieux et interpellent les jeunes gens. La sc\u00e8ne s\u2019est pass\u00e9e sous le regard d\u2019une cam\u00e9ra de vid\u00e9osurveillance \u2013 ou vid\u00e9oprotection, comme on dit chez le l\u00e9gislateur.<\/p>\n<p>Dans le box, Armel est agit\u00e9. Pas comme s\u2019il \u00e9tait nerveux, simplement il a l\u2019air d\u2019avoir du mal \u00e0 tenir en place. Il regarde le public, il regarde le tribunal, il regarde et parle \u00e0 l\u2019escorte polici\u00e8re derri\u00e8re lui\u2026 Pour l\u2019instant, la juge laisse faire. Il reconnait les faits mais ne semble pas enti\u00e8rement d\u2019accord avec la lecture qu\u2019en a faite la juge. Cela se voit sur son visage, cela s\u2019exprime dans ses gestes.<br \/>\nMeryl, assis juste \u00e0 c\u00f4t\u00e9, est lui plus calme. Il reconnait partiellement\u00a0les faits : il dit avec insistance qu\u2019il n\u2019a frapp\u00e9 personne, qu\u2019il a juste repouss\u00e9.<\/p>\n<p>\u00ab\u00a0<em>Pourquoi l\u2019avez-vous frapp\u00e9\u00a0?<\/em>\u00a0\u00bb demande la juge \u00e0 Armel. \u00ab\u00a0<em>D\u00e9j\u00e0 madame, j\u2019avais commenc\u00e9 \u00e0 boire \u00e0 16h avec des amis. Apr\u00e8s, je ne sais plus trop\u2026 J\u2019ai vu les petits [ses amis qui ont \u00e9t\u00e9 les premiers \u00e0 prendre part \u00e0 l\u2019altercation] qui les frappaient, moi je croyais qu\u2019ils rigolaient. Moi je rigolais dans ma t\u00eate.<\/em> \u2013 <em>Faudrait arr\u00eater de rigoler, vos victimes ne rigolaient pas, elles\u00a0<\/em>\u00bb. La juge le questionne \u00e0 nouveau\u00a0: \u00ab\u00a0<em>Madame, je m\u2019en souviens m\u00eame plus de cette soir\u00e9e. J\u2019avais bu, beaucoup, beaucoup<\/em>. \u2013 <em>C\u2019est dramatique de boire \u00e0 ce point. \u00c7a n\u2019excuse rien du tout<\/em>\u00a0\u00bb, r\u00e9pond la juge, cinglante.<\/p>\n<p>Elle s\u2019int\u00e9resse ensuite \u00e0 Meryl\u00a0: \u00ab\u00a0<em>on vous voit sur la vid\u00e9o repousser violemment la victime. D\u2019apr\u00e8s les policiers qui l\u2019ont \u00e9tudi\u00e9, on verrait aussi ce qui ressemble \u00e0 un coup de poing<\/em> [ce qu\u2019atteste aussi la victime]. \u2013 <em>J\u2019ai frapp\u00e9 personne madame. Je l\u2019ai repouss\u00e9 violemment oui, mais je n\u2019ai pas mis de coup de poing<\/em>\u00a0\u00bb. Plus tard, son avocate contestera les images vid\u00e9o. De mauvaise qualit\u00e9, elles ne permettraient pas de distinguer s\u2019il y a vraiment eu coup de poing.<\/p>\n<p>C\u2019est au tour de l\u2019avocat d\u2019une des parties civiles\u00a0: \u00ab\u00a0<em>j\u2019ai eu la maman de mon client au t\u00e9l\u00e9phone juste avant l\u2019audience. Elle m\u2019a dit que son fils \u00e9tait terroris\u00e9, prostr\u00e9 chez lui. Il y a des r\u00e9percussions dans la t\u00eate des gens suite \u00e0 ces agressions, je ne suis pas s\u00fbr qu\u2019Armel et Meryl le r\u00e9alisent\u00a0<\/em>\u00bb. Elle demande aussi un \u00ab\u00a0<em>renvoi sur int\u00e9r\u00eats civils<\/em>\u00a0\u00bb, c&rsquo;est \u00e0 dire que le tribunal se prononce \u00e0 une date ult\u00e9rieure sur la question des dommages et int\u00e9r\u00eats, car ils n\u2019ont pas eu le temps de chiffrer les \u00e9ventuels pr\u00e9judices.<\/p>\n<p>La procureure demande pour Armel 12 mois de prison dont 4 avec sursis, avec mandat de d\u00e9p\u00f4t. Pour Meryl, 10 mois avec sursis. Elle l\u2019\u00e9gratigne au passage\u00a0: \u00ab\u00a0<em>il se d\u00e9fend d\u2019avoir particip\u00e9, mais il \u00e9tait dans le groupe. Il aurait d\u00fb essayer de les s\u00e9parer, enfin\u2026 dans la mesure du possible, ou alors appeler la police. C\u2019est ce qu\u2019on fait quand on est un citoyen<\/em>\u00a0\u00bb. Les avocats d\u2019Armel et Meryl s\u2019offusquent d\u2019une r\u00e9quisition qu\u2019ils estiment tr\u00e8s lourde. Meryl a un casier judiciaire vide, il fait de l\u2019int\u00e9rim et il a pour projet de passer son permis et reprendre les \u00e9tudes. Armel, lui, a certes d\u00e9j\u00e0 un avertissement \u00e0 son casier mais il aurait enfin trouv\u00e9 sa voie, avec une promesse d\u2019embauche en CDI dans une soci\u00e9t\u00e9 de transport. Son avocate r\u00e9sume le dilemme\u00a0: \u00ab\u00a0<em>la peine demand\u00e9e est tr\u00e8s lourde. Est-ce dans l\u2019int\u00e9r\u00eat d\u2019Armel et dans celui de la soci\u00e9t\u00e9 de le mettre en prison pendant 8 mois\u00a0? Est-ce que cela justifie d\u2019hypoth\u00e9quer son avenir\u00a0?<\/em>\u00a0\u00bb. Elle r\u00e9clame du sursis avec mise \u00e0 l\u2019\u00e9preuve.<\/p>\n<p>Une heure plus tard, le tribunal rend son jugement. Il reconnait Armel et Meryl coupables des faits qui leur sont reproch\u00e9s.\u00a0 Meryl \u00e9cope de 6 mois avec sursis. Pour Armel, c\u2019est 12 mois de prison dont 4 mois avec sursis, mais la peine est \u00ab\u00a0<em>am\u00e9nageable\u00a0<\/em>\u00bb. Autrement dit, il ne sera pas forc\u00e9ment incarc\u00e9r\u00e9, c\u2019est le Juge d\u2019Application des Peines qui d\u00e9finira la forme que prendra sa peine. La juge lui explique cette proc\u00e9dure, mais sans t\u00e9moigner ni p\u00e9dagogie ni grande patience. R\u00e9sultat, Armel ne comprend pas vraiment. L\u2019escorte polici\u00e8re l\u2019emm\u00e8ne alors qu\u2019il est toujours en train de montrer son incompr\u00e9hension, qui se lit sur son visage.\u00a0 Son avocate le rassure, \u00ab\u00a0<em>je vais venir vous expliquer<\/em>\u00a0\u00bb. Au fond de la pi\u00e8ce, on entend la juge soupirer\u00a0: \u00ab\u00a0<em>ce qui est le plus urgent pour lui, c\u2019est la greffe de neurones<\/em>\u00a0\u00bb.<\/p>\n<p>Au suivant.<\/p>\n<p>* Les pr\u00e9noms ont \u00e9t\u00e9 modifi\u00e9s.<\/p>\n<!-- AddThis Advanced Settings generic via filter on the_content --><!-- AddThis Share Buttons generic via filter on the_content -->","protected":false},"excerpt":{"rendered":"<p>Tribunal de Grande Instance de Lyon, comparution imm\u00e9diate, le 21 avril 2017 Armel* et Meryl* sont jeunes. Mais Armel et Meryl sont majeurs. C\u2019est pour &hellip; <!-- AddThis Advanced Settings generic via filter on wp_trim_excerpt --><!-- AddThis Share Buttons generic via filter on wp_trim_excerpt --><\/p>\n","protected":false},"author":1,"featured_media":11274,"comment_status":"open","ping_status":"open","sticky":false,"template":"","format":"standard","meta":{"_FSMCFIC_featured_image_caption":"","_FSMCFIC_featured_image_nocaption":"","_FSMCFIC_featured_image_hide":"","footnotes":""},"categories":[965,4],"tags":[2911,297,395,69,2912,1484],"class_list":["post-11284","post","type-post","status-publish","format-standard","has-post-thumbnail","hentry","category-chronique-judiciaire","category-lyon","tag-altercation","tag-jeune","tag-justice","tag-prison","tag-surci","tag-violence"],"yoast_head":"<!-- This site is optimized with the Yoast SEO plugin v22.8 - https:\/\/yoast.com\/wordpress\/plugins\/seo\/ -->\n<title>\u00ab J\u2019avais bu, beaucoup, beaucoup \u00bb - Lyon Bondy Blog<\/title>\n<meta name=\"robots\" content=\"index, follow, max-snippet:-1, max-image-preview:large, max-video-preview:-1\" \/>\n<link rel=\"canonical\" href=\"https:\/\/lyonbondyblog.fr\/LBB\/javais-bu-beaucoup-beaucoup\/\" \/>\n<meta property=\"og:locale\" content=\"fr_FR\" \/>\n<meta property=\"og:type\" content=\"article\" \/>\n<meta property=\"og:title\" content=\"\u00ab J\u2019avais bu, beaucoup, beaucoup \u00bb - Lyon Bondy Blog\" \/>\n<meta property=\"og:description\" content=\"Tribunal de Grande Instance de Lyon, comparution imm\u00e9diate, le 21 avril 2017 Armel* et Meryl* sont jeunes. Mais Armel et Meryl sont majeurs. C\u2019est pour &hellip;\" \/>\n<meta property=\"og:url\" content=\"https:\/\/lyonbondyblog.fr\/LBB\/javais-bu-beaucoup-beaucoup\/\" \/>\n<meta property=\"og:site_name\" content=\"Lyon Bondy Blog\" \/>\n<meta property=\"article:publisher\" content=\"https:\/\/www.facebook.com\/lyonbondyblog\" \/>\n<meta property=\"article:author\" content=\"https:\/\/www.facebook.com\/lyonbondyblog\" \/>\n<meta property=\"article:published_time\" content=\"2017-04-28T09:50:27+00:00\" \/>\n<meta property=\"article:modified_time\" content=\"2017-04-28T10:23:55+00:00\" \/>\n<meta property=\"og:image\" content=\"https:\/\/lyonbondyblog.fr\/LBB\/wp-content\/uploads\/2017\/04\/justicefiction_visuel-1024x681.jpg\" \/>\n\t<meta property=\"og:image:width\" content=\"1024\" \/>\n\t<meta property=\"og:image:height\" content=\"681\" \/>\n\t<meta property=\"og:image:type\" content=\"image\/jpeg\" \/>\n<meta name=\"author\" content=\"La r\u00e9daction\" \/>\n<meta name=\"twitter:card\" content=\"summary_large_image\" \/>\n<meta name=\"twitter:creator\" content=\"@BondyBlogLyon\" \/>\n<meta name=\"twitter:site\" content=\"@bondybloglyon\" \/>\n<script type=\"application\/ld+json\" class=\"yoast-schema-graph\">{\"@context\":\"https:\/\/schema.org\",\"@graph\":[{\"@type\":\"Article\",\"@id\":\"https:\/\/lyonbondyblog.fr\/LBB\/javais-bu-beaucoup-beaucoup\/#article\",\"isPartOf\":{\"@id\":\"https:\/\/lyonbondyblog.fr\/LBB\/javais-bu-beaucoup-beaucoup\/\"},\"author\":{\"name\":\"La r\u00e9daction\",\"@id\":\"https:\/\/lyonbondyblog.fr\/LBB\/#\/schema\/person\/e45f8d27baac75072daa0be50c409b25\"},\"headline\":\"\u00ab J\u2019avais bu, beaucoup, beaucoup \u00bb\",\"datePublished\":\"2017-04-28T09:50:27+00:00\",\"dateModified\":\"2017-04-28T10:23:55+00:00\",\"mainEntityOfPage\":{\"@id\":\"https:\/\/lyonbondyblog.fr\/LBB\/javais-bu-beaucoup-beaucoup\/\"},\"wordCount\":1050,\"commentCount\":0,\"publisher\":{\"@id\":\"https:\/\/lyonbondyblog.fr\/LBB\/#organization\"},\"image\":{\"@id\":\"https:\/\/lyonbondyblog.fr\/LBB\/javais-bu-beaucoup-beaucoup\/#primaryimage\"},\"thumbnailUrl\":\"https:\/\/lyonbondyblog.fr\/LBB\/wp-content\/uploads\/2017\/04\/justicefiction_visuel.jpg\",\"keywords\":[\"altercation\",\"jeune\",\"justice\",\"prison\",\"surci\",\"Violence\"],\"articleSection\":[\"Chronique judiciaire\",\"Lyon\"],\"inLanguage\":\"fr-FR\",\"potentialAction\":[{\"@type\":\"CommentAction\",\"name\":\"Comment\",\"target\":[\"https:\/\/lyonbondyblog.fr\/LBB\/javais-bu-beaucoup-beaucoup\/#respond\"]}]},{\"@type\":\"WebPage\",\"@id\":\"https:\/\/lyonbondyblog.fr\/LBB\/javais-bu-beaucoup-beaucoup\/\",\"url\":\"https:\/\/lyonbondyblog.fr\/LBB\/javais-bu-beaucoup-beaucoup\/\",\"name\":\"\u00ab J\u2019avais bu, beaucoup, beaucoup \u00bb - Lyon Bondy Blog\",\"isPartOf\":{\"@id\":\"https:\/\/lyonbondyblog.fr\/LBB\/#website\"},\"primaryImageOfPage\":{\"@id\":\"https:\/\/lyonbondyblog.fr\/LBB\/javais-bu-beaucoup-beaucoup\/#primaryimage\"},\"image\":{\"@id\":\"https:\/\/lyonbondyblog.fr\/LBB\/javais-bu-beaucoup-beaucoup\/#primaryimage\"},\"thumbnailUrl\":\"https:\/\/lyonbondyblog.fr\/LBB\/wp-content\/uploads\/2017\/04\/justicefiction_visuel.jpg\",\"datePublished\":\"2017-04-28T09:50:27+00:00\",\"dateModified\":\"2017-04-28T10:23:55+00:00\",\"inLanguage\":\"fr-FR\",\"potentialAction\":[{\"@type\":\"ReadAction\",\"target\":[\"https:\/\/lyonbondyblog.fr\/LBB\/javais-bu-beaucoup-beaucoup\/\"]}]},{\"@type\":\"ImageObject\",\"inLanguage\":\"fr-FR\",\"@id\":\"https:\/\/lyonbondyblog.fr\/LBB\/javais-bu-beaucoup-beaucoup\/#primaryimage\",\"url\":\"https:\/\/lyonbondyblog.fr\/LBB\/wp-content\/uploads\/2017\/04\/justicefiction_visuel.jpg\",\"contentUrl\":\"https:\/\/lyonbondyblog.fr\/LBB\/wp-content\/uploads\/2017\/04\/justicefiction_visuel.jpg\",\"width\":\"4256\",\"height\":\"2832\"},{\"@type\":\"WebSite\",\"@id\":\"https:\/\/lyonbondyblog.fr\/LBB\/#website\",\"url\":\"https:\/\/lyonbondyblog.fr\/LBB\/\",\"name\":\"Lyon Bondy Blog\",\"description\":\"\",\"publisher\":{\"@id\":\"https:\/\/lyonbondyblog.fr\/LBB\/#organization\"},\"potentialAction\":[{\"@type\":\"SearchAction\",\"target\":{\"@type\":\"EntryPoint\",\"urlTemplate\":\"https:\/\/lyonbondyblog.fr\/LBB\/?s={search_term_string}\"},\"query-input\":\"required name=search_term_string\"}],\"inLanguage\":\"fr-FR\"},{\"@type\":\"Organization\",\"@id\":\"https:\/\/lyonbondyblog.fr\/LBB\/#organization\",\"name\":\"LYON BONDY BLOG\",\"url\":\"https:\/\/lyonbondyblog.fr\/LBB\/\",\"logo\":{\"@type\":\"ImageObject\",\"inLanguage\":\"fr-FR\",\"@id\":\"https:\/\/lyonbondyblog.fr\/LBB\/#\/schema\/logo\/image\/\",\"url\":\"http:\/\/lyonbondyblog.fr\/LBB\/wp-content\/uploads\/2014\/10\/logo-portable-144.png\",\"contentUrl\":\"http:\/\/lyonbondyblog.fr\/LBB\/wp-content\/uploads\/2014\/10\/logo-portable-144.png\",\"width\":144,\"height\":123,\"caption\":\"LYON BONDY BLOG\"},\"image\":{\"@id\":\"https:\/\/lyonbondyblog.fr\/LBB\/#\/schema\/logo\/image\/\"},\"sameAs\":[\"https:\/\/www.facebook.com\/lyonbondyblog\",\"https:\/\/x.com\/bondybloglyon\"]},{\"@type\":\"Person\",\"@id\":\"https:\/\/lyonbondyblog.fr\/LBB\/#\/schema\/person\/e45f8d27baac75072daa0be50c409b25\",\"name\":\"La r\u00e9daction\",\"description\":\"Cr\u00e9e en 2008, la r\u00e9daction du Lyon Bondy Blog s'applique \u00e0 proposer une information locale diff\u00e9rente et compl\u00e9mentaire des m\u00e9dias traditionnels.\",\"sameAs\":[\"https:\/\/www.facebook.com\/lyonbondyblog\",\"https:\/\/x.com\/BondyBlogLyon\"],\"url\":\"https:\/\/lyonbondyblog.fr\/LBB\/author\/admin\/\"}]}<\/script>\n<!-- \/ Yoast SEO plugin. -->","yoast_head_json":{"title":"\u00ab J\u2019avais bu, beaucoup, beaucoup \u00bb - Lyon Bondy Blog","robots":{"index":"index","follow":"follow","max-snippet":"max-snippet:-1","max-image-preview":"max-image-preview:large","max-video-preview":"max-video-preview:-1"},"canonical":"https:\/\/lyonbondyblog.fr\/LBB\/javais-bu-beaucoup-beaucoup\/","og_locale":"fr_FR","og_type":"article","og_title":"\u00ab J\u2019avais bu, beaucoup, beaucoup \u00bb - Lyon Bondy Blog","og_description":"Tribunal de Grande Instance de Lyon, comparution imm\u00e9diate, le 21 avril 2017 Armel* et Meryl* sont jeunes. Mais Armel et Meryl sont majeurs. C\u2019est pour &hellip;","og_url":"https:\/\/lyonbondyblog.fr\/LBB\/javais-bu-beaucoup-beaucoup\/","og_site_name":"Lyon Bondy Blog","article_publisher":"https:\/\/www.facebook.com\/lyonbondyblog","article_author":"https:\/\/www.facebook.com\/lyonbondyblog","article_published_time":"2017-04-28T09:50:27+00:00","article_modified_time":"2017-04-28T10:23:55+00:00","og_image":[{"width":"1024","height":"681","url":"https:\/\/lyonbondyblog.fr\/LBB\/wp-content\/uploads\/2017\/04\/justicefiction_visuel-1024x681.jpg","type":"image\/jpeg"}],"author":"La r\u00e9daction","twitter_card":"summary_large_image","twitter_creator":"@BondyBlogLyon","twitter_site":"@bondybloglyon","schema":{"@context":"https:\/\/schema.org","@graph":[{"@type":"Article","@id":"https:\/\/lyonbondyblog.fr\/LBB\/javais-bu-beaucoup-beaucoup\/#article","isPartOf":{"@id":"https:\/\/lyonbondyblog.fr\/LBB\/javais-bu-beaucoup-beaucoup\/"},"author":{"name":"La r\u00e9daction","@id":"https:\/\/lyonbondyblog.fr\/LBB\/#\/schema\/person\/e45f8d27baac75072daa0be50c409b25"},"headline":"\u00ab J\u2019avais bu, beaucoup, beaucoup \u00bb","datePublished":"2017-04-28T09:50:27+00:00","dateModified":"2017-04-28T10:23:55+00:00","mainEntityOfPage":{"@id":"https:\/\/lyonbondyblog.fr\/LBB\/javais-bu-beaucoup-beaucoup\/"},"wordCount":1050,"commentCount":0,"publisher":{"@id":"https:\/\/lyonbondyblog.fr\/LBB\/#organization"},"image":{"@id":"https:\/\/lyonbondyblog.fr\/LBB\/javais-bu-beaucoup-beaucoup\/#primaryimage"},"thumbnailUrl":"https:\/\/lyonbondyblog.fr\/LBB\/wp-content\/uploads\/2017\/04\/justicefiction_visuel.jpg","keywords":["altercation","jeune","justice","prison","surci","Violence"],"articleSection":["Chronique judiciaire","Lyon"],"inLanguage":"fr-FR","potentialAction":[{"@type":"CommentAction","name":"Comment","target":["https:\/\/lyonbondyblog.fr\/LBB\/javais-bu-beaucoup-beaucoup\/#respond"]}]},{"@type":"WebPage","@id":"https:\/\/lyonbondyblog.fr\/LBB\/javais-bu-beaucoup-beaucoup\/","url":"https:\/\/lyonbondyblog.fr\/LBB\/javais-bu-beaucoup-beaucoup\/","name":"\u00ab J\u2019avais bu, beaucoup, beaucoup \u00bb - Lyon Bondy Blog","isPartOf":{"@id":"https:\/\/lyonbondyblog.fr\/LBB\/#website"},"primaryImageOfPage":{"@id":"https:\/\/lyonbondyblog.fr\/LBB\/javais-bu-beaucoup-beaucoup\/#primaryimage"},"image":{"@id":"https:\/\/lyonbondyblog.fr\/LBB\/javais-bu-beaucoup-beaucoup\/#primaryimage"},"thumbnailUrl":"https:\/\/lyonbondyblog.fr\/LBB\/wp-content\/uploads\/2017\/04\/justicefiction_visuel.jpg","datePublished":"2017-04-28T09:50:27+00:00","dateModified":"2017-04-28T10:23:55+00:00","inLanguage":"fr-FR","potentialAction":[{"@type":"ReadAction","target":["https:\/\/lyonbondyblog.fr\/LBB\/javais-bu-beaucoup-beaucoup\/"]}]},{"@type":"ImageObject","inLanguage":"fr-FR","@id":"https:\/\/lyonbondyblog.fr\/LBB\/javais-bu-beaucoup-beaucoup\/#primaryimage","url":"https:\/\/lyonbondyblog.fr\/LBB\/wp-content\/uploads\/2017\/04\/justicefiction_visuel.jpg","contentUrl":"https:\/\/lyonbondyblog.fr\/LBB\/wp-content\/uploads\/2017\/04\/justicefiction_visuel.jpg","width":"4256","height":"2832"},{"@type":"WebSite","@id":"https:\/\/lyonbondyblog.fr\/LBB\/#website","url":"https:\/\/lyonbondyblog.fr\/LBB\/","name":"Lyon Bondy Blog","description":"","publisher":{"@id":"https:\/\/lyonbondyblog.fr\/LBB\/#organization"},"potentialAction":[{"@type":"SearchAction","target":{"@type":"EntryPoint","urlTemplate":"https:\/\/lyonbondyblog.fr\/LBB\/?s={search_term_string}"},"query-input":"required name=search_term_string"}],"inLanguage":"fr-FR"},{"@type":"Organization","@id":"https:\/\/lyonbondyblog.fr\/LBB\/#organization","name":"LYON BONDY BLOG","url":"https:\/\/lyonbondyblog.fr\/LBB\/","logo":{"@type":"ImageObject","inLanguage":"fr-FR","@id":"https:\/\/lyonbondyblog.fr\/LBB\/#\/schema\/logo\/image\/","url":"http:\/\/lyonbondyblog.fr\/LBB\/wp-content\/uploads\/2014\/10\/logo-portable-144.png","contentUrl":"http:\/\/lyonbondyblog.fr\/LBB\/wp-content\/uploads\/2014\/10\/logo-portable-144.png","width":144,"height":123,"caption":"LYON BONDY BLOG"},"image":{"@id":"https:\/\/lyonbondyblog.fr\/LBB\/#\/schema\/logo\/image\/"},"sameAs":["https:\/\/www.facebook.com\/lyonbondyblog","https:\/\/x.com\/bondybloglyon"]},{"@type":"Person","@id":"https:\/\/lyonbondyblog.fr\/LBB\/#\/schema\/person\/e45f8d27baac75072daa0be50c409b25","name":"La r\u00e9daction","description":"Cr\u00e9e en 2008, la r\u00e9daction du Lyon Bondy Blog s'applique \u00e0 proposer une information locale diff\u00e9rente et compl\u00e9mentaire des m\u00e9dias traditionnels.","sameAs":["https:\/\/www.facebook.com\/lyonbondyblog","https:\/\/x.com\/BondyBlogLyon"],"url":"https:\/\/lyonbondyblog.fr\/LBB\/author\/admin\/"}]}},"_links":{"self":[{"href":"https:\/\/lyonbondyblog.fr\/LBB\/wp-json\/wp\/v2\/posts\/11284","targetHints":{"allow":["GET"]}}],"collection":[{"href":"https:\/\/lyonbondyblog.fr\/LBB\/wp-json\/wp\/v2\/posts"}],"about":[{"href":"https:\/\/lyonbondyblog.fr\/LBB\/wp-json\/wp\/v2\/types\/post"}],"author":[{"embeddable":true,"href":"https:\/\/lyonbondyblog.fr\/LBB\/wp-json\/wp\/v2\/users\/1"}],"replies":[{"embeddable":true,"href":"https:\/\/lyonbondyblog.fr\/LBB\/wp-json\/wp\/v2\/comments?post=11284"}],"version-history":[{"count":1,"href":"https:\/\/lyonbondyblog.fr\/LBB\/wp-json\/wp\/v2\/posts\/11284\/revisions"}],"predecessor-version":[{"id":11285,"href":"https:\/\/lyonbondyblog.fr\/LBB\/wp-json\/wp\/v2\/posts\/11284\/revisions\/11285"}],"wp:featuredmedia":[{"embeddable":true,"href":"https:\/\/lyonbondyblog.fr\/LBB\/wp-json\/wp\/v2\/media\/11274"}],"wp:attachment":[{"href":"https:\/\/lyonbondyblog.fr\/LBB\/wp-json\/wp\/v2\/media?parent=11284"}],"wp:term":[{"taxonomy":"category","embeddable":true,"href":"https:\/\/lyonbondyblog.fr\/LBB\/wp-json\/wp\/v2\/categories?post=11284"},{"taxonomy":"post_tag","embeddable":true,"href":"https:\/\/lyonbondyblog.fr\/LBB\/wp-json\/wp\/v2\/tags?post=11284"}],"curies":[{"name":"wp","href":"https:\/\/api.w.org\/{rel}","templated":true}]}}