{"id":11280,"date":"2017-04-28T18:12:59","date_gmt":"2017-04-28T16:12:59","guid":{"rendered":"http:\/\/lyonbondyblog.fr\/LBB\/?p=11280"},"modified":"2017-05-05T10:46:51","modified_gmt":"2017-05-05T08:46:51","slug":"douce-france-lentre-deux-tristesses","status":"publish","type":"post","link":"https:\/\/lyonbondyblog.fr\/LBB\/douce-france-lentre-deux-tristesses\/","title":{"rendered":"Douce France : l\u2019entre-deux-tristesses"},"content":{"rendered":"<p>D\u2019un revers de main, le 23 mai, la politique a vu sa logique hi\u00e9rarchique se d\u00e9truire. Fin d\u2019un bipartisme pour les uns, jeu de dupes pour les autres, la Gauche et la Droite ne seront-ils bient\u00f4t plus qu\u2019un souvenir racont\u00e9 aux enfants\u00a0? Cette histoire centenaire o\u00f9 la politique se partageait encore entre le rouge et le bleu. Ces couleurs que papy nostalgique est fier de porter pour montrer qu\u2019il fait partie d\u2019un camp d\u00e9j\u00e0 oubli\u00e9 des moins anciens. Ce dernier essai de nous convaincre du bien-fond\u00e9 de son candidat \u00e9lu cette ann\u00e9e 1981\u2026Mais <em>ses<\/em> arri\u00e8res petits enfants eux pr\u00e9f\u00e8rent jouer, voyager, s\u2019enrichir (culturellement), vivre, laisser la politique\u2026 aux politiques. Trop impuissants pour agir aux sommets, ces jeunes et moins jeunes ont pour seule solution de descendre dans la rue, manifester, crier, se battre. Avec comme seule r\u00e9ponse les coups, les gaz, la honte. Finalement rien ne changera vraiment si personne ne les \u00e9coute. Plus qu\u2019un hochement de t\u00eate, plus qu\u2019un simple \u00ab\u00a0<em>je vous ai compris<\/em>\u00a0\u00bb, ils ont besoin d\u2019\u00eatre touch\u00e9s. De ressentir, de comprendre, d\u2019\u00eatre fier. Ne plus avoir honte de mettre un drapeau fran\u00e7ais sur son balcon sans \u00eatre trait\u00e9 de raciste. Ne plus avoir honte de vouloir l\u2019\u00e9galit\u00e9 sans \u00eatre trait\u00e9 de communiste. Ne plus avoir honte d\u2019\u00eatre fier d\u2019\u00eatre fran\u00e7ais. \u00ab\u00a0<em>Ensemble la France<\/em>\u00a0\u00bb, \u00ab\u00a0<em>Choisir la France\u00a0<\/em>\u00bb, \u00e9lu \u00e0 la majorit\u00e9, ils deviendront \u00e0 n\u2019en pas douter, pr\u00e9sident d\u2019une simple minorit\u00e9.<\/p>\n<p>Le Lyon Bondy Blog veut porter la voix de ces hommes et ces femmes des quartiers populaires. Ceux qui se sentent largement \u00e9vinc\u00e9s d\u2019une politique trop \u00e9loign\u00e9e de leur quotidien. Ce droit de dire ce qu\u2019ils pensent \u00e0 travers leur vote, leurs pens\u00e9es, leurs maux. Entre deux citoyens, il est n\u00e9cessaire de donner la parole aux politiques de tout bords pour comprendre leur programme, leurs id\u00e9es de changements et essayer de faire la part des choses entre d\u00e9magogie et projet. Partager une information partiale pour donner l\u2019envie de comprendre ce qui les repousse depuis toujours. Vid\u00e9os, articles \u00e9crits, sons radio, les journalistes du LBB regroupent un maximum de supports d\u2019informations pour satisfaire un maximum de personnes.<\/p>\n<p>Cet entre-deux-tours ne durera qu\u2019une semaine avant un quinquennat l\u00e9gitimement discutable. Nous sommes le dimanche 7 mai, il est 20 heures et pour la 8<sup>e<\/sup> fois dans la Ve R\u00e9publique, la France aura un nouveau pr\u00e9sident.<\/p>\n<p>Dr\u00f4le de lendemain.<\/p>\n<!-- AddThis Advanced Settings generic via filter on the_content --><!-- AddThis Share Buttons generic via filter on the_content -->","protected":false},"excerpt":{"rendered":"<p>D\u2019un revers de main, le 23 mai, la politique a vu sa logique hi\u00e9rarchique se d\u00e9truire. Fin d\u2019un bipartisme pour les uns, jeu de dupes &hellip; <!-- AddThis Advanced Settings generic via filter on wp_trim_excerpt --><!-- AddThis Share Buttons generic via filter on wp_trim_excerpt --><\/p>\n","protected":false},"author":790,"featured_media":11281,"comment_status":"open","ping_status":"open","sticky":false,"template":"","format":"standard","meta":{"_FSMCFIC_featured_image_caption":"","_FSMCFIC_featured_image_nocaption":"","_FSMCFIC_featured_image_hide":"","footnotes":""},"categories":[2923,6,2792],"tags":[2891,346,2576,1508,2910,165],"class_list":["post-11280","post","type-post","status-publish","format-standard","has-post-thumbnail","hentry","category-lentre-deux-tours","category-politique","category-presidentielle_2017","tag-2891","tag-election-presidentielle","tag-macron","tag-marine-le-pen","tag-parole","tag-politique-2"],"yoast_head":"<!-- This site is optimized with the Yoast SEO plugin v22.8 - https:\/\/yoast.com\/wordpress\/plugins\/seo\/ -->\n<title>Douce France : l\u2019entre-deux-tristesses - Lyon Bondy Blog<\/title>\n<meta name=\"robots\" content=\"index, follow, max-snippet:-1, max-image-preview:large, max-video-preview:-1\" \/>\n<link rel=\"canonical\" href=\"https:\/\/lyonbondyblog.fr\/LBB\/douce-france-lentre-deux-tristesses\/\" \/>\n<meta property=\"og:locale\" content=\"fr_FR\" \/>\n<meta property=\"og:type\" content=\"article\" \/>\n<meta property=\"og:title\" content=\"Douce France : l\u2019entre-deux-tristesses - Lyon Bondy Blog\" \/>\n<meta property=\"og:description\" content=\"D\u2019un revers de main, le 23 mai, la politique a vu sa logique hi\u00e9rarchique se d\u00e9truire. Fin d\u2019un bipartisme pour les uns, jeu de dupes &hellip;\" \/>\n<meta property=\"og:url\" content=\"https:\/\/lyonbondyblog.fr\/LBB\/douce-france-lentre-deux-tristesses\/\" \/>\n<meta property=\"og:site_name\" content=\"Lyon Bondy Blog\" \/>\n<meta property=\"article:publisher\" content=\"https:\/\/www.facebook.com\/lyonbondyblog\" \/>\n<meta property=\"article:published_time\" content=\"2017-04-28T16:12:59+00:00\" \/>\n<meta property=\"article:modified_time\" content=\"2017-05-05T08:46:51+00:00\" \/>\n<meta property=\"og:image\" content=\"https:\/\/lyonbondyblog.fr\/LBB\/wp-content\/uploads\/2017\/04\/index.jpg\" \/>\n\t<meta property=\"og:image:width\" content=\"284\" \/>\n\t<meta property=\"og:image:height\" content=\"177\" \/>\n\t<meta property=\"og:image:type\" content=\"image\/jpeg\" \/>\n<meta name=\"author\" content=\"Dylan Munoz\" \/>\n<meta name=\"twitter:card\" content=\"summary_large_image\" \/>\n<meta name=\"twitter:creator\" content=\"@bondybloglyon\" \/>\n<meta name=\"twitter:site\" content=\"@bondybloglyon\" \/>\n<script type=\"application\/ld+json\" class=\"yoast-schema-graph\">{\"@context\":\"https:\/\/schema.org\",\"@graph\":[{\"@type\":\"Article\",\"@id\":\"https:\/\/lyonbondyblog.fr\/LBB\/douce-france-lentre-deux-tristesses\/#article\",\"isPartOf\":{\"@id\":\"https:\/\/lyonbondyblog.fr\/LBB\/douce-france-lentre-deux-tristesses\/\"},\"author\":{\"name\":\"Dylan Munoz\",\"@id\":\"https:\/\/lyonbondyblog.fr\/LBB\/#\/schema\/person\/c047e75bc2fde2a4510b73ffa872a540\"},\"headline\":\"Douce France : l\u2019entre-deux-tristesses\",\"datePublished\":\"2017-04-28T16:12:59+00:00\",\"dateModified\":\"2017-05-05T08:46:51+00:00\",\"mainEntityOfPage\":{\"@id\":\"https:\/\/lyonbondyblog.fr\/LBB\/douce-france-lentre-deux-tristesses\/\"},\"wordCount\":431,\"commentCount\":0,\"publisher\":{\"@id\":\"https:\/\/lyonbondyblog.fr\/LBB\/#organization\"},\"image\":{\"@id\":\"https:\/\/lyonbondyblog.fr\/LBB\/douce-france-lentre-deux-tristesses\/#primaryimage\"},\"thumbnailUrl\":\"https:\/\/lyonbondyblog.fr\/LBB\/wp-content\/uploads\/2017\/04\/index.jpg\",\"keywords\":[\"2017\",\"election pr\u00e9sidentielle\",\"Macron\",\"Marine Le Pen\",\"parole\",\"politique\"],\"articleSection\":[\"L'entre-deux-tours\",\"Politique\",\"Pr\u00e9sidentielle 2017\"],\"inLanguage\":\"fr-FR\",\"potentialAction\":[{\"@type\":\"CommentAction\",\"name\":\"Comment\",\"target\":[\"https:\/\/lyonbondyblog.fr\/LBB\/douce-france-lentre-deux-tristesses\/#respond\"]}]},{\"@type\":\"WebPage\",\"@id\":\"https:\/\/lyonbondyblog.fr\/LBB\/douce-france-lentre-deux-tristesses\/\",\"url\":\"https:\/\/lyonbondyblog.fr\/LBB\/douce-france-lentre-deux-tristesses\/\",\"name\":\"Douce France : l\u2019entre-deux-tristesses - Lyon Bondy Blog\",\"isPartOf\":{\"@id\":\"https:\/\/lyonbondyblog.fr\/LBB\/#website\"},\"primaryImageOfPage\":{\"@id\":\"https:\/\/lyonbondyblog.fr\/LBB\/douce-france-lentre-deux-tristesses\/#primaryimage\"},\"image\":{\"@id\":\"https:\/\/lyonbondyblog.fr\/LBB\/douce-france-lentre-deux-tristesses\/#primaryimage\"},\"thumbnailUrl\":\"https:\/\/lyonbondyblog.fr\/LBB\/wp-content\/uploads\/2017\/04\/index.jpg\",\"datePublished\":\"2017-04-28T16:12:59+00:00\",\"dateModified\":\"2017-05-05T08:46:51+00:00\",\"inLanguage\":\"fr-FR\",\"potentialAction\":[{\"@type\":\"ReadAction\",\"target\":[\"https:\/\/lyonbondyblog.fr\/LBB\/douce-france-lentre-deux-tristesses\/\"]}]},{\"@type\":\"ImageObject\",\"inLanguage\":\"fr-FR\",\"@id\":\"https:\/\/lyonbondyblog.fr\/LBB\/douce-france-lentre-deux-tristesses\/#primaryimage\",\"url\":\"https:\/\/lyonbondyblog.fr\/LBB\/wp-content\/uploads\/2017\/04\/index.jpg\",\"contentUrl\":\"https:\/\/lyonbondyblog.fr\/LBB\/wp-content\/uploads\/2017\/04\/index.jpg\",\"width\":\"284\",\"height\":\"177\"},{\"@type\":\"WebSite\",\"@id\":\"https:\/\/lyonbondyblog.fr\/LBB\/#website\",\"url\":\"https:\/\/lyonbondyblog.fr\/LBB\/\",\"name\":\"Lyon Bondy Blog\",\"description\":\"\",\"publisher\":{\"@id\":\"https:\/\/lyonbondyblog.fr\/LBB\/#organization\"},\"potentialAction\":[{\"@type\":\"SearchAction\",\"target\":{\"@type\":\"EntryPoint\",\"urlTemplate\":\"https:\/\/lyonbondyblog.fr\/LBB\/?s={search_term_string}\"},\"query-input\":\"required name=search_term_string\"}],\"inLanguage\":\"fr-FR\"},{\"@type\":\"Organization\",\"@id\":\"https:\/\/lyonbondyblog.fr\/LBB\/#organization\",\"name\":\"LYON BONDY BLOG\",\"url\":\"https:\/\/lyonbondyblog.fr\/LBB\/\",\"logo\":{\"@type\":\"ImageObject\",\"inLanguage\":\"fr-FR\",\"@id\":\"https:\/\/lyonbondyblog.fr\/LBB\/#\/schema\/logo\/image\/\",\"url\":\"http:\/\/lyonbondyblog.fr\/LBB\/wp-content\/uploads\/2014\/10\/logo-portable-144.png\",\"contentUrl\":\"http:\/\/lyonbondyblog.fr\/LBB\/wp-content\/uploads\/2014\/10\/logo-portable-144.png\",\"width\":144,\"height\":123,\"caption\":\"LYON BONDY BLOG\"},\"image\":{\"@id\":\"https:\/\/lyonbondyblog.fr\/LBB\/#\/schema\/logo\/image\/\"},\"sameAs\":[\"https:\/\/www.facebook.com\/lyonbondyblog\",\"https:\/\/x.com\/bondybloglyon\"]},{\"@type\":\"Person\",\"@id\":\"https:\/\/lyonbondyblog.fr\/LBB\/#\/schema\/person\/c047e75bc2fde2a4510b73ffa872a540\",\"name\":\"Dylan Munoz\",\"url\":\"https:\/\/lyonbondyblog.fr\/LBB\/author\/dylan-munoz\/\"}]}<\/script>\n<!-- \/ Yoast SEO plugin. -->","yoast_head_json":{"title":"Douce France : l\u2019entre-deux-tristesses - Lyon Bondy Blog","robots":{"index":"index","follow":"follow","max-snippet":"max-snippet:-1","max-image-preview":"max-image-preview:large","max-video-preview":"max-video-preview:-1"},"canonical":"https:\/\/lyonbondyblog.fr\/LBB\/douce-france-lentre-deux-tristesses\/","og_locale":"fr_FR","og_type":"article","og_title":"Douce France : l\u2019entre-deux-tristesses - Lyon Bondy Blog","og_description":"D\u2019un revers de main, le 23 mai, la politique a vu sa logique hi\u00e9rarchique se d\u00e9truire. Fin d\u2019un bipartisme pour les uns, jeu de dupes &hellip;","og_url":"https:\/\/lyonbondyblog.fr\/LBB\/douce-france-lentre-deux-tristesses\/","og_site_name":"Lyon Bondy Blog","article_publisher":"https:\/\/www.facebook.com\/lyonbondyblog","article_published_time":"2017-04-28T16:12:59+00:00","article_modified_time":"2017-05-05T08:46:51+00:00","og_image":[{"width":"284","height":"177","url":"https:\/\/lyonbondyblog.fr\/LBB\/wp-content\/uploads\/2017\/04\/index.jpg","type":"image\/jpeg"}],"author":"Dylan Munoz","twitter_card":"summary_large_image","twitter_creator":"@bondybloglyon","twitter_site":"@bondybloglyon","schema":{"@context":"https:\/\/schema.org","@graph":[{"@type":"Article","@id":"https:\/\/lyonbondyblog.fr\/LBB\/douce-france-lentre-deux-tristesses\/#article","isPartOf":{"@id":"https:\/\/lyonbondyblog.fr\/LBB\/douce-france-lentre-deux-tristesses\/"},"author":{"name":"Dylan Munoz","@id":"https:\/\/lyonbondyblog.fr\/LBB\/#\/schema\/person\/c047e75bc2fde2a4510b73ffa872a540"},"headline":"Douce France : l\u2019entre-deux-tristesses","datePublished":"2017-04-28T16:12:59+00:00","dateModified":"2017-05-05T08:46:51+00:00","mainEntityOfPage":{"@id":"https:\/\/lyonbondyblog.fr\/LBB\/douce-france-lentre-deux-tristesses\/"},"wordCount":431,"commentCount":0,"publisher":{"@id":"https:\/\/lyonbondyblog.fr\/LBB\/#organization"},"image":{"@id":"https:\/\/lyonbondyblog.fr\/LBB\/douce-france-lentre-deux-tristesses\/#primaryimage"},"thumbnailUrl":"https:\/\/lyonbondyblog.fr\/LBB\/wp-content\/uploads\/2017\/04\/index.jpg","keywords":["2017","election pr\u00e9sidentielle","Macron","Marine Le Pen","parole","politique"],"articleSection":["L'entre-deux-tours","Politique","Pr\u00e9sidentielle 2017"],"inLanguage":"fr-FR","potentialAction":[{"@type":"CommentAction","name":"Comment","target":["https:\/\/lyonbondyblog.fr\/LBB\/douce-france-lentre-deux-tristesses\/#respond"]}]},{"@type":"WebPage","@id":"https:\/\/lyonbondyblog.fr\/LBB\/douce-france-lentre-deux-tristesses\/","url":"https:\/\/lyonbondyblog.fr\/LBB\/douce-france-lentre-deux-tristesses\/","name":"Douce France : l\u2019entre-deux-tristesses - Lyon Bondy Blog","isPartOf":{"@id":"https:\/\/lyonbondyblog.fr\/LBB\/#website"},"primaryImageOfPage":{"@id":"https:\/\/lyonbondyblog.fr\/LBB\/douce-france-lentre-deux-tristesses\/#primaryimage"},"image":{"@id":"https:\/\/lyonbondyblog.fr\/LBB\/douce-france-lentre-deux-tristesses\/#primaryimage"},"thumbnailUrl":"https:\/\/lyonbondyblog.fr\/LBB\/wp-content\/uploads\/2017\/04\/index.jpg","datePublished":"2017-04-28T16:12:59+00:00","dateModified":"2017-05-05T08:46:51+00:00","inLanguage":"fr-FR","potentialAction":[{"@type":"ReadAction","target":["https:\/\/lyonbondyblog.fr\/LBB\/douce-france-lentre-deux-tristesses\/"]}]},{"@type":"ImageObject","inLanguage":"fr-FR","@id":"https:\/\/lyonbondyblog.fr\/LBB\/douce-france-lentre-deux-tristesses\/#primaryimage","url":"https:\/\/lyonbondyblog.fr\/LBB\/wp-content\/uploads\/2017\/04\/index.jpg","contentUrl":"https:\/\/lyonbondyblog.fr\/LBB\/wp-content\/uploads\/2017\/04\/index.jpg","width":"284","height":"177"},{"@type":"WebSite","@id":"https:\/\/lyonbondyblog.fr\/LBB\/#website","url":"https:\/\/lyonbondyblog.fr\/LBB\/","name":"Lyon Bondy Blog","description":"","publisher":{"@id":"https:\/\/lyonbondyblog.fr\/LBB\/#organization"},"potentialAction":[{"@type":"SearchAction","target":{"@type":"EntryPoint","urlTemplate":"https:\/\/lyonbondyblog.fr\/LBB\/?s={search_term_string}"},"query-input":"required name=search_term_string"}],"inLanguage":"fr-FR"},{"@type":"Organization","@id":"https:\/\/lyonbondyblog.fr\/LBB\/#organization","name":"LYON BONDY BLOG","url":"https:\/\/lyonbondyblog.fr\/LBB\/","logo":{"@type":"ImageObject","inLanguage":"fr-FR","@id":"https:\/\/lyonbondyblog.fr\/LBB\/#\/schema\/logo\/image\/","url":"http:\/\/lyonbondyblog.fr\/LBB\/wp-content\/uploads\/2014\/10\/logo-portable-144.png","contentUrl":"http:\/\/lyonbondyblog.fr\/LBB\/wp-content\/uploads\/2014\/10\/logo-portable-144.png","width":144,"height":123,"caption":"LYON BONDY BLOG"},"image":{"@id":"https:\/\/lyonbondyblog.fr\/LBB\/#\/schema\/logo\/image\/"},"sameAs":["https:\/\/www.facebook.com\/lyonbondyblog","https:\/\/x.com\/bondybloglyon"]},{"@type":"Person","@id":"https:\/\/lyonbondyblog.fr\/LBB\/#\/schema\/person\/c047e75bc2fde2a4510b73ffa872a540","name":"Dylan Munoz","url":"https:\/\/lyonbondyblog.fr\/LBB\/author\/dylan-munoz\/"}]}},"_links":{"self":[{"href":"https:\/\/lyonbondyblog.fr\/LBB\/wp-json\/wp\/v2\/posts\/11280","targetHints":{"allow":["GET"]}}],"collection":[{"href":"https:\/\/lyonbondyblog.fr\/LBB\/wp-json\/wp\/v2\/posts"}],"about":[{"href":"https:\/\/lyonbondyblog.fr\/LBB\/wp-json\/wp\/v2\/types\/post"}],"author":[{"embeddable":true,"href":"https:\/\/lyonbondyblog.fr\/LBB\/wp-json\/wp\/v2\/users\/790"}],"replies":[{"embeddable":true,"href":"https:\/\/lyonbondyblog.fr\/LBB\/wp-json\/wp\/v2\/comments?post=11280"}],"version-history":[{"count":4,"href":"https:\/\/lyonbondyblog.fr\/LBB\/wp-json\/wp\/v2\/posts\/11280\/revisions"}],"predecessor-version":[{"id":11311,"href":"https:\/\/lyonbondyblog.fr\/LBB\/wp-json\/wp\/v2\/posts\/11280\/revisions\/11311"}],"wp:featuredmedia":[{"embeddable":true,"href":"https:\/\/lyonbondyblog.fr\/LBB\/wp-json\/wp\/v2\/media\/11281"}],"wp:attachment":[{"href":"https:\/\/lyonbondyblog.fr\/LBB\/wp-json\/wp\/v2\/media?parent=11280"}],"wp:term":[{"taxonomy":"category","embeddable":true,"href":"https:\/\/lyonbondyblog.fr\/LBB\/wp-json\/wp\/v2\/categories?post=11280"},{"taxonomy":"post_tag","embeddable":true,"href":"https:\/\/lyonbondyblog.fr\/LBB\/wp-json\/wp\/v2\/tags?post=11280"}],"curies":[{"name":"wp","href":"https:\/\/api.w.org\/{rel}","templated":true}]}}