{"id":11273,"date":"2017-04-28T08:16:48","date_gmt":"2017-04-28T06:16:48","guid":{"rendered":"http:\/\/lyonbondyblog.fr\/LBB\/?p=11273"},"modified":"2017-04-28T08:16:49","modified_gmt":"2017-04-28T06:16:49","slug":"on-va-se-mentir-monde-vole-a-poste","status":"publish","type":"post","link":"https:\/\/lyonbondyblog.fr\/LBB\/on-va-se-mentir-monde-vole-a-poste\/","title":{"rendered":"\u00ab\u00a0On va pas se mentir, tout le monde vole \u00e0 La Poste\u00a0\u00bb"},"content":{"rendered":"<p><em>Tribunal de Grande Instance de Lyon, comparution imm\u00e9diate, le 21 avril 2017<\/em><\/p>\n<p>Johan* approche de la trentaine. Anika* vient juste d\u2019entrer dans la vingtaine. Lui est jug\u00e9 pour vol en r\u00e9union de colis postaux et recel des contenus, elle pour complicit\u00e9 de vol en r\u00e9union. Tous les deux travaillaient \u00e0 La Poste au moment des faits, sur la m\u00eame chaine de tri de colis et enveloppes. C\u2019est La Poste qui les a pris en flagrant d\u00e9lit, si l\u2019on peut dire\u00a0: alert\u00e9 par certains de leurs clients, ils ont mis en place des \u201f<em>app\u00e2ts<\/em>\u201f, de faux colis avec des t\u00e9l\u00e9phones \u00e0 l\u2019int\u00e9rieur qu\u2019ils ont ensuite surveill\u00e9. C\u2019est ainsi que Johan et Anika ont mordu \u00e0 l\u2019hame\u00e7on, se sont fait prendre sur le fait et ont fini entre les mains de la police. Entre ces deux l\u00e0 et La Poste, pas s\u00fbr que la confiance ait de l\u2019avenir\u2026<\/p>\n<p>Tous les deux ont reconnu les faits. Anika d\u00e9clare cependant qu\u2019elle ne volait pas elle-m\u00eame les objets\u00a0: elle pr\u00eatait son sac pour les dissimuler et les sortir de l\u2019entrep\u00f4t ou bien cachait Johan lorsqu\u2019il subtilisait des colis ou enveloppes.<\/p>\n<p>\u00ab\u00a0<em>Pourquoi avoir fait \u00e7a\u00a0?<\/em> \u00bb demande la juge \u00e0 Johan. \u00ab<em>\u00a0J\u2019avais des probl\u00e8mes d\u2019argent, de loyer impay\u00e9. J\u2019ai fait \u00e7a deux fois et la troisi\u00e8me je me suis fait prendre<\/em>\u00a0\u00bb.\u00a0 Ce qui \u00e9tonne la juge\u00a0: \u00ab\u00a0<em>des probl\u00e8mes de loyer\u00a0? Vous gagnez 1200\u20ac environ et vous \u00eates h\u00e9berg\u00e9 chez un membre de votre famille non\u00a0?<\/em>\u00a0\u2013 <em>Oui mais je loue une chambre 400\u20ac par mois \u00e0 c\u00f4t\u00e9 du boulot, sinon j\u2019habitais trop loin<\/em>\u00a0\u00bb. Une autre question lui est pos\u00e9e \u00e0 propos du contenu d\u2019un colis retrouv\u00e9 dans son v\u00e9hicule, il s\u2019explique\u00a0: \u00ab\u00a0<em>ce colis il \u00e9tait juste dans ma voiture et je l\u2019ai pas rendu<\/em>. \u2013 \u00a0<em>Pas rendu \u00e7a s\u2019appelle voler, monsieur<\/em>\u00a0\u00bb r\u00e9torque la juge. \u00ab\u00a0<em>On va pas se mentir madame, tout le monde vole \u00e0 La Poste<\/em>\u00a0\u00bb lance plus tard Johan, ce qui suscite quelques rires \u00e9touff\u00e9s parmi le public. \u00ab\u00a0<em>Oui oui, tout le monde vole \u00e0 La Poste<\/em>\u00a0\u00bb r\u00e9p\u00e8te-t-il, en direction du public cette fois.<\/p>\n<p>\u00ab\u00a0<em>Pourquoi avoir fait \u00e7a\u00a0?<\/em>\u00a0\u00bb demande la juge \u00e0 Anika. \u00ab\u00a0<em>Je ne sais pas. C\u2019est b\u00eate.<\/em>\u00a0 \u2013\u00a0<em>C\u2019est plus que b\u00eate, c\u2019est un d\u00e9lit<\/em>\u00a0\u00bb. La Juge lit les t\u00e9moignages \u00e9logieux de sa famille et de ses anciens coll\u00e8gues r\u00e9colt\u00e9s lors de l\u2019enqu\u00eate\u00a0: \u00ab\u00a0<em>on a quand m\u00eame du mal \u00e0 croire que vous ayez pu vous laisser utiliser comme \u00e7a<\/em>\u00a0\u00bb.<\/p>\n<p>La procureure demande 10 mois de prison ferme avec mandat de d\u00e9p\u00f4t \u00e0 l\u2019encontre de Johan, 5 mois avec sursis pour Anika. Le probl\u00e8me pour Johan, c\u2019est son casier judiciaire d\u00e9j\u00e0 rempli de quelques affaires. \u00ab\u00a0<em>J\u2019ai quitt\u00e9<\/em> [une ville de l\u2019ouest] <em>et je suis venu \u00e0 Lyon pour laisser derri\u00e8re moi mon casier, trouver un travail\u00a0<\/em>\u00bb d\u00e9clarait-il d\u2019ailleurs un peu plus t\u00f4t. \u00ab\u00a0<em>Eh bien, vous ne l\u2019avez pas laiss\u00e9 totalement derri\u00e8re vous ce pass\u00e9\u00a0<\/em>\u00bb, objecta la juge. Si le casier d\u2019Anika, lui, est vierge, la procureure prend soin de souligner qu\u2019elle a \u00ab\u00a0<em>une v\u00e9ritable responsabilit\u00e9 p\u00e9nale dans cette affaire<\/em>\u00a0\u00bb que ne saurait excuser \u00ab\u00a0<em>sa jeunesse et sa na\u00efvet\u00e9<\/em>\u00a0\u00bb.<\/p>\n<p>Leurs avocats respectifs font ce qu\u2019ils peuvent, mais les faits sont reconnus. Celle d\u2019Anika pr\u00e9cise n\u00e9anmoins\u00a0: \u00ab\u00a0<em>dans sa jeunesse et sa na\u00efvet\u00e9, elle n\u2019a pas voulu d\u00e9noncer Johan \u00e0 la hi\u00e9rarchie ou \u00e0 la police. Le d\u00e9noncer, c\u2019\u00e9tait aussi se mettre d\u2019autres employ\u00e9s \u00e0 dos\u00a0<\/em>\u00bb.<\/p>\n<p>Le tribunal les reconnait coupables des faits qui leur sont reproch\u00e9s. Le jugement suit les r\u00e9quisitions de la procureure\u00a0: pour Anika 5 mois avec sursis, pour Johan 10 mois de prison ferme avec mandat de d\u00e9p\u00f4t. Cela veut dire qu\u2019il dormira d\u00e8s cette nuit en prison, \u00e0 Corbas. Il n\u2019a pas l\u2019air d\u2019avoir compris\u00a0: \u00ab\u00a0<em>Euh&#8230; 10 mois, \u00e7a veut dire que j\u2019y vais tout de suite\u00a0?<\/em>\u00a0\u2013 <em>\u00a0Oui<\/em> \u2013 <em>Quoi\u00a0? Vous ne pouvez pas \u00eatre plus cl\u00e9mente\u00a0?<\/em> \u2013 <em>Non je ne peux pas\u00a0<\/em>\u00bb, conclut lapidairement la juge avant que l\u2019escorte polici\u00e8re ne les ram\u00e8ne dans les cellules du tribunal.<\/p>\n<p>Au suivant.<\/p>\n<p>* les pr\u00e9noms ont \u00e9t\u00e9 modifi\u00e9s<\/p>\n<!-- AddThis Advanced Settings generic via filter on the_content --><!-- AddThis Share Buttons generic via filter on the_content -->","protected":false},"excerpt":{"rendered":"<p>Tribunal de Grande Instance de Lyon, comparution imm\u00e9diate, le 21 avril 2017 Johan* approche de la trentaine. Anika* vient juste d\u2019entrer dans la vingtaine. Lui &hellip; <!-- AddThis Advanced Settings generic via filter on wp_trim_excerpt --><!-- AddThis Share Buttons generic via filter on wp_trim_excerpt --><\/p>\n","protected":false},"author":1,"featured_media":11274,"comment_status":"open","ping_status":"open","sticky":false,"template":"","format":"standard","meta":{"_FSMCFIC_featured_image_caption":"","_FSMCFIC_featured_image_nocaption":"","_FSMCFIC_featured_image_hide":"","footnotes":""},"categories":[5,965,8,4,64],"tags":[2908,395,2909,2907,559],"class_list":["post-11273","post","type-post","status-publish","format-standard","has-post-thumbnail","hentry","category-ambiance","category-chronique-judiciaire","category-france","category-lyon","category-prisons","tag-condamnation","tag-justice","tag-palais-de-justice-de-lyon","tag-poste","tag-tribunal"],"yoast_head":"<!-- This site is optimized with the Yoast SEO plugin v22.8 - https:\/\/yoast.com\/wordpress\/plugins\/seo\/ -->\n<title>&quot;On va pas se mentir, tout le monde vole \u00e0 La Poste&quot; - Lyon Bondy Blog<\/title>\n<meta name=\"robots\" content=\"index, follow, max-snippet:-1, max-image-preview:large, max-video-preview:-1\" \/>\n<link rel=\"canonical\" href=\"https:\/\/lyonbondyblog.fr\/LBB\/on-va-se-mentir-monde-vole-a-poste\/\" \/>\n<meta property=\"og:locale\" content=\"fr_FR\" \/>\n<meta property=\"og:type\" content=\"article\" \/>\n<meta property=\"og:title\" content=\"&quot;On va pas se mentir, tout le monde vole \u00e0 La Poste&quot; - Lyon Bondy Blog\" \/>\n<meta property=\"og:description\" content=\"Tribunal de Grande Instance de Lyon, comparution imm\u00e9diate, le 21 avril 2017 Johan* approche de la trentaine. Anika* vient juste d\u2019entrer dans la vingtaine. Lui &hellip;\" \/>\n<meta property=\"og:url\" content=\"https:\/\/lyonbondyblog.fr\/LBB\/on-va-se-mentir-monde-vole-a-poste\/\" \/>\n<meta property=\"og:site_name\" content=\"Lyon Bondy Blog\" \/>\n<meta property=\"article:publisher\" content=\"https:\/\/www.facebook.com\/lyonbondyblog\" \/>\n<meta property=\"article:author\" content=\"https:\/\/www.facebook.com\/lyonbondyblog\" \/>\n<meta property=\"article:published_time\" content=\"2017-04-28T06:16:48+00:00\" \/>\n<meta property=\"article:modified_time\" content=\"2017-04-28T06:16:49+00:00\" \/>\n<meta property=\"og:image\" content=\"https:\/\/lyonbondyblog.fr\/LBB\/wp-content\/uploads\/2017\/04\/justicefiction_visuel-1024x681.jpg\" \/>\n\t<meta property=\"og:image:width\" content=\"1024\" \/>\n\t<meta property=\"og:image:height\" content=\"681\" \/>\n\t<meta property=\"og:image:type\" content=\"image\/jpeg\" \/>\n<meta name=\"author\" content=\"La r\u00e9daction\" \/>\n<meta name=\"twitter:card\" content=\"summary_large_image\" \/>\n<meta name=\"twitter:creator\" content=\"@BondyBlogLyon\" \/>\n<meta name=\"twitter:site\" content=\"@bondybloglyon\" \/>\n<script type=\"application\/ld+json\" class=\"yoast-schema-graph\">{\"@context\":\"https:\/\/schema.org\",\"@graph\":[{\"@type\":\"Article\",\"@id\":\"https:\/\/lyonbondyblog.fr\/LBB\/on-va-se-mentir-monde-vole-a-poste\/#article\",\"isPartOf\":{\"@id\":\"https:\/\/lyonbondyblog.fr\/LBB\/on-va-se-mentir-monde-vole-a-poste\/\"},\"author\":{\"name\":\"La r\u00e9daction\",\"@id\":\"https:\/\/lyonbondyblog.fr\/LBB\/#\/schema\/person\/e45f8d27baac75072daa0be50c409b25\"},\"headline\":\"\u00ab\u00a0On va pas se mentir, tout le monde vole \u00e0 La Poste\u00a0\u00bb\",\"datePublished\":\"2017-04-28T06:16:48+00:00\",\"dateModified\":\"2017-04-28T06:16:49+00:00\",\"mainEntityOfPage\":{\"@id\":\"https:\/\/lyonbondyblog.fr\/LBB\/on-va-se-mentir-monde-vole-a-poste\/\"},\"wordCount\":741,\"commentCount\":0,\"publisher\":{\"@id\":\"https:\/\/lyonbondyblog.fr\/LBB\/#organization\"},\"image\":{\"@id\":\"https:\/\/lyonbondyblog.fr\/LBB\/on-va-se-mentir-monde-vole-a-poste\/#primaryimage\"},\"thumbnailUrl\":\"https:\/\/lyonbondyblog.fr\/LBB\/wp-content\/uploads\/2017\/04\/justicefiction_visuel.jpg\",\"keywords\":[\"condamnation\",\"justice\",\"Palais de justice de Lyon\",\"poste\",\"tribunal\"],\"articleSection\":[\"Ambiance\",\"Chronique judiciaire\",\"France\",\"Lyon\",\"Prisons\"],\"inLanguage\":\"fr-FR\",\"potentialAction\":[{\"@type\":\"CommentAction\",\"name\":\"Comment\",\"target\":[\"https:\/\/lyonbondyblog.fr\/LBB\/on-va-se-mentir-monde-vole-a-poste\/#respond\"]}]},{\"@type\":\"WebPage\",\"@id\":\"https:\/\/lyonbondyblog.fr\/LBB\/on-va-se-mentir-monde-vole-a-poste\/\",\"url\":\"https:\/\/lyonbondyblog.fr\/LBB\/on-va-se-mentir-monde-vole-a-poste\/\",\"name\":\"\\\"On va pas se mentir, tout le monde vole \u00e0 La Poste\\\" - Lyon Bondy Blog\",\"isPartOf\":{\"@id\":\"https:\/\/lyonbondyblog.fr\/LBB\/#website\"},\"primaryImageOfPage\":{\"@id\":\"https:\/\/lyonbondyblog.fr\/LBB\/on-va-se-mentir-monde-vole-a-poste\/#primaryimage\"},\"image\":{\"@id\":\"https:\/\/lyonbondyblog.fr\/LBB\/on-va-se-mentir-monde-vole-a-poste\/#primaryimage\"},\"thumbnailUrl\":\"https:\/\/lyonbondyblog.fr\/LBB\/wp-content\/uploads\/2017\/04\/justicefiction_visuel.jpg\",\"datePublished\":\"2017-04-28T06:16:48+00:00\",\"dateModified\":\"2017-04-28T06:16:49+00:00\",\"inLanguage\":\"fr-FR\",\"potentialAction\":[{\"@type\":\"ReadAction\",\"target\":[\"https:\/\/lyonbondyblog.fr\/LBB\/on-va-se-mentir-monde-vole-a-poste\/\"]}]},{\"@type\":\"ImageObject\",\"inLanguage\":\"fr-FR\",\"@id\":\"https:\/\/lyonbondyblog.fr\/LBB\/on-va-se-mentir-monde-vole-a-poste\/#primaryimage\",\"url\":\"https:\/\/lyonbondyblog.fr\/LBB\/wp-content\/uploads\/2017\/04\/justicefiction_visuel.jpg\",\"contentUrl\":\"https:\/\/lyonbondyblog.fr\/LBB\/wp-content\/uploads\/2017\/04\/justicefiction_visuel.jpg\",\"width\":\"4256\",\"height\":\"2832\"},{\"@type\":\"WebSite\",\"@id\":\"https:\/\/lyonbondyblog.fr\/LBB\/#website\",\"url\":\"https:\/\/lyonbondyblog.fr\/LBB\/\",\"name\":\"Lyon Bondy Blog\",\"description\":\"\",\"publisher\":{\"@id\":\"https:\/\/lyonbondyblog.fr\/LBB\/#organization\"},\"potentialAction\":[{\"@type\":\"SearchAction\",\"target\":{\"@type\":\"EntryPoint\",\"urlTemplate\":\"https:\/\/lyonbondyblog.fr\/LBB\/?s={search_term_string}\"},\"query-input\":\"required name=search_term_string\"}],\"inLanguage\":\"fr-FR\"},{\"@type\":\"Organization\",\"@id\":\"https:\/\/lyonbondyblog.fr\/LBB\/#organization\",\"name\":\"LYON BONDY BLOG\",\"url\":\"https:\/\/lyonbondyblog.fr\/LBB\/\",\"logo\":{\"@type\":\"ImageObject\",\"inLanguage\":\"fr-FR\",\"@id\":\"https:\/\/lyonbondyblog.fr\/LBB\/#\/schema\/logo\/image\/\",\"url\":\"http:\/\/lyonbondyblog.fr\/LBB\/wp-content\/uploads\/2014\/10\/logo-portable-144.png\",\"contentUrl\":\"http:\/\/lyonbondyblog.fr\/LBB\/wp-content\/uploads\/2014\/10\/logo-portable-144.png\",\"width\":144,\"height\":123,\"caption\":\"LYON BONDY BLOG\"},\"image\":{\"@id\":\"https:\/\/lyonbondyblog.fr\/LBB\/#\/schema\/logo\/image\/\"},\"sameAs\":[\"https:\/\/www.facebook.com\/lyonbondyblog\",\"https:\/\/x.com\/bondybloglyon\"]},{\"@type\":\"Person\",\"@id\":\"https:\/\/lyonbondyblog.fr\/LBB\/#\/schema\/person\/e45f8d27baac75072daa0be50c409b25\",\"name\":\"La r\u00e9daction\",\"description\":\"Cr\u00e9e en 2008, la r\u00e9daction du Lyon Bondy Blog s'applique \u00e0 proposer une information locale diff\u00e9rente et compl\u00e9mentaire des m\u00e9dias traditionnels.\",\"sameAs\":[\"https:\/\/www.facebook.com\/lyonbondyblog\",\"https:\/\/x.com\/BondyBlogLyon\"],\"url\":\"https:\/\/lyonbondyblog.fr\/LBB\/author\/admin\/\"}]}<\/script>\n<!-- \/ Yoast SEO plugin. -->","yoast_head_json":{"title":"\"On va pas se mentir, tout le monde vole \u00e0 La Poste\" - Lyon Bondy Blog","robots":{"index":"index","follow":"follow","max-snippet":"max-snippet:-1","max-image-preview":"max-image-preview:large","max-video-preview":"max-video-preview:-1"},"canonical":"https:\/\/lyonbondyblog.fr\/LBB\/on-va-se-mentir-monde-vole-a-poste\/","og_locale":"fr_FR","og_type":"article","og_title":"\"On va pas se mentir, tout le monde vole \u00e0 La Poste\" - Lyon Bondy Blog","og_description":"Tribunal de Grande Instance de Lyon, comparution imm\u00e9diate, le 21 avril 2017 Johan* approche de la trentaine. Anika* vient juste d\u2019entrer dans la vingtaine. Lui &hellip;","og_url":"https:\/\/lyonbondyblog.fr\/LBB\/on-va-se-mentir-monde-vole-a-poste\/","og_site_name":"Lyon Bondy Blog","article_publisher":"https:\/\/www.facebook.com\/lyonbondyblog","article_author":"https:\/\/www.facebook.com\/lyonbondyblog","article_published_time":"2017-04-28T06:16:48+00:00","article_modified_time":"2017-04-28T06:16:49+00:00","og_image":[{"width":"1024","height":"681","url":"https:\/\/lyonbondyblog.fr\/LBB\/wp-content\/uploads\/2017\/04\/justicefiction_visuel-1024x681.jpg","type":"image\/jpeg"}],"author":"La r\u00e9daction","twitter_card":"summary_large_image","twitter_creator":"@BondyBlogLyon","twitter_site":"@bondybloglyon","schema":{"@context":"https:\/\/schema.org","@graph":[{"@type":"Article","@id":"https:\/\/lyonbondyblog.fr\/LBB\/on-va-se-mentir-monde-vole-a-poste\/#article","isPartOf":{"@id":"https:\/\/lyonbondyblog.fr\/LBB\/on-va-se-mentir-monde-vole-a-poste\/"},"author":{"name":"La r\u00e9daction","@id":"https:\/\/lyonbondyblog.fr\/LBB\/#\/schema\/person\/e45f8d27baac75072daa0be50c409b25"},"headline":"\u00ab\u00a0On va pas se mentir, tout le monde vole \u00e0 La Poste\u00a0\u00bb","datePublished":"2017-04-28T06:16:48+00:00","dateModified":"2017-04-28T06:16:49+00:00","mainEntityOfPage":{"@id":"https:\/\/lyonbondyblog.fr\/LBB\/on-va-se-mentir-monde-vole-a-poste\/"},"wordCount":741,"commentCount":0,"publisher":{"@id":"https:\/\/lyonbondyblog.fr\/LBB\/#organization"},"image":{"@id":"https:\/\/lyonbondyblog.fr\/LBB\/on-va-se-mentir-monde-vole-a-poste\/#primaryimage"},"thumbnailUrl":"https:\/\/lyonbondyblog.fr\/LBB\/wp-content\/uploads\/2017\/04\/justicefiction_visuel.jpg","keywords":["condamnation","justice","Palais de justice de Lyon","poste","tribunal"],"articleSection":["Ambiance","Chronique judiciaire","France","Lyon","Prisons"],"inLanguage":"fr-FR","potentialAction":[{"@type":"CommentAction","name":"Comment","target":["https:\/\/lyonbondyblog.fr\/LBB\/on-va-se-mentir-monde-vole-a-poste\/#respond"]}]},{"@type":"WebPage","@id":"https:\/\/lyonbondyblog.fr\/LBB\/on-va-se-mentir-monde-vole-a-poste\/","url":"https:\/\/lyonbondyblog.fr\/LBB\/on-va-se-mentir-monde-vole-a-poste\/","name":"\"On va pas se mentir, tout le monde vole \u00e0 La Poste\" - Lyon Bondy Blog","isPartOf":{"@id":"https:\/\/lyonbondyblog.fr\/LBB\/#website"},"primaryImageOfPage":{"@id":"https:\/\/lyonbondyblog.fr\/LBB\/on-va-se-mentir-monde-vole-a-poste\/#primaryimage"},"image":{"@id":"https:\/\/lyonbondyblog.fr\/LBB\/on-va-se-mentir-monde-vole-a-poste\/#primaryimage"},"thumbnailUrl":"https:\/\/lyonbondyblog.fr\/LBB\/wp-content\/uploads\/2017\/04\/justicefiction_visuel.jpg","datePublished":"2017-04-28T06:16:48+00:00","dateModified":"2017-04-28T06:16:49+00:00","inLanguage":"fr-FR","potentialAction":[{"@type":"ReadAction","target":["https:\/\/lyonbondyblog.fr\/LBB\/on-va-se-mentir-monde-vole-a-poste\/"]}]},{"@type":"ImageObject","inLanguage":"fr-FR","@id":"https:\/\/lyonbondyblog.fr\/LBB\/on-va-se-mentir-monde-vole-a-poste\/#primaryimage","url":"https:\/\/lyonbondyblog.fr\/LBB\/wp-content\/uploads\/2017\/04\/justicefiction_visuel.jpg","contentUrl":"https:\/\/lyonbondyblog.fr\/LBB\/wp-content\/uploads\/2017\/04\/justicefiction_visuel.jpg","width":"4256","height":"2832"},{"@type":"WebSite","@id":"https:\/\/lyonbondyblog.fr\/LBB\/#website","url":"https:\/\/lyonbondyblog.fr\/LBB\/","name":"Lyon Bondy Blog","description":"","publisher":{"@id":"https:\/\/lyonbondyblog.fr\/LBB\/#organization"},"potentialAction":[{"@type":"SearchAction","target":{"@type":"EntryPoint","urlTemplate":"https:\/\/lyonbondyblog.fr\/LBB\/?s={search_term_string}"},"query-input":"required name=search_term_string"}],"inLanguage":"fr-FR"},{"@type":"Organization","@id":"https:\/\/lyonbondyblog.fr\/LBB\/#organization","name":"LYON BONDY BLOG","url":"https:\/\/lyonbondyblog.fr\/LBB\/","logo":{"@type":"ImageObject","inLanguage":"fr-FR","@id":"https:\/\/lyonbondyblog.fr\/LBB\/#\/schema\/logo\/image\/","url":"http:\/\/lyonbondyblog.fr\/LBB\/wp-content\/uploads\/2014\/10\/logo-portable-144.png","contentUrl":"http:\/\/lyonbondyblog.fr\/LBB\/wp-content\/uploads\/2014\/10\/logo-portable-144.png","width":144,"height":123,"caption":"LYON BONDY BLOG"},"image":{"@id":"https:\/\/lyonbondyblog.fr\/LBB\/#\/schema\/logo\/image\/"},"sameAs":["https:\/\/www.facebook.com\/lyonbondyblog","https:\/\/x.com\/bondybloglyon"]},{"@type":"Person","@id":"https:\/\/lyonbondyblog.fr\/LBB\/#\/schema\/person\/e45f8d27baac75072daa0be50c409b25","name":"La r\u00e9daction","description":"Cr\u00e9e en 2008, la r\u00e9daction du Lyon Bondy Blog s'applique \u00e0 proposer une information locale diff\u00e9rente et compl\u00e9mentaire des m\u00e9dias traditionnels.","sameAs":["https:\/\/www.facebook.com\/lyonbondyblog","https:\/\/x.com\/BondyBlogLyon"],"url":"https:\/\/lyonbondyblog.fr\/LBB\/author\/admin\/"}]}},"_links":{"self":[{"href":"https:\/\/lyonbondyblog.fr\/LBB\/wp-json\/wp\/v2\/posts\/11273","targetHints":{"allow":["GET"]}}],"collection":[{"href":"https:\/\/lyonbondyblog.fr\/LBB\/wp-json\/wp\/v2\/posts"}],"about":[{"href":"https:\/\/lyonbondyblog.fr\/LBB\/wp-json\/wp\/v2\/types\/post"}],"author":[{"embeddable":true,"href":"https:\/\/lyonbondyblog.fr\/LBB\/wp-json\/wp\/v2\/users\/1"}],"replies":[{"embeddable":true,"href":"https:\/\/lyonbondyblog.fr\/LBB\/wp-json\/wp\/v2\/comments?post=11273"}],"version-history":[{"count":3,"href":"https:\/\/lyonbondyblog.fr\/LBB\/wp-json\/wp\/v2\/posts\/11273\/revisions"}],"predecessor-version":[{"id":11277,"href":"https:\/\/lyonbondyblog.fr\/LBB\/wp-json\/wp\/v2\/posts\/11273\/revisions\/11277"}],"wp:featuredmedia":[{"embeddable":true,"href":"https:\/\/lyonbondyblog.fr\/LBB\/wp-json\/wp\/v2\/media\/11274"}],"wp:attachment":[{"href":"https:\/\/lyonbondyblog.fr\/LBB\/wp-json\/wp\/v2\/media?parent=11273"}],"wp:term":[{"taxonomy":"category","embeddable":true,"href":"https:\/\/lyonbondyblog.fr\/LBB\/wp-json\/wp\/v2\/categories?post=11273"},{"taxonomy":"post_tag","embeddable":true,"href":"https:\/\/lyonbondyblog.fr\/LBB\/wp-json\/wp\/v2\/tags?post=11273"}],"curies":[{"name":"wp","href":"https:\/\/api.w.org\/{rel}","templated":true}]}}