{"id":11248,"date":"2017-04-26T16:26:57","date_gmt":"2017-04-26T14:26:57","guid":{"rendered":"http:\/\/lyonbondyblog.fr\/LBB\/?p=11248"},"modified":"2017-04-27T09:25:59","modified_gmt":"2017-04-27T07:25:59","slug":"mohamed-tria-hussard-de-republique","status":"publish","type":"post","link":"https:\/\/lyonbondyblog.fr\/LBB\/mohamed-tria-hussard-de-republique\/","title":{"rendered":"Mohamed Tria, le hussard de la R\u00e9publique"},"content":{"rendered":"<p><em>Depuis maintenant neuf ans, Mohamed Tria a repris les r\u00eanes du club de <a href=\"http:\/\/duchere.footeo.com\/\">l\u2019AS Lyon Duch\u00e8re<\/a> avec un but bien pr\u00e9cis\u00a0: celui de cr\u00e9er \u00ab\u00a0une performance sociale\u00a0\u00bb. Tr\u00e8s engag\u00e9 dans l\u2019essor des quartiers populaires Lyonnais, ce fils de cantonnier s\u2019est donn\u00e9 corps et \u00e2me dans le d\u00e9veloppement des banlieues, mis en place diverses actions sociales via son club de football, sans oublier la cr\u00e9ation de la section f\u00e9minine durant la saison 2010\/2011. Moment choisi par le LBB pour mettre en lumi\u00e8re le d\u00e9vouement social de ce hussard de la R\u00e9publique, dans l\u2019embellissement de nos quartiers.<\/em><\/p>\n<figure id=\"attachment_11250\" aria-describedby=\"caption-attachment-11250\" style=\"width: 300px\" class=\"wp-caption aligncenter\"><a href=\"https:\/\/lyonbondyblog.fr\/LBB\/wp-content\/uploads\/2017\/04\/18119593_10210411556179600_7879470270658815975_n.jpg\"><img loading=\"lazy\" decoding=\"async\" class=\"wp-image-11250 size-medium\" src=\"https:\/\/lyonbondyblog.fr\/LBB\/wp-content\/uploads\/2017\/04\/18119593_10210411556179600_7879470270658815975_n-300x300.jpg\" alt=\"\" width=\"300\" height=\"300\" srcset=\"https:\/\/lyonbondyblog.fr\/LBB\/wp-content\/uploads\/2017\/04\/18119593_10210411556179600_7879470270658815975_n-300x300.jpg 300w, https:\/\/lyonbondyblog.fr\/LBB\/wp-content\/uploads\/2017\/04\/18119593_10210411556179600_7879470270658815975_n-150x150.jpg 150w, https:\/\/lyonbondyblog.fr\/LBB\/wp-content\/uploads\/2017\/04\/18119593_10210411556179600_7879470270658815975_n-360x360.jpg 360w, https:\/\/lyonbondyblog.fr\/LBB\/wp-content\/uploads\/2017\/04\/18119593_10210411556179600_7879470270658815975_n-32x32.jpg 32w, https:\/\/lyonbondyblog.fr\/LBB\/wp-content\/uploads\/2017\/04\/18119593_10210411556179600_7879470270658815975_n-50x50.jpg 50w, https:\/\/lyonbondyblog.fr\/LBB\/wp-content\/uploads\/2017\/04\/18119593_10210411556179600_7879470270658815975_n-64x64.jpg 64w, https:\/\/lyonbondyblog.fr\/LBB\/wp-content\/uploads\/2017\/04\/18119593_10210411556179600_7879470270658815975_n-96x96.jpg 96w, https:\/\/lyonbondyblog.fr\/LBB\/wp-content\/uploads\/2017\/04\/18119593_10210411556179600_7879470270658815975_n-128x128.jpg 128w, https:\/\/lyonbondyblog.fr\/LBB\/wp-content\/uploads\/2017\/04\/18119593_10210411556179600_7879470270658815975_n-100x100.jpg 100w, https:\/\/lyonbondyblog.fr\/LBB\/wp-content\/uploads\/2017\/04\/18119593_10210411556179600_7879470270658815975_n-200x200.jpg 200w, https:\/\/lyonbondyblog.fr\/LBB\/wp-content\/uploads\/2017\/04\/18119593_10210411556179600_7879470270658815975_n.jpg 480w\" sizes=\"auto, (max-width: 300px) 100vw, 300px\" \/><\/a><figcaption id=\"caption-attachment-11250\" class=\"wp-caption-text\">Mohamed Tria, pr\u00e9sident de l&rsquo;AS Lyon-Duch\u00e8re<\/figcaption><\/figure>\n<p>Homme patriotique, Mohamed Tria s\u2019est sans cesse pr\u00e9occup\u00e9 de ce qu\u2019il se passe l\u00e0 o\u00f9 les feux des projecteurs ne se r\u00e9sument qu\u2019aux st\u00e9r\u00e9otypes et aux pens\u00e9es p\u00e9joratives. Berc\u00e9 depuis le plus jeune \u00e2ge dans un climat modeste, chemin de la Poudrette (Villeurbanne), il s\u2019est impr\u00e9gn\u00e9 des valeurs sociales et d\u2019un mode de vie o\u00f9 <em>\u00ab\u00a0il fallait faire beaucoup avec peu\u00a0\u00bb<\/em>. Cette volont\u00e9 de faire du social, il l\u2019explique par le fait qu\u2019il\u00a0n\u2019ait pas reconnu le quartier de son enfance\u00a0:<em> \u00ab\u00a0En fait je n\u2019ai pas reconnu les murs, je n\u2019ai pas reconnu les gens qui \u00e9taient dedans \u00bb.\u00a0<\/em>Aujourd\u2019hui, en tant que Pr\u00e9sident de l\u2019AS Lyon-Duch\u00e8re, Mohamed Tria accorde une grande importance \u00e0 l\u2019enseignement de ces valeurs humaines aupr\u00e8s de ses joueurs, et ce, d\u00e8s le plus jeune \u00e2ge\u00a0: \u00ab\u00a0<em>On a quatre piliers dans nos projets. Le premier c\u2019est l\u2019\u00e9cole car tout commence par l\u2019\u00e9cole [\u2026] Et j\u2019avais plut\u00f4t envie de faire une op\u00e9ration pour essayer de voir si on faisait un focus plus sur la passion du foot, si on pouvait s\u2019appuyer sur cette passion, et de voir si on pouvait essayer d\u2019accompagner ces enfants-l\u00e0. Donc on a commenc\u00e9 une section foot o\u00f9 l\u2019id\u00e9e c\u2019\u00e9tait de prendre des enfants, des 6<sup>\u00e8me<\/sup> et de les accompagner jusqu\u2019en 3<sup>\u00e8me<\/sup>\u00bb. <\/em>Aujourd\u2019hui chez ces jeunes, l\u2019envie de mettre en pratique les valeurs inculqu\u00e9es se refl\u00e8te dans leur engagement <em>\u00ab\u00a0<a href=\"http:\/\/duchere.footeo.com\/page\/encourager-un-comportement-citoyen.html\">Solidarit\u00e9 Internationale<\/a>\u00a0\u00bb<\/em>. Cette op\u00e9ration, caritative, a pour but de collecter des \u00e9quipements sportifs pour des jeunes soudanais r\u00e9fugi\u00e9s en Bangui. L\u00e0 encore, il n\u2019y a rien d\u2019anodin dans cette action\u00a0: <em>\u00ab<\/em>\u00a0<em>Cette op\u00e9ration, elle est assez s\u00e9duisante dans le sens o\u00f9 des gens issus de quartiers modestes se rendent compte qu\u2019ils peuvent \u00eatre aussi utiles \u00e0 des gens qui sont plus en difficult\u00e9 qu\u2019eux, et sinc\u00e8rement je trouve que \u00e7a valorise beaucoup ces jeunes-l\u00e0\u00a0[\u2026] Dans ces quartiers, on a vraiment besoin de valoriser\u00a0\u00bb<\/em>. Aujourd\u2019hui, on peut dire qu\u2019il y a une r\u00e9elle volont\u00e9 de redorer l\u2019image que les gens se font de ces quartiers.<\/p>\n<h3>\u00ab\u00a0Je me suis rendu compte qu\u2019en fait, la Duch\u00e8re n\u2019avait pas besoin que d\u2019un club de foot, il avait besoin d\u2019un vrai acteur social qui accompagne ces jeunes.\u00a0\u00bb<\/h3>\n<p>Ses joueurs de l\u2019\u00e9quipe premi\u00e8re ne sont pas en reste. Car une chose est s\u00fbre, contrairement aux autres clubs en g\u00e9n\u00e9ral, l\u2019AS Lyon-Duch\u00e8re a cette particularit\u00e9 d\u2019\u00eatre bien plus qu\u2019un simple club de foot. Les rouges et jaunes placent en effet, l\u2019aspect social et culturel au premier plan dans l\u2019esprit du club. Ces derniers participent notamment, chaque ann\u00e9e, aux dons de repas en faveur des plus d\u00e9munis gr\u00e2ce aux <em>Restos du C\u0153ur<\/em>\u00a0: <em>\u00ab<\/em>\u00a0<em>Premi\u00e8rement, ils se rendent utiles pour les gens, et deuxi\u00e8mement, \u00e7a leur permet de rester au contact de la vraie vie, des difficult\u00e9s qu\u2019on peut rencontrer dans la vie. Je trouve que c\u2019est une op\u00e9ration assez int\u00e9ressante parce qu\u2019on se rend compte que, quand ils font \u00e7a, \u00e7a leur ouvre \u00e0 beaucoup d\u2019autres choses\u00a0\u00bb<\/em>.<\/p>\n<p>S\u00e9duisant en soci\u00e9t\u00e9, le club de Mohamed Tria l\u2019est \u00e9galement sur le pr\u00e9. Fraichement promus en National cette saison, les duch\u00e9rois jouent parfaitement leur r\u00f4le de trouble-f\u00eate du championnat, en se hissant \u00e0 la 4<sup>\u00e8me<\/sup> place, \u00e0 seulement deux longueurs du podium. Une dynamique positive qui laisse entrevoir des r\u00eaves d\u2019une promotion en Ligue 2 la saison prochaine. Mais \u00e0 ce sujet, le pr\u00e9sident duch\u00e9rois se veut mesur\u00e9 : <em>\u00ab\u00a0On a \u00e9t\u00e9 en phase de d\u00e9couverte au d\u00e9part, parce qu\u2019on ne savait pas du tout ce que ce niveau-l\u00e0 nous r\u00e9servait, donc on est all\u00e9, d\u2019une fa\u00e7on on va dire, un peu emprunt\u00e9e, et c\u2019est ce qui va nous co\u00fbter d\u2019ailleurs \u00e0 la fin je pense, l\u2019accession en Ligue 2\u00a0\u00bb<\/em>. Toutefois, \u00e0 quatre matches du terme du championnat, en \u00e9tant dans le r\u00f4le de chasseurs, \u00e0 deux points de la 3<sup>\u00e8me<\/sup> place synonyme de mont\u00e9e, tout reste possible et tout r\u00eave est permis\u00a0: <em>\u00ab\u00a0Il reste quatre matches, tant qu\u2019il y a de la vie, il y a de l\u2019espoir\u00a0\u00bb<\/em>. Cependant, cette belle \u00e9pop\u00e9e en National a bien failli \u00eatre compromise. L\u2019ann\u00e9e derni\u00e8re, en vue de sa mont\u00e9e en 3<sup>\u00e8me<\/sup> division, le club avait en effet sollicit\u00e9 une subvention \u00e0 <a href=\"https:\/\/www.lyoncapitale.fr\/Journal\/Lyon\/Sport\/Football\/L-AS-Duchere-obtient-une-augmentation-de-100-000-de-sa-subvention\">hauteur de 100.000 euros<\/a> afin de consolider son budget. Cette demande, tout d\u2019abord rejet\u00e9e par la municipalit\u00e9, leur a finalement \u00e9t\u00e9 accord\u00e9e\u00a0:<em> \u00ab\u00a0On a bataill\u00e9 pour essayer de les avoir. On a toujours un regard tr\u00e8s p\u00e9joratif sur ces quartiers-l\u00e0, donc on consid\u00e8re que le haut niveau n\u2019est pas pour nous. On consid\u00e8re souvent qu\u2019on n\u2019est pas capable de se niveler \u00e0 ce niveau-l\u00e0, alors qu\u2019on le fait sportivement et donc on sait le faire \u00e9conomiquement aussi, la preuve en est, c\u2019est-\u00e0-dire qu\u2019on figure excellemment bien en National alors qu\u2019on a un des plus petits budgets de la poule. Donc on a une vraie habitude, c\u2019est qu\u2019on sait faire beaucoup de chose avec peu de chose\u00a0\u00bb<\/em>.<\/p>\n<h3>\u00ab\u00a0Je pense qu\u2019on peut vraiment montrer que le social peut \u00eatre un outil d\u2019excellence.\u00a0\u00bb<\/h3>\n<p>A bas les pr\u00e9jug\u00e9s et les st\u00e9r\u00e9otypes, aujourd\u2019hui le foot c\u2019est aussi un sport f\u00e9minin \u00e0 part enti\u00e8re dans les quartiers, et c\u2019est un v\u00e9ritable succ\u00e8s. La section f\u00e9minine de la Duch\u00e8re en est la parfaite vitrine. Cr\u00e9e durant la saison 2010\/2011, ce projet a tout d\u2019abord rencontr\u00e9 certaines r\u00e9ticences aupr\u00e8s des habitants de la banlieue : <em>\u00ab\u00a0Quand on a cr\u00e9\u00e9 notre section f\u00e9minine \u00e0 la Duch\u00e8re \u00e7a n\u2019a pas \u00e9t\u00e9 facile, parce que beaucoup de gens ne partageait pas ce qu\u2019on voulait faire\u00a0\u00bb<\/em>. Mais de fil en aiguille, ce projet a finalement pris de l\u2019ampleur et suscit\u00e9 un certain engouement aupr\u00e8s des jeunes filles\u00a0: <em>\u00ab Au d\u00e9part on avait sept filles qui ont commenc\u00e9 \u00e0 faire du foot, aujourd\u2019hui on en a quarante, cinq ans apr\u00e8s\u00a0\u00bb<\/em>. Ce ph\u00e9nom\u00e8ne, Mohamed Tria l\u2019explique par l\u2019importance d\u2019apporter de la mixit\u00e9 dans les quartiers populaires. De la mixit\u00e9 de couleur, mais surtout de la mixit\u00e9 des sexes.<\/p>\n<h3>\u00ab\u00a0On souffre d\u2019une vraie difficult\u00e9 qui est qu\u2019on consid\u00e8re que le social est synonyme de m\u00e9diocrit\u00e9.\u00a0\u00bb<\/h3>\n<p>Le moins que l\u2019on puisse dire, c\u2019est que depuis son arriv\u00e9e \u00e0 la pr\u00e9sidence de l\u2019AS Lyon-Duch\u00e8re, Mohamed Tria a su se forger l\u2019\u00e9tiquette de figure locale, symbolisant la r\u00e9ussite de tout un quartier populaire. Un quartier qu\u2019il aime tant\u00a0: <em>\u00ab\u00a0J\u2019avais vraiment une ligne conductrice qui me montait au cerveau tr\u00e8s rapidement, c\u2019est que je veux faire de la performance sociale. Je pense qu\u2019on peut vraiment montrer que le social peut \u00eatre un outil d\u2019excellence. J\u2019en suis intimement convaincu. Aujourd\u2019hui \u00e0 la Duch\u00e8re, nos \u00e9quipes \u00e9voluent au plus haut niveau, de toutes les cat\u00e9gories, quasiment. Et on d\u00e9montre tous les jours qu\u2019on peut faire de la performance sociale en fait. On peut vraiment faire du social en faisant de l\u2019excellence. Et je veux casser l\u2019image qu\u2019on a, de dire que le social c\u2019est synonyme de m\u00e9diocrit\u00e9. On peut vraiment faire de la performance sociale\u00a0\u00bb<\/em>.<\/p>\n<!-- AddThis Advanced Settings generic via filter on the_content --><!-- AddThis Share Buttons generic via filter on the_content -->","protected":false},"excerpt":{"rendered":"<p>Depuis maintenant neuf ans, Mohamed Tria a repris les r\u00eanes du club de l\u2019AS Lyon Duch\u00e8re avec un but bien pr\u00e9cis\u00a0: celui de cr\u00e9er \u00ab\u00a0une &hellip; <!-- AddThis Advanced Settings generic via filter on wp_trim_excerpt --><!-- AddThis Share Buttons generic via filter on wp_trim_excerpt --><\/p>\n","protected":false},"author":796,"featured_media":11249,"comment_status":"open","ping_status":"open","sticky":false,"template":"","format":"standard","meta":{"_FSMCFIC_featured_image_caption":"","_FSMCFIC_featured_image_nocaption":"","_FSMCFIC_featured_image_hide":"","footnotes":""},"categories":[4,700,2,2862],"tags":[624,707,2900,2898,2899],"class_list":["post-11248","post","type-post","status-publish","format-standard","has-post-thumbnail","hentry","category-lyon","category-portraits","category-societe","category-sport","tag-football","tag-la-duchere","tag-ligue-2","tag-national","tag-objectif"],"yoast_head":"<!-- This site is optimized with the Yoast SEO plugin v22.8 - https:\/\/yoast.com\/wordpress\/plugins\/seo\/ -->\n<title>Mohamed Tria, le hussard de la R\u00e9publique - Lyon Bondy Blog<\/title>\n<meta name=\"robots\" content=\"index, follow, max-snippet:-1, max-image-preview:large, max-video-preview:-1\" \/>\n<link rel=\"canonical\" href=\"https:\/\/lyonbondyblog.fr\/LBB\/mohamed-tria-hussard-de-republique\/\" \/>\n<meta property=\"og:locale\" content=\"fr_FR\" \/>\n<meta property=\"og:type\" content=\"article\" \/>\n<meta property=\"og:title\" content=\"Mohamed Tria, le hussard de la R\u00e9publique - Lyon Bondy Blog\" \/>\n<meta property=\"og:description\" content=\"Depuis maintenant neuf ans, Mohamed Tria a repris les r\u00eanes du club de l\u2019AS Lyon Duch\u00e8re avec un but bien pr\u00e9cis\u00a0: celui de cr\u00e9er \u00ab\u00a0une &hellip;\" \/>\n<meta property=\"og:url\" content=\"https:\/\/lyonbondyblog.fr\/LBB\/mohamed-tria-hussard-de-republique\/\" \/>\n<meta property=\"og:site_name\" content=\"Lyon Bondy Blog\" \/>\n<meta property=\"article:publisher\" content=\"https:\/\/www.facebook.com\/lyonbondyblog\" \/>\n<meta property=\"article:published_time\" content=\"2017-04-26T14:26:57+00:00\" \/>\n<meta property=\"article:modified_time\" content=\"2017-04-27T07:25:59+00:00\" \/>\n<meta property=\"og:image\" content=\"https:\/\/lyonbondyblog.fr\/LBB\/wp-content\/uploads\/2017\/04\/18136526_10211227855163808_170328626_n.png\" \/>\n\t<meta property=\"og:image:width\" content=\"454\" \/>\n\t<meta property=\"og:image:height\" content=\"303\" \/>\n\t<meta property=\"og:image:type\" content=\"image\/png\" \/>\n<meta name=\"author\" content=\"Damien Mounia\" \/>\n<meta name=\"twitter:card\" content=\"summary_large_image\" \/>\n<meta name=\"twitter:creator\" content=\"@bondybloglyon\" \/>\n<meta name=\"twitter:site\" content=\"@bondybloglyon\" \/>\n<script type=\"application\/ld+json\" class=\"yoast-schema-graph\">{\"@context\":\"https:\/\/schema.org\",\"@graph\":[{\"@type\":\"Article\",\"@id\":\"https:\/\/lyonbondyblog.fr\/LBB\/mohamed-tria-hussard-de-republique\/#article\",\"isPartOf\":{\"@id\":\"https:\/\/lyonbondyblog.fr\/LBB\/mohamed-tria-hussard-de-republique\/\"},\"author\":{\"name\":\"Damien Mounia\",\"@id\":\"https:\/\/lyonbondyblog.fr\/LBB\/#\/schema\/person\/e0664459beb8b5131a5e83431d89e514\"},\"headline\":\"Mohamed Tria, le hussard de la R\u00e9publique\",\"datePublished\":\"2017-04-26T14:26:57+00:00\",\"dateModified\":\"2017-04-27T07:25:59+00:00\",\"mainEntityOfPage\":{\"@id\":\"https:\/\/lyonbondyblog.fr\/LBB\/mohamed-tria-hussard-de-republique\/\"},\"wordCount\":1426,\"commentCount\":0,\"publisher\":{\"@id\":\"https:\/\/lyonbondyblog.fr\/LBB\/#organization\"},\"image\":{\"@id\":\"https:\/\/lyonbondyblog.fr\/LBB\/mohamed-tria-hussard-de-republique\/#primaryimage\"},\"thumbnailUrl\":\"https:\/\/lyonbondyblog.fr\/LBB\/wp-content\/uploads\/2017\/04\/18136526_10211227855163808_170328626_n.png\",\"keywords\":[\"Football\",\"la Duch\u00e8re\",\"ligue 2\",\"national\",\"objectif\"],\"articleSection\":[\"Lyon\",\"Portraits\",\"Soci\u00e9t\u00e9\",\"Sport\"],\"inLanguage\":\"fr-FR\",\"potentialAction\":[{\"@type\":\"CommentAction\",\"name\":\"Comment\",\"target\":[\"https:\/\/lyonbondyblog.fr\/LBB\/mohamed-tria-hussard-de-republique\/#respond\"]}]},{\"@type\":\"WebPage\",\"@id\":\"https:\/\/lyonbondyblog.fr\/LBB\/mohamed-tria-hussard-de-republique\/\",\"url\":\"https:\/\/lyonbondyblog.fr\/LBB\/mohamed-tria-hussard-de-republique\/\",\"name\":\"Mohamed Tria, le hussard de la R\u00e9publique - Lyon Bondy Blog\",\"isPartOf\":{\"@id\":\"https:\/\/lyonbondyblog.fr\/LBB\/#website\"},\"primaryImageOfPage\":{\"@id\":\"https:\/\/lyonbondyblog.fr\/LBB\/mohamed-tria-hussard-de-republique\/#primaryimage\"},\"image\":{\"@id\":\"https:\/\/lyonbondyblog.fr\/LBB\/mohamed-tria-hussard-de-republique\/#primaryimage\"},\"thumbnailUrl\":\"https:\/\/lyonbondyblog.fr\/LBB\/wp-content\/uploads\/2017\/04\/18136526_10211227855163808_170328626_n.png\",\"datePublished\":\"2017-04-26T14:26:57+00:00\",\"dateModified\":\"2017-04-27T07:25:59+00:00\",\"inLanguage\":\"fr-FR\",\"potentialAction\":[{\"@type\":\"ReadAction\",\"target\":[\"https:\/\/lyonbondyblog.fr\/LBB\/mohamed-tria-hussard-de-republique\/\"]}]},{\"@type\":\"ImageObject\",\"inLanguage\":\"fr-FR\",\"@id\":\"https:\/\/lyonbondyblog.fr\/LBB\/mohamed-tria-hussard-de-republique\/#primaryimage\",\"url\":\"https:\/\/lyonbondyblog.fr\/LBB\/wp-content\/uploads\/2017\/04\/18136526_10211227855163808_170328626_n.png\",\"contentUrl\":\"https:\/\/lyonbondyblog.fr\/LBB\/wp-content\/uploads\/2017\/04\/18136526_10211227855163808_170328626_n.png\",\"width\":\"454\",\"height\":\"303\"},{\"@type\":\"WebSite\",\"@id\":\"https:\/\/lyonbondyblog.fr\/LBB\/#website\",\"url\":\"https:\/\/lyonbondyblog.fr\/LBB\/\",\"name\":\"Lyon Bondy Blog\",\"description\":\"\",\"publisher\":{\"@id\":\"https:\/\/lyonbondyblog.fr\/LBB\/#organization\"},\"potentialAction\":[{\"@type\":\"SearchAction\",\"target\":{\"@type\":\"EntryPoint\",\"urlTemplate\":\"https:\/\/lyonbondyblog.fr\/LBB\/?s={search_term_string}\"},\"query-input\":\"required name=search_term_string\"}],\"inLanguage\":\"fr-FR\"},{\"@type\":\"Organization\",\"@id\":\"https:\/\/lyonbondyblog.fr\/LBB\/#organization\",\"name\":\"LYON BONDY BLOG\",\"url\":\"https:\/\/lyonbondyblog.fr\/LBB\/\",\"logo\":{\"@type\":\"ImageObject\",\"inLanguage\":\"fr-FR\",\"@id\":\"https:\/\/lyonbondyblog.fr\/LBB\/#\/schema\/logo\/image\/\",\"url\":\"http:\/\/lyonbondyblog.fr\/LBB\/wp-content\/uploads\/2014\/10\/logo-portable-144.png\",\"contentUrl\":\"http:\/\/lyonbondyblog.fr\/LBB\/wp-content\/uploads\/2014\/10\/logo-portable-144.png\",\"width\":144,\"height\":123,\"caption\":\"LYON BONDY BLOG\"},\"image\":{\"@id\":\"https:\/\/lyonbondyblog.fr\/LBB\/#\/schema\/logo\/image\/\"},\"sameAs\":[\"https:\/\/www.facebook.com\/lyonbondyblog\",\"https:\/\/x.com\/bondybloglyon\"]},{\"@type\":\"Person\",\"@id\":\"https:\/\/lyonbondyblog.fr\/LBB\/#\/schema\/person\/e0664459beb8b5131a5e83431d89e514\",\"name\":\"Damien Mounia\",\"url\":\"https:\/\/lyonbondyblog.fr\/LBB\/author\/damien-mounia\/\"}]}<\/script>\n<!-- \/ Yoast SEO plugin. -->","yoast_head_json":{"title":"Mohamed Tria, le hussard de la R\u00e9publique - Lyon Bondy Blog","robots":{"index":"index","follow":"follow","max-snippet":"max-snippet:-1","max-image-preview":"max-image-preview:large","max-video-preview":"max-video-preview:-1"},"canonical":"https:\/\/lyonbondyblog.fr\/LBB\/mohamed-tria-hussard-de-republique\/","og_locale":"fr_FR","og_type":"article","og_title":"Mohamed Tria, le hussard de la R\u00e9publique - Lyon Bondy Blog","og_description":"Depuis maintenant neuf ans, Mohamed Tria a repris les r\u00eanes du club de l\u2019AS Lyon Duch\u00e8re avec un but bien pr\u00e9cis\u00a0: celui de cr\u00e9er \u00ab\u00a0une &hellip;","og_url":"https:\/\/lyonbondyblog.fr\/LBB\/mohamed-tria-hussard-de-republique\/","og_site_name":"Lyon Bondy Blog","article_publisher":"https:\/\/www.facebook.com\/lyonbondyblog","article_published_time":"2017-04-26T14:26:57+00:00","article_modified_time":"2017-04-27T07:25:59+00:00","og_image":[{"width":"454","height":"303","url":"https:\/\/lyonbondyblog.fr\/LBB\/wp-content\/uploads\/2017\/04\/18136526_10211227855163808_170328626_n.png","type":"image\/png"}],"author":"Damien Mounia","twitter_card":"summary_large_image","twitter_creator":"@bondybloglyon","twitter_site":"@bondybloglyon","schema":{"@context":"https:\/\/schema.org","@graph":[{"@type":"Article","@id":"https:\/\/lyonbondyblog.fr\/LBB\/mohamed-tria-hussard-de-republique\/#article","isPartOf":{"@id":"https:\/\/lyonbondyblog.fr\/LBB\/mohamed-tria-hussard-de-republique\/"},"author":{"name":"Damien Mounia","@id":"https:\/\/lyonbondyblog.fr\/LBB\/#\/schema\/person\/e0664459beb8b5131a5e83431d89e514"},"headline":"Mohamed Tria, le hussard de la R\u00e9publique","datePublished":"2017-04-26T14:26:57+00:00","dateModified":"2017-04-27T07:25:59+00:00","mainEntityOfPage":{"@id":"https:\/\/lyonbondyblog.fr\/LBB\/mohamed-tria-hussard-de-republique\/"},"wordCount":1426,"commentCount":0,"publisher":{"@id":"https:\/\/lyonbondyblog.fr\/LBB\/#organization"},"image":{"@id":"https:\/\/lyonbondyblog.fr\/LBB\/mohamed-tria-hussard-de-republique\/#primaryimage"},"thumbnailUrl":"https:\/\/lyonbondyblog.fr\/LBB\/wp-content\/uploads\/2017\/04\/18136526_10211227855163808_170328626_n.png","keywords":["Football","la Duch\u00e8re","ligue 2","national","objectif"],"articleSection":["Lyon","Portraits","Soci\u00e9t\u00e9","Sport"],"inLanguage":"fr-FR","potentialAction":[{"@type":"CommentAction","name":"Comment","target":["https:\/\/lyonbondyblog.fr\/LBB\/mohamed-tria-hussard-de-republique\/#respond"]}]},{"@type":"WebPage","@id":"https:\/\/lyonbondyblog.fr\/LBB\/mohamed-tria-hussard-de-republique\/","url":"https:\/\/lyonbondyblog.fr\/LBB\/mohamed-tria-hussard-de-republique\/","name":"Mohamed Tria, le hussard de la R\u00e9publique - Lyon Bondy Blog","isPartOf":{"@id":"https:\/\/lyonbondyblog.fr\/LBB\/#website"},"primaryImageOfPage":{"@id":"https:\/\/lyonbondyblog.fr\/LBB\/mohamed-tria-hussard-de-republique\/#primaryimage"},"image":{"@id":"https:\/\/lyonbondyblog.fr\/LBB\/mohamed-tria-hussard-de-republique\/#primaryimage"},"thumbnailUrl":"https:\/\/lyonbondyblog.fr\/LBB\/wp-content\/uploads\/2017\/04\/18136526_10211227855163808_170328626_n.png","datePublished":"2017-04-26T14:26:57+00:00","dateModified":"2017-04-27T07:25:59+00:00","inLanguage":"fr-FR","potentialAction":[{"@type":"ReadAction","target":["https:\/\/lyonbondyblog.fr\/LBB\/mohamed-tria-hussard-de-republique\/"]}]},{"@type":"ImageObject","inLanguage":"fr-FR","@id":"https:\/\/lyonbondyblog.fr\/LBB\/mohamed-tria-hussard-de-republique\/#primaryimage","url":"https:\/\/lyonbondyblog.fr\/LBB\/wp-content\/uploads\/2017\/04\/18136526_10211227855163808_170328626_n.png","contentUrl":"https:\/\/lyonbondyblog.fr\/LBB\/wp-content\/uploads\/2017\/04\/18136526_10211227855163808_170328626_n.png","width":"454","height":"303"},{"@type":"WebSite","@id":"https:\/\/lyonbondyblog.fr\/LBB\/#website","url":"https:\/\/lyonbondyblog.fr\/LBB\/","name":"Lyon Bondy Blog","description":"","publisher":{"@id":"https:\/\/lyonbondyblog.fr\/LBB\/#organization"},"potentialAction":[{"@type":"SearchAction","target":{"@type":"EntryPoint","urlTemplate":"https:\/\/lyonbondyblog.fr\/LBB\/?s={search_term_string}"},"query-input":"required name=search_term_string"}],"inLanguage":"fr-FR"},{"@type":"Organization","@id":"https:\/\/lyonbondyblog.fr\/LBB\/#organization","name":"LYON BONDY BLOG","url":"https:\/\/lyonbondyblog.fr\/LBB\/","logo":{"@type":"ImageObject","inLanguage":"fr-FR","@id":"https:\/\/lyonbondyblog.fr\/LBB\/#\/schema\/logo\/image\/","url":"http:\/\/lyonbondyblog.fr\/LBB\/wp-content\/uploads\/2014\/10\/logo-portable-144.png","contentUrl":"http:\/\/lyonbondyblog.fr\/LBB\/wp-content\/uploads\/2014\/10\/logo-portable-144.png","width":144,"height":123,"caption":"LYON BONDY BLOG"},"image":{"@id":"https:\/\/lyonbondyblog.fr\/LBB\/#\/schema\/logo\/image\/"},"sameAs":["https:\/\/www.facebook.com\/lyonbondyblog","https:\/\/x.com\/bondybloglyon"]},{"@type":"Person","@id":"https:\/\/lyonbondyblog.fr\/LBB\/#\/schema\/person\/e0664459beb8b5131a5e83431d89e514","name":"Damien Mounia","url":"https:\/\/lyonbondyblog.fr\/LBB\/author\/damien-mounia\/"}]}},"_links":{"self":[{"href":"https:\/\/lyonbondyblog.fr\/LBB\/wp-json\/wp\/v2\/posts\/11248","targetHints":{"allow":["GET"]}}],"collection":[{"href":"https:\/\/lyonbondyblog.fr\/LBB\/wp-json\/wp\/v2\/posts"}],"about":[{"href":"https:\/\/lyonbondyblog.fr\/LBB\/wp-json\/wp\/v2\/types\/post"}],"author":[{"embeddable":true,"href":"https:\/\/lyonbondyblog.fr\/LBB\/wp-json\/wp\/v2\/users\/796"}],"replies":[{"embeddable":true,"href":"https:\/\/lyonbondyblog.fr\/LBB\/wp-json\/wp\/v2\/comments?post=11248"}],"version-history":[{"count":6,"href":"https:\/\/lyonbondyblog.fr\/LBB\/wp-json\/wp\/v2\/posts\/11248\/revisions"}],"predecessor-version":[{"id":11259,"href":"https:\/\/lyonbondyblog.fr\/LBB\/wp-json\/wp\/v2\/posts\/11248\/revisions\/11259"}],"wp:featuredmedia":[{"embeddable":true,"href":"https:\/\/lyonbondyblog.fr\/LBB\/wp-json\/wp\/v2\/media\/11249"}],"wp:attachment":[{"href":"https:\/\/lyonbondyblog.fr\/LBB\/wp-json\/wp\/v2\/media?parent=11248"}],"wp:term":[{"taxonomy":"category","embeddable":true,"href":"https:\/\/lyonbondyblog.fr\/LBB\/wp-json\/wp\/v2\/categories?post=11248"},{"taxonomy":"post_tag","embeddable":true,"href":"https:\/\/lyonbondyblog.fr\/LBB\/wp-json\/wp\/v2\/tags?post=11248"}],"curies":[{"name":"wp","href":"https:\/\/api.w.org\/{rel}","templated":true}]}}