{"id":11091,"date":"2017-04-18T15:16:05","date_gmt":"2017-04-18T13:16:05","guid":{"rendered":"http:\/\/lyonbondyblog.fr\/LBB\/?p=11091"},"modified":"2017-04-18T15:28:59","modified_gmt":"2017-04-18T13:28:59","slug":"conference-udi-jean-christophe-lagarde-droite-assumee","status":"publish","type":"post","link":"https:\/\/lyonbondyblog.fr\/LBB\/conference-udi-jean-christophe-lagarde-droite-assumee\/","title":{"rendered":"Conf\u00e9rence  UDI : Jean Christophe Lagarde une droite assum\u00e9e"},"content":{"rendered":"<p><em>C\u2019est ce jeudi 13 avril \u00e0 la Maison Villemanzy dans le centre ville de Lyon que Jean-Christophe Lagarde, accompagn\u00e9 d\u2019\u00e9lus UDI, a tenu sa conf\u00e9rence de presse. Loin d\u2019\u00eatre enterr\u00e9, le candidat des R\u00e9publicains est soutenu par son cousin politique.<\/em><\/p>\n<p>Faire front, prendre des coups, se relever. Un quotidien difficile et sombre pour un Fran\u00e7ois Fillon \u00e0 la t\u00eate d\u2019un parti bris\u00e9. Secou\u00e9, malmen\u00e9 mais toujours debout. Si \u00e0 son dernier meeting ce dernier a sembl\u00e9 \u00e0 bout de force, il est ind\u00e9niable qu\u2019il a de la ressource, de la force et un mental de pr\u00e9sident. Ses d\u00e9cisions, sa d\u00e9fense et la relative incompr\u00e9hension entre sa r\u00e9alit\u00e9 et celle des Fran\u00e7ais prouvent pourtant le contraire. Il ne fait gu\u00e8re de doute que malgr\u00e9 tout cela, le candidat des R\u00e9publicains rassemble un nombre important de citoyens et peut compter sur le soutien de l\u2019Union des D\u00e9mocrates Ind\u00e9pendants.<\/p>\n<h3><strong>\u00ab\u00a0<em>Nous sommes \u00e0 10 jours d\u2019une \u00e9lection plus incertaine que jamais<\/em>\u00a0\u00bb<\/strong><\/h3>\n<p>Si la victoire de Beno\u00eet Hamon serait un \u00e9chec, le passage de Jean-Luc M\u00e9lenchon et de Marine Le Pen serait une \u00ab\u00a0<em>catastrophe absolue<\/em>\u00a0\u00bb . Le succ\u00e8s du candidat de la France Insoumise reviendrait, selon Jean Christophe Lagarde, \u00e0 cr\u00e9er une \u00ab\u00a0<em>nouvelle Cor\u00e9e<\/em>\u00a0\u00bb . Il est \u00e9vident pour l\u2019UDI que la fermeture sur le monde dont les extr\u00eames font preuve serait synonyme \u00ab\u00a0<em>d\u2019effondrement \u00e9conomique<\/em>\u00a0\u00bb.<\/p>\n<p>Quand Emmanuel Macron, l\u2019adversaire le plus ambigu de la campagne revient sur la table, c\u2019est la Contribution Sociale G\u00e9n\u00e9ralis\u00e9e qui en prend un coup. \u00ab\u00a0<em>Mauvaise id\u00e9e<\/em>\u00a0\u00bb, \u00ab\u00a0<em>perte de pouvoir d\u2019achat\u00a0<\/em>\u00bb, \u00ab\u00a0<em>perte de comp\u00e9titivit\u00e9<\/em>\u00a0\u00bb, les exemples s\u2019enchainent mais les points de discorde entre les id\u00e9es de l\u2019UDI et le candidat d\u2019En Marche ne sont pas l\u00e9gion. Ce dernier aurait un programme incoh\u00e9rent voire \u00ab\u00a0<em>hypocrite<\/em>\u00a0\u00bb. Pour exemple <em>\u00ab\u00a0il ne s\u2019occupe pas du probl\u00e8me du CDI\u00a0\u00bb, <\/em>quand aujourd\u2019hui les CDD augmentent largement, fragilisant la s\u00e9curit\u00e9 de l\u2019emploi.<br \/>\nSi l\u2019UDI se refuse \u00e0 croire en une d\u00e9faite de Fillon bien qu\u2019elle soit tr\u00e8s probable, soutenir Macron n\u2019est pas \u00e0 l\u2019ordre du jour\u2026\u00a0\u00ab\u00a0<em>Nous sommes \u00e0 10 jours d\u2019une \u00e9lection plus incertaine que jamais<\/em>\u00a0\u00bb, alors tout reste \u00e0 jouer.<\/p>\n<h3><strong>\u00ab\u00a0<\/strong><strong><em>La France est le seul pays \u00e0 ne pas avoir cr\u00e9\u00e9 de la richesse depuis cette crise<\/em><\/strong><strong>\u00a0<\/strong><strong><em>\u00bb <\/em><\/strong><strong>\u00a0<\/strong><\/h3>\n<p>Selon Lagarde, \u00ab\u00a0<em>30% des personnes ne savent pas encore pour qui voter<\/em>\u00a0\u00bb, et si les candidats se battent avec \u00ab\u00a0<em>d\u00e9magogie \u00e9lectorale<\/em>\u00a0\u00bb, Fran\u00e7ois Fillon n\u2019aurait pas peur de prendre des d\u00e9cisions imm\u00e9diates. Le recul de l\u2019\u00e2ge de la retraite \u00e0 65 ans, d\u00fb \u00e0 une \u00ab\u00a0<em>esp\u00e9rance de vie de plus en plus longue<\/em>\u00a0\u00bb, montrerait des choix forts de ne plus attendre le mandat d\u2019apr\u00e8s pour agir.<br \/>\nIl faudrait \u00ab\u00a0<em>\u00e9crire un nouveau projet<\/em>\u00a0\u00bb, un projet o\u00f9 le peuple aurait un vrai choix de vote au second tour. Si Marine le Pen venait \u00e0 passer la premi\u00e8re, cela ne serait qu\u2019un vote utile&#8230;que les Fran\u00e7ais ne connaissent d\u00e9j\u00e0 que trop bien (Chirac-Le Pen ou encore Hollande-Sarkozy). La France est \u00e0 la traine depuis 2008 et la grosse crise qui a plong\u00e9 l\u2019Europe dans des conflits \u00e9conomiques. \u00ab\u00a0<em>La France est le seul pays \u00e0 ne pas avoir cr\u00e9e de la richesse depuis cette crise<\/em>\u00a0\u00bb.<\/p>\n<h3><strong>5 priorit\u00e9s\u00a0pour un projet qui marche\u00a0? <\/strong><\/h3>\n<p><strong>Cr\u00e9er de la richesse<\/strong>\u00a0: s\u2019attaquer au fouilli r\u00e8glementaire, fiscal et administratif.\u00a0 Faire des infrastructures plus simples. \u00ab\u00a0<em>La France est inventive<\/em>\u00a0\u00bb, mais ils n\u2019ont que trop peu de chance de s\u2019exprimer.<\/p>\n<p><strong>La Dette<\/strong>\u00a0: \u00ab\u00a0<em>Arr\u00eater de refiler les factures \u00e0 nos enfants, on ne peut pas continuer \u00e0 \u00e9craser leur avenir<\/em>\u00a0\u00bb. Ne\u00a0 plus alourdir la dette \u00ab\u00a0<em>comme la plupart des candidats proposent de le faire<\/em>\u00a0\u00bb, mais cr\u00e9er sa propre richesse et ne plus d\u00e9pendre des autres.<\/p>\n<p><strong>L\u2019Education<\/strong>\u00a0: La France fait de l\u2019\u00c9ducation le premier budget du territoire, juste devant l\u2019arm\u00e9e. Le r\u00e9sultat est pour Lagarde \u00ab\u00a0<em>pitoyable<\/em>\u00a0\u00bb, avec un abaissement g\u00e9n\u00e9ral du niveau Fran\u00e7ais. \u00ab\u00a0<em>Ta vie ne doit pas \u00eatre \u00e9crite selon ta provenance sociale<\/em>\u00a0\u00bb, l\u2019Education \u00e9tant la \u00ab\u00a0<em>seule arme r\u00e9publicaine<\/em>\u00a0\u00bb, il faut cesser le d\u00e9terminisme social.<\/p>\n<p><strong>L\u2019Europe<\/strong>\u00a0: \u00ab\u00a0<em>Le prochain couple Franco-allemand sera quoi qu\u2019il arrive nouveau<\/em>\u00a0\u00bb. \u00a0Jean Christophe Lagarde ne cache pas la n\u00e9cessit\u00e9 de cr\u00e9er une relation forte pour lutter contre Donald Trump. Ce dernier voulant notamment une d\u00e9valuation du dollar, ce qui aura un impact direct sur une Union Europ\u00e9enne qui dispose d\u2019un euro qui n\u2019est pas une monnaie d\u2019\u00e9change\u2026Il faut un continent fort, souverain et surtout qui doit revenir \u00e0 l\u2019essentiel, c&rsquo;est-\u00e0-dire la crise europ\u00e9enne et crise migratoire.<\/p>\n<p><strong>Le d\u00e9veloppement durable<\/strong>\u00a0: Ne plus faire subir aux citoyens un climat de pollution arriv\u00e9 \u00e0 son paroxysme \u00e0 Paris ou encore Lyon. La France et l\u2019Europe disposent d\u2019une \u00ab\u00a0<em>chance formidable<\/em>\u00a0\u00bb de pouvoir faire du d\u00e9veloppement durable un contrat sur l\u2019avenir, faut-il juste \u00ab\u00a0<em>savoir la saisir<\/em>\u00a0\u00bb.<\/p>\n<h3><strong>Les votes dans les quartiers populaires <\/strong><\/h3>\n<p>\u00ab\u00a0<em>Malheureusement je pense que les votes dans les quartiers populaires seront tr\u00e8s faibles\u2026<\/em>\u00a0\u00bb. Il est important pour eux \u00ab\u00a0qu\u2019ils comprennent qu\u2019en cas de crise les premiers \u00e0 payer les pots cass\u00e9s c\u2019est eux et ce n\u2019est pas madame Bettencourt\u00a0\u00bb. Les extr\u00eames ont des discours d\u00e9magogiques, racoleurs et ce n\u2019est pas dans les exc\u00e8s qu\u2019on trouve des solutions.<\/p>\n<p>Nul doute que l\u2019UDI soutiendra Fillon jusqu\u2019au bout, mais lorsque la fin du rouleau arrivera, va-t-il soutenir Macron\u00a0? La question se pose. Jean Christophe Lagarde n\u2019a pas cach\u00e9 que lorsque Macron est sorti de l\u2019ombre, il \u00e9tait le seul \u00e0 \u00eatre venu \u00e0 sa rencontre.<\/p>\n<!-- AddThis Advanced Settings generic via filter on the_content --><!-- AddThis Share Buttons generic via filter on the_content -->","protected":false},"excerpt":{"rendered":"<p>C\u2019est ce jeudi 13 avril \u00e0 la Maison Villemanzy dans le centre ville de Lyon que Jean-Christophe Lagarde, accompagn\u00e9 d\u2019\u00e9lus UDI, a tenu sa conf\u00e9rence &hellip; <!-- AddThis Advanced Settings generic via filter on wp_trim_excerpt --><!-- AddThis Share Buttons generic via filter on wp_trim_excerpt --><\/p>\n","protected":false},"author":790,"featured_media":11093,"comment_status":"open","ping_status":"open","sticky":false,"template":"","format":"standard","meta":{"_FSMCFIC_featured_image_caption":"","_FSMCFIC_featured_image_nocaption":"","_FSMCFIC_featured_image_hide":"","footnotes":""},"categories":[6,2792],"tags":[2867,346,58,2866,165,1093],"class_list":["post-11091","post","type-post","status-publish","format-standard","has-post-thumbnail","hentry","category-politique","category-presidentielle_2017","tag-alliance","tag-election-presidentielle","tag-fillon","tag-jean-christophe-lagarde","tag-politique-2","tag-udi"],"yoast_head":"<!-- This site is optimized with the Yoast SEO plugin v22.8 - https:\/\/yoast.com\/wordpress\/plugins\/seo\/ -->\n<title>Conf\u00e9rence UDI : Jean Christophe Lagarde une droite assum\u00e9e - Lyon Bondy Blog<\/title>\n<meta name=\"robots\" content=\"index, follow, max-snippet:-1, max-image-preview:large, max-video-preview:-1\" \/>\n<link rel=\"canonical\" href=\"https:\/\/lyonbondyblog.fr\/LBB\/conference-udi-jean-christophe-lagarde-droite-assumee\/\" \/>\n<meta property=\"og:locale\" content=\"fr_FR\" \/>\n<meta property=\"og:type\" content=\"article\" \/>\n<meta property=\"og:title\" content=\"Conf\u00e9rence UDI : Jean Christophe Lagarde une droite assum\u00e9e - Lyon Bondy Blog\" \/>\n<meta property=\"og:description\" content=\"C\u2019est ce jeudi 13 avril \u00e0 la Maison Villemanzy dans le centre ville de Lyon que Jean-Christophe Lagarde, accompagn\u00e9 d\u2019\u00e9lus UDI, a tenu sa conf\u00e9rence &hellip;\" \/>\n<meta property=\"og:url\" content=\"https:\/\/lyonbondyblog.fr\/LBB\/conference-udi-jean-christophe-lagarde-droite-assumee\/\" \/>\n<meta property=\"og:site_name\" content=\"Lyon Bondy Blog\" \/>\n<meta property=\"article:publisher\" content=\"https:\/\/www.facebook.com\/lyonbondyblog\" \/>\n<meta property=\"article:published_time\" content=\"2017-04-18T13:16:05+00:00\" \/>\n<meta property=\"article:modified_time\" content=\"2017-04-18T13:28:59+00:00\" \/>\n<meta property=\"og:image\" content=\"https:\/\/lyonbondyblog.fr\/LBB\/wp-content\/uploads\/2017\/04\/DSC_0136-copie-1024x683.jpg\" \/>\n\t<meta property=\"og:image:width\" content=\"1024\" \/>\n\t<meta property=\"og:image:height\" content=\"683\" \/>\n\t<meta property=\"og:image:type\" content=\"image\/jpeg\" \/>\n<meta name=\"author\" content=\"Dylan Munoz\" \/>\n<meta name=\"twitter:card\" content=\"summary_large_image\" \/>\n<meta name=\"twitter:creator\" content=\"@bondybloglyon\" \/>\n<meta name=\"twitter:site\" content=\"@bondybloglyon\" \/>\n<script type=\"application\/ld+json\" class=\"yoast-schema-graph\">{\"@context\":\"https:\/\/schema.org\",\"@graph\":[{\"@type\":\"Article\",\"@id\":\"https:\/\/lyonbondyblog.fr\/LBB\/conference-udi-jean-christophe-lagarde-droite-assumee\/#article\",\"isPartOf\":{\"@id\":\"https:\/\/lyonbondyblog.fr\/LBB\/conference-udi-jean-christophe-lagarde-droite-assumee\/\"},\"author\":{\"name\":\"Dylan Munoz\",\"@id\":\"https:\/\/lyonbondyblog.fr\/LBB\/#\/schema\/person\/c047e75bc2fde2a4510b73ffa872a540\"},\"headline\":\"Conf\u00e9rence UDI : Jean Christophe Lagarde une droite assum\u00e9e\",\"datePublished\":\"2017-04-18T13:16:05+00:00\",\"dateModified\":\"2017-04-18T13:28:59+00:00\",\"mainEntityOfPage\":{\"@id\":\"https:\/\/lyonbondyblog.fr\/LBB\/conference-udi-jean-christophe-lagarde-droite-assumee\/\"},\"wordCount\":972,\"commentCount\":0,\"publisher\":{\"@id\":\"https:\/\/lyonbondyblog.fr\/LBB\/#organization\"},\"image\":{\"@id\":\"https:\/\/lyonbondyblog.fr\/LBB\/conference-udi-jean-christophe-lagarde-droite-assumee\/#primaryimage\"},\"thumbnailUrl\":\"https:\/\/lyonbondyblog.fr\/LBB\/wp-content\/uploads\/2017\/04\/DSC_0136-copie.jpg\",\"keywords\":[\"alliance\",\"election pr\u00e9sidentielle\",\"fillon\",\"Jean-Christophe Lagarde\",\"politique\",\"udi\"],\"articleSection\":[\"Politique\",\"Pr\u00e9sidentielle 2017\"],\"inLanguage\":\"fr-FR\",\"potentialAction\":[{\"@type\":\"CommentAction\",\"name\":\"Comment\",\"target\":[\"https:\/\/lyonbondyblog.fr\/LBB\/conference-udi-jean-christophe-lagarde-droite-assumee\/#respond\"]}]},{\"@type\":\"WebPage\",\"@id\":\"https:\/\/lyonbondyblog.fr\/LBB\/conference-udi-jean-christophe-lagarde-droite-assumee\/\",\"url\":\"https:\/\/lyonbondyblog.fr\/LBB\/conference-udi-jean-christophe-lagarde-droite-assumee\/\",\"name\":\"Conf\u00e9rence UDI : Jean Christophe Lagarde une droite assum\u00e9e - Lyon Bondy Blog\",\"isPartOf\":{\"@id\":\"https:\/\/lyonbondyblog.fr\/LBB\/#website\"},\"primaryImageOfPage\":{\"@id\":\"https:\/\/lyonbondyblog.fr\/LBB\/conference-udi-jean-christophe-lagarde-droite-assumee\/#primaryimage\"},\"image\":{\"@id\":\"https:\/\/lyonbondyblog.fr\/LBB\/conference-udi-jean-christophe-lagarde-droite-assumee\/#primaryimage\"},\"thumbnailUrl\":\"https:\/\/lyonbondyblog.fr\/LBB\/wp-content\/uploads\/2017\/04\/DSC_0136-copie.jpg\",\"datePublished\":\"2017-04-18T13:16:05+00:00\",\"dateModified\":\"2017-04-18T13:28:59+00:00\",\"inLanguage\":\"fr-FR\",\"potentialAction\":[{\"@type\":\"ReadAction\",\"target\":[\"https:\/\/lyonbondyblog.fr\/LBB\/conference-udi-jean-christophe-lagarde-droite-assumee\/\"]}]},{\"@type\":\"ImageObject\",\"inLanguage\":\"fr-FR\",\"@id\":\"https:\/\/lyonbondyblog.fr\/LBB\/conference-udi-jean-christophe-lagarde-droite-assumee\/#primaryimage\",\"url\":\"https:\/\/lyonbondyblog.fr\/LBB\/wp-content\/uploads\/2017\/04\/DSC_0136-copie.jpg\",\"contentUrl\":\"https:\/\/lyonbondyblog.fr\/LBB\/wp-content\/uploads\/2017\/04\/DSC_0136-copie.jpg\",\"width\":\"6000\",\"height\":\"4000\",\"caption\":\"Jean-Christophe Lagarde entour\u00e9 de membre de l'UDI\"},{\"@type\":\"WebSite\",\"@id\":\"https:\/\/lyonbondyblog.fr\/LBB\/#website\",\"url\":\"https:\/\/lyonbondyblog.fr\/LBB\/\",\"name\":\"Lyon Bondy Blog\",\"description\":\"\",\"publisher\":{\"@id\":\"https:\/\/lyonbondyblog.fr\/LBB\/#organization\"},\"potentialAction\":[{\"@type\":\"SearchAction\",\"target\":{\"@type\":\"EntryPoint\",\"urlTemplate\":\"https:\/\/lyonbondyblog.fr\/LBB\/?s={search_term_string}\"},\"query-input\":\"required name=search_term_string\"}],\"inLanguage\":\"fr-FR\"},{\"@type\":\"Organization\",\"@id\":\"https:\/\/lyonbondyblog.fr\/LBB\/#organization\",\"name\":\"LYON BONDY BLOG\",\"url\":\"https:\/\/lyonbondyblog.fr\/LBB\/\",\"logo\":{\"@type\":\"ImageObject\",\"inLanguage\":\"fr-FR\",\"@id\":\"https:\/\/lyonbondyblog.fr\/LBB\/#\/schema\/logo\/image\/\",\"url\":\"http:\/\/lyonbondyblog.fr\/LBB\/wp-content\/uploads\/2014\/10\/logo-portable-144.png\",\"contentUrl\":\"http:\/\/lyonbondyblog.fr\/LBB\/wp-content\/uploads\/2014\/10\/logo-portable-144.png\",\"width\":144,\"height\":123,\"caption\":\"LYON BONDY BLOG\"},\"image\":{\"@id\":\"https:\/\/lyonbondyblog.fr\/LBB\/#\/schema\/logo\/image\/\"},\"sameAs\":[\"https:\/\/www.facebook.com\/lyonbondyblog\",\"https:\/\/x.com\/bondybloglyon\"]},{\"@type\":\"Person\",\"@id\":\"https:\/\/lyonbondyblog.fr\/LBB\/#\/schema\/person\/c047e75bc2fde2a4510b73ffa872a540\",\"name\":\"Dylan Munoz\",\"url\":\"https:\/\/lyonbondyblog.fr\/LBB\/author\/dylan-munoz\/\"}]}<\/script>\n<!-- \/ Yoast SEO plugin. -->","yoast_head_json":{"title":"Conf\u00e9rence UDI : Jean Christophe Lagarde une droite assum\u00e9e - Lyon Bondy Blog","robots":{"index":"index","follow":"follow","max-snippet":"max-snippet:-1","max-image-preview":"max-image-preview:large","max-video-preview":"max-video-preview:-1"},"canonical":"https:\/\/lyonbondyblog.fr\/LBB\/conference-udi-jean-christophe-lagarde-droite-assumee\/","og_locale":"fr_FR","og_type":"article","og_title":"Conf\u00e9rence UDI : Jean Christophe Lagarde une droite assum\u00e9e - Lyon Bondy Blog","og_description":"C\u2019est ce jeudi 13 avril \u00e0 la Maison Villemanzy dans le centre ville de Lyon que Jean-Christophe Lagarde, accompagn\u00e9 d\u2019\u00e9lus UDI, a tenu sa conf\u00e9rence &hellip;","og_url":"https:\/\/lyonbondyblog.fr\/LBB\/conference-udi-jean-christophe-lagarde-droite-assumee\/","og_site_name":"Lyon Bondy Blog","article_publisher":"https:\/\/www.facebook.com\/lyonbondyblog","article_published_time":"2017-04-18T13:16:05+00:00","article_modified_time":"2017-04-18T13:28:59+00:00","og_image":[{"width":"1024","height":"683","url":"https:\/\/lyonbondyblog.fr\/LBB\/wp-content\/uploads\/2017\/04\/DSC_0136-copie-1024x683.jpg","type":"image\/jpeg"}],"author":"Dylan Munoz","twitter_card":"summary_large_image","twitter_creator":"@bondybloglyon","twitter_site":"@bondybloglyon","schema":{"@context":"https:\/\/schema.org","@graph":[{"@type":"Article","@id":"https:\/\/lyonbondyblog.fr\/LBB\/conference-udi-jean-christophe-lagarde-droite-assumee\/#article","isPartOf":{"@id":"https:\/\/lyonbondyblog.fr\/LBB\/conference-udi-jean-christophe-lagarde-droite-assumee\/"},"author":{"name":"Dylan Munoz","@id":"https:\/\/lyonbondyblog.fr\/LBB\/#\/schema\/person\/c047e75bc2fde2a4510b73ffa872a540"},"headline":"Conf\u00e9rence UDI : Jean Christophe Lagarde une droite assum\u00e9e","datePublished":"2017-04-18T13:16:05+00:00","dateModified":"2017-04-18T13:28:59+00:00","mainEntityOfPage":{"@id":"https:\/\/lyonbondyblog.fr\/LBB\/conference-udi-jean-christophe-lagarde-droite-assumee\/"},"wordCount":972,"commentCount":0,"publisher":{"@id":"https:\/\/lyonbondyblog.fr\/LBB\/#organization"},"image":{"@id":"https:\/\/lyonbondyblog.fr\/LBB\/conference-udi-jean-christophe-lagarde-droite-assumee\/#primaryimage"},"thumbnailUrl":"https:\/\/lyonbondyblog.fr\/LBB\/wp-content\/uploads\/2017\/04\/DSC_0136-copie.jpg","keywords":["alliance","election pr\u00e9sidentielle","fillon","Jean-Christophe Lagarde","politique","udi"],"articleSection":["Politique","Pr\u00e9sidentielle 2017"],"inLanguage":"fr-FR","potentialAction":[{"@type":"CommentAction","name":"Comment","target":["https:\/\/lyonbondyblog.fr\/LBB\/conference-udi-jean-christophe-lagarde-droite-assumee\/#respond"]}]},{"@type":"WebPage","@id":"https:\/\/lyonbondyblog.fr\/LBB\/conference-udi-jean-christophe-lagarde-droite-assumee\/","url":"https:\/\/lyonbondyblog.fr\/LBB\/conference-udi-jean-christophe-lagarde-droite-assumee\/","name":"Conf\u00e9rence UDI : Jean Christophe Lagarde une droite assum\u00e9e - Lyon Bondy Blog","isPartOf":{"@id":"https:\/\/lyonbondyblog.fr\/LBB\/#website"},"primaryImageOfPage":{"@id":"https:\/\/lyonbondyblog.fr\/LBB\/conference-udi-jean-christophe-lagarde-droite-assumee\/#primaryimage"},"image":{"@id":"https:\/\/lyonbondyblog.fr\/LBB\/conference-udi-jean-christophe-lagarde-droite-assumee\/#primaryimage"},"thumbnailUrl":"https:\/\/lyonbondyblog.fr\/LBB\/wp-content\/uploads\/2017\/04\/DSC_0136-copie.jpg","datePublished":"2017-04-18T13:16:05+00:00","dateModified":"2017-04-18T13:28:59+00:00","inLanguage":"fr-FR","potentialAction":[{"@type":"ReadAction","target":["https:\/\/lyonbondyblog.fr\/LBB\/conference-udi-jean-christophe-lagarde-droite-assumee\/"]}]},{"@type":"ImageObject","inLanguage":"fr-FR","@id":"https:\/\/lyonbondyblog.fr\/LBB\/conference-udi-jean-christophe-lagarde-droite-assumee\/#primaryimage","url":"https:\/\/lyonbondyblog.fr\/LBB\/wp-content\/uploads\/2017\/04\/DSC_0136-copie.jpg","contentUrl":"https:\/\/lyonbondyblog.fr\/LBB\/wp-content\/uploads\/2017\/04\/DSC_0136-copie.jpg","width":"6000","height":"4000","caption":"Jean-Christophe Lagarde entour\u00e9 de membre de l'UDI"},{"@type":"WebSite","@id":"https:\/\/lyonbondyblog.fr\/LBB\/#website","url":"https:\/\/lyonbondyblog.fr\/LBB\/","name":"Lyon Bondy Blog","description":"","publisher":{"@id":"https:\/\/lyonbondyblog.fr\/LBB\/#organization"},"potentialAction":[{"@type":"SearchAction","target":{"@type":"EntryPoint","urlTemplate":"https:\/\/lyonbondyblog.fr\/LBB\/?s={search_term_string}"},"query-input":"required name=search_term_string"}],"inLanguage":"fr-FR"},{"@type":"Organization","@id":"https:\/\/lyonbondyblog.fr\/LBB\/#organization","name":"LYON BONDY BLOG","url":"https:\/\/lyonbondyblog.fr\/LBB\/","logo":{"@type":"ImageObject","inLanguage":"fr-FR","@id":"https:\/\/lyonbondyblog.fr\/LBB\/#\/schema\/logo\/image\/","url":"http:\/\/lyonbondyblog.fr\/LBB\/wp-content\/uploads\/2014\/10\/logo-portable-144.png","contentUrl":"http:\/\/lyonbondyblog.fr\/LBB\/wp-content\/uploads\/2014\/10\/logo-portable-144.png","width":144,"height":123,"caption":"LYON BONDY BLOG"},"image":{"@id":"https:\/\/lyonbondyblog.fr\/LBB\/#\/schema\/logo\/image\/"},"sameAs":["https:\/\/www.facebook.com\/lyonbondyblog","https:\/\/x.com\/bondybloglyon"]},{"@type":"Person","@id":"https:\/\/lyonbondyblog.fr\/LBB\/#\/schema\/person\/c047e75bc2fde2a4510b73ffa872a540","name":"Dylan Munoz","url":"https:\/\/lyonbondyblog.fr\/LBB\/author\/dylan-munoz\/"}]}},"_links":{"self":[{"href":"https:\/\/lyonbondyblog.fr\/LBB\/wp-json\/wp\/v2\/posts\/11091","targetHints":{"allow":["GET"]}}],"collection":[{"href":"https:\/\/lyonbondyblog.fr\/LBB\/wp-json\/wp\/v2\/posts"}],"about":[{"href":"https:\/\/lyonbondyblog.fr\/LBB\/wp-json\/wp\/v2\/types\/post"}],"author":[{"embeddable":true,"href":"https:\/\/lyonbondyblog.fr\/LBB\/wp-json\/wp\/v2\/users\/790"}],"replies":[{"embeddable":true,"href":"https:\/\/lyonbondyblog.fr\/LBB\/wp-json\/wp\/v2\/comments?post=11091"}],"version-history":[{"count":6,"href":"https:\/\/lyonbondyblog.fr\/LBB\/wp-json\/wp\/v2\/posts\/11091\/revisions"}],"predecessor-version":[{"id":11095,"href":"https:\/\/lyonbondyblog.fr\/LBB\/wp-json\/wp\/v2\/posts\/11091\/revisions\/11095"}],"wp:featuredmedia":[{"embeddable":true,"href":"https:\/\/lyonbondyblog.fr\/LBB\/wp-json\/wp\/v2\/media\/11093"}],"wp:attachment":[{"href":"https:\/\/lyonbondyblog.fr\/LBB\/wp-json\/wp\/v2\/media?parent=11091"}],"wp:term":[{"taxonomy":"category","embeddable":true,"href":"https:\/\/lyonbondyblog.fr\/LBB\/wp-json\/wp\/v2\/categories?post=11091"},{"taxonomy":"post_tag","embeddable":true,"href":"https:\/\/lyonbondyblog.fr\/LBB\/wp-json\/wp\/v2\/tags?post=11091"}],"curies":[{"name":"wp","href":"https:\/\/api.w.org\/{rel}","templated":true}]}}