{"id":1106,"date":"2013-04-11T14:42:14","date_gmt":"2013-04-11T12:42:14","guid":{"rendered":"http:\/\/lyonbondyblog.fr\/LBB\/?p=1106"},"modified":"2013-07-22T14:49:04","modified_gmt":"2013-07-22T12:49:04","slug":"vent-de-vintage-sur-la-ville","status":"publish","type":"post","link":"https:\/\/lyonbondyblog.fr\/LBB\/vent-de-vintage-sur-la-ville\/","title":{"rendered":"Vent de vintage sur la ville"},"content":{"rendered":"<p><strong>Le pass\u00e9 s&rsquo;offre une escale printani\u00e8re \u00e0 Lyon et relooke pour l&rsquo;occasion la Halle Tony Garnier les 13 et 14 avril prochains.<\/strong><\/p>\n<p><a href=\"https:\/\/lyonbondyblog.fr\/LBB\/wp-content\/uploads\/2013\/07\/vintage-3.jpg\"><img loading=\"lazy\" decoding=\"async\" class=\"size-medium wp-image-1107 alignleft\" alt=\"vintage 3\" src=\"https:\/\/lyonbondyblog.fr\/LBB\/wp-content\/uploads\/2013\/07\/vintage-3-300x200.jpg\" width=\"300\" height=\"200\" srcset=\"https:\/\/lyonbondyblog.fr\/LBB\/wp-content\/uploads\/2013\/07\/vintage-3-300x200.jpg 300w, https:\/\/lyonbondyblog.fr\/LBB\/wp-content\/uploads\/2013\/07\/vintage-3.jpg 400w\" sizes=\"auto, (max-width: 300px) 100vw, 300px\" \/><\/a>Rendez-vous incontournable des f\u00e9rus de mode, addicts des bonnes affaires et autres traqueurs de tendances, le March\u00e9 de la Mode Vintage peut se targuer d&rsquo;une v\u00e9ritable originalit\u00e9 : celle de remonter le temps. Cette 12\u00e8me \u00e9dition ponctu\u00e9e de nouveaut\u00e9s signe une nouvelle fois un retour fracassant du style r\u00e9tro qui d\u00e9ferle dans nos quotidiens. V\u00eatements, accessoires, objets de d\u00e9coration&#8230; un programme all\u00e9chant port\u00e9 par quelques 350 exposants d&rsquo;ici et d&rsquo;ailleurs qui dynamitent les id\u00e9es re\u00e7ues et d\u00e9poussi\u00e8rent un pass\u00e9 plus actuel que jamais. Des 50&rsquo;s aux 80&rsquo;s, le vintage se d\u00e9cline au pluriel sur 8 000 m2 et s&rsquo;incarne dans des pi\u00e8ces de mobilier, des produits collectors in\u00e9dits et des fripes aux accents de haute couture. Une effervescence de styles pour repenser le pr\u00eat-\u00e0-porter et vitaminer les garde-robes. Au d\u00e9tour du stand coiffure, de la r\u00e9trospective photo d\u00e9di\u00e9e \u00e0 la mode baln\u00e9aire ou de l&rsquo;atelier dressing, les nombreuses animations qui jalonneront l&rsquo;\u00e9v\u00e9nement feront battre les c\u0153urs au rythme du vintage. Durant deux jours, la mode explore ses souvenirs et d\u00e9joue les effets du temps. Exit donc les \u00a0\u00bboubliettes\u00a0\u00bb, ici le pass\u00e9 refait surface pour mieux investir le pr\u00e9sent et confirme qu&rsquo;il est loin d&rsquo;\u00eatre r\u00e9volu.<\/p>\n<p>\u00c0 vos agendas : un plaisir d\u00e9cupl\u00e9 en perspective car le March\u00e9 de la Mode Vintage est de retour les 16 et 17 novembre prochains !<\/p>\n<p>Toutes les informations sur<a href=\"http:\/\/%20www.marchemodevintage.com\/\"> le site du March\u00e9 de la mode vintage<\/a><\/p>\n<p style=\"text-align: center\"><a href=\"https:\/\/lyonbondyblog.fr\/LBB\/wp-content\/uploads\/2013\/07\/vintage4.png\"><img loading=\"lazy\" decoding=\"async\" class=\"size-medium wp-image-1109 aligncenter\" alt=\"vintage4\" src=\"https:\/\/lyonbondyblog.fr\/LBB\/wp-content\/uploads\/2013\/07\/vintage4-300x200.png\" width=\"300\" height=\"200\" srcset=\"https:\/\/lyonbondyblog.fr\/LBB\/wp-content\/uploads\/2013\/07\/vintage4-300x200.png 300w, https:\/\/lyonbondyblog.fr\/LBB\/wp-content\/uploads\/2013\/07\/vintage4.png 712w\" sizes=\"auto, (max-width: 300px) 100vw, 300px\" \/><\/a><\/p>\n<!-- AddThis Advanced Settings generic via filter on the_content --><!-- AddThis Share Buttons generic via filter on the_content -->","protected":false},"excerpt":{"rendered":"<p>Le pass\u00e9 s&rsquo;offre une escale printani\u00e8re \u00e0 Lyon et relooke pour l&rsquo;occasion la Halle Tony Garnier les 13 et 14 avril prochains. Rendez-vous incontournable des &hellip; <!-- AddThis Advanced Settings generic via filter on wp_trim_excerpt --><!-- AddThis Share Buttons generic via filter on wp_trim_excerpt --><\/p>\n","protected":false},"author":1,"featured_media":1110,"comment_status":"open","ping_status":"open","sticky":false,"template":"","format":"standard","meta":{"_FSMCFIC_featured_image_caption":"","_FSMCFIC_featured_image_nocaption":"","_FSMCFIC_featured_image_hide":"","footnotes":""},"categories":[5,4],"tags":[423,10,112,422,418,424,421,417],"class_list":["post-1106","post","type-post","status-publish","format-standard","has-post-thumbnail","hentry","category-ambiance","category-lyon","tag-halle-tony-garnier","tag-lyon-2","tag-lyon-bondy-blog","tag-marche-de-la-mode","tag-mode","tag-relooker","tag-tendance","tag-vintage"],"yoast_head":"<!-- This site is optimized with the Yoast SEO plugin v22.8 - https:\/\/yoast.com\/wordpress\/plugins\/seo\/ -->\n<title>Vent de vintage sur la ville - Lyon Bondy Blog<\/title>\n<meta name=\"robots\" content=\"index, follow, max-snippet:-1, max-image-preview:large, max-video-preview:-1\" \/>\n<link rel=\"canonical\" href=\"https:\/\/lyonbondyblog.fr\/LBB\/vent-de-vintage-sur-la-ville\/\" \/>\n<meta property=\"og:locale\" content=\"fr_FR\" \/>\n<meta property=\"og:type\" content=\"article\" \/>\n<meta property=\"og:title\" content=\"Vent de vintage sur la ville - Lyon Bondy Blog\" \/>\n<meta property=\"og:description\" content=\"Le pass\u00e9 s&rsquo;offre une escale printani\u00e8re \u00e0 Lyon et relooke pour l&rsquo;occasion la Halle Tony Garnier les 13 et 14 avril prochains. Rendez-vous incontournable des &hellip;\" \/>\n<meta property=\"og:url\" content=\"https:\/\/lyonbondyblog.fr\/LBB\/vent-de-vintage-sur-la-ville\/\" \/>\n<meta property=\"og:site_name\" content=\"Lyon Bondy Blog\" \/>\n<meta property=\"article:publisher\" content=\"https:\/\/www.facebook.com\/lyonbondyblog\" \/>\n<meta property=\"article:author\" content=\"https:\/\/www.facebook.com\/lyonbondyblog\" \/>\n<meta property=\"article:published_time\" content=\"2013-04-11T12:42:14+00:00\" \/>\n<meta property=\"article:modified_time\" content=\"2013-07-22T12:49:04+00:00\" \/>\n<meta property=\"og:image\" content=\"https:\/\/lyonbondyblog.fr\/LBB\/wp-content\/uploads\/2013\/07\/vintage-3-Copie.jpg\" \/>\n\t<meta property=\"og:image:width\" content=\"398\" \/>\n\t<meta property=\"og:image:height\" content=\"198\" \/>\n\t<meta property=\"og:image:type\" content=\"image\/jpeg\" \/>\n<meta name=\"author\" content=\"La r\u00e9daction\" \/>\n<meta name=\"twitter:card\" content=\"summary_large_image\" \/>\n<meta name=\"twitter:creator\" content=\"@BondyBlogLyon\" \/>\n<meta name=\"twitter:site\" content=\"@bondybloglyon\" \/>\n<script type=\"application\/ld+json\" class=\"yoast-schema-graph\">{\"@context\":\"https:\/\/schema.org\",\"@graph\":[{\"@type\":\"Article\",\"@id\":\"https:\/\/lyonbondyblog.fr\/LBB\/vent-de-vintage-sur-la-ville\/#article\",\"isPartOf\":{\"@id\":\"https:\/\/lyonbondyblog.fr\/LBB\/vent-de-vintage-sur-la-ville\/\"},\"author\":{\"name\":\"La r\u00e9daction\",\"@id\":\"https:\/\/lyonbondyblog.fr\/LBB\/#\/schema\/person\/e45f8d27baac75072daa0be50c409b25\"},\"headline\":\"Vent de vintage sur la ville\",\"datePublished\":\"2013-04-11T12:42:14+00:00\",\"dateModified\":\"2013-07-22T12:49:04+00:00\",\"mainEntityOfPage\":{\"@id\":\"https:\/\/lyonbondyblog.fr\/LBB\/vent-de-vintage-sur-la-ville\/\"},\"wordCount\":280,\"commentCount\":0,\"publisher\":{\"@id\":\"https:\/\/lyonbondyblog.fr\/LBB\/#organization\"},\"image\":{\"@id\":\"https:\/\/lyonbondyblog.fr\/LBB\/vent-de-vintage-sur-la-ville\/#primaryimage\"},\"thumbnailUrl\":\"https:\/\/lyonbondyblog.fr\/LBB\/wp-content\/uploads\/2013\/07\/vintage-3-Copie.jpg\",\"keywords\":[\"halle tony garnier\",\"lyon\",\"Lyon Bondy Blog\",\"march\u00e9 de la mode\",\"mode\",\"relooker\",\"tendance\",\"vintage\"],\"articleSection\":[\"Ambiance\",\"Lyon\"],\"inLanguage\":\"fr-FR\",\"potentialAction\":[{\"@type\":\"CommentAction\",\"name\":\"Comment\",\"target\":[\"https:\/\/lyonbondyblog.fr\/LBB\/vent-de-vintage-sur-la-ville\/#respond\"]}]},{\"@type\":\"WebPage\",\"@id\":\"https:\/\/lyonbondyblog.fr\/LBB\/vent-de-vintage-sur-la-ville\/\",\"url\":\"https:\/\/lyonbondyblog.fr\/LBB\/vent-de-vintage-sur-la-ville\/\",\"name\":\"Vent de vintage sur la ville - Lyon Bondy Blog\",\"isPartOf\":{\"@id\":\"https:\/\/lyonbondyblog.fr\/LBB\/#website\"},\"primaryImageOfPage\":{\"@id\":\"https:\/\/lyonbondyblog.fr\/LBB\/vent-de-vintage-sur-la-ville\/#primaryimage\"},\"image\":{\"@id\":\"https:\/\/lyonbondyblog.fr\/LBB\/vent-de-vintage-sur-la-ville\/#primaryimage\"},\"thumbnailUrl\":\"https:\/\/lyonbondyblog.fr\/LBB\/wp-content\/uploads\/2013\/07\/vintage-3-Copie.jpg\",\"datePublished\":\"2013-04-11T12:42:14+00:00\",\"dateModified\":\"2013-07-22T12:49:04+00:00\",\"inLanguage\":\"fr-FR\",\"potentialAction\":[{\"@type\":\"ReadAction\",\"target\":[\"https:\/\/lyonbondyblog.fr\/LBB\/vent-de-vintage-sur-la-ville\/\"]}]},{\"@type\":\"ImageObject\",\"inLanguage\":\"fr-FR\",\"@id\":\"https:\/\/lyonbondyblog.fr\/LBB\/vent-de-vintage-sur-la-ville\/#primaryimage\",\"url\":\"https:\/\/lyonbondyblog.fr\/LBB\/wp-content\/uploads\/2013\/07\/vintage-3-Copie.jpg\",\"contentUrl\":\"https:\/\/lyonbondyblog.fr\/LBB\/wp-content\/uploads\/2013\/07\/vintage-3-Copie.jpg\",\"width\":398,\"height\":198},{\"@type\":\"WebSite\",\"@id\":\"https:\/\/lyonbondyblog.fr\/LBB\/#website\",\"url\":\"https:\/\/lyonbondyblog.fr\/LBB\/\",\"name\":\"Lyon Bondy Blog\",\"description\":\"\",\"publisher\":{\"@id\":\"https:\/\/lyonbondyblog.fr\/LBB\/#organization\"},\"potentialAction\":[{\"@type\":\"SearchAction\",\"target\":{\"@type\":\"EntryPoint\",\"urlTemplate\":\"https:\/\/lyonbondyblog.fr\/LBB\/?s={search_term_string}\"},\"query-input\":\"required name=search_term_string\"}],\"inLanguage\":\"fr-FR\"},{\"@type\":\"Organization\",\"@id\":\"https:\/\/lyonbondyblog.fr\/LBB\/#organization\",\"name\":\"LYON BONDY BLOG\",\"url\":\"https:\/\/lyonbondyblog.fr\/LBB\/\",\"logo\":{\"@type\":\"ImageObject\",\"inLanguage\":\"fr-FR\",\"@id\":\"https:\/\/lyonbondyblog.fr\/LBB\/#\/schema\/logo\/image\/\",\"url\":\"http:\/\/lyonbondyblog.fr\/LBB\/wp-content\/uploads\/2014\/10\/logo-portable-144.png\",\"contentUrl\":\"http:\/\/lyonbondyblog.fr\/LBB\/wp-content\/uploads\/2014\/10\/logo-portable-144.png\",\"width\":144,\"height\":123,\"caption\":\"LYON BONDY BLOG\"},\"image\":{\"@id\":\"https:\/\/lyonbondyblog.fr\/LBB\/#\/schema\/logo\/image\/\"},\"sameAs\":[\"https:\/\/www.facebook.com\/lyonbondyblog\",\"https:\/\/x.com\/bondybloglyon\"]},{\"@type\":\"Person\",\"@id\":\"https:\/\/lyonbondyblog.fr\/LBB\/#\/schema\/person\/e45f8d27baac75072daa0be50c409b25\",\"name\":\"La r\u00e9daction\",\"description\":\"Cr\u00e9e en 2008, la r\u00e9daction du Lyon Bondy Blog s'applique \u00e0 proposer une information locale diff\u00e9rente et compl\u00e9mentaire des m\u00e9dias traditionnels.\",\"sameAs\":[\"https:\/\/www.facebook.com\/lyonbondyblog\",\"https:\/\/x.com\/BondyBlogLyon\"],\"url\":\"https:\/\/lyonbondyblog.fr\/LBB\/author\/admin\/\"}]}<\/script>\n<!-- \/ Yoast SEO plugin. -->","yoast_head_json":{"title":"Vent de vintage sur la ville - Lyon Bondy Blog","robots":{"index":"index","follow":"follow","max-snippet":"max-snippet:-1","max-image-preview":"max-image-preview:large","max-video-preview":"max-video-preview:-1"},"canonical":"https:\/\/lyonbondyblog.fr\/LBB\/vent-de-vintage-sur-la-ville\/","og_locale":"fr_FR","og_type":"article","og_title":"Vent de vintage sur la ville - Lyon Bondy Blog","og_description":"Le pass\u00e9 s&rsquo;offre une escale printani\u00e8re \u00e0 Lyon et relooke pour l&rsquo;occasion la Halle Tony Garnier les 13 et 14 avril prochains. Rendez-vous incontournable des &hellip;","og_url":"https:\/\/lyonbondyblog.fr\/LBB\/vent-de-vintage-sur-la-ville\/","og_site_name":"Lyon Bondy Blog","article_publisher":"https:\/\/www.facebook.com\/lyonbondyblog","article_author":"https:\/\/www.facebook.com\/lyonbondyblog","article_published_time":"2013-04-11T12:42:14+00:00","article_modified_time":"2013-07-22T12:49:04+00:00","og_image":[{"width":398,"height":198,"url":"https:\/\/lyonbondyblog.fr\/LBB\/wp-content\/uploads\/2013\/07\/vintage-3-Copie.jpg","type":"image\/jpeg"}],"author":"La r\u00e9daction","twitter_card":"summary_large_image","twitter_creator":"@BondyBlogLyon","twitter_site":"@bondybloglyon","schema":{"@context":"https:\/\/schema.org","@graph":[{"@type":"Article","@id":"https:\/\/lyonbondyblog.fr\/LBB\/vent-de-vintage-sur-la-ville\/#article","isPartOf":{"@id":"https:\/\/lyonbondyblog.fr\/LBB\/vent-de-vintage-sur-la-ville\/"},"author":{"name":"La r\u00e9daction","@id":"https:\/\/lyonbondyblog.fr\/LBB\/#\/schema\/person\/e45f8d27baac75072daa0be50c409b25"},"headline":"Vent de vintage sur la ville","datePublished":"2013-04-11T12:42:14+00:00","dateModified":"2013-07-22T12:49:04+00:00","mainEntityOfPage":{"@id":"https:\/\/lyonbondyblog.fr\/LBB\/vent-de-vintage-sur-la-ville\/"},"wordCount":280,"commentCount":0,"publisher":{"@id":"https:\/\/lyonbondyblog.fr\/LBB\/#organization"},"image":{"@id":"https:\/\/lyonbondyblog.fr\/LBB\/vent-de-vintage-sur-la-ville\/#primaryimage"},"thumbnailUrl":"https:\/\/lyonbondyblog.fr\/LBB\/wp-content\/uploads\/2013\/07\/vintage-3-Copie.jpg","keywords":["halle tony garnier","lyon","Lyon Bondy Blog","march\u00e9 de la mode","mode","relooker","tendance","vintage"],"articleSection":["Ambiance","Lyon"],"inLanguage":"fr-FR","potentialAction":[{"@type":"CommentAction","name":"Comment","target":["https:\/\/lyonbondyblog.fr\/LBB\/vent-de-vintage-sur-la-ville\/#respond"]}]},{"@type":"WebPage","@id":"https:\/\/lyonbondyblog.fr\/LBB\/vent-de-vintage-sur-la-ville\/","url":"https:\/\/lyonbondyblog.fr\/LBB\/vent-de-vintage-sur-la-ville\/","name":"Vent de vintage sur la ville - Lyon Bondy Blog","isPartOf":{"@id":"https:\/\/lyonbondyblog.fr\/LBB\/#website"},"primaryImageOfPage":{"@id":"https:\/\/lyonbondyblog.fr\/LBB\/vent-de-vintage-sur-la-ville\/#primaryimage"},"image":{"@id":"https:\/\/lyonbondyblog.fr\/LBB\/vent-de-vintage-sur-la-ville\/#primaryimage"},"thumbnailUrl":"https:\/\/lyonbondyblog.fr\/LBB\/wp-content\/uploads\/2013\/07\/vintage-3-Copie.jpg","datePublished":"2013-04-11T12:42:14+00:00","dateModified":"2013-07-22T12:49:04+00:00","inLanguage":"fr-FR","potentialAction":[{"@type":"ReadAction","target":["https:\/\/lyonbondyblog.fr\/LBB\/vent-de-vintage-sur-la-ville\/"]}]},{"@type":"ImageObject","inLanguage":"fr-FR","@id":"https:\/\/lyonbondyblog.fr\/LBB\/vent-de-vintage-sur-la-ville\/#primaryimage","url":"https:\/\/lyonbondyblog.fr\/LBB\/wp-content\/uploads\/2013\/07\/vintage-3-Copie.jpg","contentUrl":"https:\/\/lyonbondyblog.fr\/LBB\/wp-content\/uploads\/2013\/07\/vintage-3-Copie.jpg","width":398,"height":198},{"@type":"WebSite","@id":"https:\/\/lyonbondyblog.fr\/LBB\/#website","url":"https:\/\/lyonbondyblog.fr\/LBB\/","name":"Lyon Bondy Blog","description":"","publisher":{"@id":"https:\/\/lyonbondyblog.fr\/LBB\/#organization"},"potentialAction":[{"@type":"SearchAction","target":{"@type":"EntryPoint","urlTemplate":"https:\/\/lyonbondyblog.fr\/LBB\/?s={search_term_string}"},"query-input":"required name=search_term_string"}],"inLanguage":"fr-FR"},{"@type":"Organization","@id":"https:\/\/lyonbondyblog.fr\/LBB\/#organization","name":"LYON BONDY BLOG","url":"https:\/\/lyonbondyblog.fr\/LBB\/","logo":{"@type":"ImageObject","inLanguage":"fr-FR","@id":"https:\/\/lyonbondyblog.fr\/LBB\/#\/schema\/logo\/image\/","url":"http:\/\/lyonbondyblog.fr\/LBB\/wp-content\/uploads\/2014\/10\/logo-portable-144.png","contentUrl":"http:\/\/lyonbondyblog.fr\/LBB\/wp-content\/uploads\/2014\/10\/logo-portable-144.png","width":144,"height":123,"caption":"LYON BONDY BLOG"},"image":{"@id":"https:\/\/lyonbondyblog.fr\/LBB\/#\/schema\/logo\/image\/"},"sameAs":["https:\/\/www.facebook.com\/lyonbondyblog","https:\/\/x.com\/bondybloglyon"]},{"@type":"Person","@id":"https:\/\/lyonbondyblog.fr\/LBB\/#\/schema\/person\/e45f8d27baac75072daa0be50c409b25","name":"La r\u00e9daction","description":"Cr\u00e9e en 2008, la r\u00e9daction du Lyon Bondy Blog s'applique \u00e0 proposer une information locale diff\u00e9rente et compl\u00e9mentaire des m\u00e9dias traditionnels.","sameAs":["https:\/\/www.facebook.com\/lyonbondyblog","https:\/\/x.com\/BondyBlogLyon"],"url":"https:\/\/lyonbondyblog.fr\/LBB\/author\/admin\/"}]}},"_links":{"self":[{"href":"https:\/\/lyonbondyblog.fr\/LBB\/wp-json\/wp\/v2\/posts\/1106","targetHints":{"allow":["GET"]}}],"collection":[{"href":"https:\/\/lyonbondyblog.fr\/LBB\/wp-json\/wp\/v2\/posts"}],"about":[{"href":"https:\/\/lyonbondyblog.fr\/LBB\/wp-json\/wp\/v2\/types\/post"}],"author":[{"embeddable":true,"href":"https:\/\/lyonbondyblog.fr\/LBB\/wp-json\/wp\/v2\/users\/1"}],"replies":[{"embeddable":true,"href":"https:\/\/lyonbondyblog.fr\/LBB\/wp-json\/wp\/v2\/comments?post=1106"}],"version-history":[{"count":0,"href":"https:\/\/lyonbondyblog.fr\/LBB\/wp-json\/wp\/v2\/posts\/1106\/revisions"}],"wp:featuredmedia":[{"embeddable":true,"href":"https:\/\/lyonbondyblog.fr\/LBB\/wp-json\/wp\/v2\/media\/1110"}],"wp:attachment":[{"href":"https:\/\/lyonbondyblog.fr\/LBB\/wp-json\/wp\/v2\/media?parent=1106"}],"wp:term":[{"taxonomy":"category","embeddable":true,"href":"https:\/\/lyonbondyblog.fr\/LBB\/wp-json\/wp\/v2\/categories?post=1106"},{"taxonomy":"post_tag","embeddable":true,"href":"https:\/\/lyonbondyblog.fr\/LBB\/wp-json\/wp\/v2\/tags?post=1106"}],"curies":[{"name":"wp","href":"https:\/\/api.w.org\/{rel}","templated":true}]}}