{"id":10940,"date":"2017-04-04T15:50:44","date_gmt":"2017-04-04T13:50:44","guid":{"rendered":"http:\/\/lyonbondyblog.fr\/LBB\/?p=10940"},"modified":"2017-04-25T18:01:06","modified_gmt":"2017-04-25T16:01:06","slug":"patricia-tourancheau-lieu-de-vouloir-abolir-fessee-on-plutot-abolir-violences-policieres","status":"publish","type":"post","link":"https:\/\/lyonbondyblog.fr\/LBB\/patricia-tourancheau-lieu-de-vouloir-abolir-fessee-on-plutot-abolir-violences-policieres\/","title":{"rendered":"Patricia Tourancheau : \u00ab Au lieu de vouloir abolir la fess\u00e9e, on devrait plut\u00f4t abolir les violences polici\u00e8res \u00bb"},"content":{"rendered":"<p class=\"western\"><em>Le journal \u00ab\u00a0Les Jours\u00a0\u00bb organisait ce samedi au Caf\u00e9 du Rh\u00f4ne, une rencontre entre Patricia Tourancheau et ses abonn\u00e9s. Chroniqueuse judiciaire \u00e0 Lib\u00e9ration depuis maintenant 27 ans, elle a accept\u00e9 de r\u00e9pondre \u00e0 nos questions.<\/em><\/p>\n<figure id=\"attachment_10946\" aria-describedby=\"caption-attachment-10946\" style=\"width: 225px\" class=\"wp-caption aligncenter\"><a href=\"https:\/\/lyonbondyblog.fr\/LBB\/wp-content\/uploads\/2017\/04\/tourancheau-e1491312433176.jpg\"><img loading=\"lazy\" decoding=\"async\" class=\"wp-image-10946 size-medium\" src=\"https:\/\/lyonbondyblog.fr\/LBB\/wp-content\/uploads\/2017\/04\/tourancheau-e1491312433176-225x300.jpg\" alt=\"\" width=\"225\" height=\"300\" srcset=\"https:\/\/lyonbondyblog.fr\/LBB\/wp-content\/uploads\/2017\/04\/tourancheau-e1491312433176-225x300.jpg 225w, https:\/\/lyonbondyblog.fr\/LBB\/wp-content\/uploads\/2017\/04\/tourancheau-e1491312433176-768x1024.jpg 768w, https:\/\/lyonbondyblog.fr\/LBB\/wp-content\/uploads\/2017\/04\/tourancheau-e1491312433176-600x800.jpg 600w, https:\/\/lyonbondyblog.fr\/LBB\/wp-content\/uploads\/2017\/04\/tourancheau-e1491312433176.jpg 1200w\" sizes=\"auto, (max-width: 225px) 100vw, 225px\" \/><\/a><figcaption id=\"caption-attachment-10946\" class=\"wp-caption-text\">\u00ab\u00a0Le 36, histoire de poulets, d&rsquo;indics et de tueurs en s\u00e9rie\u00a0\u00bb de Patricia Tourancheau<\/figcaption><\/figure>\n<table class=\"alignright\" style=\"height: 61px; border-color: #000000; background-color: #d1d1d1;\" border=\"2\" width=\"169\">\n<tbody>\n<tr>\n<td style=\"border-color: #000000;\"><b>Patricia Tourancheau<\/b> est charg\u00e9e des affaires criminelles et des faits divers \u00e0 Lib\u00e9ration depuis 1990 et travaille \u00e0 l&rsquo;Obs depuis 2015.<\/td>\n<\/tr>\n<tr>\n<td>\u00a0<b>Bibliographie<\/b><span class=\"ouvrage\"><span class=\"ouvrage\"><span class=\"ouvrage\"><span class=\"ouvrage\"><cite class=\"italique\"><span class=\"ouvrage\"><span class=\"ouvrage\"><br \/>\n93, mode d&#8217;emplois, Ramsay, 1993<br \/>\n<\/span><\/span><\/cite><\/span><\/span><\/span><\/span><span id=\"Tourancheau2010\" class=\"ouvrage\"><span id=\"Patricia_Tourancheau2010\" class=\"ouvrage\"><cite class=\"italique\">Guy Georges\u00a0: La traque<\/cite>, Fayard, septembre 2010<br \/>\n<\/span><\/span><br \/>\n<span id=\"Tourancheau2004\" class=\"ouvrage\"><span id=\"Patricia_Tourancheau2004\" class=\"ouvrage\"> <cite class=\"italique\">Les Postiches\u00a0: Un gang des ann\u00e9es 80<\/cite>, Fayard,<\/span><\/span><span id=\"Tourancheau2004\" class=\"ouvrage\"><span id=\"Patricia_Tourancheau2004\" class=\"ouvrage\"> mai 2004<br \/>\n<\/span><\/span><br \/>\n<span id=\"Tourancheau1990\" class=\"ouvrage\"><span id=\"Patricia_Tourancheau1990\" class=\"ouvrage\"><\/span><\/span><span id=\"Tourancheau2017\" class=\"ouvrage\"><span id=\"Patricia_Tourancheau2017\" class=\"ouvrage\"><cite class=\"italique\">Le 36\u00a0: histoires de poulets, d&rsquo;indics et de tueurs en s\u00e9rie<\/cite>, Paris, Seuil, mars 2017<\/span><\/span><\/td>\n<\/tr>\n<\/tbody>\n<\/table>\n<h4 class=\"western\"><a name=\"_GoBack\"><\/a>Aujourd\u2019hui, vous sortez votre nouvel ouvrage \u00ab\u00a036 quai des orf\u00e8vres\u00a0\u00bb aux \u00e9ditions du Seuil. Nous allons revenir sur cette institution, notamment au niveau judiciaire. Pouvez-vous nous parler de l\u2019accueil d\u2019un condamn\u00e9 au 36\u00a0?<\/h4>\n<p class=\"western\">L\u2019accueil est un peu sp\u00e9cial. Le condamn\u00e9 est menott\u00e9 et encadr\u00e9 par deux gardiens de la paix, qui le montent et qui l\u2019accompagnent sur les 148 marches qui composent l\u2019escalier du quai des orf\u00e8vres, jusqu&rsquo;\u00e0 la pi\u00e8ce r\u00e9serv\u00e9e pour l\u2019interrogatoire. Soit au dernier \u00e9tage pour \u00ab\u00a0la criminelle\u00a0\u00bb ou pour les \u00ab\u00a0stups\u00a0\u00bb aux 2 et 3<sup>\u00e8me<\/sup> \u00e9tages.<\/p>\n<p class=\"western\">Au 36, c\u2019est un immense escalier et il n\u2019y a pas de filets anti-suicide. Tous les policiers se mettent contre le mur, pour que le condamn\u00e9 ne se jette pas dans le vide.<\/p>\n<h4 class=\"western\">En 1979, la Su\u00e8de a aboli \u00ab\u00a0la fess\u00e9e \u00bb, depuis, la population carc\u00e9rale a diminu\u00e9. Justement est-ce que l\u2019on ne pourrait pas remettre la \u00ab fess\u00e9e \u00bb \u00e0 l\u2019ordre du jour, et est-ce que cela pourrait permettre une diminution de la population carc\u00e9rale en France\u00a0?<\/h4>\n<p class=\"western\">Moi, je vous parlerai pas de la \u00ab\u00a0fess\u00e9e \u00bb, car cela ne sert \u00e0 rien. Je trouve que c\u2019est mieux ainsi. Une de temps en temps, \u00e7a fait pas de mal.<\/p>\n<p class=\"western\">Par contre, par rapport \u00e0 la police, certains policiers par contre ne se g\u00eanent pas pour distribuer quelques coups de poings aux personnes qu\u2019ils interrogent. Je pense qu\u2019il serait souhaitable de l\u2019abolir aussi.<\/p>\n<h4 class=\"western\">La population carc\u00e9rale est en grande majorit\u00e9 compos\u00e9e d\u2019hommes \u00e0 96%, il n\u2019y a que 4% de femmes en prison. Justement, est-ce que l\u2019on ne pourrait pas faire un suivi particulier pour les femmes ?<\/h4>\n<p class=\"western\">Je pense qu\u2019en prison, on ne peut pas faire le m\u00eame suivi pour les hommes et pour les femmes. D\u00e9j\u00e0, il n\u2019est pas possible de les r\u00e9unir dans les m\u00eames cellules ou les m\u00eames couloirs.<\/p>\n<p class=\"western\">Les femmes souffrent \u00e9norm\u00e9ment de la solitude en prison, les hommes \u00e9galement. Il faudrait peut-\u00eatre regrouper, les femmes entre elles, mais c\u2019est d\u00e9j\u00e0 le cas, elles le sont dans des quartiers sp\u00e9cifiques notamment les condamn\u00e9es aux longues peines, \u00e0 la prison de Rennes. Il y aussi une aile \u00e0 Fleury-M\u00e9rogis, o\u00f9 ce sont plut\u00f4t des jeunes femmes qui sont condamn\u00e9es pour des petites peines, il y a s\u00fbrement mieux \u00e0 faire\u00a0!<\/p>\n<h4 class=\"western\">En novembre 1994, suite \u00e0 l\u2019affaire Rey-Maupin (la fusillade \u00e0 <a href=\"http:\/\/tempsreel.nouvelobs.com\/societe\/20131121.OBS6211\/l-affaire-rey-maupin-une-equipee-sauvage-qui-a-marque-les-annees-90.html\">Nation<\/a>), Charles Pasqua, alors ministre de l\u2019int\u00e9rieur, avait remis sur la table le d\u00e9bat sur la peine de mort. Qu\u2019en pensez-vous\u00a0?<\/h4>\n<p class=\"western\">C\u2019est un scandale. Franchement, ce fait divers est totalement inappropri\u00e9. Il y a des affaires qui suscitent l\u2019\u00e9motion et le d\u00e9bat public s\u2019enflamme sur cette question, mais l\u00e0 , ce n\u2019est pas le cas.<\/p>\n<p class=\"western\">Pour ce qui est de l\u2019affaire Rey-Maupin, il faut reprendre au d\u00e9but. Ce sont deux jeunes gens. Florence Rey a 19 ans , son amoureux (Audry Maupin), \u00ab\u00a0beau r\u00e9volutionnaire\u00a0\u00bb, \u00ab\u00a0anar\u00a0\u00bb, bel homme qui faisait de l\u2019escalade , en\u00a0\u00ab\u00a0philo\u00a0\u00bb \u00e0 Nanterre. Elle le suit.<\/p>\n<p class=\"western\">Rappel des faits\u00a0: Ces deux jeunes vont braquer la pr\u00e9-fourri\u00e8re de Pantin (93), pour \u00ab\u00a0piquer\u00a0\u00bb des armes \u00e0 des gardiens de la paix avec leur complice Abelhakim Dehkar qui fait le guet. Ils (Rey-Maupin) braquent les forces de l\u2019ordre, leurs piquent leurs armes de service, et l\u00e0, il y a un grain de sable. Ils s\u2019enfuient et pensent qu\u2019ils sont cours\u00e9s. Plut\u00f4t que de suivre leur plan (prendre le m\u00e9tro) ils menacent un chauffeur de taxi avec une arme, et le somment d\u2019aller \u00e0 la place de la Nation (Paris). En arrivant sur cette place, ce pauvre chauffeur de taxi (Mamadou Diallo) se voit sommer de donner sa carte d\u2019identit\u00e9. On lui\u00a0dit\u00a0:\u00a0\u00ab\u00a0Il faudra pas que tu parles\u00a0\u00bb. Il fonce alors dans un car de \u00ab\u00a0Flics\u00a0\u00bb. Les policiers pensent \u00e0 un accident de la route et sortent de la fourgonnette, et l\u00e0, le jeune anarchiste les artillent, sa compagne (Florence Rey) plus en retrait tire \u00e9galement. Audry Maupin fait un \u00ab\u00a0carton\u00a0\u00bb et tue deux policiers et le chauffeur de taxi. A ce moment pr\u00e9cis, ils se mettent dans une \u00ab\u00a0cavale\u00a0\u00bb improvis\u00e9e. \u00c0 la fin, Audy Maupin est tu\u00e9 par la police. Florence Rey, 19 ans, reste toute seule \u00e0 r\u00e9pondre de ces assassinats alors qu\u2019aucune des balles qu\u2019elle a tir\u00e9e n\u2019ont touch\u00e9. Elle prend trente ans, et sortie il y a trois ans elle s\u2019est tr\u00e8s bien r\u00e9ins\u00e9r\u00e9e. Elle ne veut pas qu\u2019on parle d\u2019elle. Elle n\u2019aime pas les journalistes\u00a0! Quant aux propos de Charles Pasqua, ils sont odieux\u00a0!<\/p>\n<h4 class=\"western\">Quel est le livre qui vous a donn\u00e9 envie de devenir journaliste\u00a0?<\/h4>\n<p class=\"western\">C\u2019est pas un livre. C\u2019est un journaliste de la presse quotidienne r\u00e9gionale de Ouest \u2013France car \u00e0 l\u2019\u00e9poque, je faisais mes \u00e9tudes \u00e0 Nantes et je ne savais pas trop quoi faire. Ce type m\u2019a dit assez tardivement que c\u2019\u00e9tait le m\u00e9tier qu\u2019il me fallait car il me trouvait curieuse, tu parles \u00e0 tout le monde que ce soit des mecs du conseil g\u00e9n\u00e9ral, de la mairie, des rockers, des clodos. Franchement, je n\u2019y avais jamais pens\u00e9 et l\u00e0, c&rsquo;\u00e9tait la r\u00e9v\u00e9lation.<\/p>\n<!-- AddThis Advanced Settings generic via filter on the_content --><!-- AddThis Share Buttons generic via filter on the_content -->","protected":false},"excerpt":{"rendered":"<p>Le journal \u00ab\u00a0Les Jours\u00a0\u00bb organisait ce samedi au Caf\u00e9 du Rh\u00f4ne, une rencontre entre Patricia Tourancheau et ses abonn\u00e9s. Chroniqueuse judiciaire \u00e0 Lib\u00e9ration depuis maintenant &hellip; <!-- AddThis Advanced Settings generic via filter on wp_trim_excerpt --><!-- AddThis Share Buttons generic via filter on wp_trim_excerpt --><\/p>\n","protected":false},"author":33,"featured_media":10946,"comment_status":"open","ping_status":"open","sticky":false,"template":"","format":"standard","meta":{"_FSMCFIC_featured_image_caption":"","_FSMCFIC_featured_image_nocaption":"","_FSMCFIC_featured_image_hide":"","footnotes":""},"categories":[3,4,64,2],"tags":[2760,2761,2758,2759],"class_list":["post-10940","post","type-post","status-publish","format-standard","has-post-thumbnail","hentry","category-culture","category-lyon","category-prisons","category-societe","tag-2760","tag-judiciaire","tag-patricia-tourancheau","tag-tourancheau"],"yoast_head":"<!-- This site is optimized with the Yoast SEO plugin v22.8 - https:\/\/yoast.com\/wordpress\/plugins\/seo\/ -->\n<title>Patricia Tourancheau : \u00ab Au lieu de vouloir abolir la fess\u00e9e, on devrait plut\u00f4t abolir les violences polici\u00e8res \u00bb - Lyon Bondy Blog<\/title>\n<meta name=\"robots\" content=\"index, follow, max-snippet:-1, max-image-preview:large, max-video-preview:-1\" \/>\n<link rel=\"canonical\" href=\"https:\/\/lyonbondyblog.fr\/LBB\/patricia-tourancheau-lieu-de-vouloir-abolir-fessee-on-plutot-abolir-violences-policieres\/\" \/>\n<meta property=\"og:locale\" content=\"fr_FR\" \/>\n<meta property=\"og:type\" content=\"article\" \/>\n<meta property=\"og:title\" content=\"Patricia Tourancheau : \u00ab Au lieu de vouloir abolir la fess\u00e9e, on devrait plut\u00f4t abolir les violences polici\u00e8res \u00bb - Lyon Bondy Blog\" \/>\n<meta property=\"og:description\" content=\"Le journal \u00ab\u00a0Les Jours\u00a0\u00bb organisait ce samedi au Caf\u00e9 du Rh\u00f4ne, une rencontre entre Patricia Tourancheau et ses abonn\u00e9s. Chroniqueuse judiciaire \u00e0 Lib\u00e9ration depuis maintenant &hellip;\" \/>\n<meta property=\"og:url\" content=\"https:\/\/lyonbondyblog.fr\/LBB\/patricia-tourancheau-lieu-de-vouloir-abolir-fessee-on-plutot-abolir-violences-policieres\/\" \/>\n<meta property=\"og:site_name\" content=\"Lyon Bondy Blog\" \/>\n<meta property=\"article:publisher\" content=\"https:\/\/www.facebook.com\/lyonbondyblog\" \/>\n<meta property=\"article:published_time\" content=\"2017-04-04T13:50:44+00:00\" \/>\n<meta property=\"article:modified_time\" content=\"2017-04-25T16:01:06+00:00\" \/>\n<meta property=\"og:image\" content=\"https:\/\/lyonbondyblog.fr\/LBB\/wp-content\/uploads\/2017\/04\/tourancheau-e1491312433176.jpg\" \/>\n\t<meta property=\"og:image:width\" content=\"1200\" \/>\n\t<meta property=\"og:image:height\" content=\"1599\" \/>\n\t<meta property=\"og:image:type\" content=\"image\/jpeg\" \/>\n<meta name=\"author\" content=\"Etienne Aazzab\" \/>\n<meta name=\"twitter:card\" content=\"summary_large_image\" \/>\n<meta name=\"twitter:creator\" content=\"@AazzabEtienne\" \/>\n<meta name=\"twitter:site\" content=\"@bondybloglyon\" \/>\n<script type=\"application\/ld+json\" class=\"yoast-schema-graph\">{\"@context\":\"https:\/\/schema.org\",\"@graph\":[{\"@type\":\"Article\",\"@id\":\"https:\/\/lyonbondyblog.fr\/LBB\/patricia-tourancheau-lieu-de-vouloir-abolir-fessee-on-plutot-abolir-violences-policieres\/#article\",\"isPartOf\":{\"@id\":\"https:\/\/lyonbondyblog.fr\/LBB\/patricia-tourancheau-lieu-de-vouloir-abolir-fessee-on-plutot-abolir-violences-policieres\/\"},\"author\":{\"name\":\"Etienne Aazzab\",\"@id\":\"https:\/\/lyonbondyblog.fr\/LBB\/#\/schema\/person\/5e9904261c1f613c8e6ea22045b1353d\"},\"headline\":\"Patricia Tourancheau : \u00ab Au lieu de vouloir abolir la fess\u00e9e, on devrait plut\u00f4t abolir les violences polici\u00e8res \u00bb\",\"datePublished\":\"2017-04-04T13:50:44+00:00\",\"dateModified\":\"2017-04-25T16:01:06+00:00\",\"mainEntityOfPage\":{\"@id\":\"https:\/\/lyonbondyblog.fr\/LBB\/patricia-tourancheau-lieu-de-vouloir-abolir-fessee-on-plutot-abolir-violences-policieres\/\"},\"wordCount\":1018,\"commentCount\":0,\"publisher\":{\"@id\":\"https:\/\/lyonbondyblog.fr\/LBB\/#organization\"},\"image\":{\"@id\":\"https:\/\/lyonbondyblog.fr\/LBB\/patricia-tourancheau-lieu-de-vouloir-abolir-fessee-on-plutot-abolir-violences-policieres\/#primaryimage\"},\"thumbnailUrl\":\"https:\/\/lyonbondyblog.fr\/LBB\/wp-content\/uploads\/2017\/04\/tourancheau-e1491312433176.jpg\",\"keywords\":[\"36\",\"judiciaire\",\"Patricia Tourancheau\",\"Tourancheau\"],\"articleSection\":[\"Culture\",\"Lyon\",\"Prisons\",\"Soci\u00e9t\u00e9\"],\"inLanguage\":\"fr-FR\",\"potentialAction\":[{\"@type\":\"CommentAction\",\"name\":\"Comment\",\"target\":[\"https:\/\/lyonbondyblog.fr\/LBB\/patricia-tourancheau-lieu-de-vouloir-abolir-fessee-on-plutot-abolir-violences-policieres\/#respond\"]}]},{\"@type\":\"WebPage\",\"@id\":\"https:\/\/lyonbondyblog.fr\/LBB\/patricia-tourancheau-lieu-de-vouloir-abolir-fessee-on-plutot-abolir-violences-policieres\/\",\"url\":\"https:\/\/lyonbondyblog.fr\/LBB\/patricia-tourancheau-lieu-de-vouloir-abolir-fessee-on-plutot-abolir-violences-policieres\/\",\"name\":\"Patricia Tourancheau : \u00ab Au lieu de vouloir abolir la fess\u00e9e, on devrait plut\u00f4t abolir les violences polici\u00e8res \u00bb - Lyon Bondy Blog\",\"isPartOf\":{\"@id\":\"https:\/\/lyonbondyblog.fr\/LBB\/#website\"},\"primaryImageOfPage\":{\"@id\":\"https:\/\/lyonbondyblog.fr\/LBB\/patricia-tourancheau-lieu-de-vouloir-abolir-fessee-on-plutot-abolir-violences-policieres\/#primaryimage\"},\"image\":{\"@id\":\"https:\/\/lyonbondyblog.fr\/LBB\/patricia-tourancheau-lieu-de-vouloir-abolir-fessee-on-plutot-abolir-violences-policieres\/#primaryimage\"},\"thumbnailUrl\":\"https:\/\/lyonbondyblog.fr\/LBB\/wp-content\/uploads\/2017\/04\/tourancheau-e1491312433176.jpg\",\"datePublished\":\"2017-04-04T13:50:44+00:00\",\"dateModified\":\"2017-04-25T16:01:06+00:00\",\"inLanguage\":\"fr-FR\",\"potentialAction\":[{\"@type\":\"ReadAction\",\"target\":[\"https:\/\/lyonbondyblog.fr\/LBB\/patricia-tourancheau-lieu-de-vouloir-abolir-fessee-on-plutot-abolir-violences-policieres\/\"]}]},{\"@type\":\"ImageObject\",\"inLanguage\":\"fr-FR\",\"@id\":\"https:\/\/lyonbondyblog.fr\/LBB\/patricia-tourancheau-lieu-de-vouloir-abolir-fessee-on-plutot-abolir-violences-policieres\/#primaryimage\",\"url\":\"https:\/\/lyonbondyblog.fr\/LBB\/wp-content\/uploads\/2017\/04\/tourancheau-e1491312433176.jpg\",\"contentUrl\":\"https:\/\/lyonbondyblog.fr\/LBB\/wp-content\/uploads\/2017\/04\/tourancheau-e1491312433176.jpg\",\"width\":1200,\"height\":1599},{\"@type\":\"WebSite\",\"@id\":\"https:\/\/lyonbondyblog.fr\/LBB\/#website\",\"url\":\"https:\/\/lyonbondyblog.fr\/LBB\/\",\"name\":\"Lyon Bondy Blog\",\"description\":\"\",\"publisher\":{\"@id\":\"https:\/\/lyonbondyblog.fr\/LBB\/#organization\"},\"potentialAction\":[{\"@type\":\"SearchAction\",\"target\":{\"@type\":\"EntryPoint\",\"urlTemplate\":\"https:\/\/lyonbondyblog.fr\/LBB\/?s={search_term_string}\"},\"query-input\":\"required name=search_term_string\"}],\"inLanguage\":\"fr-FR\"},{\"@type\":\"Organization\",\"@id\":\"https:\/\/lyonbondyblog.fr\/LBB\/#organization\",\"name\":\"LYON BONDY BLOG\",\"url\":\"https:\/\/lyonbondyblog.fr\/LBB\/\",\"logo\":{\"@type\":\"ImageObject\",\"inLanguage\":\"fr-FR\",\"@id\":\"https:\/\/lyonbondyblog.fr\/LBB\/#\/schema\/logo\/image\/\",\"url\":\"http:\/\/lyonbondyblog.fr\/LBB\/wp-content\/uploads\/2014\/10\/logo-portable-144.png\",\"contentUrl\":\"http:\/\/lyonbondyblog.fr\/LBB\/wp-content\/uploads\/2014\/10\/logo-portable-144.png\",\"width\":144,\"height\":123,\"caption\":\"LYON BONDY BLOG\"},\"image\":{\"@id\":\"https:\/\/lyonbondyblog.fr\/LBB\/#\/schema\/logo\/image\/\"},\"sameAs\":[\"https:\/\/www.facebook.com\/lyonbondyblog\",\"https:\/\/x.com\/bondybloglyon\"]},{\"@type\":\"Person\",\"@id\":\"https:\/\/lyonbondyblog.fr\/LBB\/#\/schema\/person\/5e9904261c1f613c8e6ea22045b1353d\",\"name\":\"Etienne Aazzab\",\"description\":\"Etienne a contribu\u00e9 depuis 2 ans dans le journal satirique FOUTOU\u2019ART. Il a int\u00e9gr\u00e9 l\u2019\u00e9quipe du \u00ab clic 2014 \u00bb : Collectif local d\u2019informations citoyennes \u00e0 partir de novembre 2013. Il rejoint le Lyon Bondy Blog \u00e0 partir de janvier 2014. Twitter : @AazzabEtienne Ses sujets de pr\u00e9dilection : #Politique #Soci\u00e9t\u00e9 #Sport\",\"sameAs\":[\"https:\/\/x.com\/AazzabEtienne\"],\"url\":\"https:\/\/lyonbondyblog.fr\/LBB\/author\/etienne\/\"}]}<\/script>\n<!-- \/ Yoast SEO plugin. -->","yoast_head_json":{"title":"Patricia Tourancheau : \u00ab Au lieu de vouloir abolir la fess\u00e9e, on devrait plut\u00f4t abolir les violences polici\u00e8res \u00bb - Lyon Bondy Blog","robots":{"index":"index","follow":"follow","max-snippet":"max-snippet:-1","max-image-preview":"max-image-preview:large","max-video-preview":"max-video-preview:-1"},"canonical":"https:\/\/lyonbondyblog.fr\/LBB\/patricia-tourancheau-lieu-de-vouloir-abolir-fessee-on-plutot-abolir-violences-policieres\/","og_locale":"fr_FR","og_type":"article","og_title":"Patricia Tourancheau : \u00ab Au lieu de vouloir abolir la fess\u00e9e, on devrait plut\u00f4t abolir les violences polici\u00e8res \u00bb - Lyon Bondy Blog","og_description":"Le journal \u00ab\u00a0Les Jours\u00a0\u00bb organisait ce samedi au Caf\u00e9 du Rh\u00f4ne, une rencontre entre Patricia Tourancheau et ses abonn\u00e9s. Chroniqueuse judiciaire \u00e0 Lib\u00e9ration depuis maintenant &hellip;","og_url":"https:\/\/lyonbondyblog.fr\/LBB\/patricia-tourancheau-lieu-de-vouloir-abolir-fessee-on-plutot-abolir-violences-policieres\/","og_site_name":"Lyon Bondy Blog","article_publisher":"https:\/\/www.facebook.com\/lyonbondyblog","article_published_time":"2017-04-04T13:50:44+00:00","article_modified_time":"2017-04-25T16:01:06+00:00","og_image":[{"width":1200,"height":1599,"url":"https:\/\/lyonbondyblog.fr\/LBB\/wp-content\/uploads\/2017\/04\/tourancheau-e1491312433176.jpg","type":"image\/jpeg"}],"author":"Etienne Aazzab","twitter_card":"summary_large_image","twitter_creator":"@AazzabEtienne","twitter_site":"@bondybloglyon","schema":{"@context":"https:\/\/schema.org","@graph":[{"@type":"Article","@id":"https:\/\/lyonbondyblog.fr\/LBB\/patricia-tourancheau-lieu-de-vouloir-abolir-fessee-on-plutot-abolir-violences-policieres\/#article","isPartOf":{"@id":"https:\/\/lyonbondyblog.fr\/LBB\/patricia-tourancheau-lieu-de-vouloir-abolir-fessee-on-plutot-abolir-violences-policieres\/"},"author":{"name":"Etienne Aazzab","@id":"https:\/\/lyonbondyblog.fr\/LBB\/#\/schema\/person\/5e9904261c1f613c8e6ea22045b1353d"},"headline":"Patricia Tourancheau : \u00ab Au lieu de vouloir abolir la fess\u00e9e, on devrait plut\u00f4t abolir les violences polici\u00e8res \u00bb","datePublished":"2017-04-04T13:50:44+00:00","dateModified":"2017-04-25T16:01:06+00:00","mainEntityOfPage":{"@id":"https:\/\/lyonbondyblog.fr\/LBB\/patricia-tourancheau-lieu-de-vouloir-abolir-fessee-on-plutot-abolir-violences-policieres\/"},"wordCount":1018,"commentCount":0,"publisher":{"@id":"https:\/\/lyonbondyblog.fr\/LBB\/#organization"},"image":{"@id":"https:\/\/lyonbondyblog.fr\/LBB\/patricia-tourancheau-lieu-de-vouloir-abolir-fessee-on-plutot-abolir-violences-policieres\/#primaryimage"},"thumbnailUrl":"https:\/\/lyonbondyblog.fr\/LBB\/wp-content\/uploads\/2017\/04\/tourancheau-e1491312433176.jpg","keywords":["36","judiciaire","Patricia Tourancheau","Tourancheau"],"articleSection":["Culture","Lyon","Prisons","Soci\u00e9t\u00e9"],"inLanguage":"fr-FR","potentialAction":[{"@type":"CommentAction","name":"Comment","target":["https:\/\/lyonbondyblog.fr\/LBB\/patricia-tourancheau-lieu-de-vouloir-abolir-fessee-on-plutot-abolir-violences-policieres\/#respond"]}]},{"@type":"WebPage","@id":"https:\/\/lyonbondyblog.fr\/LBB\/patricia-tourancheau-lieu-de-vouloir-abolir-fessee-on-plutot-abolir-violences-policieres\/","url":"https:\/\/lyonbondyblog.fr\/LBB\/patricia-tourancheau-lieu-de-vouloir-abolir-fessee-on-plutot-abolir-violences-policieres\/","name":"Patricia Tourancheau : \u00ab Au lieu de vouloir abolir la fess\u00e9e, on devrait plut\u00f4t abolir les violences polici\u00e8res \u00bb - Lyon Bondy Blog","isPartOf":{"@id":"https:\/\/lyonbondyblog.fr\/LBB\/#website"},"primaryImageOfPage":{"@id":"https:\/\/lyonbondyblog.fr\/LBB\/patricia-tourancheau-lieu-de-vouloir-abolir-fessee-on-plutot-abolir-violences-policieres\/#primaryimage"},"image":{"@id":"https:\/\/lyonbondyblog.fr\/LBB\/patricia-tourancheau-lieu-de-vouloir-abolir-fessee-on-plutot-abolir-violences-policieres\/#primaryimage"},"thumbnailUrl":"https:\/\/lyonbondyblog.fr\/LBB\/wp-content\/uploads\/2017\/04\/tourancheau-e1491312433176.jpg","datePublished":"2017-04-04T13:50:44+00:00","dateModified":"2017-04-25T16:01:06+00:00","inLanguage":"fr-FR","potentialAction":[{"@type":"ReadAction","target":["https:\/\/lyonbondyblog.fr\/LBB\/patricia-tourancheau-lieu-de-vouloir-abolir-fessee-on-plutot-abolir-violences-policieres\/"]}]},{"@type":"ImageObject","inLanguage":"fr-FR","@id":"https:\/\/lyonbondyblog.fr\/LBB\/patricia-tourancheau-lieu-de-vouloir-abolir-fessee-on-plutot-abolir-violences-policieres\/#primaryimage","url":"https:\/\/lyonbondyblog.fr\/LBB\/wp-content\/uploads\/2017\/04\/tourancheau-e1491312433176.jpg","contentUrl":"https:\/\/lyonbondyblog.fr\/LBB\/wp-content\/uploads\/2017\/04\/tourancheau-e1491312433176.jpg","width":1200,"height":1599},{"@type":"WebSite","@id":"https:\/\/lyonbondyblog.fr\/LBB\/#website","url":"https:\/\/lyonbondyblog.fr\/LBB\/","name":"Lyon Bondy Blog","description":"","publisher":{"@id":"https:\/\/lyonbondyblog.fr\/LBB\/#organization"},"potentialAction":[{"@type":"SearchAction","target":{"@type":"EntryPoint","urlTemplate":"https:\/\/lyonbondyblog.fr\/LBB\/?s={search_term_string}"},"query-input":"required name=search_term_string"}],"inLanguage":"fr-FR"},{"@type":"Organization","@id":"https:\/\/lyonbondyblog.fr\/LBB\/#organization","name":"LYON BONDY BLOG","url":"https:\/\/lyonbondyblog.fr\/LBB\/","logo":{"@type":"ImageObject","inLanguage":"fr-FR","@id":"https:\/\/lyonbondyblog.fr\/LBB\/#\/schema\/logo\/image\/","url":"http:\/\/lyonbondyblog.fr\/LBB\/wp-content\/uploads\/2014\/10\/logo-portable-144.png","contentUrl":"http:\/\/lyonbondyblog.fr\/LBB\/wp-content\/uploads\/2014\/10\/logo-portable-144.png","width":144,"height":123,"caption":"LYON BONDY BLOG"},"image":{"@id":"https:\/\/lyonbondyblog.fr\/LBB\/#\/schema\/logo\/image\/"},"sameAs":["https:\/\/www.facebook.com\/lyonbondyblog","https:\/\/x.com\/bondybloglyon"]},{"@type":"Person","@id":"https:\/\/lyonbondyblog.fr\/LBB\/#\/schema\/person\/5e9904261c1f613c8e6ea22045b1353d","name":"Etienne Aazzab","description":"Etienne a contribu\u00e9 depuis 2 ans dans le journal satirique FOUTOU\u2019ART. Il a int\u00e9gr\u00e9 l\u2019\u00e9quipe du \u00ab clic 2014 \u00bb : Collectif local d\u2019informations citoyennes \u00e0 partir de novembre 2013. Il rejoint le Lyon Bondy Blog \u00e0 partir de janvier 2014. Twitter : @AazzabEtienne Ses sujets de pr\u00e9dilection : #Politique #Soci\u00e9t\u00e9 #Sport","sameAs":["https:\/\/x.com\/AazzabEtienne"],"url":"https:\/\/lyonbondyblog.fr\/LBB\/author\/etienne\/"}]}},"_links":{"self":[{"href":"https:\/\/lyonbondyblog.fr\/LBB\/wp-json\/wp\/v2\/posts\/10940","targetHints":{"allow":["GET"]}}],"collection":[{"href":"https:\/\/lyonbondyblog.fr\/LBB\/wp-json\/wp\/v2\/posts"}],"about":[{"href":"https:\/\/lyonbondyblog.fr\/LBB\/wp-json\/wp\/v2\/types\/post"}],"author":[{"embeddable":true,"href":"https:\/\/lyonbondyblog.fr\/LBB\/wp-json\/wp\/v2\/users\/33"}],"replies":[{"embeddable":true,"href":"https:\/\/lyonbondyblog.fr\/LBB\/wp-json\/wp\/v2\/comments?post=10940"}],"version-history":[{"count":20,"href":"https:\/\/lyonbondyblog.fr\/LBB\/wp-json\/wp\/v2\/posts\/10940\/revisions"}],"predecessor-version":[{"id":11112,"href":"https:\/\/lyonbondyblog.fr\/LBB\/wp-json\/wp\/v2\/posts\/10940\/revisions\/11112"}],"wp:featuredmedia":[{"embeddable":true,"href":"https:\/\/lyonbondyblog.fr\/LBB\/wp-json\/wp\/v2\/media\/10946"}],"wp:attachment":[{"href":"https:\/\/lyonbondyblog.fr\/LBB\/wp-json\/wp\/v2\/media?parent=10940"}],"wp:term":[{"taxonomy":"category","embeddable":true,"href":"https:\/\/lyonbondyblog.fr\/LBB\/wp-json\/wp\/v2\/categories?post=10940"},{"taxonomy":"post_tag","embeddable":true,"href":"https:\/\/lyonbondyblog.fr\/LBB\/wp-json\/wp\/v2\/tags?post=10940"}],"curies":[{"name":"wp","href":"https:\/\/api.w.org\/{rel}","templated":true}]}}