{"id":10780,"date":"2017-02-21T19:36:41","date_gmt":"2017-02-21T18:36:41","guid":{"rendered":"http:\/\/lyonbondyblog.fr\/LBB\/?p=10780"},"modified":"2017-02-21T19:40:16","modified_gmt":"2017-02-21T18:40:16","slug":"on-arrete-duche","status":"publish","type":"post","link":"https:\/\/lyonbondyblog.fr\/LBB\/on-arrete-duche\/","title":{"rendered":"Comment on arr\u00eate la Duch&rsquo; ?"},"content":{"rendered":"<p>&nbsp;<\/p>\n<p><em>Apr\u00e8s avoir \u00e9limin\u00e9 le club de Besan\u00e7on il y a trois semaines, les U19 de l&rsquo;AS Duch\u00e8re affrontaient l&rsquo;\u00e9quipe de Troyes dans le cadre d&rsquo;un 16\u00e8me de finale de coupe Gambardella. Le match d\u00e9butait \u00e0 15h au stade de la Sauvegarde devant environ 300 spectateurs qui ont pu profiter du soleil et surtout du spectacle.<\/em><\/p>\n<figure id=\"attachment_10782\" aria-describedby=\"caption-attachment-10782\" style=\"width: 506px\" class=\"wp-caption aligncenter\"><a href=\"https:\/\/lyonbondyblog.fr\/LBB\/wp-content\/uploads\/2017\/02\/DSC00918.jpg\"><img loading=\"lazy\" decoding=\"async\" class=\"wp-image-10782\" src=\"https:\/\/lyonbondyblog.fr\/LBB\/wp-content\/uploads\/2017\/02\/DSC00918-300x169.jpg\" width=\"506\" height=\"285\" srcset=\"https:\/\/lyonbondyblog.fr\/LBB\/wp-content\/uploads\/2017\/02\/DSC00918-300x169.jpg 300w, https:\/\/lyonbondyblog.fr\/LBB\/wp-content\/uploads\/2017\/02\/DSC00918-768x432.jpg 768w, https:\/\/lyonbondyblog.fr\/LBB\/wp-content\/uploads\/2017\/02\/DSC00918-1024x576.jpg 1024w, https:\/\/lyonbondyblog.fr\/LBB\/wp-content\/uploads\/2017\/02\/DSC00918-600x338.jpg 600w, https:\/\/lyonbondyblog.fr\/LBB\/wp-content\/uploads\/2017\/02\/DSC00918-1140x641.jpg 1140w, https:\/\/lyonbondyblog.fr\/LBB\/wp-content\/uploads\/2017\/02\/DSC00918.jpg 1920w\" sizes=\"auto, (max-width: 506px) 100vw, 506px\" \/><\/a><figcaption id=\"caption-attachment-10782\" class=\"wp-caption-text\">Photographie : Philippe Gay<\/figcaption><\/figure>\n<p>L&rsquo;adversaire est pris tr\u00e8s au s\u00e9rieux, en effet ils sont bien class\u00e9s dans le championnat national et comptent m\u00eame quelques internationaux. D\u00e8s l&rsquo;entame de match, le ton est donn\u00e9\u00a0; les joueurs des deux clubs font preuve d&rsquo;aisance technique et d&rsquo;engagement physique tout en restant fair-play.<\/p>\n<p>Le capitaine de Troyes, Sylvain RICHARD est malencontreusement bless\u00e9 et laisse sa place au 12, Marvin BYLL. Les occasions pour l&rsquo;\u00e9quipe de Troyes ne sont pas franches mais nombreuses\u00a0; le gardien de la Duch\u00e8re\u00a0, Gregory CHAPUT est rassurant.<br \/>\nLa Duch\u00e8re est \u00ab\u00a0trop muette\u00a0\u00bb mais ne s&rsquo;affole pas, elle se cr\u00e9e m\u00eame la plus belle occasion de la premi\u00e8re mi-temps\u00a0; sur une ouverture du 7, Zakaria REMILI\u00a0, le tir cadr\u00e9 du 11, Souheib YAHIA est contr\u00e9 in extremis par une belle d\u00e9fense Troyenne.<\/p>\n<figure id=\"attachment_10783\" aria-describedby=\"caption-attachment-10783\" style=\"width: 547px\" class=\"wp-caption aligncenter\"><a href=\"https:\/\/lyonbondyblog.fr\/LBB\/wp-content\/uploads\/2017\/02\/DSC00919.jpg\"><img loading=\"lazy\" decoding=\"async\" class=\"wp-image-10783\" src=\"https:\/\/lyonbondyblog.fr\/LBB\/wp-content\/uploads\/2017\/02\/DSC00919-300x169.jpg\" width=\"547\" height=\"308\" srcset=\"https:\/\/lyonbondyblog.fr\/LBB\/wp-content\/uploads\/2017\/02\/DSC00919-300x169.jpg 300w, https:\/\/lyonbondyblog.fr\/LBB\/wp-content\/uploads\/2017\/02\/DSC00919-768x432.jpg 768w, https:\/\/lyonbondyblog.fr\/LBB\/wp-content\/uploads\/2017\/02\/DSC00919-1024x576.jpg 1024w, https:\/\/lyonbondyblog.fr\/LBB\/wp-content\/uploads\/2017\/02\/DSC00919-600x338.jpg 600w, https:\/\/lyonbondyblog.fr\/LBB\/wp-content\/uploads\/2017\/02\/DSC00919-1140x641.jpg 1140w, https:\/\/lyonbondyblog.fr\/LBB\/wp-content\/uploads\/2017\/02\/DSC00919.jpg 1920w\" sizes=\"auto, (max-width: 547px) 100vw, 547px\" \/><\/a><figcaption id=\"caption-attachment-10783\" class=\"wp-caption-text\">Photographie : Philippe Gay<\/figcaption><\/figure>\n<p>A la mi-temps, la tension est palpable autour de la buvette, les spectateurs et les membres du club prennent la partie tr\u00e8s au s\u00e9rieux. Il faut dire que le club n&rsquo;a jamais pass\u00e9 ce stade en coupe Gambardella et tout le monde sent qu&rsquo;il y a un coup \u00e0 jouer.<br \/>\nMalgr\u00e9 la fatigue, le match reprend tambour battant, les deux \u00e9quipes se ruent \u00e0 l&rsquo;attaque et les occasions sont multiples. C\u00f4t\u00e9 Duch\u00e8re, le 12, Ismaila ISMAILA ALI obtient un corner suite \u00e0 une passe en profondeur du 5, Amyn AMDOUNI. Sur ce corner tir\u00e9 au premier poteau, le 2, Karamba DIABY ouvre la marque de la t\u00eate.<\/p>\n<p>Ce-m\u00eame Karamba DIABY sauve son camp quelques minutes plus tard sur une intrusion dangereuse du 10 de Troyes, Warren TCHIMBEMBE dans la surface de r\u00e9paration de la Duch\u00e8re. L&rsquo;\u00e9quipe Troyenne hausse le ton, mais la Duch\u00e8re r\u00e9siste et continue \u00e0 jouer son jeu avec notamment de nombreux appels en profondeur du 12, Ismaila ISMAILA ALI.<\/p>\n<p>15 minutes avant la fin du match, le 13 de la Duch\u00e8re, Mohamed Ali CHAAMBI double la mise suite \u00e0 une belle pression collective. D\u00e8s lors, on se met \u00e0 y croire du c\u00f4t\u00e9 de l&rsquo;\u00e9quipe recevant. <em>\u00ab L\u00e2chez rien\u00a0\u00bb<\/em> exhortent les entra\u00eeneurs de la Duch\u00e8re, qui ont beaucoup communiqu\u00e9 avec leurs joueurs cet apr\u00e8s-midi.<\/p>\n<p>Le score en restera l\u00e0, les U19 tiennent leur victoire, c&rsquo;est tout un club qui exulte. Qualification historique pour les 8\u00e8mes de finale de coupe Gambardella pour la Duch\u00e8re qui esp\u00e8re recevoir une nouvelle fois pour r\u00e9galer tout un quartier.<\/p>\n<p>&nbsp;<\/p>\n<!-- AddThis Advanced Settings generic via filter on the_content --><!-- AddThis Share Buttons generic via filter on the_content -->","protected":false},"excerpt":{"rendered":"<p>&nbsp; Apr\u00e8s avoir \u00e9limin\u00e9 le club de Besan\u00e7on il y a trois semaines, les U19 de l&rsquo;AS Duch\u00e8re affrontaient l&rsquo;\u00e9quipe de Troyes dans le cadre &hellip; <!-- AddThis Advanced Settings generic via filter on wp_trim_excerpt --><!-- AddThis Share Buttons generic via filter on wp_trim_excerpt --><\/p>\n","protected":false},"author":1,"featured_media":10782,"comment_status":"open","ping_status":"open","sticky":false,"template":"","format":"standard","meta":{"_FSMCFIC_featured_image_caption":"","_FSMCFIC_featured_image_nocaption":"","_FSMCFIC_featured_image_hide":"","footnotes":""},"categories":[4],"tags":[],"class_list":["post-10780","post","type-post","status-publish","format-standard","has-post-thumbnail","hentry","category-lyon"],"yoast_head":"<!-- This site is optimized with the Yoast SEO plugin v22.8 - https:\/\/yoast.com\/wordpress\/plugins\/seo\/ -->\n<title>Comment on arr\u00eate la Duch&#039; ? - Lyon Bondy Blog<\/title>\n<meta name=\"robots\" content=\"index, follow, max-snippet:-1, max-image-preview:large, max-video-preview:-1\" \/>\n<link rel=\"canonical\" href=\"https:\/\/lyonbondyblog.fr\/LBB\/on-arrete-duche\/\" \/>\n<meta property=\"og:locale\" content=\"fr_FR\" \/>\n<meta property=\"og:type\" content=\"article\" \/>\n<meta property=\"og:title\" content=\"Comment on arr\u00eate la Duch&#039; ? - Lyon Bondy Blog\" \/>\n<meta property=\"og:description\" content=\"&nbsp; Apr\u00e8s avoir \u00e9limin\u00e9 le club de Besan\u00e7on il y a trois semaines, les U19 de l&rsquo;AS Duch\u00e8re affrontaient l&rsquo;\u00e9quipe de Troyes dans le cadre &hellip;\" \/>\n<meta property=\"og:url\" content=\"https:\/\/lyonbondyblog.fr\/LBB\/on-arrete-duche\/\" \/>\n<meta property=\"og:site_name\" content=\"Lyon Bondy Blog\" \/>\n<meta property=\"article:publisher\" content=\"https:\/\/www.facebook.com\/lyonbondyblog\" \/>\n<meta property=\"article:author\" content=\"https:\/\/www.facebook.com\/lyonbondyblog\" \/>\n<meta property=\"article:published_time\" content=\"2017-02-21T18:36:41+00:00\" \/>\n<meta property=\"article:modified_time\" content=\"2017-02-21T18:40:16+00:00\" \/>\n<meta property=\"og:image\" content=\"https:\/\/lyonbondyblog.fr\/LBB\/wp-content\/uploads\/2017\/02\/DSC00918.jpg\" \/>\n\t<meta property=\"og:image:width\" content=\"1920\" \/>\n\t<meta property=\"og:image:height\" content=\"1080\" \/>\n\t<meta property=\"og:image:type\" content=\"image\/jpeg\" \/>\n<meta name=\"author\" content=\"La r\u00e9daction\" \/>\n<meta name=\"twitter:card\" content=\"summary_large_image\" \/>\n<meta name=\"twitter:creator\" content=\"@BondyBlogLyon\" \/>\n<meta name=\"twitter:site\" content=\"@bondybloglyon\" \/>\n<script type=\"application\/ld+json\" class=\"yoast-schema-graph\">{\"@context\":\"https:\/\/schema.org\",\"@graph\":[{\"@type\":\"Article\",\"@id\":\"https:\/\/lyonbondyblog.fr\/LBB\/on-arrete-duche\/#article\",\"isPartOf\":{\"@id\":\"https:\/\/lyonbondyblog.fr\/LBB\/on-arrete-duche\/\"},\"author\":{\"name\":\"La r\u00e9daction\",\"@id\":\"https:\/\/lyonbondyblog.fr\/LBB\/#\/schema\/person\/e45f8d27baac75072daa0be50c409b25\"},\"headline\":\"Comment on arr\u00eate la Duch&rsquo; ?\",\"datePublished\":\"2017-02-21T18:36:41+00:00\",\"dateModified\":\"2017-02-21T18:40:16+00:00\",\"mainEntityOfPage\":{\"@id\":\"https:\/\/lyonbondyblog.fr\/LBB\/on-arrete-duche\/\"},\"wordCount\":487,\"commentCount\":0,\"publisher\":{\"@id\":\"https:\/\/lyonbondyblog.fr\/LBB\/#organization\"},\"image\":{\"@id\":\"https:\/\/lyonbondyblog.fr\/LBB\/on-arrete-duche\/#primaryimage\"},\"thumbnailUrl\":\"https:\/\/lyonbondyblog.fr\/LBB\/wp-content\/uploads\/2017\/02\/DSC00918.jpg\",\"articleSection\":[\"Lyon\"],\"inLanguage\":\"fr-FR\",\"potentialAction\":[{\"@type\":\"CommentAction\",\"name\":\"Comment\",\"target\":[\"https:\/\/lyonbondyblog.fr\/LBB\/on-arrete-duche\/#respond\"]}]},{\"@type\":\"WebPage\",\"@id\":\"https:\/\/lyonbondyblog.fr\/LBB\/on-arrete-duche\/\",\"url\":\"https:\/\/lyonbondyblog.fr\/LBB\/on-arrete-duche\/\",\"name\":\"Comment on arr\u00eate la Duch' ? - Lyon Bondy Blog\",\"isPartOf\":{\"@id\":\"https:\/\/lyonbondyblog.fr\/LBB\/#website\"},\"primaryImageOfPage\":{\"@id\":\"https:\/\/lyonbondyblog.fr\/LBB\/on-arrete-duche\/#primaryimage\"},\"image\":{\"@id\":\"https:\/\/lyonbondyblog.fr\/LBB\/on-arrete-duche\/#primaryimage\"},\"thumbnailUrl\":\"https:\/\/lyonbondyblog.fr\/LBB\/wp-content\/uploads\/2017\/02\/DSC00918.jpg\",\"datePublished\":\"2017-02-21T18:36:41+00:00\",\"dateModified\":\"2017-02-21T18:40:16+00:00\",\"inLanguage\":\"fr-FR\",\"potentialAction\":[{\"@type\":\"ReadAction\",\"target\":[\"https:\/\/lyonbondyblog.fr\/LBB\/on-arrete-duche\/\"]}]},{\"@type\":\"ImageObject\",\"inLanguage\":\"fr-FR\",\"@id\":\"https:\/\/lyonbondyblog.fr\/LBB\/on-arrete-duche\/#primaryimage\",\"url\":\"https:\/\/lyonbondyblog.fr\/LBB\/wp-content\/uploads\/2017\/02\/DSC00918.jpg\",\"contentUrl\":\"https:\/\/lyonbondyblog.fr\/LBB\/wp-content\/uploads\/2017\/02\/DSC00918.jpg\",\"width\":1920,\"height\":1080},{\"@type\":\"WebSite\",\"@id\":\"https:\/\/lyonbondyblog.fr\/LBB\/#website\",\"url\":\"https:\/\/lyonbondyblog.fr\/LBB\/\",\"name\":\"Lyon Bondy Blog\",\"description\":\"\",\"publisher\":{\"@id\":\"https:\/\/lyonbondyblog.fr\/LBB\/#organization\"},\"potentialAction\":[{\"@type\":\"SearchAction\",\"target\":{\"@type\":\"EntryPoint\",\"urlTemplate\":\"https:\/\/lyonbondyblog.fr\/LBB\/?s={search_term_string}\"},\"query-input\":\"required name=search_term_string\"}],\"inLanguage\":\"fr-FR\"},{\"@type\":\"Organization\",\"@id\":\"https:\/\/lyonbondyblog.fr\/LBB\/#organization\",\"name\":\"LYON BONDY BLOG\",\"url\":\"https:\/\/lyonbondyblog.fr\/LBB\/\",\"logo\":{\"@type\":\"ImageObject\",\"inLanguage\":\"fr-FR\",\"@id\":\"https:\/\/lyonbondyblog.fr\/LBB\/#\/schema\/logo\/image\/\",\"url\":\"http:\/\/lyonbondyblog.fr\/LBB\/wp-content\/uploads\/2014\/10\/logo-portable-144.png\",\"contentUrl\":\"http:\/\/lyonbondyblog.fr\/LBB\/wp-content\/uploads\/2014\/10\/logo-portable-144.png\",\"width\":144,\"height\":123,\"caption\":\"LYON BONDY BLOG\"},\"image\":{\"@id\":\"https:\/\/lyonbondyblog.fr\/LBB\/#\/schema\/logo\/image\/\"},\"sameAs\":[\"https:\/\/www.facebook.com\/lyonbondyblog\",\"https:\/\/x.com\/bondybloglyon\"]},{\"@type\":\"Person\",\"@id\":\"https:\/\/lyonbondyblog.fr\/LBB\/#\/schema\/person\/e45f8d27baac75072daa0be50c409b25\",\"name\":\"La r\u00e9daction\",\"description\":\"Cr\u00e9e en 2008, la r\u00e9daction du Lyon Bondy Blog s'applique \u00e0 proposer une information locale diff\u00e9rente et compl\u00e9mentaire des m\u00e9dias traditionnels.\",\"sameAs\":[\"https:\/\/www.facebook.com\/lyonbondyblog\",\"https:\/\/x.com\/BondyBlogLyon\"],\"url\":\"https:\/\/lyonbondyblog.fr\/LBB\/author\/admin\/\"}]}<\/script>\n<!-- \/ Yoast SEO plugin. -->","yoast_head_json":{"title":"Comment on arr\u00eate la Duch' ? - Lyon Bondy Blog","robots":{"index":"index","follow":"follow","max-snippet":"max-snippet:-1","max-image-preview":"max-image-preview:large","max-video-preview":"max-video-preview:-1"},"canonical":"https:\/\/lyonbondyblog.fr\/LBB\/on-arrete-duche\/","og_locale":"fr_FR","og_type":"article","og_title":"Comment on arr\u00eate la Duch' ? - Lyon Bondy Blog","og_description":"&nbsp; Apr\u00e8s avoir \u00e9limin\u00e9 le club de Besan\u00e7on il y a trois semaines, les U19 de l&rsquo;AS Duch\u00e8re affrontaient l&rsquo;\u00e9quipe de Troyes dans le cadre &hellip;","og_url":"https:\/\/lyonbondyblog.fr\/LBB\/on-arrete-duche\/","og_site_name":"Lyon Bondy Blog","article_publisher":"https:\/\/www.facebook.com\/lyonbondyblog","article_author":"https:\/\/www.facebook.com\/lyonbondyblog","article_published_time":"2017-02-21T18:36:41+00:00","article_modified_time":"2017-02-21T18:40:16+00:00","og_image":[{"width":1920,"height":1080,"url":"https:\/\/lyonbondyblog.fr\/LBB\/wp-content\/uploads\/2017\/02\/DSC00918.jpg","type":"image\/jpeg"}],"author":"La r\u00e9daction","twitter_card":"summary_large_image","twitter_creator":"@BondyBlogLyon","twitter_site":"@bondybloglyon","schema":{"@context":"https:\/\/schema.org","@graph":[{"@type":"Article","@id":"https:\/\/lyonbondyblog.fr\/LBB\/on-arrete-duche\/#article","isPartOf":{"@id":"https:\/\/lyonbondyblog.fr\/LBB\/on-arrete-duche\/"},"author":{"name":"La r\u00e9daction","@id":"https:\/\/lyonbondyblog.fr\/LBB\/#\/schema\/person\/e45f8d27baac75072daa0be50c409b25"},"headline":"Comment on arr\u00eate la Duch&rsquo; ?","datePublished":"2017-02-21T18:36:41+00:00","dateModified":"2017-02-21T18:40:16+00:00","mainEntityOfPage":{"@id":"https:\/\/lyonbondyblog.fr\/LBB\/on-arrete-duche\/"},"wordCount":487,"commentCount":0,"publisher":{"@id":"https:\/\/lyonbondyblog.fr\/LBB\/#organization"},"image":{"@id":"https:\/\/lyonbondyblog.fr\/LBB\/on-arrete-duche\/#primaryimage"},"thumbnailUrl":"https:\/\/lyonbondyblog.fr\/LBB\/wp-content\/uploads\/2017\/02\/DSC00918.jpg","articleSection":["Lyon"],"inLanguage":"fr-FR","potentialAction":[{"@type":"CommentAction","name":"Comment","target":["https:\/\/lyonbondyblog.fr\/LBB\/on-arrete-duche\/#respond"]}]},{"@type":"WebPage","@id":"https:\/\/lyonbondyblog.fr\/LBB\/on-arrete-duche\/","url":"https:\/\/lyonbondyblog.fr\/LBB\/on-arrete-duche\/","name":"Comment on arr\u00eate la Duch' ? - Lyon Bondy Blog","isPartOf":{"@id":"https:\/\/lyonbondyblog.fr\/LBB\/#website"},"primaryImageOfPage":{"@id":"https:\/\/lyonbondyblog.fr\/LBB\/on-arrete-duche\/#primaryimage"},"image":{"@id":"https:\/\/lyonbondyblog.fr\/LBB\/on-arrete-duche\/#primaryimage"},"thumbnailUrl":"https:\/\/lyonbondyblog.fr\/LBB\/wp-content\/uploads\/2017\/02\/DSC00918.jpg","datePublished":"2017-02-21T18:36:41+00:00","dateModified":"2017-02-21T18:40:16+00:00","inLanguage":"fr-FR","potentialAction":[{"@type":"ReadAction","target":["https:\/\/lyonbondyblog.fr\/LBB\/on-arrete-duche\/"]}]},{"@type":"ImageObject","inLanguage":"fr-FR","@id":"https:\/\/lyonbondyblog.fr\/LBB\/on-arrete-duche\/#primaryimage","url":"https:\/\/lyonbondyblog.fr\/LBB\/wp-content\/uploads\/2017\/02\/DSC00918.jpg","contentUrl":"https:\/\/lyonbondyblog.fr\/LBB\/wp-content\/uploads\/2017\/02\/DSC00918.jpg","width":1920,"height":1080},{"@type":"WebSite","@id":"https:\/\/lyonbondyblog.fr\/LBB\/#website","url":"https:\/\/lyonbondyblog.fr\/LBB\/","name":"Lyon Bondy Blog","description":"","publisher":{"@id":"https:\/\/lyonbondyblog.fr\/LBB\/#organization"},"potentialAction":[{"@type":"SearchAction","target":{"@type":"EntryPoint","urlTemplate":"https:\/\/lyonbondyblog.fr\/LBB\/?s={search_term_string}"},"query-input":"required name=search_term_string"}],"inLanguage":"fr-FR"},{"@type":"Organization","@id":"https:\/\/lyonbondyblog.fr\/LBB\/#organization","name":"LYON BONDY BLOG","url":"https:\/\/lyonbondyblog.fr\/LBB\/","logo":{"@type":"ImageObject","inLanguage":"fr-FR","@id":"https:\/\/lyonbondyblog.fr\/LBB\/#\/schema\/logo\/image\/","url":"http:\/\/lyonbondyblog.fr\/LBB\/wp-content\/uploads\/2014\/10\/logo-portable-144.png","contentUrl":"http:\/\/lyonbondyblog.fr\/LBB\/wp-content\/uploads\/2014\/10\/logo-portable-144.png","width":144,"height":123,"caption":"LYON BONDY BLOG"},"image":{"@id":"https:\/\/lyonbondyblog.fr\/LBB\/#\/schema\/logo\/image\/"},"sameAs":["https:\/\/www.facebook.com\/lyonbondyblog","https:\/\/x.com\/bondybloglyon"]},{"@type":"Person","@id":"https:\/\/lyonbondyblog.fr\/LBB\/#\/schema\/person\/e45f8d27baac75072daa0be50c409b25","name":"La r\u00e9daction","description":"Cr\u00e9e en 2008, la r\u00e9daction du Lyon Bondy Blog s'applique \u00e0 proposer une information locale diff\u00e9rente et compl\u00e9mentaire des m\u00e9dias traditionnels.","sameAs":["https:\/\/www.facebook.com\/lyonbondyblog","https:\/\/x.com\/BondyBlogLyon"],"url":"https:\/\/lyonbondyblog.fr\/LBB\/author\/admin\/"}]}},"_links":{"self":[{"href":"https:\/\/lyonbondyblog.fr\/LBB\/wp-json\/wp\/v2\/posts\/10780","targetHints":{"allow":["GET"]}}],"collection":[{"href":"https:\/\/lyonbondyblog.fr\/LBB\/wp-json\/wp\/v2\/posts"}],"about":[{"href":"https:\/\/lyonbondyblog.fr\/LBB\/wp-json\/wp\/v2\/types\/post"}],"author":[{"embeddable":true,"href":"https:\/\/lyonbondyblog.fr\/LBB\/wp-json\/wp\/v2\/users\/1"}],"replies":[{"embeddable":true,"href":"https:\/\/lyonbondyblog.fr\/LBB\/wp-json\/wp\/v2\/comments?post=10780"}],"version-history":[{"count":0,"href":"https:\/\/lyonbondyblog.fr\/LBB\/wp-json\/wp\/v2\/posts\/10780\/revisions"}],"wp:featuredmedia":[{"embeddable":true,"href":"https:\/\/lyonbondyblog.fr\/LBB\/wp-json\/wp\/v2\/media\/10782"}],"wp:attachment":[{"href":"https:\/\/lyonbondyblog.fr\/LBB\/wp-json\/wp\/v2\/media?parent=10780"}],"wp:term":[{"taxonomy":"category","embeddable":true,"href":"https:\/\/lyonbondyblog.fr\/LBB\/wp-json\/wp\/v2\/categories?post=10780"},{"taxonomy":"post_tag","embeddable":true,"href":"https:\/\/lyonbondyblog.fr\/LBB\/wp-json\/wp\/v2\/tags?post=10780"}],"curies":[{"name":"wp","href":"https:\/\/api.w.org\/{rel}","templated":true}]}}