{"id":10738,"date":"2017-02-11T16:10:42","date_gmt":"2017-02-11T15:10:42","guid":{"rendered":"http:\/\/lyonbondyblog.fr\/LBB\/?p=10738"},"modified":"2017-02-28T19:49:31","modified_gmt":"2017-02-28T18:49:31","slug":"reponses-economiques-de-macron-quartiers","status":"publish","type":"post","link":"https:\/\/lyonbondyblog.fr\/LBB\/reponses-economiques-de-macron-quartiers\/","title":{"rendered":"Les r\u00e9ponses \u00e9conomiques de Macron pour les quartiers"},"content":{"rendered":"<p style=\"text-align: justify;\"><strong>A l&rsquo;occasion de l&rsquo;\u00e9locution d&rsquo;Emmanuel Macron \u00e0 Lyon, J\u00e9r\u00f4me Sturla, membre de la commission politique de la ville \u00e0 la M\u00e9tropole, soutien de l&rsquo;ex-ministre de l&rsquo;Economie, nous explique ce que ce dernier peut apporter dans les quartiers populaires.<\/strong><\/p>\n<p style=\"text-align: justify;\">C&rsquo;est qu&rsquo;on serait presque rest\u00e9 sur notre faim. Samedi 4 f\u00e9vrier, Emmanuel Macron, candidat \u00e0 l&rsquo;\u00e9lection pr\u00e9sidentielle \u00e0 la t\u00eate de son propre mouvement, En marche&nbsp;!, est venu prononcer un discours de plus d&rsquo;une heure et demi au Palais des Sports de Lyon. Mais \u00e0 premi\u00e8re vue, pas grand chose pour nos chers quartiers populaires. \u00ab&nbsp;<a href=\"https:\/\/lyonbondyblog.fr\/LBB\/david-kimelfeld-macron-amener-debat-economique-interessant-quartiers\/\"><i>Macron peut apporter un d\u00e9bat \u00e9conomique int\u00e9ressant pour les quartiers<\/i><\/a>&nbsp;\u00bb, estimait pourtant sur le Lyon Bondy Blog David Kimelfeld, premier secr\u00e9taire du Parti socialiste (PS) du Rh\u00f4ne, vice-pr\u00e9sidente de la M\u00e9tropole de Lyon en charge du d\u00e9veloppement \u00e9conomique et soutien de poids pour le candidat de 39 ans dans le deuxi\u00e8me centre urbain du pays. Alors on est all\u00e9 poser la question \u00e0 J\u00e9r\u00f4me Sturla, \u00e9lu depuis 1989 \u00e0 D\u00e9cines-Charpieu, une commune populaire, et membre de la commission en charge de la politique de la ville.<\/p>\n<p style=\"text-align: justify;\">\u00ab&nbsp;<i>Pour certains jeunes des quartiers, il est plus facile de trouver des clients que de trouver un employeur<\/i>&nbsp;\u00bb, ass\u00e8ne celui qui fut maire de D\u00e9cines entre 2012 et 2014. Il esp\u00e8re qu&rsquo;Emmanuel Macron mettra en place un environnement plus favorable \u00e0 la cr\u00e9ation d&rsquo;entreprise. Assez peu \u00e9voqu\u00e9e samedi, l&rsquo;id\u00e9e se cachait notamment dans ce bout de discours&nbsp;: \u00ab&nbsp;<i>Nous ne sommes plus dans un pays o\u00f9 on pourrait ne prot\u00e9ger que certains contre le risque du ch\u00f4mage. La vraie \u00e9galit\u00e9 des chances, c\u2019est de permettre que chacune et chacun ait une garantie, puisse acc\u00e9der \u00e0 une indemnit\u00e9 quand il se trouve au ch\u00f4mage, quelle que soit sa condition.<\/i>&nbsp;\u00bb Elle est pourtant au c\u0153ur de sa campagne&nbsp;: favoriser l&rsquo;\u00e9conomie du travail ind\u00e9pendant et inciter les audacieux \u00e0 prendre des risques pour monter leur propre entreprise gr\u00e2ce une protection sociale \u00e9largie \u00e0 tous. M\u00eame aux ind\u00e9pendants ou \u00e0 ceux qui d\u00e9missionneraient pour se mettre \u00e0 leur compte.<\/p>\n<p style=\"text-align: justify;\">\u00ab&nbsp;<i>Au del\u00e0 des barri\u00e8res mentales, on est dans un pays bard\u00e9 de barri\u00e8res r\u00e9glementaires<\/i>, constate J\u00e9r\u00f4me Sturla. <i>J&rsquo;esp\u00e8re qu&rsquo;il facilitera aussi la proc\u00e9dure pour permettre justement \u00e0 ces jeunes de cr\u00e9er des entreprises plus facilement.<\/i>&nbsp;\u00bb<\/p>\n<p style=\"text-align: justify;\"><strong>La formation comme clef pour l&#8217;emploi<\/strong><\/p>\n<p style=\"text-align: justify;\">Retour au Palais des sports. Le leader d&rsquo;En Marche&nbsp;! propose une \u00ab&nbsp;<i>r\u00e9volution<\/i>&nbsp;\u00bb de la formation continue. \u00ab&nbsp;<i>Nous devrons concentrer ces moyens sur celles et ceux qui en ont le plus besoin pour leur permettre \u00e0 chaque \u00e2ge d\u2019avoir une formation, de six mois, d\u2019un an, ou deux ans, afin de retourner vers un emploi efficace.<\/i>&nbsp;\u00bb<\/p>\n<p style=\"text-align: justify;\">L&rsquo;analyse de l&rsquo;\u00e9lu m\u00e9tropolitain \u00e0 la politique de la ville est simple&nbsp;: \u00ab&nbsp;<i>Beaucoup de jeunes de quartiers sont bloqu\u00e9s parce qu&rsquo;ils sont sortis t\u00f4t du syst\u00e8me scolaire.<\/i>&nbsp;\u00bb Ce type de formations permettrait donc \u00e0 ces derniers d&rsquo;acqu\u00e9rir des comp\u00e9tences qui pourraient les aider \u00e0 s&rsquo;ins\u00e9rer sur le march\u00e9 du travail sans passer par des dispositifs lourds port\u00e9s par l\u2019\u00c9ducation nationale. Les organismes formant les \u00e9l\u00e8ves pourraient \u00eatre contr\u00f4l\u00e9s et \u00e9valu\u00e9s pour s&rsquo;assurer de l&rsquo;efficacit\u00e9 de leur enseignement.<\/p>\n<p style=\"text-align: justify;\">C\u00f4t\u00e9 discrimination \u00e0 l&#8217;embauche&nbsp;? \u00ab <i>Sans \u00e9galit\u00e9, nous continuerions \u00e0 avoir des jeunes ou moins jeunes qui n\u2019ont pas les m\u00eames chances<\/i>&nbsp;\u00bb, ass\u00e8ne le tribun devant 16 000 spectateurs selon les cadres du mouvement. \u00ab&nbsp;<i>Il est sensible au th\u00e8me de la discrimination<\/i>&nbsp;\u00bb, affirme de son c\u00f4t\u00e9 le conseiller municipal de D\u00e9cines. du grand Lyon. Il se souvient notamment de son coup de communication, en f\u00e9vrier 2016. Alors qu&rsquo;il \u00e9tait encore ministre de l\u2019\u00c9conomie de Fran\u00e7ois Hollande, avant de faire d\u00e9fection, il avait organis\u00e9 une rencontre entre des jeunes issus de zones sensibles et des directeurs des ressources humaines (DRH) de grandes entreprises comme Orange ou Capgemini. Partant du constat qu&rsquo;\u00e0 qualification \u00e9gale, les jeunes de quartier se retrouvaient plus souvent sur le c\u00f4t\u00e9 de la route, ces rencontres \u00e9taient suppos\u00e9es faire bouger les lignes en r\u00e9v\u00e9lant les \u00ab&nbsp;talents issus de la diversit\u00e9&nbsp;\u00bb.<\/p>\n<p style=\"text-align: justify;\">Il s&rsquo;\u00e9tait alors appuy\u00e9 sur l&rsquo;expertise du cabinet de recrutement Moza\u00efk RH et de l&rsquo;association Passeport Avenir, sp\u00e9cialistes de la diversit\u00e9. \u00ab&nbsp;<i>Ces structures ont fait leurs preuves,<\/i> estime l&rsquo;ancien maire de D\u00e9cines. <i>J&rsquo;attends d&rsquo;Emmanuel Macron qu&rsquo;il pr\u00eate la m\u00eame attention \u00e0 ces \u00a0\u00bbstartups sociales\u00a0\u00bb qu&rsquo;\u00e0 celles du num\u00e9rique.<\/i>&nbsp;\u00bb<\/p>\n<p style=\"text-align: justify;\">Mais selon lui, aucun doute&nbsp;: \u00ab&nbsp;On peut raconter ce qu&rsquo;on veut, on ne pourra pas r\u00e9soudre certains probl\u00e8mes dans ces quartiers sans y apporter une r\u00e9ponse \u00e9conomique. Macron a cette culture de l&rsquo;\u00e9conomie.&nbsp;\u00bb<\/p>\n<p style=\"text-align: justify;\">&nbsp;<\/p>\n<p style=\"text-align: justify;\"><strong><span style=\"color: #003366; font-size: 22pt;\">Le r\u00eave am\u00e9ricain \u00e0 la fran\u00e7aise de Macron<\/span><\/strong><\/p>\n<figure id=\"attachment_10741\" aria-describedby=\"caption-attachment-10741\" style=\"width: 169px\" class=\"wp-caption alignleft\"><img loading=\"lazy\" decoding=\"async\" class=\"size-medium wp-image-10741\" src=\"https:\/\/lyonbondyblog.fr\/LBB\/wp-content\/uploads\/2017\/02\/DSC00771-169x300.jpg\" alt=\"\" width=\"169\" height=\"300\" srcset=\"https:\/\/lyonbondyblog.fr\/LBB\/wp-content\/uploads\/2017\/02\/DSC00771-169x300.jpg 169w, https:\/\/lyonbondyblog.fr\/LBB\/wp-content\/uploads\/2017\/02\/DSC00771-768x1365.jpg 768w, https:\/\/lyonbondyblog.fr\/LBB\/wp-content\/uploads\/2017\/02\/DSC00771-576x1024.jpg 576w, https:\/\/lyonbondyblog.fr\/LBB\/wp-content\/uploads\/2017\/02\/DSC00771-600x1067.jpg 600w, https:\/\/lyonbondyblog.fr\/LBB\/wp-content\/uploads\/2017\/02\/DSC00771.jpg 1080w\" sizes=\"auto, (max-width: 169px) 100vw, 169px\" \/><figcaption id=\"caption-attachment-10741\" class=\"wp-caption-text\">Photo Alban Elka\u00efm<\/figcaption><\/figure>\n<p style=\"text-align: justify;\"><span style=\"color: #003366;\">Outre une vision \u00e9conomique, l&rsquo;ancien ministre de Fran\u00e7ois Hollande porte un discours dans lequel la culture de l&rsquo;effort et du m\u00e9rite occupent une place centrale. Il fait ainsi miroiter de possibles <i>success stories<\/i> \u00e0 celui qui travaille dur&#8230; peut-importe son origine sociale. Il se raconte d&rsquo;ailleurs comme l&rsquo;une de ces histoires, d\u00e9roulant la trame d&rsquo;un <i>story telling<\/i> bien rod\u00e9, dans laquelle son arri\u00e8re grand-m\u00e8re d\u00e9barque dans une ville de province sans m\u00eame savoir lire et plantant les graines de la r\u00e9ussite sociale de son arri\u00e8re petit-fils, qui viendra conqu\u00e9rir Paris et ses milieux d&rsquo;affaire trois g\u00e9n\u00e9rations plus tard, \u00ab&nbsp;<i>alors qu\u2019on nous expliquait que cela ne se faisait pas, que ce n\u2019\u00e9tait pas possible, que ce n\u2019\u00e9tait pas fait pour nous<\/i>&nbsp;\u00bb. Ce succ\u00e8s, il le doit \u00ab&nbsp;<i>au travail, \u00e0 l\u2019\u00e9cole, \u00e0 la chance et \u00e0 l\u2019amour des [siens].<\/i>&nbsp;\u00bb<\/span><\/p>\n<p style=\"text-align: justify;\">&nbsp;<\/p>\n<p style=\"text-align: justify;\">&nbsp;<\/p>\n<p style=\"text-align: justify;\">&nbsp;<\/p>\n<p style=\"text-align: justify;\"><strong><span style=\"color: #000000; font-size: 22pt;\">Le favori des sondages&#8230; jusqu&rsquo;\u00e0 nouvel ordre<\/span><\/strong><\/p>\n<p style=\"text-align: justify;\"><span style=\"color: #000000;\">Alors que Fran\u00e7ois Fillon, le candidat du parti Les R\u00e9publicains (LR), d\u00e9gringole dans les sondages, Emmanuel Macron continue son ascension. Jusque-l\u00e0 favori de la course \u00e0 la plus haute fonction de l&rsquo;Etat, le premier, soup\u00e7onn\u00e9 d&rsquo;avoir octroy\u00e9 \u00e0 sa femme 830 000 euros de salaire brut pour un emploi fictif d&rsquo;attach\u00e9e parlementaire, est pris dans une temp\u00eate m\u00e9diatique qui pourrait bien d\u00e9cr\u00e9dibiliser totalement sa candidature. Le second profite de la br\u00e8che ouverte par cet assassinat politique. Il caracole d\u00e9sormais en t\u00eate des sondages, juste derri\u00e8re Marine Le Pen pour le premier tour&#8230; et en premi\u00e8re place pour le second.<\/span><\/p>\n<p style=\"text-align: justify;\"><span style=\"color: #000000;\">Mais attention aux pronostics&nbsp;! Bien malin qui saura miser sur le bon candidat dans une campagne \u00e9lectorale pleine de rebondissements qui semble ne vouloir se plier \u00e0 aucune des r\u00e8gles g\u00e9n\u00e9rales de la vie politique.<\/span><\/p>\n<p style=\"text-align: justify;\">&nbsp;<\/p>\n<p style=\"text-align: justify;\"><span style=\"font-size: 22pt; color: #000080;\"><strong>La position d\u00e9licate des \u00e9lus PS pro-Macron<\/strong><\/span><\/p>\n<p style=\"text-align: justify;\"><span style=\"color: #000080;\">Quoi ? Un \u00e9lu PS qui soutien Macron ? On ne veut pas semer la zizanie mais&#8230; Nombreux sont les socialistes lyonnais \u00e0 clamer leur soutien \u00e0 l&rsquo;ancien ministre de l&rsquo;Economie depuis qu&rsquo;il s&rsquo;est lanc\u00e9 dans la course \u00e0 l&rsquo;\u00e9lection pr\u00e9sidentielle. Ce qui fait grincer les dents au sein de leur parti. Emmanuel Macron revendique une ligne politique qui ne se situe ni \u00e0 gauche ni \u00e0 droite. Il faut cependant reconna\u00eetre que c&rsquo;est au centre gauche que son discours trouve l&rsquo;\u00e9cho le plus favorable, d&rsquo;o\u00f9 une s\u00e9rie de ralliements et de soutien d\u00e9clar\u00e9s chez la frange la plus centriste du parti \u00e0 la rose.&nbsp;Depuis plusieurs mois, la direction du PS averti : ceux qui soutiennent Macron ne sont plus les bienvenus.<\/span><\/p>\n<p style=\"text-align: justify;\"><span style=\"color: #000080;\">De son c\u00f4t\u00e9, Benoit Hamon, vainqueur des primaires de la gauche et nouvel homme fort du PS, tire r\u00e9solument son parti vers la gauche. Ce positionnement a pour effet de red\u00e9finir les \u00e9quilibres&nbsp;politiques. Id\u00e9ologiquement plus proche d&rsquo;Emmanuel Macron que du candidat socialiste \u00e0 l&rsquo;\u00e9lection pr\u00e9sidentielle, la fraction la plus centriste du PS pourrait se d\u00e9tacher totalement de son parti. <\/span><\/p>\n<p style=\"text-align: justify;\"><span style=\"color: #000080;\">C&rsquo;est dans ce contexte que la sentence tombe, mardi 7 f\u00e9vrier. Jean-Christophe Cambadelis, premier secr\u00e9taire du Parti socialiste, affirme sur BFM-TV que \u00ab <em>ceux qui parraineraient [Emmanuel Macron] ne seraient plus au PS<\/em> \u00bb.<\/span><\/p>\n<!-- AddThis Advanced Settings generic via filter on the_content --><!-- AddThis Share Buttons generic via filter on the_content -->","protected":false},"excerpt":{"rendered":"<p>A l&rsquo;occasion de l&rsquo;\u00e9locution d&rsquo;Emmanuel Macron \u00e0 Lyon, J\u00e9r\u00f4me Sturla, membre de la commission politique de la ville \u00e0 la M\u00e9tropole, soutien de l&rsquo;ex-ministre de &hellip; <!-- AddThis Advanced Settings generic via filter on wp_trim_excerpt --><!-- AddThis Share Buttons generic via filter on wp_trim_excerpt --><\/p>\n","protected":false},"author":614,"featured_media":10740,"comment_status":"open","ping_status":"open","sticky":false,"template":"","format":"standard","meta":{"_FSMCFIC_featured_image_caption":"","_FSMCFIC_featured_image_nocaption":"","_FSMCFIC_featured_image_hide":"","footnotes":""},"categories":[4,6],"tags":[],"class_list":["post-10738","post","type-post","status-publish","format-standard","has-post-thumbnail","hentry","category-lyon","category-politique"],"yoast_head":"<!-- This site is optimized with the Yoast SEO plugin v22.8 - https:\/\/yoast.com\/wordpress\/plugins\/seo\/ -->\n<title>Les r\u00e9ponses \u00e9conomiques de Macron pour les quartiers - Lyon Bondy Blog<\/title>\n<meta name=\"robots\" content=\"index, follow, max-snippet:-1, max-image-preview:large, max-video-preview:-1\" \/>\n<link rel=\"canonical\" href=\"https:\/\/lyonbondyblog.fr\/LBB\/reponses-economiques-de-macron-quartiers\/\" \/>\n<meta property=\"og:locale\" content=\"fr_FR\" \/>\n<meta property=\"og:type\" content=\"article\" \/>\n<meta property=\"og:title\" content=\"Les r\u00e9ponses \u00e9conomiques de Macron pour les quartiers - Lyon Bondy Blog\" \/>\n<meta property=\"og:description\" content=\"A l&rsquo;occasion de l&rsquo;\u00e9locution d&rsquo;Emmanuel Macron \u00e0 Lyon, J\u00e9r\u00f4me Sturla, membre de la commission politique de la ville \u00e0 la M\u00e9tropole, soutien de l&rsquo;ex-ministre de &hellip;\" \/>\n<meta property=\"og:url\" content=\"https:\/\/lyonbondyblog.fr\/LBB\/reponses-economiques-de-macron-quartiers\/\" \/>\n<meta property=\"og:site_name\" content=\"Lyon Bondy Blog\" \/>\n<meta property=\"article:publisher\" content=\"https:\/\/www.facebook.com\/lyonbondyblog\" \/>\n<meta property=\"article:published_time\" content=\"2017-02-11T15:10:42+00:00\" \/>\n<meta property=\"article:modified_time\" content=\"2017-02-28T18:49:31+00:00\" \/>\n<meta property=\"og:image\" content=\"https:\/\/lyonbondyblog.fr\/LBB\/wp-content\/uploads\/2017\/02\/DSC00755.jpg\" \/>\n\t<meta property=\"og:image:width\" content=\"1920\" \/>\n\t<meta property=\"og:image:height\" content=\"1080\" \/>\n\t<meta property=\"og:image:type\" content=\"image\/jpeg\" \/>\n<meta name=\"author\" content=\"Alban Elkaim\" \/>\n<meta name=\"twitter:card\" content=\"summary_large_image\" \/>\n<meta name=\"twitter:creator\" content=\"@bondybloglyon\" \/>\n<meta name=\"twitter:site\" content=\"@bondybloglyon\" \/>\n<script type=\"application\/ld+json\" class=\"yoast-schema-graph\">{\"@context\":\"https:\/\/schema.org\",\"@graph\":[{\"@type\":\"Article\",\"@id\":\"https:\/\/lyonbondyblog.fr\/LBB\/reponses-economiques-de-macron-quartiers\/#article\",\"isPartOf\":{\"@id\":\"https:\/\/lyonbondyblog.fr\/LBB\/reponses-economiques-de-macron-quartiers\/\"},\"author\":{\"name\":\"Alban Elkaim\",\"@id\":\"https:\/\/lyonbondyblog.fr\/LBB\/#\/schema\/person\/6f66649387d1129eb25021bde07d3fc3\"},\"headline\":\"Les r\u00e9ponses \u00e9conomiques de Macron pour les quartiers\",\"datePublished\":\"2017-02-11T15:10:42+00:00\",\"dateModified\":\"2017-02-28T18:49:31+00:00\",\"mainEntityOfPage\":{\"@id\":\"https:\/\/lyonbondyblog.fr\/LBB\/reponses-economiques-de-macron-quartiers\/\"},\"wordCount\":1392,\"commentCount\":0,\"publisher\":{\"@id\":\"https:\/\/lyonbondyblog.fr\/LBB\/#organization\"},\"image\":{\"@id\":\"https:\/\/lyonbondyblog.fr\/LBB\/reponses-economiques-de-macron-quartiers\/#primaryimage\"},\"thumbnailUrl\":\"https:\/\/lyonbondyblog.fr\/LBB\/wp-content\/uploads\/2017\/02\/DSC00755.jpg\",\"articleSection\":[\"Lyon\",\"Politique\"],\"inLanguage\":\"fr-FR\",\"potentialAction\":[{\"@type\":\"CommentAction\",\"name\":\"Comment\",\"target\":[\"https:\/\/lyonbondyblog.fr\/LBB\/reponses-economiques-de-macron-quartiers\/#respond\"]}]},{\"@type\":\"WebPage\",\"@id\":\"https:\/\/lyonbondyblog.fr\/LBB\/reponses-economiques-de-macron-quartiers\/\",\"url\":\"https:\/\/lyonbondyblog.fr\/LBB\/reponses-economiques-de-macron-quartiers\/\",\"name\":\"Les r\u00e9ponses \u00e9conomiques de Macron pour les quartiers - Lyon Bondy Blog\",\"isPartOf\":{\"@id\":\"https:\/\/lyonbondyblog.fr\/LBB\/#website\"},\"primaryImageOfPage\":{\"@id\":\"https:\/\/lyonbondyblog.fr\/LBB\/reponses-economiques-de-macron-quartiers\/#primaryimage\"},\"image\":{\"@id\":\"https:\/\/lyonbondyblog.fr\/LBB\/reponses-economiques-de-macron-quartiers\/#primaryimage\"},\"thumbnailUrl\":\"https:\/\/lyonbondyblog.fr\/LBB\/wp-content\/uploads\/2017\/02\/DSC00755.jpg\",\"datePublished\":\"2017-02-11T15:10:42+00:00\",\"dateModified\":\"2017-02-28T18:49:31+00:00\",\"inLanguage\":\"fr-FR\",\"potentialAction\":[{\"@type\":\"ReadAction\",\"target\":[\"https:\/\/lyonbondyblog.fr\/LBB\/reponses-economiques-de-macron-quartiers\/\"]}]},{\"@type\":\"ImageObject\",\"inLanguage\":\"fr-FR\",\"@id\":\"https:\/\/lyonbondyblog.fr\/LBB\/reponses-economiques-de-macron-quartiers\/#primaryimage\",\"url\":\"https:\/\/lyonbondyblog.fr\/LBB\/wp-content\/uploads\/2017\/02\/DSC00755.jpg\",\"contentUrl\":\"https:\/\/lyonbondyblog.fr\/LBB\/wp-content\/uploads\/2017\/02\/DSC00755.jpg\",\"width\":1920,\"height\":1080,\"caption\":\"Emmanuel Macron au Palais des sports de Lyon. Photo Alban Elka\u00efm\"},{\"@type\":\"WebSite\",\"@id\":\"https:\/\/lyonbondyblog.fr\/LBB\/#website\",\"url\":\"https:\/\/lyonbondyblog.fr\/LBB\/\",\"name\":\"Lyon Bondy Blog\",\"description\":\"\",\"publisher\":{\"@id\":\"https:\/\/lyonbondyblog.fr\/LBB\/#organization\"},\"potentialAction\":[{\"@type\":\"SearchAction\",\"target\":{\"@type\":\"EntryPoint\",\"urlTemplate\":\"https:\/\/lyonbondyblog.fr\/LBB\/?s={search_term_string}\"},\"query-input\":\"required name=search_term_string\"}],\"inLanguage\":\"fr-FR\"},{\"@type\":\"Organization\",\"@id\":\"https:\/\/lyonbondyblog.fr\/LBB\/#organization\",\"name\":\"LYON BONDY BLOG\",\"url\":\"https:\/\/lyonbondyblog.fr\/LBB\/\",\"logo\":{\"@type\":\"ImageObject\",\"inLanguage\":\"fr-FR\",\"@id\":\"https:\/\/lyonbondyblog.fr\/LBB\/#\/schema\/logo\/image\/\",\"url\":\"http:\/\/lyonbondyblog.fr\/LBB\/wp-content\/uploads\/2014\/10\/logo-portable-144.png\",\"contentUrl\":\"http:\/\/lyonbondyblog.fr\/LBB\/wp-content\/uploads\/2014\/10\/logo-portable-144.png\",\"width\":144,\"height\":123,\"caption\":\"LYON BONDY BLOG\"},\"image\":{\"@id\":\"https:\/\/lyonbondyblog.fr\/LBB\/#\/schema\/logo\/image\/\"},\"sameAs\":[\"https:\/\/www.facebook.com\/lyonbondyblog\",\"https:\/\/x.com\/bondybloglyon\"]},{\"@type\":\"Person\",\"@id\":\"https:\/\/lyonbondyblog.fr\/LBB\/#\/schema\/person\/6f66649387d1129eb25021bde07d3fc3\",\"name\":\"Alban Elkaim\",\"url\":\"https:\/\/lyonbondyblog.fr\/LBB\/author\/alban\/\"}]}<\/script>\n<!-- \/ Yoast SEO plugin. -->","yoast_head_json":{"title":"Les r\u00e9ponses \u00e9conomiques de Macron pour les quartiers - Lyon Bondy Blog","robots":{"index":"index","follow":"follow","max-snippet":"max-snippet:-1","max-image-preview":"max-image-preview:large","max-video-preview":"max-video-preview:-1"},"canonical":"https:\/\/lyonbondyblog.fr\/LBB\/reponses-economiques-de-macron-quartiers\/","og_locale":"fr_FR","og_type":"article","og_title":"Les r\u00e9ponses \u00e9conomiques de Macron pour les quartiers - Lyon Bondy Blog","og_description":"A l&rsquo;occasion de l&rsquo;\u00e9locution d&rsquo;Emmanuel Macron \u00e0 Lyon, J\u00e9r\u00f4me Sturla, membre de la commission politique de la ville \u00e0 la M\u00e9tropole, soutien de l&rsquo;ex-ministre de &hellip;","og_url":"https:\/\/lyonbondyblog.fr\/LBB\/reponses-economiques-de-macron-quartiers\/","og_site_name":"Lyon Bondy Blog","article_publisher":"https:\/\/www.facebook.com\/lyonbondyblog","article_published_time":"2017-02-11T15:10:42+00:00","article_modified_time":"2017-02-28T18:49:31+00:00","og_image":[{"width":1920,"height":1080,"url":"https:\/\/lyonbondyblog.fr\/LBB\/wp-content\/uploads\/2017\/02\/DSC00755.jpg","type":"image\/jpeg"}],"author":"Alban Elkaim","twitter_card":"summary_large_image","twitter_creator":"@bondybloglyon","twitter_site":"@bondybloglyon","schema":{"@context":"https:\/\/schema.org","@graph":[{"@type":"Article","@id":"https:\/\/lyonbondyblog.fr\/LBB\/reponses-economiques-de-macron-quartiers\/#article","isPartOf":{"@id":"https:\/\/lyonbondyblog.fr\/LBB\/reponses-economiques-de-macron-quartiers\/"},"author":{"name":"Alban Elkaim","@id":"https:\/\/lyonbondyblog.fr\/LBB\/#\/schema\/person\/6f66649387d1129eb25021bde07d3fc3"},"headline":"Les r\u00e9ponses \u00e9conomiques de Macron pour les quartiers","datePublished":"2017-02-11T15:10:42+00:00","dateModified":"2017-02-28T18:49:31+00:00","mainEntityOfPage":{"@id":"https:\/\/lyonbondyblog.fr\/LBB\/reponses-economiques-de-macron-quartiers\/"},"wordCount":1392,"commentCount":0,"publisher":{"@id":"https:\/\/lyonbondyblog.fr\/LBB\/#organization"},"image":{"@id":"https:\/\/lyonbondyblog.fr\/LBB\/reponses-economiques-de-macron-quartiers\/#primaryimage"},"thumbnailUrl":"https:\/\/lyonbondyblog.fr\/LBB\/wp-content\/uploads\/2017\/02\/DSC00755.jpg","articleSection":["Lyon","Politique"],"inLanguage":"fr-FR","potentialAction":[{"@type":"CommentAction","name":"Comment","target":["https:\/\/lyonbondyblog.fr\/LBB\/reponses-economiques-de-macron-quartiers\/#respond"]}]},{"@type":"WebPage","@id":"https:\/\/lyonbondyblog.fr\/LBB\/reponses-economiques-de-macron-quartiers\/","url":"https:\/\/lyonbondyblog.fr\/LBB\/reponses-economiques-de-macron-quartiers\/","name":"Les r\u00e9ponses \u00e9conomiques de Macron pour les quartiers - Lyon Bondy Blog","isPartOf":{"@id":"https:\/\/lyonbondyblog.fr\/LBB\/#website"},"primaryImageOfPage":{"@id":"https:\/\/lyonbondyblog.fr\/LBB\/reponses-economiques-de-macron-quartiers\/#primaryimage"},"image":{"@id":"https:\/\/lyonbondyblog.fr\/LBB\/reponses-economiques-de-macron-quartiers\/#primaryimage"},"thumbnailUrl":"https:\/\/lyonbondyblog.fr\/LBB\/wp-content\/uploads\/2017\/02\/DSC00755.jpg","datePublished":"2017-02-11T15:10:42+00:00","dateModified":"2017-02-28T18:49:31+00:00","inLanguage":"fr-FR","potentialAction":[{"@type":"ReadAction","target":["https:\/\/lyonbondyblog.fr\/LBB\/reponses-economiques-de-macron-quartiers\/"]}]},{"@type":"ImageObject","inLanguage":"fr-FR","@id":"https:\/\/lyonbondyblog.fr\/LBB\/reponses-economiques-de-macron-quartiers\/#primaryimage","url":"https:\/\/lyonbondyblog.fr\/LBB\/wp-content\/uploads\/2017\/02\/DSC00755.jpg","contentUrl":"https:\/\/lyonbondyblog.fr\/LBB\/wp-content\/uploads\/2017\/02\/DSC00755.jpg","width":1920,"height":1080,"caption":"Emmanuel Macron au Palais des sports de Lyon. Photo Alban Elka\u00efm"},{"@type":"WebSite","@id":"https:\/\/lyonbondyblog.fr\/LBB\/#website","url":"https:\/\/lyonbondyblog.fr\/LBB\/","name":"Lyon Bondy Blog","description":"","publisher":{"@id":"https:\/\/lyonbondyblog.fr\/LBB\/#organization"},"potentialAction":[{"@type":"SearchAction","target":{"@type":"EntryPoint","urlTemplate":"https:\/\/lyonbondyblog.fr\/LBB\/?s={search_term_string}"},"query-input":"required name=search_term_string"}],"inLanguage":"fr-FR"},{"@type":"Organization","@id":"https:\/\/lyonbondyblog.fr\/LBB\/#organization","name":"LYON BONDY BLOG","url":"https:\/\/lyonbondyblog.fr\/LBB\/","logo":{"@type":"ImageObject","inLanguage":"fr-FR","@id":"https:\/\/lyonbondyblog.fr\/LBB\/#\/schema\/logo\/image\/","url":"http:\/\/lyonbondyblog.fr\/LBB\/wp-content\/uploads\/2014\/10\/logo-portable-144.png","contentUrl":"http:\/\/lyonbondyblog.fr\/LBB\/wp-content\/uploads\/2014\/10\/logo-portable-144.png","width":144,"height":123,"caption":"LYON BONDY BLOG"},"image":{"@id":"https:\/\/lyonbondyblog.fr\/LBB\/#\/schema\/logo\/image\/"},"sameAs":["https:\/\/www.facebook.com\/lyonbondyblog","https:\/\/x.com\/bondybloglyon"]},{"@type":"Person","@id":"https:\/\/lyonbondyblog.fr\/LBB\/#\/schema\/person\/6f66649387d1129eb25021bde07d3fc3","name":"Alban Elkaim","url":"https:\/\/lyonbondyblog.fr\/LBB\/author\/alban\/"}]}},"_links":{"self":[{"href":"https:\/\/lyonbondyblog.fr\/LBB\/wp-json\/wp\/v2\/posts\/10738","targetHints":{"allow":["GET"]}}],"collection":[{"href":"https:\/\/lyonbondyblog.fr\/LBB\/wp-json\/wp\/v2\/posts"}],"about":[{"href":"https:\/\/lyonbondyblog.fr\/LBB\/wp-json\/wp\/v2\/types\/post"}],"author":[{"embeddable":true,"href":"https:\/\/lyonbondyblog.fr\/LBB\/wp-json\/wp\/v2\/users\/614"}],"replies":[{"embeddable":true,"href":"https:\/\/lyonbondyblog.fr\/LBB\/wp-json\/wp\/v2\/comments?post=10738"}],"version-history":[{"count":0,"href":"https:\/\/lyonbondyblog.fr\/LBB\/wp-json\/wp\/v2\/posts\/10738\/revisions"}],"wp:featuredmedia":[{"embeddable":true,"href":"https:\/\/lyonbondyblog.fr\/LBB\/wp-json\/wp\/v2\/media\/10740"}],"wp:attachment":[{"href":"https:\/\/lyonbondyblog.fr\/LBB\/wp-json\/wp\/v2\/media?parent=10738"}],"wp:term":[{"taxonomy":"category","embeddable":true,"href":"https:\/\/lyonbondyblog.fr\/LBB\/wp-json\/wp\/v2\/categories?post=10738"},{"taxonomy":"post_tag","embeddable":true,"href":"https:\/\/lyonbondyblog.fr\/LBB\/wp-json\/wp\/v2\/tags?post=10738"}],"curies":[{"name":"wp","href":"https:\/\/api.w.org\/{rel}","templated":true}]}}