{"id":10587,"date":"2017-01-10T20:33:48","date_gmt":"2017-01-10T19:33:48","guid":{"rendered":"http:\/\/lyonbondyblog.fr\/LBB\/?p=10587"},"modified":"2017-01-10T20:45:59","modified_gmt":"2017-01-10T19:45:59","slug":"sofiane-nouh-devons-valoriser-travail","status":"publish","type":"post","link":"https:\/\/lyonbondyblog.fr\/LBB\/sofiane-nouh-devons-valoriser-travail\/","title":{"rendered":"Sofiane Nouh\u00a0\u00ab\u00a0Nous devons valoriser notre travail\u00a0\u00bb"},"content":{"rendered":"<p style=\"text-align: justify;\"><span style=\"color: #003366;\"><strong>L\u2019association France-Ethiopie, fond\u00e9e en 2005, vient en aide aux populations d\u00e9munies de Dire Dawa (2<sup>e<\/sup>&nbsp;ville du pays). Gr\u00e2ce \u00e0 la g\u00e9n\u00e9rosit\u00e9 de Jean-Paul Bret (maire de Villeurbanne) et de Pascale Crozon (d\u00e9put\u00e9e de Villeurbanne, 6<sup>e <\/sup>circonscription du Rh\u00f4ne), leur travail commence \u00e0 porter ses fruits. Rencontre avec Sofiane Nouh, pr\u00e9sident de cette association et professeur de fran\u00e7ais \u00e0 l\u2019universit\u00e9 de Dire-Dawa.<\/strong><\/span><\/p>\n<p><b>L\u2019association France-Ethiopie existe depuis 2005. Pourquoi l\u2019avoir cr\u00e9\u00e9e&nbsp;?<br \/>\n<\/b>Nous avons cr\u00e9\u00e9 cette association justement dans le but d\u2019am\u00e9liorer notre ville de Dire Dawa, notamment en termes d\u2019\u00e9ducation, de sant\u00e9 et d\u2019environnement&nbsp;car il s\u2019agit des points fondamentaux sur lesquels nous devons progresser afin de d\u00e9velopper la ville. Nous avons notamment mis en place la construction de puits, l\u2019acc\u00e8s \u00e0 l\u2019eau potable \u00e9tant un probl\u00e8me r\u00e9current en Afrique.<\/p>\n<p align=\"JUSTIFY\"><b>L\u2019Ethiopie, depuis quelques ann\u00e9es, conna\u00eet un renouveau \u00e9conomique avec l\u2019arriv\u00e9e de plusieurs investisseurs turcs, chinois et fran\u00e7ais entre autres. Cela engendre-t-il un probl\u00e8me entre les classes&nbsp;?<br \/>\n<\/b>Non, ou alors on ne le sent pas beaucoup. La question se pose surtout dans les grandes villes qui sont en train d\u2019\u00e9merger car, depuis cinq ans, on observe une croissance entre 8 et 10 %. Il y aura toujours une lutte des classes, mais cela n\u2019est pas propre \u00e0 l\u2019Ethiopie, c\u2019est dans tous les pays.<\/p>\n<p align=\"JUSTIFY\">Il est vrai que les personnes ais\u00e9es continueront de s\u2019enrichir mais notre gouvernement a choisi un moyen de gestion alternatif et essaye de d\u00e9velopper notre patrie. Il y a trente ans de cela, il n\u2019y avait que deux universit\u00e9s et maintenant on en compte 33 ! Notre pays va donc de l\u2019avant, nous nous d\u00e9veloppons. Cela va dans le bon sens, mais il restera toujours des personnes sur le cot\u00e9.<\/p>\n<p align=\"JUSTIFY\">Revenons quand m\u00eame \u00e0 notre association. Gr\u00e2ce \u00e0 la dotation de Pascale Crozon (d\u00e9put\u00e9e de la 6<sup>e<\/sup>&nbsp;circonscription du Rh\u00f4ne, qui a accord\u00e9 la&nbsp;2 x 10 000 \u20ac NDLR) nous avons pu cr\u00e9er une maternit\u00e9 \u00e0 Dire Dawa, nous avons \u00e9galement pu creuser un puit permettant \u00e0 pr\u00e8s de 80 000 personnes (soit 35 % de la population de la ville) d\u2019\u00eatre aliment\u00e9es en eau potable. Nous avons aussi pu r\u00e9nover l\u2019h\u00f4pital en fournissant des outils et du mat\u00e9riel plus adapt\u00e9s et moderniser l\u2019\u00e9cole pour handicap\u00e9s, institution vieillissante car nous n\u2019envisageons pas de laisser quiconque de c\u00f4t\u00e9. Gr\u00e2ce \u00e0 ces travaux nous avons d\u00e9j\u00e0 pu noter une baisse de la mortalit\u00e9 infantile et pour tout cela je remercie la d\u00e9put\u00e9e pour son aide pr\u00e9cieuse.<\/p>\n<p align=\"JUSTIFY\"><b>Vous organisez, samedi prochain, le No\u00ebl \u00e9thiopien, au centre culturel de Villeurbanne. En quoi consiste cet \u00e9v\u00e9nement ?<br \/>\n<\/b>Le No\u00ebl \u00e9thiopien c\u2019est comme le No\u00ebl occidental. Nous profitons surtout de cette occasion pour pr\u00e9senter le travail que nous avons effectu\u00e9 au cours de l\u2019ann\u00e9e 2016 et la pr\u00e9sentation des projets pour l\u2019ann\u00e9e \u00e0 venir.<\/p>\n<p align=\"JUSTIFY\">Le but de cet \u00e9v\u00e9nement est de promouvoir notre pays. Chaque ann\u00e9e nous avons le plaisir de recevoir Ruth, styliste reconnue mondialement, qui pr\u00e9sente sa nouvelle collection \u00e0 travers un d\u00e9fil\u00e9 de mode qu\u2019elle prend enti\u00e8rement \u00e0 sa charge. Tous les tissus de la collection sont 100 % \u00ab made in Ethiopie \u00bb. C\u2019est toujours un immense plaisir d\u2019avoir ce privil\u00e8ge lors de cette soir\u00e9e. Il y aura \u00e9galement, la c\u00e9r\u00e9monie du caf\u00e9 afin de valoriser les produits locaux mais aussi des concerts et un repas, le but premier \u00e9tant de promouvoir notre pays de c\u0153ur.<\/p>\n<p align=\"JUSTIFY\"><b>Pourquoi le \u00ab&nbsp;No\u00ebl \u00e9thiopien&nbsp;\u00bb&nbsp;?<br \/>\n<\/b>Car il y a un d\u00e9calage de sept ans entre le calendrier europ\u00e9en et celui de l\u2019Ethiopie (calendrier julien NDLR), on suit le rythme des saisons. Nous, nous sommes en 2009. M\u00eame, s\u2019il y a une mosa\u00efque de cultures dans notre pays, d\u00e8s qu\u2019il y a une f\u00eate, le pays se rassemble, c\u2019est g\u00e9nial&nbsp;!<\/p>\n<!-- AddThis Advanced Settings generic via filter on the_content --><!-- AddThis Share Buttons generic via filter on the_content -->","protected":false},"excerpt":{"rendered":"<p>L\u2019association France-Ethiopie, fond\u00e9e en 2005, vient en aide aux populations d\u00e9munies de Dire Dawa (2e&nbsp;ville du pays). Gr\u00e2ce \u00e0 la g\u00e9n\u00e9rosit\u00e9 de Jean-Paul Bret (maire &hellip; <!-- AddThis Advanced Settings generic via filter on wp_trim_excerpt --><!-- AddThis Share Buttons generic via filter on wp_trim_excerpt --><\/p>\n","protected":false},"author":33,"featured_media":10588,"comment_status":"open","ping_status":"open","sticky":false,"template":"","format":"standard","meta":{"_FSMCFIC_featured_image_caption":"","_FSMCFIC_featured_image_nocaption":"","_FSMCFIC_featured_image_hide":"","footnotes":""},"categories":[4],"tags":[],"class_list":["post-10587","post","type-post","status-publish","format-standard","has-post-thumbnail","hentry","category-lyon"],"yoast_head":"<!-- This site is optimized with the Yoast SEO plugin v22.8 - https:\/\/yoast.com\/wordpress\/plugins\/seo\/ -->\n<title>Sofiane Nouh\u00a0\u00ab\u00a0Nous devons valoriser notre travail\u00a0\u00bb - Lyon Bondy Blog<\/title>\n<meta name=\"robots\" content=\"index, follow, max-snippet:-1, max-image-preview:large, max-video-preview:-1\" \/>\n<link rel=\"canonical\" href=\"https:\/\/lyonbondyblog.fr\/LBB\/sofiane-nouh-devons-valoriser-travail\/\" \/>\n<meta property=\"og:locale\" content=\"fr_FR\" \/>\n<meta property=\"og:type\" content=\"article\" \/>\n<meta property=\"og:title\" content=\"Sofiane Nouh\u00a0\u00ab\u00a0Nous devons valoriser notre travail\u00a0\u00bb - Lyon Bondy Blog\" \/>\n<meta property=\"og:description\" content=\"L\u2019association France-Ethiopie, fond\u00e9e en 2005, vient en aide aux populations d\u00e9munies de Dire Dawa (2e&nbsp;ville du pays). Gr\u00e2ce \u00e0 la g\u00e9n\u00e9rosit\u00e9 de Jean-Paul Bret (maire &hellip;\" \/>\n<meta property=\"og:url\" content=\"https:\/\/lyonbondyblog.fr\/LBB\/sofiane-nouh-devons-valoriser-travail\/\" \/>\n<meta property=\"og:site_name\" content=\"Lyon Bondy Blog\" \/>\n<meta property=\"article:publisher\" content=\"https:\/\/www.facebook.com\/lyonbondyblog\" \/>\n<meta property=\"article:published_time\" content=\"2017-01-10T19:33:48+00:00\" \/>\n<meta property=\"article:modified_time\" content=\"2017-01-10T19:45:59+00:00\" \/>\n<meta property=\"og:image\" content=\"https:\/\/lyonbondyblog.fr\/LBB\/wp-content\/uploads\/2017\/01\/Asso-aide-Ehiopie.jpg\" \/>\n\t<meta property=\"og:image:width\" content=\"420\" \/>\n\t<meta property=\"og:image:height\" content=\"595\" \/>\n\t<meta property=\"og:image:type\" content=\"image\/jpeg\" \/>\n<meta name=\"author\" content=\"Etienne Aazzab\" \/>\n<meta name=\"twitter:card\" content=\"summary_large_image\" \/>\n<meta name=\"twitter:creator\" content=\"@AazzabEtienne\" \/>\n<meta name=\"twitter:site\" content=\"@bondybloglyon\" \/>\n<script type=\"application\/ld+json\" class=\"yoast-schema-graph\">{\"@context\":\"https:\/\/schema.org\",\"@graph\":[{\"@type\":\"Article\",\"@id\":\"https:\/\/lyonbondyblog.fr\/LBB\/sofiane-nouh-devons-valoriser-travail\/#article\",\"isPartOf\":{\"@id\":\"https:\/\/lyonbondyblog.fr\/LBB\/sofiane-nouh-devons-valoriser-travail\/\"},\"author\":{\"name\":\"Etienne Aazzab\",\"@id\":\"https:\/\/lyonbondyblog.fr\/LBB\/#\/schema\/person\/5e9904261c1f613c8e6ea22045b1353d\"},\"headline\":\"Sofiane Nouh\u00a0\u00ab\u00a0Nous devons valoriser notre travail\u00a0\u00bb\",\"datePublished\":\"2017-01-10T19:33:48+00:00\",\"dateModified\":\"2017-01-10T19:45:59+00:00\",\"mainEntityOfPage\":{\"@id\":\"https:\/\/lyonbondyblog.fr\/LBB\/sofiane-nouh-devons-valoriser-travail\/\"},\"wordCount\":699,\"commentCount\":0,\"publisher\":{\"@id\":\"https:\/\/lyonbondyblog.fr\/LBB\/#organization\"},\"image\":{\"@id\":\"https:\/\/lyonbondyblog.fr\/LBB\/sofiane-nouh-devons-valoriser-travail\/#primaryimage\"},\"thumbnailUrl\":\"https:\/\/lyonbondyblog.fr\/LBB\/wp-content\/uploads\/2017\/01\/Asso-aide-Ehiopie.jpg\",\"articleSection\":[\"Lyon\"],\"inLanguage\":\"fr-FR\",\"potentialAction\":[{\"@type\":\"CommentAction\",\"name\":\"Comment\",\"target\":[\"https:\/\/lyonbondyblog.fr\/LBB\/sofiane-nouh-devons-valoriser-travail\/#respond\"]}]},{\"@type\":\"WebPage\",\"@id\":\"https:\/\/lyonbondyblog.fr\/LBB\/sofiane-nouh-devons-valoriser-travail\/\",\"url\":\"https:\/\/lyonbondyblog.fr\/LBB\/sofiane-nouh-devons-valoriser-travail\/\",\"name\":\"Sofiane Nouh\u00a0\u00ab\u00a0Nous devons valoriser notre travail\u00a0\u00bb - Lyon Bondy Blog\",\"isPartOf\":{\"@id\":\"https:\/\/lyonbondyblog.fr\/LBB\/#website\"},\"primaryImageOfPage\":{\"@id\":\"https:\/\/lyonbondyblog.fr\/LBB\/sofiane-nouh-devons-valoriser-travail\/#primaryimage\"},\"image\":{\"@id\":\"https:\/\/lyonbondyblog.fr\/LBB\/sofiane-nouh-devons-valoriser-travail\/#primaryimage\"},\"thumbnailUrl\":\"https:\/\/lyonbondyblog.fr\/LBB\/wp-content\/uploads\/2017\/01\/Asso-aide-Ehiopie.jpg\",\"datePublished\":\"2017-01-10T19:33:48+00:00\",\"dateModified\":\"2017-01-10T19:45:59+00:00\",\"inLanguage\":\"fr-FR\",\"potentialAction\":[{\"@type\":\"ReadAction\",\"target\":[\"https:\/\/lyonbondyblog.fr\/LBB\/sofiane-nouh-devons-valoriser-travail\/\"]}]},{\"@type\":\"ImageObject\",\"inLanguage\":\"fr-FR\",\"@id\":\"https:\/\/lyonbondyblog.fr\/LBB\/sofiane-nouh-devons-valoriser-travail\/#primaryimage\",\"url\":\"https:\/\/lyonbondyblog.fr\/LBB\/wp-content\/uploads\/2017\/01\/Asso-aide-Ehiopie.jpg\",\"contentUrl\":\"https:\/\/lyonbondyblog.fr\/LBB\/wp-content\/uploads\/2017\/01\/Asso-aide-Ehiopie.jpg\",\"width\":420,\"height\":595},{\"@type\":\"WebSite\",\"@id\":\"https:\/\/lyonbondyblog.fr\/LBB\/#website\",\"url\":\"https:\/\/lyonbondyblog.fr\/LBB\/\",\"name\":\"Lyon Bondy Blog\",\"description\":\"\",\"publisher\":{\"@id\":\"https:\/\/lyonbondyblog.fr\/LBB\/#organization\"},\"potentialAction\":[{\"@type\":\"SearchAction\",\"target\":{\"@type\":\"EntryPoint\",\"urlTemplate\":\"https:\/\/lyonbondyblog.fr\/LBB\/?s={search_term_string}\"},\"query-input\":\"required name=search_term_string\"}],\"inLanguage\":\"fr-FR\"},{\"@type\":\"Organization\",\"@id\":\"https:\/\/lyonbondyblog.fr\/LBB\/#organization\",\"name\":\"LYON BONDY BLOG\",\"url\":\"https:\/\/lyonbondyblog.fr\/LBB\/\",\"logo\":{\"@type\":\"ImageObject\",\"inLanguage\":\"fr-FR\",\"@id\":\"https:\/\/lyonbondyblog.fr\/LBB\/#\/schema\/logo\/image\/\",\"url\":\"http:\/\/lyonbondyblog.fr\/LBB\/wp-content\/uploads\/2014\/10\/logo-portable-144.png\",\"contentUrl\":\"http:\/\/lyonbondyblog.fr\/LBB\/wp-content\/uploads\/2014\/10\/logo-portable-144.png\",\"width\":144,\"height\":123,\"caption\":\"LYON BONDY BLOG\"},\"image\":{\"@id\":\"https:\/\/lyonbondyblog.fr\/LBB\/#\/schema\/logo\/image\/\"},\"sameAs\":[\"https:\/\/www.facebook.com\/lyonbondyblog\",\"https:\/\/x.com\/bondybloglyon\"]},{\"@type\":\"Person\",\"@id\":\"https:\/\/lyonbondyblog.fr\/LBB\/#\/schema\/person\/5e9904261c1f613c8e6ea22045b1353d\",\"name\":\"Etienne Aazzab\",\"description\":\"Etienne a contribu\u00e9 depuis 2 ans dans le journal satirique FOUTOU\u2019ART. Il a int\u00e9gr\u00e9 l\u2019\u00e9quipe du \u00ab clic 2014 \u00bb : Collectif local d\u2019informations citoyennes \u00e0 partir de novembre 2013. Il rejoint le Lyon Bondy Blog \u00e0 partir de janvier 2014. Twitter : @AazzabEtienne Ses sujets de pr\u00e9dilection : #Politique #Soci\u00e9t\u00e9 #Sport\",\"sameAs\":[\"https:\/\/x.com\/AazzabEtienne\"],\"url\":\"https:\/\/lyonbondyblog.fr\/LBB\/author\/etienne\/\"}]}<\/script>\n<!-- \/ Yoast SEO plugin. -->","yoast_head_json":{"title":"Sofiane Nouh\u00a0\u00ab\u00a0Nous devons valoriser notre travail\u00a0\u00bb - Lyon Bondy Blog","robots":{"index":"index","follow":"follow","max-snippet":"max-snippet:-1","max-image-preview":"max-image-preview:large","max-video-preview":"max-video-preview:-1"},"canonical":"https:\/\/lyonbondyblog.fr\/LBB\/sofiane-nouh-devons-valoriser-travail\/","og_locale":"fr_FR","og_type":"article","og_title":"Sofiane Nouh\u00a0\u00ab\u00a0Nous devons valoriser notre travail\u00a0\u00bb - Lyon Bondy Blog","og_description":"L\u2019association France-Ethiopie, fond\u00e9e en 2005, vient en aide aux populations d\u00e9munies de Dire Dawa (2e&nbsp;ville du pays). Gr\u00e2ce \u00e0 la g\u00e9n\u00e9rosit\u00e9 de Jean-Paul Bret (maire &hellip;","og_url":"https:\/\/lyonbondyblog.fr\/LBB\/sofiane-nouh-devons-valoriser-travail\/","og_site_name":"Lyon Bondy Blog","article_publisher":"https:\/\/www.facebook.com\/lyonbondyblog","article_published_time":"2017-01-10T19:33:48+00:00","article_modified_time":"2017-01-10T19:45:59+00:00","og_image":[{"width":420,"height":595,"url":"https:\/\/lyonbondyblog.fr\/LBB\/wp-content\/uploads\/2017\/01\/Asso-aide-Ehiopie.jpg","type":"image\/jpeg"}],"author":"Etienne Aazzab","twitter_card":"summary_large_image","twitter_creator":"@AazzabEtienne","twitter_site":"@bondybloglyon","schema":{"@context":"https:\/\/schema.org","@graph":[{"@type":"Article","@id":"https:\/\/lyonbondyblog.fr\/LBB\/sofiane-nouh-devons-valoriser-travail\/#article","isPartOf":{"@id":"https:\/\/lyonbondyblog.fr\/LBB\/sofiane-nouh-devons-valoriser-travail\/"},"author":{"name":"Etienne Aazzab","@id":"https:\/\/lyonbondyblog.fr\/LBB\/#\/schema\/person\/5e9904261c1f613c8e6ea22045b1353d"},"headline":"Sofiane Nouh\u00a0\u00ab\u00a0Nous devons valoriser notre travail\u00a0\u00bb","datePublished":"2017-01-10T19:33:48+00:00","dateModified":"2017-01-10T19:45:59+00:00","mainEntityOfPage":{"@id":"https:\/\/lyonbondyblog.fr\/LBB\/sofiane-nouh-devons-valoriser-travail\/"},"wordCount":699,"commentCount":0,"publisher":{"@id":"https:\/\/lyonbondyblog.fr\/LBB\/#organization"},"image":{"@id":"https:\/\/lyonbondyblog.fr\/LBB\/sofiane-nouh-devons-valoriser-travail\/#primaryimage"},"thumbnailUrl":"https:\/\/lyonbondyblog.fr\/LBB\/wp-content\/uploads\/2017\/01\/Asso-aide-Ehiopie.jpg","articleSection":["Lyon"],"inLanguage":"fr-FR","potentialAction":[{"@type":"CommentAction","name":"Comment","target":["https:\/\/lyonbondyblog.fr\/LBB\/sofiane-nouh-devons-valoriser-travail\/#respond"]}]},{"@type":"WebPage","@id":"https:\/\/lyonbondyblog.fr\/LBB\/sofiane-nouh-devons-valoriser-travail\/","url":"https:\/\/lyonbondyblog.fr\/LBB\/sofiane-nouh-devons-valoriser-travail\/","name":"Sofiane Nouh\u00a0\u00ab\u00a0Nous devons valoriser notre travail\u00a0\u00bb - Lyon Bondy Blog","isPartOf":{"@id":"https:\/\/lyonbondyblog.fr\/LBB\/#website"},"primaryImageOfPage":{"@id":"https:\/\/lyonbondyblog.fr\/LBB\/sofiane-nouh-devons-valoriser-travail\/#primaryimage"},"image":{"@id":"https:\/\/lyonbondyblog.fr\/LBB\/sofiane-nouh-devons-valoriser-travail\/#primaryimage"},"thumbnailUrl":"https:\/\/lyonbondyblog.fr\/LBB\/wp-content\/uploads\/2017\/01\/Asso-aide-Ehiopie.jpg","datePublished":"2017-01-10T19:33:48+00:00","dateModified":"2017-01-10T19:45:59+00:00","inLanguage":"fr-FR","potentialAction":[{"@type":"ReadAction","target":["https:\/\/lyonbondyblog.fr\/LBB\/sofiane-nouh-devons-valoriser-travail\/"]}]},{"@type":"ImageObject","inLanguage":"fr-FR","@id":"https:\/\/lyonbondyblog.fr\/LBB\/sofiane-nouh-devons-valoriser-travail\/#primaryimage","url":"https:\/\/lyonbondyblog.fr\/LBB\/wp-content\/uploads\/2017\/01\/Asso-aide-Ehiopie.jpg","contentUrl":"https:\/\/lyonbondyblog.fr\/LBB\/wp-content\/uploads\/2017\/01\/Asso-aide-Ehiopie.jpg","width":420,"height":595},{"@type":"WebSite","@id":"https:\/\/lyonbondyblog.fr\/LBB\/#website","url":"https:\/\/lyonbondyblog.fr\/LBB\/","name":"Lyon Bondy Blog","description":"","publisher":{"@id":"https:\/\/lyonbondyblog.fr\/LBB\/#organization"},"potentialAction":[{"@type":"SearchAction","target":{"@type":"EntryPoint","urlTemplate":"https:\/\/lyonbondyblog.fr\/LBB\/?s={search_term_string}"},"query-input":"required name=search_term_string"}],"inLanguage":"fr-FR"},{"@type":"Organization","@id":"https:\/\/lyonbondyblog.fr\/LBB\/#organization","name":"LYON BONDY BLOG","url":"https:\/\/lyonbondyblog.fr\/LBB\/","logo":{"@type":"ImageObject","inLanguage":"fr-FR","@id":"https:\/\/lyonbondyblog.fr\/LBB\/#\/schema\/logo\/image\/","url":"http:\/\/lyonbondyblog.fr\/LBB\/wp-content\/uploads\/2014\/10\/logo-portable-144.png","contentUrl":"http:\/\/lyonbondyblog.fr\/LBB\/wp-content\/uploads\/2014\/10\/logo-portable-144.png","width":144,"height":123,"caption":"LYON BONDY BLOG"},"image":{"@id":"https:\/\/lyonbondyblog.fr\/LBB\/#\/schema\/logo\/image\/"},"sameAs":["https:\/\/www.facebook.com\/lyonbondyblog","https:\/\/x.com\/bondybloglyon"]},{"@type":"Person","@id":"https:\/\/lyonbondyblog.fr\/LBB\/#\/schema\/person\/5e9904261c1f613c8e6ea22045b1353d","name":"Etienne Aazzab","description":"Etienne a contribu\u00e9 depuis 2 ans dans le journal satirique FOUTOU\u2019ART. Il a int\u00e9gr\u00e9 l\u2019\u00e9quipe du \u00ab clic 2014 \u00bb : Collectif local d\u2019informations citoyennes \u00e0 partir de novembre 2013. Il rejoint le Lyon Bondy Blog \u00e0 partir de janvier 2014. Twitter : @AazzabEtienne Ses sujets de pr\u00e9dilection : #Politique #Soci\u00e9t\u00e9 #Sport","sameAs":["https:\/\/x.com\/AazzabEtienne"],"url":"https:\/\/lyonbondyblog.fr\/LBB\/author\/etienne\/"}]}},"_links":{"self":[{"href":"https:\/\/lyonbondyblog.fr\/LBB\/wp-json\/wp\/v2\/posts\/10587","targetHints":{"allow":["GET"]}}],"collection":[{"href":"https:\/\/lyonbondyblog.fr\/LBB\/wp-json\/wp\/v2\/posts"}],"about":[{"href":"https:\/\/lyonbondyblog.fr\/LBB\/wp-json\/wp\/v2\/types\/post"}],"author":[{"embeddable":true,"href":"https:\/\/lyonbondyblog.fr\/LBB\/wp-json\/wp\/v2\/users\/33"}],"replies":[{"embeddable":true,"href":"https:\/\/lyonbondyblog.fr\/LBB\/wp-json\/wp\/v2\/comments?post=10587"}],"version-history":[{"count":0,"href":"https:\/\/lyonbondyblog.fr\/LBB\/wp-json\/wp\/v2\/posts\/10587\/revisions"}],"wp:featuredmedia":[{"embeddable":true,"href":"https:\/\/lyonbondyblog.fr\/LBB\/wp-json\/wp\/v2\/media\/10588"}],"wp:attachment":[{"href":"https:\/\/lyonbondyblog.fr\/LBB\/wp-json\/wp\/v2\/media?parent=10587"}],"wp:term":[{"taxonomy":"category","embeddable":true,"href":"https:\/\/lyonbondyblog.fr\/LBB\/wp-json\/wp\/v2\/categories?post=10587"},{"taxonomy":"post_tag","embeddable":true,"href":"https:\/\/lyonbondyblog.fr\/LBB\/wp-json\/wp\/v2\/tags?post=10587"}],"curies":[{"name":"wp","href":"https:\/\/api.w.org\/{rel}","templated":true}]}}