{"id":10489,"date":"2016-11-26T14:41:56","date_gmt":"2016-11-26T13:41:56","guid":{"rendered":"http:\/\/lyonbondyblog.fr\/LBB\/?p=10489"},"modified":"2016-11-26T20:22:25","modified_gmt":"2016-11-26T19:22:25","slug":"legislative-2017-bataille-de-valeurs-premiere-circonscription","status":"publish","type":"post","link":"https:\/\/lyonbondyblog.fr\/LBB\/legislative-2017-bataille-de-valeurs-premiere-circonscription\/","title":{"rendered":"L\u00e9gislative 2017\u00a0: bataille de valeurs dans la premi\u00e8re circonscription"},"content":{"rendered":"<p><b>Dans la premi\u00e8re circonscription du Rh\u00f4ne, Djida Tazda\u00eft, figure de proue du mouvement des beurs (voir notre interview, plus bas) dans les ann\u00e9es 80, fera face \u00e0 Anne Lorne, catholique conservatrice proche de la Manif pour tous. La premi\u00e8re est d\u00e9termin\u00e9e \u00e0 livrer bataille jusqu&rsquo;au bout pour d\u00e9fendre sa vision inclusive et progressiste de la soci\u00e9t\u00e9. Mais le succ\u00e8s de Fran\u00e7ois Fillon \u00e0 la primaire de la droite joue en sa d\u00e9faveur.<\/b><\/p>\n<p>&nbsp;<\/p>\n<div class=\"mceTemp\">\n<p style=\"text-align: center;\"><span style=\"font-family: 'Times New Roman', serif; color: #333333;\"><span style=\"font-size: medium;\"><span style=\"font-size: xx-large;\"><b>La vague <span style=\"font-size: 24pt;\">Fillon<\/span> chamboule l&rsquo;\u00e9quation<\/b><\/span><\/span><\/span><\/p>\n<p><span style=\"color: #333333;\"><strong>Avec une victoire d&rsquo;Alain Jupp\u00e9 \u00e0 la primaire, que les sondages anticipaient, la candidate UDI avait le vent dans le dos. Mais la victoire qui se dessine pour Fran\u00e7ois Fillon change la donne.<\/strong><\/span><\/p>\n<p align=\"JUSTIFY\"><span style=\"font-family: 'Times New Roman', serif; color: #333333;\"><span style=\"font-size: medium;\">La semaine derni\u00e8re, l&rsquo;Union des d\u00e9mocrates ind\u00e9pendants (UDI \u2013 centre) se jetait dans la bataille pour la d\u00e9putation pleine de confiance, dans la&nbsp;premi\u00e8re circonscription du Rh\u00f4ne, \u00e0 Lyon. Aujourd&rsquo;hui, elle n&rsquo;est plus s\u00fbre de rien. Sa championne semblait toute trouv\u00e9e&nbsp;: Djida Tazda\u00eft, figure lyonnaise de la lutte contre le racisme et pour l&rsquo;\u00e9galit\u00e9, qui milite pour la coh\u00e9sion sociale et nationale. Elle avait lanc\u00e9 sa campagne pour l&rsquo;\u00e9lection l\u00e9gislative de 2017 mercredi 16 novembre en pr\u00e9sence des cadres locaux du parti. Face \u00e0 elle, Anne Lorne, d\u00e9l\u00e9gu\u00e9e nationale du mouvement Sens commun, un lobby de droite ultra-conservateur issu de la Manif pour tous. Mais l&rsquo;UDI misait sur la victoire annonc\u00e9e d&rsquo;Alain Jupp\u00e9 et de sa ligne plus centriste \u00e0 la primaire de la droite et du centre. La d\u00e9ferlante de votes qui a port\u00e9 Fran\u00e7ois Fillon au rang de favori lors du premier tour, dimanche 20 novembre, bouleverse tous les plans.<\/span><\/span><\/p>\n<p align=\"JUSTIFY\"><span style=\"font-family: 'Times New Roman', serif; color: #0000ff;\"><span style=\"font-size: medium;\">Voir le sous article <em>Premi\u00e8re circonscription du Rh\u00f4ne<\/em>, en pied de page.<\/span><\/span><\/p>\n<p align=\"JUSTIFY\"><span style=\"font-family: 'Times New Roman', serif; color: #333333;\"><span style=\"font-size: medium;\">Lors des \u00e9lections l\u00e9gislatives, le jeu des alliances entre les partis politiques donne lieu \u00e0 des n\u00e9gociations sur les candidatures pr\u00e9sent\u00e9es dans chaque circonscription. Les formations politiques se mettent d&rsquo;accord pour toutes se ranger derri\u00e8re un candidat dans certaines circonscriptions. L&rsquo;UDI soutient ouvertement Alain Jupp\u00e9 et la ligne qu&rsquo;il d\u00e9fend au sein du parti Les R\u00e9publicains (LR)&nbsp;: en faveur d&rsquo;une Europe plus forte, ce dernier milite pour l&rsquo;\u00e9galit\u00e9 homme \/ femme, parle d&rsquo;une \u00ab&nbsp;identit\u00e9 heureuse&nbsp;\u00bb et promet une pr\u00e9sidence ouverte et plurielle. S&rsquo;il gagnait la primaire, les centristes sont quasiment s\u00fbrs que leur candidate serait soutenue par LR dans la premi\u00e8re circonscription du Rh\u00f4ne . Peut-\u00eatre m\u00eame de voir son adversaire \u00e9cart\u00e9e.<\/span><\/span><\/p>\n<p align=\"JUSTIFY\"><span style=\"color: #333333;\"><strong>Deux profils, deux visions<\/strong><\/span><\/p>\n<\/div>\n<figure id=\"attachment_10502\" aria-describedby=\"caption-attachment-10502\" style=\"width: 173px\" class=\"wp-caption alignleft\"><img loading=\"lazy\" decoding=\"async\" class=\" wp-image-10502\" src=\"https:\/\/lyonbondyblog.fr\/LBB\/wp-content\/uploads\/2016\/11\/S1360089.jpg\" alt=\"Djida Tazda\u00eft , candidate UDI \u00e0 l'\u00e9lection l\u00e9gislative dans la premi\u00e8re circonscription du Rh\u00f4ne. Photo Alban Elka\u00efm\" width=\"173\" height=\"230\" srcset=\"https:\/\/lyonbondyblog.fr\/LBB\/wp-content\/uploads\/2016\/11\/S1360089.jpg 2136w, https:\/\/lyonbondyblog.fr\/LBB\/wp-content\/uploads\/2016\/11\/S1360089-225x300.jpg 225w, https:\/\/lyonbondyblog.fr\/LBB\/wp-content\/uploads\/2016\/11\/S1360089-768x1024.jpg 768w, https:\/\/lyonbondyblog.fr\/LBB\/wp-content\/uploads\/2016\/11\/S1360089-600x800.jpg 600w\" sizes=\"auto, (max-width: 173px) 100vw, 173px\" \/><figcaption id=\"caption-attachment-10502\" class=\"wp-caption-text\">Djida Tazda\u00eft , candidate UDI \u00e0 l&rsquo;\u00e9lection l\u00e9gislative dans la premi\u00e8re circonscription du Rh\u00f4ne. Photo Alban Elka\u00efm<\/figcaption><\/figure>\n<p align=\"JUSTIFY\"><span style=\"font-family: 'Times New Roman', serif; color: #333333;\"><span style=\"font-size: medium;\">Djida Tazda\u00eft avait le profil. N\u00e9e en Alg\u00e9rie il y a 59 ans, elle est arriv\u00e9e en France \u00e0 six ans, dans une cit\u00e9 de transit. Loin de la politique, ses premiers engagements naissent dans les mouvements pour les droits des \u00e9trangers qui ont travers\u00e9 les ann\u00e9es 70 et 80. Elle en est l&rsquo;une des figures de proue \u00e0 Lyon (<a href=\"https:\/\/lyonbondyblog.fr\/LBB\/grande-soeur-qui-na-pas-marche\/\">voir notre portrait<\/a>). Elle est \u00e9galement la premi\u00e8re d\u00e9put\u00e9e fran\u00e7aise d&rsquo;origine maghr\u00e9bine \u00e0 si\u00e9ger au parlement europ\u00e9en, o\u00f9 elle promeut la cause des immigr\u00e9s, de la jeunesse populaire et la justice sociale. Europ\u00e9enne convaincue, elle r\u00e9p\u00e8te \u00e0 qui veut l&rsquo;entendre&nbsp;: \u00ab&nbsp;Il n&rsquo;y a pas un Fran\u00e7ais, une couleur, une religion qui doivent \u00eatre exclu de la R\u00e9publique. Sinon, comment peut-on parler de coh\u00e9sion, de ciment r\u00e9publicain, de nation qui porte les valeurs universelles&nbsp;?&nbsp;\u00bb<\/span><\/span><\/p>\n<p align=\"JUSTIFY\"><span style=\"font-family: 'Times New Roman', serif; color: #333333;\"><span style=\"font-size: medium;\">Sa concurrente \u00e0 droite, Anne Lorne, affiche un CV d&rsquo;un autre type. Chef d&rsquo;entreprise de 37 ans, elle a grandi dans une famille catholique du quartier de Saint-Just. Tr\u00e8s active sur Twitter, elle y estime notamment qu&rsquo; \u00ab&nbsp;il faut se battre pour faire reconna\u00eetre le mariage religieux comme le seul mariage valide, sans passage \u00e0 la mairie&nbsp;\u00bb, ou retweete avec enthousiasme : \u00ab Le candidat de la France enracin\u00e9e contre celui du multiculturalisme. Il faut soutenir @FrancoisFillon&nbsp;\u00bb, Charles Beigbeder. Conseill\u00e8re r\u00e9gionale, elle est \u00e9galement d\u00e9l\u00e9gu\u00e9e nationale de Sens commun, un mouvement tr\u00e8s conservateur n\u00e9 dans les rassemblements anti-mariage gay de la Manif pour tous et qui tente de peser sur les orientations politiques de LR. Anne Lorne est l&rsquo;un des sept membres que le mouvement a r\u00e9ussi \u00e0 imposer comme candidats pour les \u00e9lections l\u00e9gislatives de 2017. Sa candidature a \u00e9t\u00e9 port\u00e9e dans la circonscription par Laurent Wauquiez, pr\u00e9sident par int\u00e9rim de LR, pr\u00e9sident de la r\u00e9gion Auvergne-Rh\u00f4ne-Alpes, et partisan d&rsquo;une ligne dure dans le parti.<\/span><\/span><\/p>\n<figure id=\"attachment_10504\" aria-describedby=\"caption-attachment-10504\" style=\"width: 356px\" class=\"wp-caption aligncenter\"><img loading=\"lazy\" decoding=\"async\" class=\" wp-image-10504\" src=\"https:\/\/lyonbondyblog.fr\/LBB\/wp-content\/uploads\/2016\/11\/Brochure-Anne-Lorne.png\" alt=\"Anne Lorne, candidate LR \u00e0 l'\u00e9lection l\u00e9gislative dans la premi\u00e8re circonscription du R\u00f4ne. Capture d'\u00e9cran de Annelorne.com \" width=\"356\" height=\"159\" srcset=\"https:\/\/lyonbondyblog.fr\/LBB\/wp-content\/uploads\/2016\/11\/Brochure-Anne-Lorne.png 1348w, https:\/\/lyonbondyblog.fr\/LBB\/wp-content\/uploads\/2016\/11\/Brochure-Anne-Lorne-300x134.png 300w, https:\/\/lyonbondyblog.fr\/LBB\/wp-content\/uploads\/2016\/11\/Brochure-Anne-Lorne-768x342.png 768w, https:\/\/lyonbondyblog.fr\/LBB\/wp-content\/uploads\/2016\/11\/Brochure-Anne-Lorne-1024x457.png 1024w, https:\/\/lyonbondyblog.fr\/LBB\/wp-content\/uploads\/2016\/11\/Brochure-Anne-Lorne-600x268.png 600w\" sizes=\"auto, (max-width: 356px) 100vw, 356px\" \/><figcaption id=\"caption-attachment-10504\" class=\"wp-caption-text\">Anne Lorne, candidate LR \u00e0 l&rsquo;\u00e9lection l\u00e9gislative dans la premi\u00e8re circonscription du R\u00f4ne. Capture d&rsquo;\u00e9cran de www.annelorne.com<\/figcaption><\/figure>\n<p align=\"JUSTIFY\"><span style=\"font-family: 'Times New Roman', serif; color: #333333;\"><span style=\"font-size: medium;\">&nbsp;<\/span><\/span><\/p>\n<p align=\"JUSTIFY\"><span style=\"color: #333333;\"><strong>Une arithm\u00e9tique implacable<\/strong><\/span><\/p>\n<p align=\"JUSTIFY\"><span style=\"font-family: 'Times New Roman', serif; color: #333333;\"><span style=\"font-size: medium;\">Le message de Djida Tazda\u00eft trouve un \u00e9cho favorable chez les partisans d&rsquo;Alain Jupp\u00e9. Mais celui port\u00e9 par Anne Lorne pourrait en trouver beaucoup plus chez les partisans de la ligne Fillon. Surtout que ce dernier a re\u00e7u le soutien de Sens commun, avec qui il affirme une certaine proximit\u00e9 id\u00e9ologique.<\/span><\/span><\/p>\n<p align=\"JUSTIFY\"><span style=\"font-family: 'Times New Roman', serif; color: #333333;\"><span style=\"font-size: medium;\">Et si l&rsquo;ancien Premier ministre de Nicolas Sarkozy l&#8217;emporte dimanche 27 novembre ? Avec un score de 44 % au premier tour, contre 35 pour Alain Jupp\u00e9, il est cr\u00e9dit\u00e9 de&nbsp;65 % des intentions de vote dans le sondage IFOP-Fiducial paru mercredi 24 novembre. \u00ab&nbsp;\u00c7a confirmera certainement mon adversaire \u00bb. Djida Tazda\u00eft affiche ses divergences avec la ligne Fillon&nbsp;: \u00ab&nbsp;L&rsquo;\u00e9galit\u00e9 homme \/ femme, la d\u00e9fense du droit des homosexuels et l&rsquo;Europe, ce sont des questions fondamentalement r\u00e9dhibitoires pour moi.&nbsp;\u00bb Mais selon elle, au niveau national, l&rsquo;UDI discutera avec LR, quel que soit le r\u00e9sultat. Et de pr\u00e9venir&nbsp;: \u00ab&nbsp;Il va de soi que je ne discuterai ni ne n\u00e9gocierai quoi que ce soit avec Anne Lorne, ni au premier, ni au dernier tour. Question de principes et de valeurs. \u00bb<\/span><\/span><\/p>\n<p align=\"JUSTIFY\"><span style=\"color: #333333;\">&nbsp;<\/span><\/p>\n<p style=\"text-align: center;\" align=\"JUSTIFY\"><span style=\"font-size: 24pt; font-family: arial, helvetica, sans-serif; color: #003366;\"><b>Djida Tazda\u00eft : \u00ab Rappeler aux jeunes que l&rsquo;engagement politique est un combat \u00bb<\/b><\/span><\/p>\n<p style=\"text-align: center;\" align=\"JUSTIFY\"><img loading=\"lazy\" decoding=\"async\" class=\"wp-image-10501\" src=\"https:\/\/lyonbondyblog.fr\/LBB\/wp-content\/uploads\/2016\/11\/S1360087.jpg\" alt=\"s1360087\" width=\"736\" height=\"414\" srcset=\"https:\/\/lyonbondyblog.fr\/LBB\/wp-content\/uploads\/2016\/11\/S1360087.jpg 3200w, https:\/\/lyonbondyblog.fr\/LBB\/wp-content\/uploads\/2016\/11\/S1360087-300x169.jpg 300w, https:\/\/lyonbondyblog.fr\/LBB\/wp-content\/uploads\/2016\/11\/S1360087-768x432.jpg 768w, https:\/\/lyonbondyblog.fr\/LBB\/wp-content\/uploads\/2016\/11\/S1360087-1024x576.jpg 1024w, https:\/\/lyonbondyblog.fr\/LBB\/wp-content\/uploads\/2016\/11\/S1360087-600x338.jpg 600w, https:\/\/lyonbondyblog.fr\/LBB\/wp-content\/uploads\/2016\/11\/S1360087-1140x641.jpg 1140w\" sizes=\"auto, (max-width: 736px) 100vw, 736px\" \/><\/p>\n<p align=\"JUSTIFY\"><span style=\"color: #003366;\"><strong>La candidate UDI d\u00e9voile sa vision de la politique et les projet qu&rsquo;elle compte pousser ou soutenir \u00e0 l&rsquo;Assmbl\u00e9e nationale si elle est \u00e9lue d\u00e9put\u00e9.<\/strong><\/span><\/p>\n<p align=\"JUSTIFY\"><span style=\"font-family: arial, helvetica, sans-serif; color: #003366;\">Elle a \u00e9t\u00e9 de toutes les batailles&#8230; Toutes&nbsp;? Non. Bien s\u00fbr, elle a rat\u00e9 la \u00ab&nbsp;Marche des beurs&nbsp;\u00bb, d\u00e9lib\u00e9r\u00e9ment, par conviction (voir notre portrait). C&rsquo;est pourtant elle qui \u00e0 porter le combat fran\u00e7ais pour l&rsquo;\u00e9galit\u00e9 et contre la discrimination devant l&rsquo;Europe, en devenant la premi\u00e8re d\u00e9put\u00e9e europ\u00e9enne fran\u00e7aise d&rsquo;origine maghr\u00e9bine, en 1989. N\u00e9e en Alg\u00e9rie il y a pr\u00e8s de soixante ans, Djida Tazda\u00eft a atterri \u00e0 6 ans dans une cit\u00e9 de transit, pr\u00e8s de Lyon, et fait partie des pionni\u00e8res du \u00ab&nbsp;mouvement des beurs&nbsp;\u00bb. Mercredi 16 novembre, elle a lanc\u00e9 sa campagne pour l&rsquo;\u00e9lection l\u00e9gislative dans la premi\u00e8re circonscription du Rh\u00f4ne. Elle roule pour l&rsquo;Union d\u00e9mocrate ind\u00e9pendante (UDI) et compte promouvoir la coh\u00e9sion sociale de tous les Fran\u00e7ais \u00e0 l&rsquo;Assembl\u00e9e nationale, alors que le d\u00e9bat sur l&rsquo;identit\u00e9 fait rage \u00e0 quelques mois de la pr\u00e9sidentielle. Entretien.<\/span><\/p>\n<p align=\"JUSTIFY\"><span style=\"font-family: arial, helvetica, sans-serif; color: #003366;\"><b>Que pensez-vous que votre candidature puisse apporter \u00e0 la jeunesse populaire sur votre circonscription&nbsp;?<\/b><\/span><\/p>\n<p align=\"JUSTIFY\"><span style=\"font-family: arial, helvetica, sans-serif; color: #003366;\">Je crois que nous sommes d&rsquo;une g\u00e9n\u00e9ration assez clairvoyante. A l&rsquo;\u00e9poque, nous n&rsquo;avions aucun complexe \u00e0 nous afficher Fran\u00e7ais. Nous n&rsquo;avions jamais dout\u00e9 du fait que nous faisions partie int\u00e9grante de la R\u00e9publique. C&rsquo;est en cheminement que nous nous sommes aper\u00e7u qu&rsquo;il y avait des blocages. A l&rsquo;\u00e9poque, il y avait beaucoup plus de violence raciste. Que ce soit la police ou des militants identitaires.<\/span><\/p>\n<p align=\"JUSTIFY\"><span style=\"font-family: arial, helvetica, sans-serif; color: #003366;\">Il faut rappeler aux jeunes des quartiers populaires que ces combats l\u00e0 leur appartiennent. Leurs parents se sont battus. Cela fait partie de l&rsquo;histoire de France, et c&rsquo;est leur histoire.<\/span><\/p>\n<p align=\"JUSTIFY\"><span style=\"font-family: arial, helvetica, sans-serif; color: #003366;\"><b>Quel message aimeriez-vous faire passer \u00e0 cette jeunesse ?<\/b><\/span><\/p>\n<p align=\"JUSTIFY\"><span style=\"font-family: arial, helvetica, sans-serif; color: #003366;\">L&rsquo;avenir est entre vos mains. C&rsquo;est \u00e0 vous de changer la donne. Que vous n&rsquo;ayez pas assez de choix \u00e0 l&rsquo;\u00e9cole, c&rsquo;est vrai. Que ce soit difficile pour trouver un boulot, c&rsquo;est vrai. Mais c&rsquo;est une bataille. Un \u00e9lu comme moi, qui vient de sa petite cit\u00e9 de transite, issu d&rsquo;une famille moderne, qui arrive en politique du fait des rapports de forces et de la visibilit\u00e9 qu&rsquo;il a acquis au cours des luttes, il doit montrer que l&rsquo;engagement politique est un combat.<\/span><\/p>\n<p align=\"JUSTIFY\"><span style=\"font-family: arial, helvetica, sans-serif; color: #003366;\"><b>Vous pointez un des politiques de la ville. Pourquoi&nbsp;? Et comment les rendre plus efficaces&nbsp;?<\/b><\/span><\/p>\n<p align=\"JUSTIFY\"><span style=\"font-family: arial, helvetica, sans-serif; color: #003366;\">Que les politiques fassent preuve d&#8217;empathie. Qu&rsquo;ils disent qu&rsquo;ils s&rsquo;engagent pour les autres, et pas seulement qu&rsquo;ils le disent, qu&rsquo;ils le fassent. On parle souvent de l&rsquo;argent qui est investi dans les banlieues, mais cela n&rsquo;impacte pas les populations cibles. Donc il y a bien un probl\u00e8me. Ce n&rsquo;est pas que l&rsquo;argent, c&rsquo;est aussi la gestion de la politique de la ville qu&rsquo;il faudrait remettre \u00e0 plat. Il faut de la transparence&nbsp;: que l&rsquo;on sache o\u00f9 va l&rsquo;argent de la politique de la ville, qui en profite, qui est responsable.<\/span><\/p>\n<p align=\"JUSTIFY\"><span style=\"font-family: arial, helvetica, sans-serif; color: #003366;\"><b>Vous parlez de r\u00e9former le syst\u00e8me \u00e9ducatif. Pourquoi&nbsp;?<\/b><\/span><\/p>\n<p align=\"JUSTIFY\"><span style=\"font-family: arial, helvetica, sans-serif; color: #003366;\">L&rsquo;\u00e9ducation repr\u00e9sente le premier budget de la France. Pourtant, les r\u00e9sultats ne suivent pas. C&rsquo;est que ce n&rsquo;est pas un probl\u00e8me de moyen, c&rsquo;est un probl\u00e8me de m\u00e9thode. Aujourd&rsquo;hui, l&rsquo;\u00e9cole produit de l&rsquo;exclusion au lieu d&rsquo;inclure. Il faudrait mettre tout le monde autour de la table pour \u00e9laborer une vraie r\u00e9forme de fond et \u00e9viter le blocage. Le blocage est un probl\u00e8me fran\u00e7ais. Pour l&rsquo;\u00e9viter, il faut consulter tout le monde. Pour le reste, il faut une r\u00e9forme de fond sur les m\u00e9thodes d&rsquo;enseignement. Sur l&rsquo;encadrement. Je crois qu&rsquo;il faut que leur formation les baigne vraiment dans les nouvelles technologies, dans les nouvelles mani\u00e8res d&rsquo;\u00e9duquer, de recadrer l&rsquo;instruction au milieu de tout ce qui est \u00e9ducatif ou du prolongement ext\u00e9rieur de l&rsquo;\u00e9cole.<\/span><\/p>\n<p align=\"JUSTIFY\"><span style=\"font-family: arial, helvetica, sans-serif; color: #003366;\"><b>Pour vous, l&rsquo;engagement associatif est une fa\u00e7on de s&rsquo;approprier sa citoyennet\u00e9 et d&rsquo;aller vers les institutions. Comment le favoriser&nbsp;?<\/b><\/span><\/p>\n<p align=\"JUSTIFY\"><span style=\"font-family: arial, helvetica, sans-serif; color: #003366;\">Je pense qu&rsquo;il faut renforcer le statut de b\u00e9n\u00e9vole, au m\u00eame titre que le statut des \u00e9lus. C&rsquo;est incroyable, sans les milliers de b\u00e9n\u00e9voles, ce que serait la ville. Elle ne serait ni \u00e9panouie, ni coh\u00e9rente. Il faut aider cet engagement. Il faut cr\u00e9er un statut de b\u00e9n\u00e9vole fort avec des compensations retraites, des compensations familiales. Aujourd&rsquo;hui, les b\u00e9n\u00e9vole paient de leur poche, par exemple, quand ils prennent la voiture pour aller accompagner des gamins quelque part.<\/span><\/p>\n<p align=\"JUSTIFY\"><span style=\"font-family: arial, helvetica, sans-serif; color: #003366;\"><b>Quels sont les valeurs que vous portez&nbsp;?<\/b><\/span><\/p>\n<p align=\"JUSTIFY\"><span style=\"font-family: arial, helvetica, sans-serif; color: #003366;\">Je me bats pour la coh\u00e9sion sociale, la coh\u00e9sion nationale et l&rsquo;\u00e9quit\u00e9. Aujourd&rsquo;hui, ces id\u00e9es sont partout en recul, du fait du contexte international et de la crispation sur l&rsquo;identit\u00e9 de la nation. Il n&rsquo;y a pas un Fran\u00e7ais, une couleur, une religion qui doivent \u00eatre exclu de la R\u00e9publique. Sinon, comment peut-on parler de coh\u00e9sion, de ciment r\u00e9publicain, de nation qui porte les valeurs universelles&nbsp;?<\/span><\/p>\n<p align=\"JUSTIFY\"><span style=\"font-family: arial, helvetica, sans-serif; color: #003366;\"><b>L&rsquo;identit\u00e9 est un th\u00e8me phare dans le d\u00e9bat politique actuel. Quel est votre point de vue sur la question&nbsp;?<\/b><\/span><\/p>\n<p align=\"JUSTIFY\"><span style=\"font-family: arial, helvetica, sans-serif; color: #003366;\">Je crois que chaque Fran\u00e7ais a une id\u00e9e de l&rsquo;identit\u00e9 \u00e0 laquelle il adh\u00e8re. Du Breton, aux Basques en passant par les Kabyles, les Arabes, les Africains, les Juifs, les africains d&rsquo;origines mais aussi l&rsquo;outre-mer, fran\u00e7aise depuis des si\u00e8cles. C&rsquo;est la couleur de la France. Il ne faut pas instiller de crispation dans ce d\u00e9bat-l\u00e0. Un d\u00e9bat apais\u00e9 sur qui nous sommes, nous les Fran\u00e7ais et o\u00f9 nous allons, pourquoi pas&nbsp;? Dans une famille, il y a des discussions de ce type. Pourquoi ne pas les avoir \u00e0 l&rsquo;\u00e9chelle de la France. Mais que cela ne donne pas lieu \u00e0 la cristallisation d&rsquo;un d\u00e9bat identitaire focalis\u00e9 sur une minorit\u00e9. Je regrette que derri\u00e8re certains d\u00e9bats sur l&rsquo;identit\u00e9 se cache un certain racisme politique.<\/span><\/p>\n<p align=\"JUSTIFY\"><span style=\"font-family: arial, helvetica, sans-serif; color: #003366;\"><b>Pourquoi dites-vous que vous vous battrez avec plus force encore au regard de votre adversaire&nbsp;?<\/b><\/span><\/p>\n<p align=\"JUSTIFY\"><span style=\"font-family: arial, helvetica, sans-serif; color: #003366;\">J&rsquo;ai lu son p\u00e9digr\u00e9e, ce n&rsquo;est pas rassurant. Elle fait partie de Sens commun (Lobby de droite ultra-conservateur NDLR) et a des positions qui se rapprochent de celles de Robert M\u00e9nard (maire de B\u00e9zier, \u00e9lu avec le soutien du Front national et qui m\u00e8ne une politique controvers\u00e9e NDLR) et de l&rsquo;extr\u00eame droite. Et sur la question du combat des valeurs, nous sommes partis pour le mener quoi qu&rsquo;il arrive.<\/span><\/p>\n<p>&nbsp;<\/p>\n<p style=\"text-align: center;\"><span style=\"color: #808080; font-size: 24pt;\"><b>La premi\u00e8re circonscription du Rh\u00f4ne<\/b><\/span><\/p>\n<p style=\"text-align: left;\"><span style=\"color: #808080;\">La premi\u00e8re circonscription du Rh\u00f4ne s&rsquo;\u00e9tale sur les 9e, 5e, 2e, 7e et 8e, arrondissements. Elle rassemble des quartiers aussi diff\u00e9rents que Saint-Just, le Vieux Lyon et Les \u00c9tats-Unis. \u00ab\u00a0Certains quartiers sont fortement ghetto\u00efs\u00e9s, alors que d&rsquo;autres zones sont plus ais\u00e9es&nbsp;\u00bb, r\u00e9sume Djida Tazda\u00eft, candidate de l&rsquo;Union des d\u00e9mocrates ind\u00e9pendants (UDI) pour l&rsquo;\u00e9lection l\u00e9gislative sur cette circonscription.<\/span><\/p>\n<!-- AddThis Advanced Settings generic via filter on the_content --><!-- AddThis Share Buttons generic via filter on the_content -->","protected":false},"excerpt":{"rendered":"<p>Dans la premi\u00e8re circonscription du Rh\u00f4ne, Djida Tazda\u00eft, figure de proue du mouvement des beurs (voir notre interview, plus bas) dans les ann\u00e9es 80, fera &hellip; <!-- AddThis Advanced Settings generic via filter on wp_trim_excerpt --><!-- AddThis Share Buttons generic via filter on wp_trim_excerpt --><\/p>\n","protected":false},"author":614,"featured_media":10511,"comment_status":"open","ping_status":"open","sticky":false,"template":"","format":"standard","meta":{"_FSMCFIC_featured_image_caption":"","_FSMCFIC_featured_image_nocaption":"","_FSMCFIC_featured_image_hide":"","footnotes":""},"categories":[4],"tags":[],"class_list":["post-10489","post","type-post","status-publish","format-standard","has-post-thumbnail","hentry","category-lyon"],"yoast_head":"<!-- This site is optimized with the Yoast SEO plugin v22.8 - https:\/\/yoast.com\/wordpress\/plugins\/seo\/ -->\n<title>L\u00e9gislative 2017\u00a0: bataille de valeurs dans la premi\u00e8re circonscription - Lyon Bondy Blog<\/title>\n<meta name=\"robots\" content=\"index, follow, max-snippet:-1, max-image-preview:large, max-video-preview:-1\" \/>\n<link rel=\"canonical\" href=\"https:\/\/lyonbondyblog.fr\/LBB\/legislative-2017-bataille-de-valeurs-premiere-circonscription\/\" \/>\n<meta property=\"og:locale\" content=\"fr_FR\" \/>\n<meta property=\"og:type\" content=\"article\" \/>\n<meta property=\"og:title\" content=\"L\u00e9gislative 2017\u00a0: bataille de valeurs dans la premi\u00e8re circonscription - Lyon Bondy Blog\" \/>\n<meta property=\"og:description\" content=\"Dans la premi\u00e8re circonscription du Rh\u00f4ne, Djida Tazda\u00eft, figure de proue du mouvement des beurs (voir notre interview, plus bas) dans les ann\u00e9es 80, fera &hellip;\" \/>\n<meta property=\"og:url\" content=\"https:\/\/lyonbondyblog.fr\/LBB\/legislative-2017-bataille-de-valeurs-premiere-circonscription\/\" \/>\n<meta property=\"og:site_name\" content=\"Lyon Bondy Blog\" \/>\n<meta property=\"article:publisher\" content=\"https:\/\/www.facebook.com\/lyonbondyblog\" \/>\n<meta property=\"article:published_time\" content=\"2016-11-26T13:41:56+00:00\" \/>\n<meta property=\"article:modified_time\" content=\"2016-11-26T19:22:25+00:00\" \/>\n<meta property=\"og:image\" content=\"https:\/\/lyonbondyblog.fr\/LBB\/wp-content\/uploads\/2016\/11\/Djida-VS-Anne-Lorne.jpg\" \/>\n\t<meta property=\"og:image:width\" content=\"3115\" \/>\n\t<meta property=\"og:image:height\" content=\"1374\" \/>\n\t<meta property=\"og:image:type\" content=\"image\/jpeg\" \/>\n<meta name=\"author\" content=\"Alban Elkaim\" \/>\n<meta name=\"twitter:card\" content=\"summary_large_image\" \/>\n<meta name=\"twitter:creator\" content=\"@bondybloglyon\" \/>\n<meta name=\"twitter:site\" content=\"@bondybloglyon\" \/>\n<script type=\"application\/ld+json\" class=\"yoast-schema-graph\">{\"@context\":\"https:\/\/schema.org\",\"@graph\":[{\"@type\":\"Article\",\"@id\":\"https:\/\/lyonbondyblog.fr\/LBB\/legislative-2017-bataille-de-valeurs-premiere-circonscription\/#article\",\"isPartOf\":{\"@id\":\"https:\/\/lyonbondyblog.fr\/LBB\/legislative-2017-bataille-de-valeurs-premiere-circonscription\/\"},\"author\":{\"name\":\"Alban Elkaim\",\"@id\":\"https:\/\/lyonbondyblog.fr\/LBB\/#\/schema\/person\/6f66649387d1129eb25021bde07d3fc3\"},\"headline\":\"L\u00e9gislative 2017\u00a0: bataille de valeurs dans la premi\u00e8re circonscription\",\"datePublished\":\"2016-11-26T13:41:56+00:00\",\"dateModified\":\"2016-11-26T19:22:25+00:00\",\"mainEntityOfPage\":{\"@id\":\"https:\/\/lyonbondyblog.fr\/LBB\/legislative-2017-bataille-de-valeurs-premiere-circonscription\/\"},\"wordCount\":2208,\"commentCount\":0,\"publisher\":{\"@id\":\"https:\/\/lyonbondyblog.fr\/LBB\/#organization\"},\"image\":{\"@id\":\"https:\/\/lyonbondyblog.fr\/LBB\/legislative-2017-bataille-de-valeurs-premiere-circonscription\/#primaryimage\"},\"thumbnailUrl\":\"https:\/\/lyonbondyblog.fr\/LBB\/wp-content\/uploads\/2016\/11\/Djida-VS-Anne-Lorne.jpg\",\"articleSection\":[\"Lyon\"],\"inLanguage\":\"fr-FR\",\"potentialAction\":[{\"@type\":\"CommentAction\",\"name\":\"Comment\",\"target\":[\"https:\/\/lyonbondyblog.fr\/LBB\/legislative-2017-bataille-de-valeurs-premiere-circonscription\/#respond\"]}]},{\"@type\":\"WebPage\",\"@id\":\"https:\/\/lyonbondyblog.fr\/LBB\/legislative-2017-bataille-de-valeurs-premiere-circonscription\/\",\"url\":\"https:\/\/lyonbondyblog.fr\/LBB\/legislative-2017-bataille-de-valeurs-premiere-circonscription\/\",\"name\":\"L\u00e9gislative 2017\u00a0: bataille de valeurs dans la premi\u00e8re circonscription - Lyon Bondy Blog\",\"isPartOf\":{\"@id\":\"https:\/\/lyonbondyblog.fr\/LBB\/#website\"},\"primaryImageOfPage\":{\"@id\":\"https:\/\/lyonbondyblog.fr\/LBB\/legislative-2017-bataille-de-valeurs-premiere-circonscription\/#primaryimage\"},\"image\":{\"@id\":\"https:\/\/lyonbondyblog.fr\/LBB\/legislative-2017-bataille-de-valeurs-premiere-circonscription\/#primaryimage\"},\"thumbnailUrl\":\"https:\/\/lyonbondyblog.fr\/LBB\/wp-content\/uploads\/2016\/11\/Djida-VS-Anne-Lorne.jpg\",\"datePublished\":\"2016-11-26T13:41:56+00:00\",\"dateModified\":\"2016-11-26T19:22:25+00:00\",\"inLanguage\":\"fr-FR\",\"potentialAction\":[{\"@type\":\"ReadAction\",\"target\":[\"https:\/\/lyonbondyblog.fr\/LBB\/legislative-2017-bataille-de-valeurs-premiere-circonscription\/\"]}]},{\"@type\":\"ImageObject\",\"inLanguage\":\"fr-FR\",\"@id\":\"https:\/\/lyonbondyblog.fr\/LBB\/legislative-2017-bataille-de-valeurs-premiere-circonscription\/#primaryimage\",\"url\":\"https:\/\/lyonbondyblog.fr\/LBB\/wp-content\/uploads\/2016\/11\/Djida-VS-Anne-Lorne.jpg\",\"contentUrl\":\"https:\/\/lyonbondyblog.fr\/LBB\/wp-content\/uploads\/2016\/11\/Djida-VS-Anne-Lorne.jpg\",\"width\":3115,\"height\":1374,\"caption\":\"A gauche, Djida Tazda\u00eft, candidate \u00e0 l'\u00e9lection l\u00e9gislative dans la premi\u00e8re circonscription du Rh\u00f4ne, \u00e0 gauche, Anne Lorne, son adversaire du camps r\u00e9publicain. Photo Alban Elka\u00efm \/ Capture d'\u00e9cran www.annelorne.com\"},{\"@type\":\"WebSite\",\"@id\":\"https:\/\/lyonbondyblog.fr\/LBB\/#website\",\"url\":\"https:\/\/lyonbondyblog.fr\/LBB\/\",\"name\":\"Lyon Bondy Blog\",\"description\":\"\",\"publisher\":{\"@id\":\"https:\/\/lyonbondyblog.fr\/LBB\/#organization\"},\"potentialAction\":[{\"@type\":\"SearchAction\",\"target\":{\"@type\":\"EntryPoint\",\"urlTemplate\":\"https:\/\/lyonbondyblog.fr\/LBB\/?s={search_term_string}\"},\"query-input\":\"required name=search_term_string\"}],\"inLanguage\":\"fr-FR\"},{\"@type\":\"Organization\",\"@id\":\"https:\/\/lyonbondyblog.fr\/LBB\/#organization\",\"name\":\"LYON BONDY BLOG\",\"url\":\"https:\/\/lyonbondyblog.fr\/LBB\/\",\"logo\":{\"@type\":\"ImageObject\",\"inLanguage\":\"fr-FR\",\"@id\":\"https:\/\/lyonbondyblog.fr\/LBB\/#\/schema\/logo\/image\/\",\"url\":\"http:\/\/lyonbondyblog.fr\/LBB\/wp-content\/uploads\/2014\/10\/logo-portable-144.png\",\"contentUrl\":\"http:\/\/lyonbondyblog.fr\/LBB\/wp-content\/uploads\/2014\/10\/logo-portable-144.png\",\"width\":144,\"height\":123,\"caption\":\"LYON BONDY BLOG\"},\"image\":{\"@id\":\"https:\/\/lyonbondyblog.fr\/LBB\/#\/schema\/logo\/image\/\"},\"sameAs\":[\"https:\/\/www.facebook.com\/lyonbondyblog\",\"https:\/\/x.com\/bondybloglyon\"]},{\"@type\":\"Person\",\"@id\":\"https:\/\/lyonbondyblog.fr\/LBB\/#\/schema\/person\/6f66649387d1129eb25021bde07d3fc3\",\"name\":\"Alban Elkaim\",\"url\":\"https:\/\/lyonbondyblog.fr\/LBB\/author\/alban\/\"}]}<\/script>\n<!-- \/ Yoast SEO plugin. -->","yoast_head_json":{"title":"L\u00e9gislative 2017\u00a0: bataille de valeurs dans la premi\u00e8re circonscription - Lyon Bondy Blog","robots":{"index":"index","follow":"follow","max-snippet":"max-snippet:-1","max-image-preview":"max-image-preview:large","max-video-preview":"max-video-preview:-1"},"canonical":"https:\/\/lyonbondyblog.fr\/LBB\/legislative-2017-bataille-de-valeurs-premiere-circonscription\/","og_locale":"fr_FR","og_type":"article","og_title":"L\u00e9gislative 2017\u00a0: bataille de valeurs dans la premi\u00e8re circonscription - Lyon Bondy Blog","og_description":"Dans la premi\u00e8re circonscription du Rh\u00f4ne, Djida Tazda\u00eft, figure de proue du mouvement des beurs (voir notre interview, plus bas) dans les ann\u00e9es 80, fera &hellip;","og_url":"https:\/\/lyonbondyblog.fr\/LBB\/legislative-2017-bataille-de-valeurs-premiere-circonscription\/","og_site_name":"Lyon Bondy Blog","article_publisher":"https:\/\/www.facebook.com\/lyonbondyblog","article_published_time":"2016-11-26T13:41:56+00:00","article_modified_time":"2016-11-26T19:22:25+00:00","og_image":[{"width":3115,"height":1374,"url":"https:\/\/lyonbondyblog.fr\/LBB\/wp-content\/uploads\/2016\/11\/Djida-VS-Anne-Lorne.jpg","type":"image\/jpeg"}],"author":"Alban Elkaim","twitter_card":"summary_large_image","twitter_creator":"@bondybloglyon","twitter_site":"@bondybloglyon","schema":{"@context":"https:\/\/schema.org","@graph":[{"@type":"Article","@id":"https:\/\/lyonbondyblog.fr\/LBB\/legislative-2017-bataille-de-valeurs-premiere-circonscription\/#article","isPartOf":{"@id":"https:\/\/lyonbondyblog.fr\/LBB\/legislative-2017-bataille-de-valeurs-premiere-circonscription\/"},"author":{"name":"Alban Elkaim","@id":"https:\/\/lyonbondyblog.fr\/LBB\/#\/schema\/person\/6f66649387d1129eb25021bde07d3fc3"},"headline":"L\u00e9gislative 2017\u00a0: bataille de valeurs dans la premi\u00e8re circonscription","datePublished":"2016-11-26T13:41:56+00:00","dateModified":"2016-11-26T19:22:25+00:00","mainEntityOfPage":{"@id":"https:\/\/lyonbondyblog.fr\/LBB\/legislative-2017-bataille-de-valeurs-premiere-circonscription\/"},"wordCount":2208,"commentCount":0,"publisher":{"@id":"https:\/\/lyonbondyblog.fr\/LBB\/#organization"},"image":{"@id":"https:\/\/lyonbondyblog.fr\/LBB\/legislative-2017-bataille-de-valeurs-premiere-circonscription\/#primaryimage"},"thumbnailUrl":"https:\/\/lyonbondyblog.fr\/LBB\/wp-content\/uploads\/2016\/11\/Djida-VS-Anne-Lorne.jpg","articleSection":["Lyon"],"inLanguage":"fr-FR","potentialAction":[{"@type":"CommentAction","name":"Comment","target":["https:\/\/lyonbondyblog.fr\/LBB\/legislative-2017-bataille-de-valeurs-premiere-circonscription\/#respond"]}]},{"@type":"WebPage","@id":"https:\/\/lyonbondyblog.fr\/LBB\/legislative-2017-bataille-de-valeurs-premiere-circonscription\/","url":"https:\/\/lyonbondyblog.fr\/LBB\/legislative-2017-bataille-de-valeurs-premiere-circonscription\/","name":"L\u00e9gislative 2017\u00a0: bataille de valeurs dans la premi\u00e8re circonscription - Lyon Bondy Blog","isPartOf":{"@id":"https:\/\/lyonbondyblog.fr\/LBB\/#website"},"primaryImageOfPage":{"@id":"https:\/\/lyonbondyblog.fr\/LBB\/legislative-2017-bataille-de-valeurs-premiere-circonscription\/#primaryimage"},"image":{"@id":"https:\/\/lyonbondyblog.fr\/LBB\/legislative-2017-bataille-de-valeurs-premiere-circonscription\/#primaryimage"},"thumbnailUrl":"https:\/\/lyonbondyblog.fr\/LBB\/wp-content\/uploads\/2016\/11\/Djida-VS-Anne-Lorne.jpg","datePublished":"2016-11-26T13:41:56+00:00","dateModified":"2016-11-26T19:22:25+00:00","inLanguage":"fr-FR","potentialAction":[{"@type":"ReadAction","target":["https:\/\/lyonbondyblog.fr\/LBB\/legislative-2017-bataille-de-valeurs-premiere-circonscription\/"]}]},{"@type":"ImageObject","inLanguage":"fr-FR","@id":"https:\/\/lyonbondyblog.fr\/LBB\/legislative-2017-bataille-de-valeurs-premiere-circonscription\/#primaryimage","url":"https:\/\/lyonbondyblog.fr\/LBB\/wp-content\/uploads\/2016\/11\/Djida-VS-Anne-Lorne.jpg","contentUrl":"https:\/\/lyonbondyblog.fr\/LBB\/wp-content\/uploads\/2016\/11\/Djida-VS-Anne-Lorne.jpg","width":3115,"height":1374,"caption":"A gauche, Djida Tazda\u00eft, candidate \u00e0 l'\u00e9lection l\u00e9gislative dans la premi\u00e8re circonscription du Rh\u00f4ne, \u00e0 gauche, Anne Lorne, son adversaire du camps r\u00e9publicain. Photo Alban Elka\u00efm \/ Capture d'\u00e9cran www.annelorne.com"},{"@type":"WebSite","@id":"https:\/\/lyonbondyblog.fr\/LBB\/#website","url":"https:\/\/lyonbondyblog.fr\/LBB\/","name":"Lyon Bondy Blog","description":"","publisher":{"@id":"https:\/\/lyonbondyblog.fr\/LBB\/#organization"},"potentialAction":[{"@type":"SearchAction","target":{"@type":"EntryPoint","urlTemplate":"https:\/\/lyonbondyblog.fr\/LBB\/?s={search_term_string}"},"query-input":"required name=search_term_string"}],"inLanguage":"fr-FR"},{"@type":"Organization","@id":"https:\/\/lyonbondyblog.fr\/LBB\/#organization","name":"LYON BONDY BLOG","url":"https:\/\/lyonbondyblog.fr\/LBB\/","logo":{"@type":"ImageObject","inLanguage":"fr-FR","@id":"https:\/\/lyonbondyblog.fr\/LBB\/#\/schema\/logo\/image\/","url":"http:\/\/lyonbondyblog.fr\/LBB\/wp-content\/uploads\/2014\/10\/logo-portable-144.png","contentUrl":"http:\/\/lyonbondyblog.fr\/LBB\/wp-content\/uploads\/2014\/10\/logo-portable-144.png","width":144,"height":123,"caption":"LYON BONDY BLOG"},"image":{"@id":"https:\/\/lyonbondyblog.fr\/LBB\/#\/schema\/logo\/image\/"},"sameAs":["https:\/\/www.facebook.com\/lyonbondyblog","https:\/\/x.com\/bondybloglyon"]},{"@type":"Person","@id":"https:\/\/lyonbondyblog.fr\/LBB\/#\/schema\/person\/6f66649387d1129eb25021bde07d3fc3","name":"Alban Elkaim","url":"https:\/\/lyonbondyblog.fr\/LBB\/author\/alban\/"}]}},"_links":{"self":[{"href":"https:\/\/lyonbondyblog.fr\/LBB\/wp-json\/wp\/v2\/posts\/10489","targetHints":{"allow":["GET"]}}],"collection":[{"href":"https:\/\/lyonbondyblog.fr\/LBB\/wp-json\/wp\/v2\/posts"}],"about":[{"href":"https:\/\/lyonbondyblog.fr\/LBB\/wp-json\/wp\/v2\/types\/post"}],"author":[{"embeddable":true,"href":"https:\/\/lyonbondyblog.fr\/LBB\/wp-json\/wp\/v2\/users\/614"}],"replies":[{"embeddable":true,"href":"https:\/\/lyonbondyblog.fr\/LBB\/wp-json\/wp\/v2\/comments?post=10489"}],"version-history":[{"count":0,"href":"https:\/\/lyonbondyblog.fr\/LBB\/wp-json\/wp\/v2\/posts\/10489\/revisions"}],"wp:featuredmedia":[{"embeddable":true,"href":"https:\/\/lyonbondyblog.fr\/LBB\/wp-json\/wp\/v2\/media\/10511"}],"wp:attachment":[{"href":"https:\/\/lyonbondyblog.fr\/LBB\/wp-json\/wp\/v2\/media?parent=10489"}],"wp:term":[{"taxonomy":"category","embeddable":true,"href":"https:\/\/lyonbondyblog.fr\/LBB\/wp-json\/wp\/v2\/categories?post=10489"},{"taxonomy":"post_tag","embeddable":true,"href":"https:\/\/lyonbondyblog.fr\/LBB\/wp-json\/wp\/v2\/tags?post=10489"}],"curies":[{"name":"wp","href":"https:\/\/api.w.org\/{rel}","templated":true}]}}