{"id":10329,"date":"2016-10-07T16:21:57","date_gmt":"2016-10-07T14:21:57","guid":{"rendered":"http:\/\/lyonbondyblog.fr\/LBB\/?p=10329"},"modified":"2016-10-09T14:38:20","modified_gmt":"2016-10-09T12:38:20","slug":"prison-insider-braque-projecteurs-a-lombre","status":"publish","type":"post","link":"https:\/\/lyonbondyblog.fr\/LBB\/prison-insider-braque-projecteurs-a-lombre\/","title":{"rendered":"Prison Insider braque les projecteurs sur ceux qui sont \u00e0 l&rsquo;ombre"},"content":{"rendered":"<p><strong>Ce nouveau site d&rsquo;information sur les prisons en France et dans le monde se fixe la mission de d\u00e9fendre les droits des d\u00e9tenus et d&rsquo;informer le public sur leur condition, \u00e0 l&rsquo;heure o\u00f9 le Gouvernement multiplie les annonces de cr\u00e9ations de places de prison.<\/strong><\/p>\n<p align=\"JUSTIFY\"><span id=\"p1\">\u00c9clairer les d\u00e9tenus sur leurs droits et le public sur la r\u00e9alit\u00e9 obscure des prisons.<\/span><span id=\"p2\"> Alors que le Premier ministre a annonc\u00e9, jeudi 6 octobre, la cr\u00e9ation <span id=\"8\">de<\/span>\u00a033 nouveaux \u00e9tablissements p\u00e9nitentiaires en France et que le sujet revient r\u00e9guli\u00e8rement sur le devant de la sc\u00e8ne, la t\u00e2che <span id=\"9\">fait<\/span>\u00a0sens plus que jamais.<\/span><span id=\"p3\"> Le site internet Prison <span id=\"10\" class=\"s-rg-t\">Insider<\/span> s&rsquo;y attelle.<\/span><span id=\"p15\"> Il a \u00e9t\u00e9 lanc\u00e9 en grande pompe le 20 septembre, \u00e0 l&rsquo;occasion de la pr\u00e9sentation d&rsquo;un rapport sur la surpopulation carc\u00e9rale par le ministre de la Justice.<\/span><span id=\"p5\"> L&rsquo;objectif est <span id=\"12\">de d\u00e9fendre<\/span> les droits et la dignit\u00e9 des d\u00e9tenus en France et dans le monde.<\/span><span id=\"p6\"> Depuis ses bureaux, \u00e0 La <span id=\"13\" class=\"s-rg-t\">Duch\u00e8re<\/span> <span id=\"p0\">(Lyon 9<sup>e<\/sup>)<\/span>, l&rsquo;\u00e9quipe publie de l&rsquo;information pratique pour aider les prisonniers \u00e0 se saisir de leurs droits.<\/span><span id=\"p7\"> Elle centralise \u00e9galement des donn\u00e9es pour les journalistes et <span id=\"14\">autre sociologues<\/span> et tente de lever le voile sur le monde m\u00e9connu du milieu carc\u00e9ral.<\/span><\/p>\n<h2 align=\"JUSTIFY\">En cas d&rsquo;incarc\u00e9ration<\/h2>\n<p align=\"JUSTIFY\">La premi\u00e8re rubrique du site, \u00ab\u00a0En cas d&rsquo;incarc\u00e9ration\u00a0\u00bb, pr\u00e9sente un r\u00e9sum\u00e9 court et clair des droits dont peuvent se pr\u00e9valoir les personnes enferm\u00e9es. Une carte du monde s&rsquo;affiche d\u00e8s que le visiteur clique, et lui propose de choisir le pays duquel il souhaite conna\u00eetre les r\u00e8gles. Pour l&rsquo;instant, il n&rsquo;y en a que deux, la France et l&rsquo;Italie. \u00ab\u00a0L&rsquo;information existe, mais elle est \u00e9parpill\u00e9e. Il faut se saisir des nouvelles technologies pour la rassembler\u00a0\u00bb, estime Clara Grisot, en charge des r\u00e9saux sociaux et de la valorisation de la recherche.<\/p>\n<p align=\"JUSTIFY\">La rubrique \u00ab\u00a0Ressources\u00a0\u00bb propose, elle, un \u00ab\u00a0comparateur\u00a0\u00bb, assez bien pens\u00e9. L&rsquo;internaute choisi deux pays et l&rsquo;outil affiche en parall\u00e8le les donn\u00e9es concernant la d\u00e9tention dans chacun des deux. L&rsquo;id\u00e9e est de faire ressortir les disparit\u00e9 et d&rsquo;identifier les \u00ab\u00a0Pratiques vertueuses\u00a0\u00bb. On y trouve aussi de nombreux autres chiffres, reportages et t\u00e9moignages.<\/p>\n<p align=\"JUSTIFY\">Clara Grisot, en charge des r\u00e9saux sociaux et de la valorisation de la recherche<\/p>\n<figure id=\"attachment_10348\" aria-describedby=\"caption-attachment-10348\" style=\"width: 300px\" class=\"wp-caption alignright\"><img loading=\"lazy\" decoding=\"async\" class=\"size-medium wp-image-10348\" src=\"https:\/\/lyonbondyblog.fr\/LBB\/wp-content\/uploads\/2016\/09\/S1360043-300x225.jpg\" alt=\"Clara Grisot\" width=\"300\" height=\"225\" srcset=\"https:\/\/lyonbondyblog.fr\/LBB\/wp-content\/uploads\/2016\/09\/S1360043-300x225.jpg 300w, https:\/\/lyonbondyblog.fr\/LBB\/wp-content\/uploads\/2016\/09\/S1360043-768x576.jpg 768w, https:\/\/lyonbondyblog.fr\/LBB\/wp-content\/uploads\/2016\/09\/S1360043-1024x768.jpg 1024w, https:\/\/lyonbondyblog.fr\/LBB\/wp-content\/uploads\/2016\/09\/S1360043-600x450.jpg 600w\" sizes=\"auto, (max-width: 300px) 100vw, 300px\" \/><figcaption id=\"caption-attachment-10348\" class=\"wp-caption-text\">Clara Grisot<\/figcaption><\/figure>\n<blockquote><p>\u00ab\u00a0Le but est d&rsquo;informer correctement. Une fois qu&rsquo;une d\u00e9p\u00eache de l&rsquo;AFP\u00a0tombe et dit\u00a0: \u00a0\u00bbMutinerie \u00e0 la prison de\u00a0Vivonne.\u00a0\u00bb, on n&rsquo;est pas r\u00e9ellement inform\u00e9s. Quel est le quotidien des personnes\u00a0? Comment le vivent-t-elles\u00a0?\u00a0\u00bb<\/p><\/blockquote>\n<h2 align=\"JUSTIFY\">Les coulisses du site<\/h2>\n<p align=\"JUSTIFY\">L&rsquo;id\u00e9e a \u00e9t\u00e9 lanc\u00e9e par <a href=\"https:\/\/lyonbondyblog.fr\/LBB\/bernard-bolze-pr\u2026quance-lamplifie\/\">Bernard Bolze<\/a>, \u00e9ternel d\u00e9fenseur de la cause des d\u00e9tenues (voire notre <a href=\"https:\/\/lyonbondyblog.fr\/LBB\/bernard-bolze-pr\u2026quance-lamplifie\/\">interview du 25 septembre 2106<\/a>). \u00ab\u00a0Toute mon existence, je me suis int\u00e9ress\u00e9 \u00e0 la question de l&rsquo;enferment pour combattre les mauvais traitement et produire de l&rsquo;information sur les conditions de d\u00e9tentions\u00a0\u00bb, r\u00e9sume-t-il. Membre de l&rsquo;\u00e9quipe du Contr\u00f4leur g\u00e9n\u00e9ral des lieux de privation de libert\u00e9s (CGPL) entre 2008 et 2013, il a visit\u00e9 de nombreuses prisons et particip\u00e9 \u00e0 la r\u00e9daction d&rsquo;autant de rapports officiels. Fin connaisseur de la question, il avait d\u00e9j\u00e0 lanc\u00e9 un Observatoire international des prisions (OIP) en 1990.<\/p>\n<div>\n<dl id=\"attachment_10351\">\n<dt><\/dt>\n<dd>\n<figure id=\"attachment_10351\" aria-describedby=\"caption-attachment-10351\" style=\"width: 300px\" class=\"wp-caption alignleft\"><img loading=\"lazy\" decoding=\"async\" class=\"size-medium wp-image-10351\" src=\"https:\/\/lyonbondyblog.fr\/LBB\/wp-content\/uploads\/2016\/09\/Bureau-Prinon-Insider-300x228.jpg\" alt=\"L'\u00e9quipe en plein travail, deux jours apr\u00e8s le lancement officiel du site. Photo Alban Elka\u00efm\" width=\"300\" height=\"228\" srcset=\"https:\/\/lyonbondyblog.fr\/LBB\/wp-content\/uploads\/2016\/09\/Bureau-Prinon-Insider-300x228.jpg 300w, https:\/\/lyonbondyblog.fr\/LBB\/wp-content\/uploads\/2016\/09\/Bureau-Prinon-Insider-768x583.jpg 768w, https:\/\/lyonbondyblog.fr\/LBB\/wp-content\/uploads\/2016\/09\/Bureau-Prinon-Insider-1024x777.jpg 1024w, https:\/\/lyonbondyblog.fr\/LBB\/wp-content\/uploads\/2016\/09\/Bureau-Prinon-Insider-600x455.jpg 600w\" sizes=\"auto, (max-width: 300px) 100vw, 300px\" \/><figcaption id=\"caption-attachment-10351\" class=\"wp-caption-text\">L&rsquo;\u00e9quipe en plein travail, deux jours apr\u00e8s le lancement officiel du site. Photo Alban Elka\u00efm<\/figcaption><\/figure>\n<p>Une dizaine de personnes travaillent de mani\u00e8re permanante au fonctionnement de Prison Insider, depuis leurs bureaux, accroch\u00e9s au flanc de la colline de La Duch\u00e8re. Et pour assurer la qualit\u00e9 du site, Bernard Bolze s&rsquo;est entour\u00e9 de juristes, sociologues, informaticiens, graphiste ou encore de r\u00e9dacteurs. Tout le contenu est traduit en trois langues.<\/dd>\n<\/dl>\n<\/div>\n<p align=\"JUSTIFY\">Pour fonctionner de fa\u00e7on ind\u00e9pendante, l&rsquo;association propose un site mi-gratuit mi-payant. Certaines ressources sont en acc\u00e8s libre, comme la rubrique \u00ab\u00a0En cas d&rsquo;incarc\u00e9ration\u00a0\u00bb. Mais pour pouvoir naviguer \u00e0 loisir sur Prison Insider, il faut un abonnement. Les prix restent cependant tr\u00e8s corrects et les formules s&rsquo;adaptent aux besoin des publics vis\u00e9s.<\/p>\n<!-- AddThis Advanced Settings generic via filter on the_content --><!-- AddThis Share Buttons generic via filter on the_content -->","protected":false},"excerpt":{"rendered":"<p>Ce nouveau site d&rsquo;information sur les prisons en France et dans le monde se fixe la mission de d\u00e9fendre les droits des d\u00e9tenus et d&rsquo;informer &hellip; <!-- AddThis Advanced Settings generic via filter on wp_trim_excerpt --><!-- AddThis Share Buttons generic via filter on wp_trim_excerpt --><\/p>\n","protected":false},"author":614,"featured_media":10356,"comment_status":"open","ping_status":"open","sticky":false,"template":"","format":"standard","meta":{"_FSMCFIC_featured_image_caption":"","_FSMCFIC_featured_image_nocaption":"","_FSMCFIC_featured_image_hide":"","footnotes":""},"categories":[4,64,2],"tags":[435,2548,1684,1613,665,2286,1770,14,395,707,135,1614,440,1729,10,296,1779,1436,2547,2549,2546,80,493],"class_list":["post-10329","post","type-post","status-publish","format-standard","has-post-thumbnail","hentry","category-lyon","category-prisons","category-societe","tag-association","tag-dignite","tag-droit","tag-droits-de-lhomme","tag-duchere","tag-information","tag-journal","tag-journalistes","tag-justice","tag-la-duchere","tag-lbb","tag-liberte","tag-libre","tag-loi","tag-lyon-2","tag-media","tag-ministere-de-la-justice-france","tag-ministre","tag-monde-univers","tag-observatoire-international-des-prisons","tag-prison-en-france","tag-prisonnier","tag-privation"],"yoast_head":"<!-- This site is optimized with the Yoast SEO plugin v22.8 - https:\/\/yoast.com\/wordpress\/plugins\/seo\/ -->\n<title>Prison Insider braque les projecteurs sur ceux qui sont \u00e0 l&#039;ombre - Lyon Bondy Blog<\/title>\n<meta name=\"robots\" content=\"index, follow, max-snippet:-1, max-image-preview:large, max-video-preview:-1\" \/>\n<link rel=\"canonical\" href=\"https:\/\/lyonbondyblog.fr\/LBB\/prison-insider-braque-projecteurs-a-lombre\/\" \/>\n<meta property=\"og:locale\" content=\"fr_FR\" \/>\n<meta property=\"og:type\" content=\"article\" \/>\n<meta property=\"og:title\" content=\"Prison Insider braque les projecteurs sur ceux qui sont \u00e0 l&#039;ombre - Lyon Bondy Blog\" \/>\n<meta property=\"og:description\" content=\"Ce nouveau site d&rsquo;information sur les prisons en France et dans le monde se fixe la mission de d\u00e9fendre les droits des d\u00e9tenus et d&rsquo;informer &hellip;\" \/>\n<meta property=\"og:url\" content=\"https:\/\/lyonbondyblog.fr\/LBB\/prison-insider-braque-projecteurs-a-lombre\/\" \/>\n<meta property=\"og:site_name\" content=\"Lyon Bondy Blog\" \/>\n<meta property=\"article:publisher\" content=\"https:\/\/www.facebook.com\/lyonbondyblog\" \/>\n<meta property=\"article:published_time\" content=\"2016-10-07T14:21:57+00:00\" \/>\n<meta property=\"article:modified_time\" content=\"2016-10-09T12:38:20+00:00\" \/>\n<meta property=\"og:image\" content=\"https:\/\/lyonbondyblog.fr\/LBB\/wp-content\/uploads\/2016\/10\/S1360046.jpg\" \/>\n\t<meta property=\"og:image:width\" content=\"720\" \/>\n\t<meta property=\"og:image:height\" content=\"540\" \/>\n\t<meta property=\"og:image:type\" content=\"image\/jpeg\" \/>\n<meta name=\"author\" content=\"Alban Elkaim\" \/>\n<meta name=\"twitter:card\" content=\"summary_large_image\" \/>\n<meta name=\"twitter:creator\" content=\"@bondybloglyon\" \/>\n<meta name=\"twitter:site\" content=\"@bondybloglyon\" \/>\n<script type=\"application\/ld+json\" class=\"yoast-schema-graph\">{\"@context\":\"https:\/\/schema.org\",\"@graph\":[{\"@type\":\"Article\",\"@id\":\"https:\/\/lyonbondyblog.fr\/LBB\/prison-insider-braque-projecteurs-a-lombre\/#article\",\"isPartOf\":{\"@id\":\"https:\/\/lyonbondyblog.fr\/LBB\/prison-insider-braque-projecteurs-a-lombre\/\"},\"author\":{\"name\":\"Alban Elkaim\",\"@id\":\"https:\/\/lyonbondyblog.fr\/LBB\/#\/schema\/person\/6f66649387d1129eb25021bde07d3fc3\"},\"headline\":\"Prison Insider braque les projecteurs sur ceux qui sont \u00e0 l&rsquo;ombre\",\"datePublished\":\"2016-10-07T14:21:57+00:00\",\"dateModified\":\"2016-10-09T12:38:20+00:00\",\"mainEntityOfPage\":{\"@id\":\"https:\/\/lyonbondyblog.fr\/LBB\/prison-insider-braque-projecteurs-a-lombre\/\"},\"wordCount\":686,\"commentCount\":0,\"publisher\":{\"@id\":\"https:\/\/lyonbondyblog.fr\/LBB\/#organization\"},\"image\":{\"@id\":\"https:\/\/lyonbondyblog.fr\/LBB\/prison-insider-braque-projecteurs-a-lombre\/#primaryimage\"},\"thumbnailUrl\":\"https:\/\/lyonbondyblog.fr\/LBB\/wp-content\/uploads\/2016\/10\/S1360046.jpg\",\"keywords\":[\"association\",\"Dignit\u00e9\",\"Droit\",\"Droits de l'homme\",\"Duch\u00e8re\",\"Information\",\"Journal\",\"journalistes\",\"justice\",\"la Duch\u00e8re\",\"LBB\",\"Libert\u00e9\",\"libre\",\"Loi\",\"lyon\",\"media\",\"Minist\u00e8re de la Justice (France)\",\"Ministre\",\"Monde (univers)\",\"Observatoire international des prisons\",\"Prison en France\",\"prisonnier\",\"privation\"],\"articleSection\":[\"Lyon\",\"Prisons\",\"Soci\u00e9t\u00e9\"],\"inLanguage\":\"fr-FR\",\"potentialAction\":[{\"@type\":\"CommentAction\",\"name\":\"Comment\",\"target\":[\"https:\/\/lyonbondyblog.fr\/LBB\/prison-insider-braque-projecteurs-a-lombre\/#respond\"]}]},{\"@type\":\"WebPage\",\"@id\":\"https:\/\/lyonbondyblog.fr\/LBB\/prison-insider-braque-projecteurs-a-lombre\/\",\"url\":\"https:\/\/lyonbondyblog.fr\/LBB\/prison-insider-braque-projecteurs-a-lombre\/\",\"name\":\"Prison Insider braque les projecteurs sur ceux qui sont \u00e0 l'ombre - Lyon Bondy Blog\",\"isPartOf\":{\"@id\":\"https:\/\/lyonbondyblog.fr\/LBB\/#website\"},\"primaryImageOfPage\":{\"@id\":\"https:\/\/lyonbondyblog.fr\/LBB\/prison-insider-braque-projecteurs-a-lombre\/#primaryimage\"},\"image\":{\"@id\":\"https:\/\/lyonbondyblog.fr\/LBB\/prison-insider-braque-projecteurs-a-lombre\/#primaryimage\"},\"thumbnailUrl\":\"https:\/\/lyonbondyblog.fr\/LBB\/wp-content\/uploads\/2016\/10\/S1360046.jpg\",\"datePublished\":\"2016-10-07T14:21:57+00:00\",\"dateModified\":\"2016-10-09T12:38:20+00:00\",\"inLanguage\":\"fr-FR\",\"potentialAction\":[{\"@type\":\"ReadAction\",\"target\":[\"https:\/\/lyonbondyblog.fr\/LBB\/prison-insider-braque-projecteurs-a-lombre\/\"]}]},{\"@type\":\"ImageObject\",\"inLanguage\":\"fr-FR\",\"@id\":\"https:\/\/lyonbondyblog.fr\/LBB\/prison-insider-braque-projecteurs-a-lombre\/#primaryimage\",\"url\":\"https:\/\/lyonbondyblog.fr\/LBB\/wp-content\/uploads\/2016\/10\/S1360046.jpg\",\"contentUrl\":\"https:\/\/lyonbondyblog.fr\/LBB\/wp-content\/uploads\/2016\/10\/S1360046.jpg\",\"width\":720,\"height\":540},{\"@type\":\"WebSite\",\"@id\":\"https:\/\/lyonbondyblog.fr\/LBB\/#website\",\"url\":\"https:\/\/lyonbondyblog.fr\/LBB\/\",\"name\":\"Lyon Bondy Blog\",\"description\":\"\",\"publisher\":{\"@id\":\"https:\/\/lyonbondyblog.fr\/LBB\/#organization\"},\"potentialAction\":[{\"@type\":\"SearchAction\",\"target\":{\"@type\":\"EntryPoint\",\"urlTemplate\":\"https:\/\/lyonbondyblog.fr\/LBB\/?s={search_term_string}\"},\"query-input\":\"required name=search_term_string\"}],\"inLanguage\":\"fr-FR\"},{\"@type\":\"Organization\",\"@id\":\"https:\/\/lyonbondyblog.fr\/LBB\/#organization\",\"name\":\"LYON BONDY BLOG\",\"url\":\"https:\/\/lyonbondyblog.fr\/LBB\/\",\"logo\":{\"@type\":\"ImageObject\",\"inLanguage\":\"fr-FR\",\"@id\":\"https:\/\/lyonbondyblog.fr\/LBB\/#\/schema\/logo\/image\/\",\"url\":\"http:\/\/lyonbondyblog.fr\/LBB\/wp-content\/uploads\/2014\/10\/logo-portable-144.png\",\"contentUrl\":\"http:\/\/lyonbondyblog.fr\/LBB\/wp-content\/uploads\/2014\/10\/logo-portable-144.png\",\"width\":144,\"height\":123,\"caption\":\"LYON BONDY BLOG\"},\"image\":{\"@id\":\"https:\/\/lyonbondyblog.fr\/LBB\/#\/schema\/logo\/image\/\"},\"sameAs\":[\"https:\/\/www.facebook.com\/lyonbondyblog\",\"https:\/\/x.com\/bondybloglyon\"]},{\"@type\":\"Person\",\"@id\":\"https:\/\/lyonbondyblog.fr\/LBB\/#\/schema\/person\/6f66649387d1129eb25021bde07d3fc3\",\"name\":\"Alban Elkaim\",\"url\":\"https:\/\/lyonbondyblog.fr\/LBB\/author\/alban\/\"}]}<\/script>\n<!-- \/ Yoast SEO plugin. -->","yoast_head_json":{"title":"Prison Insider braque les projecteurs sur ceux qui sont \u00e0 l'ombre - Lyon Bondy Blog","robots":{"index":"index","follow":"follow","max-snippet":"max-snippet:-1","max-image-preview":"max-image-preview:large","max-video-preview":"max-video-preview:-1"},"canonical":"https:\/\/lyonbondyblog.fr\/LBB\/prison-insider-braque-projecteurs-a-lombre\/","og_locale":"fr_FR","og_type":"article","og_title":"Prison Insider braque les projecteurs sur ceux qui sont \u00e0 l'ombre - Lyon Bondy Blog","og_description":"Ce nouveau site d&rsquo;information sur les prisons en France et dans le monde se fixe la mission de d\u00e9fendre les droits des d\u00e9tenus et d&rsquo;informer &hellip;","og_url":"https:\/\/lyonbondyblog.fr\/LBB\/prison-insider-braque-projecteurs-a-lombre\/","og_site_name":"Lyon Bondy Blog","article_publisher":"https:\/\/www.facebook.com\/lyonbondyblog","article_published_time":"2016-10-07T14:21:57+00:00","article_modified_time":"2016-10-09T12:38:20+00:00","og_image":[{"width":720,"height":540,"url":"https:\/\/lyonbondyblog.fr\/LBB\/wp-content\/uploads\/2016\/10\/S1360046.jpg","type":"image\/jpeg"}],"author":"Alban Elkaim","twitter_card":"summary_large_image","twitter_creator":"@bondybloglyon","twitter_site":"@bondybloglyon","schema":{"@context":"https:\/\/schema.org","@graph":[{"@type":"Article","@id":"https:\/\/lyonbondyblog.fr\/LBB\/prison-insider-braque-projecteurs-a-lombre\/#article","isPartOf":{"@id":"https:\/\/lyonbondyblog.fr\/LBB\/prison-insider-braque-projecteurs-a-lombre\/"},"author":{"name":"Alban Elkaim","@id":"https:\/\/lyonbondyblog.fr\/LBB\/#\/schema\/person\/6f66649387d1129eb25021bde07d3fc3"},"headline":"Prison Insider braque les projecteurs sur ceux qui sont \u00e0 l&rsquo;ombre","datePublished":"2016-10-07T14:21:57+00:00","dateModified":"2016-10-09T12:38:20+00:00","mainEntityOfPage":{"@id":"https:\/\/lyonbondyblog.fr\/LBB\/prison-insider-braque-projecteurs-a-lombre\/"},"wordCount":686,"commentCount":0,"publisher":{"@id":"https:\/\/lyonbondyblog.fr\/LBB\/#organization"},"image":{"@id":"https:\/\/lyonbondyblog.fr\/LBB\/prison-insider-braque-projecteurs-a-lombre\/#primaryimage"},"thumbnailUrl":"https:\/\/lyonbondyblog.fr\/LBB\/wp-content\/uploads\/2016\/10\/S1360046.jpg","keywords":["association","Dignit\u00e9","Droit","Droits de l'homme","Duch\u00e8re","Information","Journal","journalistes","justice","la Duch\u00e8re","LBB","Libert\u00e9","libre","Loi","lyon","media","Minist\u00e8re de la Justice (France)","Ministre","Monde (univers)","Observatoire international des prisons","Prison en France","prisonnier","privation"],"articleSection":["Lyon","Prisons","Soci\u00e9t\u00e9"],"inLanguage":"fr-FR","potentialAction":[{"@type":"CommentAction","name":"Comment","target":["https:\/\/lyonbondyblog.fr\/LBB\/prison-insider-braque-projecteurs-a-lombre\/#respond"]}]},{"@type":"WebPage","@id":"https:\/\/lyonbondyblog.fr\/LBB\/prison-insider-braque-projecteurs-a-lombre\/","url":"https:\/\/lyonbondyblog.fr\/LBB\/prison-insider-braque-projecteurs-a-lombre\/","name":"Prison Insider braque les projecteurs sur ceux qui sont \u00e0 l'ombre - Lyon Bondy Blog","isPartOf":{"@id":"https:\/\/lyonbondyblog.fr\/LBB\/#website"},"primaryImageOfPage":{"@id":"https:\/\/lyonbondyblog.fr\/LBB\/prison-insider-braque-projecteurs-a-lombre\/#primaryimage"},"image":{"@id":"https:\/\/lyonbondyblog.fr\/LBB\/prison-insider-braque-projecteurs-a-lombre\/#primaryimage"},"thumbnailUrl":"https:\/\/lyonbondyblog.fr\/LBB\/wp-content\/uploads\/2016\/10\/S1360046.jpg","datePublished":"2016-10-07T14:21:57+00:00","dateModified":"2016-10-09T12:38:20+00:00","inLanguage":"fr-FR","potentialAction":[{"@type":"ReadAction","target":["https:\/\/lyonbondyblog.fr\/LBB\/prison-insider-braque-projecteurs-a-lombre\/"]}]},{"@type":"ImageObject","inLanguage":"fr-FR","@id":"https:\/\/lyonbondyblog.fr\/LBB\/prison-insider-braque-projecteurs-a-lombre\/#primaryimage","url":"https:\/\/lyonbondyblog.fr\/LBB\/wp-content\/uploads\/2016\/10\/S1360046.jpg","contentUrl":"https:\/\/lyonbondyblog.fr\/LBB\/wp-content\/uploads\/2016\/10\/S1360046.jpg","width":720,"height":540},{"@type":"WebSite","@id":"https:\/\/lyonbondyblog.fr\/LBB\/#website","url":"https:\/\/lyonbondyblog.fr\/LBB\/","name":"Lyon Bondy Blog","description":"","publisher":{"@id":"https:\/\/lyonbondyblog.fr\/LBB\/#organization"},"potentialAction":[{"@type":"SearchAction","target":{"@type":"EntryPoint","urlTemplate":"https:\/\/lyonbondyblog.fr\/LBB\/?s={search_term_string}"},"query-input":"required name=search_term_string"}],"inLanguage":"fr-FR"},{"@type":"Organization","@id":"https:\/\/lyonbondyblog.fr\/LBB\/#organization","name":"LYON BONDY BLOG","url":"https:\/\/lyonbondyblog.fr\/LBB\/","logo":{"@type":"ImageObject","inLanguage":"fr-FR","@id":"https:\/\/lyonbondyblog.fr\/LBB\/#\/schema\/logo\/image\/","url":"http:\/\/lyonbondyblog.fr\/LBB\/wp-content\/uploads\/2014\/10\/logo-portable-144.png","contentUrl":"http:\/\/lyonbondyblog.fr\/LBB\/wp-content\/uploads\/2014\/10\/logo-portable-144.png","width":144,"height":123,"caption":"LYON BONDY BLOG"},"image":{"@id":"https:\/\/lyonbondyblog.fr\/LBB\/#\/schema\/logo\/image\/"},"sameAs":["https:\/\/www.facebook.com\/lyonbondyblog","https:\/\/x.com\/bondybloglyon"]},{"@type":"Person","@id":"https:\/\/lyonbondyblog.fr\/LBB\/#\/schema\/person\/6f66649387d1129eb25021bde07d3fc3","name":"Alban Elkaim","url":"https:\/\/lyonbondyblog.fr\/LBB\/author\/alban\/"}]}},"_links":{"self":[{"href":"https:\/\/lyonbondyblog.fr\/LBB\/wp-json\/wp\/v2\/posts\/10329","targetHints":{"allow":["GET"]}}],"collection":[{"href":"https:\/\/lyonbondyblog.fr\/LBB\/wp-json\/wp\/v2\/posts"}],"about":[{"href":"https:\/\/lyonbondyblog.fr\/LBB\/wp-json\/wp\/v2\/types\/post"}],"author":[{"embeddable":true,"href":"https:\/\/lyonbondyblog.fr\/LBB\/wp-json\/wp\/v2\/users\/614"}],"replies":[{"embeddable":true,"href":"https:\/\/lyonbondyblog.fr\/LBB\/wp-json\/wp\/v2\/comments?post=10329"}],"version-history":[{"count":0,"href":"https:\/\/lyonbondyblog.fr\/LBB\/wp-json\/wp\/v2\/posts\/10329\/revisions"}],"wp:featuredmedia":[{"embeddable":true,"href":"https:\/\/lyonbondyblog.fr\/LBB\/wp-json\/wp\/v2\/media\/10356"}],"wp:attachment":[{"href":"https:\/\/lyonbondyblog.fr\/LBB\/wp-json\/wp\/v2\/media?parent=10329"}],"wp:term":[{"taxonomy":"category","embeddable":true,"href":"https:\/\/lyonbondyblog.fr\/LBB\/wp-json\/wp\/v2\/categories?post=10329"},{"taxonomy":"post_tag","embeddable":true,"href":"https:\/\/lyonbondyblog.fr\/LBB\/wp-json\/wp\/v2\/tags?post=10329"}],"curies":[{"name":"wp","href":"https:\/\/api.w.org\/{rel}","templated":true}]}}