{"id":10251,"date":"2016-09-22T12:15:46","date_gmt":"2016-09-22T10:15:46","guid":{"rendered":"http:\/\/lyonbondyblog.fr\/LBB\/?p=10251"},"modified":"2016-09-23T21:24:23","modified_gmt":"2016-09-23T19:24:23","slug":"saga-loi-travail-se-termine-victoire-gouvernement","status":"publish","type":"post","link":"https:\/\/lyonbondyblog.fr\/LBB\/saga-loi-travail-se-termine-victoire-gouvernement\/","title":{"rendered":"La saga \u00ab Loi travail\u00a0\u00bb se termine par une victoire du Gouvernement"},"content":{"rendered":"<p style=\"text-align: justify;\" align=\"CENTER\"><strong>Apr\u00e8s huit mois de contestation sociale, 14 journ\u00e9es de mobilisation g\u00e9n\u00e9rale, de nombreuses manifs, violences et arrestations et trois 49.3, la \u00ab loi travail \u00bb a fini par passer, cet \u00e9t\u00e9. Elle entrera progressivement en application d&rsquo;ici 2017. La contestation semble s&rsquo;\u00eatre \u00e9teinte.<\/strong><\/p>\n<p style=\"text-align: justify;\">Une rentr\u00e9e sans trop de remous. Quel soulagement pour le gouvernement apr\u00e8s un premier semestre 2016 \u00e9reintant. La loi dite \u00ab El Khomri \u00bb a finalement \u00e9t\u00e9 adopt\u00e9e \u00e0 l&rsquo;Assembl\u00e9e nationale \u00e0 la faveur de l&rsquo;\u00e9t\u00e9. Accus\u00e9 de casser les acquis sociaux par les syndicats, rejet\u00e9 par l&rsquo;opinion, ce texte a \u00e9t\u00e9 pass\u00e9 en force par le gouvernement, malgr\u00e9 les gr\u00e8ves et les manifestations qui avaient largement perturb\u00e9 le pays en mai et juin. Une grogne sociale qui est retomb\u00e9e avec l&rsquo;\u00e9t\u00e9&#8230; bien que les syndicats n&rsquo;aient pas officiellement d\u00e9pos\u00e9 les armes.<\/p>\n<p style=\"text-align: justify;\">Le 20 juillet, le texte r\u00e9formant le code du travail, dit \u00ab loi El Khomri \u00bb, repassait devant l&rsquo;Assembl\u00e9e nationale pour la troisi\u00e8me et derni\u00e8re fois. N&rsquo;\u00e9tant pas assur\u00e9 d&rsquo;obtenir la majorit\u00e9 des votes des d\u00e9put\u00e9s pour faire adopter le projet de loi, le Premier ministre, Manuel Valls d\u00e9cide de faire appel, pour la troisi\u00e8me fois, \u00e0 l&rsquo;article 49 alin\u00e9a 3 de la Constitution, qui permet de faire passer une d\u00e9cision sans avoir besoin du vote des d\u00e9put\u00e9s.<\/p>\n<figure id=\"attachment_10253\" aria-describedby=\"caption-attachment-10253\" style=\"width: 300px\" class=\"wp-caption alignleft\"><img loading=\"lazy\" decoding=\"async\" class=\"wp-image-10253 size-medium\" src=\"https:\/\/lyonbondyblog.fr\/LBB\/wp-content\/uploads\/2016\/09\/14258340_1442995795727646_34931619816355330_o-300x169.jpg\" width=\"300\" height=\"169\" srcset=\"https:\/\/lyonbondyblog.fr\/LBB\/wp-content\/uploads\/2016\/09\/14258340_1442995795727646_34931619816355330_o-300x169.jpg 300w, https:\/\/lyonbondyblog.fr\/LBB\/wp-content\/uploads\/2016\/09\/14258340_1442995795727646_34931619816355330_o-600x338.jpg 600w, https:\/\/lyonbondyblog.fr\/LBB\/wp-content\/uploads\/2016\/09\/14258340_1442995795727646_34931619816355330_o.jpg 720w\" sizes=\"auto, (max-width: 300px) 100vw, 300px\" \/><figcaption id=\"caption-attachment-10253\" class=\"wp-caption-text\">T\u00eate de cort\u00e8ge de la manifestation anti loi travail du jeudi 16 septembre. Photo Alban Elka\u00efm<\/figcaption><\/figure>\n<p style=\"text-align: justify;\">Depuis f\u00e9vrier pourtant, les opposants \u00e0 la loi exprimaient de nombreuses craintes vis-\u00e0-vis de leurs acquis sociaux. Selon eux, la r\u00e9forme propos\u00e9e par ce texte installait un rapport de force encore plus d\u00e9favorable aux salari\u00e9s face \u00e0 leurs directions dans les n\u00e9gociations d&rsquo;entreprise. Les mesures portant sur le licenciement \u00e9conomique, la dur\u00e9e du temps de travail, et les nouvelles r\u00e8gles li\u00e9es aux accords d&rsquo;entreprise ont \u00e9t\u00e9 particuli\u00e8rement d\u00e9cri\u00e9es, car consid\u00e9r\u00e9es comme source de pr\u00e9carisation des employ\u00e9s. Si les n\u00e9gociations avec les syndicats ont permis plusieurs modifications du texte original, il n&rsquo;y a jamais eu de consensus ou de terrain d&rsquo;entente autour des principaux points de dissension. \u00c0 la fin du mois de juin, 67 % des Fran\u00e7ais se d\u00e9claraient oppos\u00e9s au projet de loi travail, selon une \u00e9tude Harris Interactive pour LCP-Assembl\u00e9e nationale. C&rsquo;est pourquoi le passage en force du texte provoque un tel sentiment d&rsquo;injustice.<\/p>\n<p style=\"text-align: justify;\">Afin d&rsquo;\u00e9viter l&rsquo;enlisement de la loi, Manuel Valls avait d\u00e9cid\u00e9 de passer en force une premi\u00e8re fois le 10 mai avec le 49.3. Cela eut pour effet imm\u00e9diat de d\u00e9clencher la col\u00e8re de l&rsquo;opinion publique. De nouvelles manifestations et des mouvements de gr\u00e8ve ont eu lieu au cours du mois de juin, fragilisant le gouvernement sans pour autant le faire fl\u00e9chir dans sa volont\u00e9 d&rsquo;adopter la loi El Khomri. Celle-ci passera finalement durant l&rsquo;\u00e9t\u00e9, une p\u00e9riode connue pour \u00eatre creuse en termes de contestation sociale.<\/p>\n<figure id=\"attachment_10252\" aria-describedby=\"caption-attachment-10252\" style=\"width: 720px\" class=\"wp-caption aligncenter\"><img loading=\"lazy\" decoding=\"async\" class=\"wp-image-10252 size-full\" src=\"https:\/\/lyonbondyblog.fr\/LBB\/wp-content\/uploads\/2016\/09\/14352549_1442995802394312_2304355058681878354_o.jpg\" width=\"720\" height=\"405\" srcset=\"https:\/\/lyonbondyblog.fr\/LBB\/wp-content\/uploads\/2016\/09\/14352549_1442995802394312_2304355058681878354_o.jpg 720w, https:\/\/lyonbondyblog.fr\/LBB\/wp-content\/uploads\/2016\/09\/14352549_1442995802394312_2304355058681878354_o-300x169.jpg 300w, https:\/\/lyonbondyblog.fr\/LBB\/wp-content\/uploads\/2016\/09\/14352549_1442995802394312_2304355058681878354_o-600x338.jpg 600w\" sizes=\"auto, (max-width: 720px) 100vw, 720px\" \/><figcaption id=\"caption-attachment-10252\" class=\"wp-caption-text\">Cort\u00e8ge Force ouvri\u00e8re (FO) lors de la manifestation du jeudi 16 septembre contre la \u00ab\u00a0loi travail\u00a0\u00bb. Photo Alban Elka\u00efm<\/figcaption><\/figure>\n<p style=\"text-align: justify;\">Si l&rsquo;utilisation de cette \u00ab arme \u00bb parlementaire a permis d&rsquo;assurer le passage d&rsquo;une loi contest\u00e9e, le caract\u00e8re autoritaire de la d\u00e9marche exposait le gouvernement \u00e0 un sursaut de la contestation \u00e0 la rentr\u00e9e. C&rsquo;est d&rsquo;ailleurs ce qui s&rsquo;est pass\u00e9 jeudi 15 septembre 2016 : pour la 14e fois depuis le d\u00e9but de la contestation, les syndicats ont appel\u00e9 \u00e0 une journ\u00e9e de mobilisation g\u00e9n\u00e9rale. Elle a rassembl\u00e9 entre 170 000 selon les syndicats et 78 000 personnes \u00e0 travers la France selon la police. \u00c0 Lyon, entre 2 400 personnes selon la police et 5 000 selon les syndicats ont battu le pav\u00e9. \u00ab Mais on n&rsquo;a pas encore de mot d&rsquo;ordre quant \u00e0 la poursuite des manifestations ou non \u00bb, reconna\u00eet cependant Jo\u00e3o Pereira Afonso, secr\u00e9taire g\u00e9n\u00e9ral de la CGT du Rh\u00f4ne, dans le cort\u00e8ge de Lyon. Aucun autre appel n&rsquo;a \u00e9t\u00e9 lanc\u00e9 pour le moment.<\/p>\n<p style=\"text-align: justify;\">La loi El Khomri devrait maintenant entrer progressivement en vigueur. Promulgu\u00e9e le 9 ao\u00fbt par le pr\u00e9sident de la R\u00e9publique, certaines mesures sont d\u00e9j\u00e0 applicables. Pour le reste, les dispositions entreront peu \u00e0 peu en vigueur entre fin 2016 et 2017. Des dates ont d\u00e9j\u00e0 \u00e9t\u00e9 arr\u00eat\u00e9es pour certaines mesures embl\u00e9matiques : le 1<sup>er<\/sup> d\u00e9cembre pour les nouvelles r\u00e8gles relatives au licenciement \u00e9conomique, et le 1<sup>er<\/sup> janvier 2017 concernant l&rsquo;entr\u00e9e en application de \u00ab l&rsquo;accord majoritaire \u00e0 50 % \u00bb, qui permettra aux salari\u00e9s de valider par r\u00e9f\u00e9rendum un accord d&rsquo;entreprise.<\/p>\n<!-- AddThis Advanced Settings generic via filter on the_content --><!-- AddThis Share Buttons generic via filter on the_content -->","protected":false},"excerpt":{"rendered":"<p>Apr\u00e8s huit mois de contestation sociale, 14 journ\u00e9es de mobilisation g\u00e9n\u00e9rale, de nombreuses manifs, violences et arrestations et trois 49.3, la \u00ab loi travail \u00bb &hellip; <!-- AddThis Advanced Settings generic via filter on wp_trim_excerpt --><!-- AddThis Share Buttons generic via filter on wp_trim_excerpt --><\/p>\n","protected":false},"author":448,"featured_media":10254,"comment_status":"open","ping_status":"open","sticky":false,"template":"","format":"standard","meta":{"_FSMCFIC_featured_image_caption":"","_FSMCFIC_featured_image_nocaption":"","_FSMCFIC_featured_image_hide":"","footnotes":""},"categories":[5,4,2],"tags":[2206,1500,2438,466,78,1799,140,400,408,1458,11,399,395,135,2514,1729,2473,10,847,1372,1436,2512,1944,549,2159,2513,2149,1081,2515,2474,514,759],"class_list":["post-10251","post","type-post","status-publish","format-standard","has-post-thumbnail","hentry","category-ambiance","category-lyon","category-societe","tag-2206","tag-assemblee-nationale-france","tag-code-du-travail-france","tag-constitution","tag-cours","tag-depute","tag-entreprise","tag-etat","tag-ete","tag-francais","tag-france-2","tag-gouvernement","tag-justice","tag-lbb","tag-licenciement-pour-motif-economique","tag-loi","tag-loi-travail","tag-lyon-2","tag-manifestation","tag-manuel-valls","tag-ministre","tag-opinion-publique","tag-parlement","tag-police","tag-projet","tag-projet-de-loi","tag-republique","tag-social","tag-syndicat","tag-syndicat-professionnel","tag-violences","tag-vote"],"yoast_head":"<!-- This site is optimized with the Yoast SEO plugin v22.8 - https:\/\/yoast.com\/wordpress\/plugins\/seo\/ -->\n<title>La saga \u00ab Loi travail\u00a0\u00bb se termine par une victoire du Gouvernement - Lyon Bondy Blog<\/title>\n<meta name=\"robots\" content=\"index, follow, max-snippet:-1, max-image-preview:large, max-video-preview:-1\" \/>\n<link rel=\"canonical\" href=\"https:\/\/lyonbondyblog.fr\/LBB\/saga-loi-travail-se-termine-victoire-gouvernement\/\" \/>\n<meta property=\"og:locale\" content=\"fr_FR\" \/>\n<meta property=\"og:type\" content=\"article\" \/>\n<meta property=\"og:title\" content=\"La saga \u00ab Loi travail\u00a0\u00bb se termine par une victoire du Gouvernement - Lyon Bondy Blog\" \/>\n<meta property=\"og:description\" content=\"Apr\u00e8s huit mois de contestation sociale, 14 journ\u00e9es de mobilisation g\u00e9n\u00e9rale, de nombreuses manifs, violences et arrestations et trois 49.3, la \u00ab loi travail \u00bb &hellip;\" \/>\n<meta property=\"og:url\" content=\"https:\/\/lyonbondyblog.fr\/LBB\/saga-loi-travail-se-termine-victoire-gouvernement\/\" \/>\n<meta property=\"og:site_name\" content=\"Lyon Bondy Blog\" \/>\n<meta property=\"article:publisher\" content=\"https:\/\/www.facebook.com\/lyonbondyblog\" \/>\n<meta property=\"article:published_time\" content=\"2016-09-22T10:15:46+00:00\" \/>\n<meta property=\"article:modified_time\" content=\"2016-09-23T19:24:23+00:00\" \/>\n<meta property=\"og:image\" content=\"https:\/\/lyonbondyblog.fr\/LBB\/wp-content\/uploads\/2016\/09\/14258099_1442995772394315_7846463335317826927_o.jpg\" \/>\n\t<meta property=\"og:image:width\" content=\"720\" \/>\n\t<meta property=\"og:image:height\" content=\"405\" \/>\n\t<meta property=\"og:image:type\" content=\"image\/jpeg\" \/>\n<meta name=\"author\" content=\"celestin bineau\" \/>\n<meta name=\"twitter:card\" content=\"summary_large_image\" \/>\n<meta name=\"twitter:creator\" content=\"@bondybloglyon\" \/>\n<meta name=\"twitter:site\" content=\"@bondybloglyon\" \/>\n<script type=\"application\/ld+json\" class=\"yoast-schema-graph\">{\"@context\":\"https:\/\/schema.org\",\"@graph\":[{\"@type\":\"Article\",\"@id\":\"https:\/\/lyonbondyblog.fr\/LBB\/saga-loi-travail-se-termine-victoire-gouvernement\/#article\",\"isPartOf\":{\"@id\":\"https:\/\/lyonbondyblog.fr\/LBB\/saga-loi-travail-se-termine-victoire-gouvernement\/\"},\"author\":{\"name\":\"celestin bineau\",\"@id\":\"https:\/\/lyonbondyblog.fr\/LBB\/#\/schema\/person\/24bd556986980df8cda7fc0570b86166\"},\"headline\":\"La saga \u00ab Loi travail\u00a0\u00bb se termine par une victoire du Gouvernement\",\"datePublished\":\"2016-09-22T10:15:46+00:00\",\"dateModified\":\"2016-09-23T19:24:23+00:00\",\"mainEntityOfPage\":{\"@id\":\"https:\/\/lyonbondyblog.fr\/LBB\/saga-loi-travail-se-termine-victoire-gouvernement\/\"},\"wordCount\":781,\"commentCount\":0,\"publisher\":{\"@id\":\"https:\/\/lyonbondyblog.fr\/LBB\/#organization\"},\"image\":{\"@id\":\"https:\/\/lyonbondyblog.fr\/LBB\/saga-loi-travail-se-termine-victoire-gouvernement\/#primaryimage\"},\"thumbnailUrl\":\"https:\/\/lyonbondyblog.fr\/LBB\/wp-content\/uploads\/2016\/09\/14258099_1442995772394315_7846463335317826927_o.jpg\",\"keywords\":[\"2016\",\"Assembl\u00e9e nationale (France)\",\"Code du travail (France)\",\"constitution\",\"cours\",\"D\u00e9put\u00e9\",\"entreprise\",\"etat\",\"\u00e9t\u00e9\",\"Fran\u00e7ais\",\"france\",\"gouvernement\",\"justice\",\"LBB\",\"Licenciement pour motif \u00e9conomique\",\"Loi\",\"Loi travail\",\"lyon\",\"manifestation\",\"Manuel Valls\",\"Ministre\",\"Opinion publique\",\"Parlement\",\"police\",\"Projet\",\"Projet de loi\",\"R\u00e9publique\",\"social\",\"Syndicat\",\"Syndicat professionnel\",\"violences\",\"vote\"],\"articleSection\":[\"Ambiance\",\"Lyon\",\"Soci\u00e9t\u00e9\"],\"inLanguage\":\"fr-FR\",\"potentialAction\":[{\"@type\":\"CommentAction\",\"name\":\"Comment\",\"target\":[\"https:\/\/lyonbondyblog.fr\/LBB\/saga-loi-travail-se-termine-victoire-gouvernement\/#respond\"]}]},{\"@type\":\"WebPage\",\"@id\":\"https:\/\/lyonbondyblog.fr\/LBB\/saga-loi-travail-se-termine-victoire-gouvernement\/\",\"url\":\"https:\/\/lyonbondyblog.fr\/LBB\/saga-loi-travail-se-termine-victoire-gouvernement\/\",\"name\":\"La saga \u00ab Loi travail\u00a0\u00bb se termine par une victoire du Gouvernement - Lyon Bondy Blog\",\"isPartOf\":{\"@id\":\"https:\/\/lyonbondyblog.fr\/LBB\/#website\"},\"primaryImageOfPage\":{\"@id\":\"https:\/\/lyonbondyblog.fr\/LBB\/saga-loi-travail-se-termine-victoire-gouvernement\/#primaryimage\"},\"image\":{\"@id\":\"https:\/\/lyonbondyblog.fr\/LBB\/saga-loi-travail-se-termine-victoire-gouvernement\/#primaryimage\"},\"thumbnailUrl\":\"https:\/\/lyonbondyblog.fr\/LBB\/wp-content\/uploads\/2016\/09\/14258099_1442995772394315_7846463335317826927_o.jpg\",\"datePublished\":\"2016-09-22T10:15:46+00:00\",\"dateModified\":\"2016-09-23T19:24:23+00:00\",\"inLanguage\":\"fr-FR\",\"potentialAction\":[{\"@type\":\"ReadAction\",\"target\":[\"https:\/\/lyonbondyblog.fr\/LBB\/saga-loi-travail-se-termine-victoire-gouvernement\/\"]}]},{\"@type\":\"ImageObject\",\"inLanguage\":\"fr-FR\",\"@id\":\"https:\/\/lyonbondyblog.fr\/LBB\/saga-loi-travail-se-termine-victoire-gouvernement\/#primaryimage\",\"url\":\"https:\/\/lyonbondyblog.fr\/LBB\/wp-content\/uploads\/2016\/09\/14258099_1442995772394315_7846463335317826927_o.jpg\",\"contentUrl\":\"https:\/\/lyonbondyblog.fr\/LBB\/wp-content\/uploads\/2016\/09\/14258099_1442995772394315_7846463335317826927_o.jpg\",\"width\":720,\"height\":405,\"caption\":\"Cort\u00e8ge CGT lors de la manifestation du jeudi 16 septembre contre la \\\"loi travail\\\". Photo Alban Elka\u00efm\"},{\"@type\":\"WebSite\",\"@id\":\"https:\/\/lyonbondyblog.fr\/LBB\/#website\",\"url\":\"https:\/\/lyonbondyblog.fr\/LBB\/\",\"name\":\"Lyon Bondy Blog\",\"description\":\"\",\"publisher\":{\"@id\":\"https:\/\/lyonbondyblog.fr\/LBB\/#organization\"},\"potentialAction\":[{\"@type\":\"SearchAction\",\"target\":{\"@type\":\"EntryPoint\",\"urlTemplate\":\"https:\/\/lyonbondyblog.fr\/LBB\/?s={search_term_string}\"},\"query-input\":\"required name=search_term_string\"}],\"inLanguage\":\"fr-FR\"},{\"@type\":\"Organization\",\"@id\":\"https:\/\/lyonbondyblog.fr\/LBB\/#organization\",\"name\":\"LYON BONDY BLOG\",\"url\":\"https:\/\/lyonbondyblog.fr\/LBB\/\",\"logo\":{\"@type\":\"ImageObject\",\"inLanguage\":\"fr-FR\",\"@id\":\"https:\/\/lyonbondyblog.fr\/LBB\/#\/schema\/logo\/image\/\",\"url\":\"http:\/\/lyonbondyblog.fr\/LBB\/wp-content\/uploads\/2014\/10\/logo-portable-144.png\",\"contentUrl\":\"http:\/\/lyonbondyblog.fr\/LBB\/wp-content\/uploads\/2014\/10\/logo-portable-144.png\",\"width\":144,\"height\":123,\"caption\":\"LYON BONDY BLOG\"},\"image\":{\"@id\":\"https:\/\/lyonbondyblog.fr\/LBB\/#\/schema\/logo\/image\/\"},\"sameAs\":[\"https:\/\/www.facebook.com\/lyonbondyblog\",\"https:\/\/x.com\/bondybloglyon\"]},{\"@type\":\"Person\",\"@id\":\"https:\/\/lyonbondyblog.fr\/LBB\/#\/schema\/person\/24bd556986980df8cda7fc0570b86166\",\"name\":\"celestin bineau\",\"url\":\"https:\/\/lyonbondyblog.fr\/LBB\/author\/celestin\/\"}]}<\/script>\n<!-- \/ Yoast SEO plugin. -->","yoast_head_json":{"title":"La saga \u00ab Loi travail\u00a0\u00bb se termine par une victoire du Gouvernement - Lyon Bondy Blog","robots":{"index":"index","follow":"follow","max-snippet":"max-snippet:-1","max-image-preview":"max-image-preview:large","max-video-preview":"max-video-preview:-1"},"canonical":"https:\/\/lyonbondyblog.fr\/LBB\/saga-loi-travail-se-termine-victoire-gouvernement\/","og_locale":"fr_FR","og_type":"article","og_title":"La saga \u00ab Loi travail\u00a0\u00bb se termine par une victoire du Gouvernement - Lyon Bondy Blog","og_description":"Apr\u00e8s huit mois de contestation sociale, 14 journ\u00e9es de mobilisation g\u00e9n\u00e9rale, de nombreuses manifs, violences et arrestations et trois 49.3, la \u00ab loi travail \u00bb &hellip;","og_url":"https:\/\/lyonbondyblog.fr\/LBB\/saga-loi-travail-se-termine-victoire-gouvernement\/","og_site_name":"Lyon Bondy Blog","article_publisher":"https:\/\/www.facebook.com\/lyonbondyblog","article_published_time":"2016-09-22T10:15:46+00:00","article_modified_time":"2016-09-23T19:24:23+00:00","og_image":[{"width":720,"height":405,"url":"https:\/\/lyonbondyblog.fr\/LBB\/wp-content\/uploads\/2016\/09\/14258099_1442995772394315_7846463335317826927_o.jpg","type":"image\/jpeg"}],"author":"celestin bineau","twitter_card":"summary_large_image","twitter_creator":"@bondybloglyon","twitter_site":"@bondybloglyon","schema":{"@context":"https:\/\/schema.org","@graph":[{"@type":"Article","@id":"https:\/\/lyonbondyblog.fr\/LBB\/saga-loi-travail-se-termine-victoire-gouvernement\/#article","isPartOf":{"@id":"https:\/\/lyonbondyblog.fr\/LBB\/saga-loi-travail-se-termine-victoire-gouvernement\/"},"author":{"name":"celestin bineau","@id":"https:\/\/lyonbondyblog.fr\/LBB\/#\/schema\/person\/24bd556986980df8cda7fc0570b86166"},"headline":"La saga \u00ab Loi travail\u00a0\u00bb se termine par une victoire du Gouvernement","datePublished":"2016-09-22T10:15:46+00:00","dateModified":"2016-09-23T19:24:23+00:00","mainEntityOfPage":{"@id":"https:\/\/lyonbondyblog.fr\/LBB\/saga-loi-travail-se-termine-victoire-gouvernement\/"},"wordCount":781,"commentCount":0,"publisher":{"@id":"https:\/\/lyonbondyblog.fr\/LBB\/#organization"},"image":{"@id":"https:\/\/lyonbondyblog.fr\/LBB\/saga-loi-travail-se-termine-victoire-gouvernement\/#primaryimage"},"thumbnailUrl":"https:\/\/lyonbondyblog.fr\/LBB\/wp-content\/uploads\/2016\/09\/14258099_1442995772394315_7846463335317826927_o.jpg","keywords":["2016","Assembl\u00e9e nationale (France)","Code du travail (France)","constitution","cours","D\u00e9put\u00e9","entreprise","etat","\u00e9t\u00e9","Fran\u00e7ais","france","gouvernement","justice","LBB","Licenciement pour motif \u00e9conomique","Loi","Loi travail","lyon","manifestation","Manuel Valls","Ministre","Opinion publique","Parlement","police","Projet","Projet de loi","R\u00e9publique","social","Syndicat","Syndicat professionnel","violences","vote"],"articleSection":["Ambiance","Lyon","Soci\u00e9t\u00e9"],"inLanguage":"fr-FR","potentialAction":[{"@type":"CommentAction","name":"Comment","target":["https:\/\/lyonbondyblog.fr\/LBB\/saga-loi-travail-se-termine-victoire-gouvernement\/#respond"]}]},{"@type":"WebPage","@id":"https:\/\/lyonbondyblog.fr\/LBB\/saga-loi-travail-se-termine-victoire-gouvernement\/","url":"https:\/\/lyonbondyblog.fr\/LBB\/saga-loi-travail-se-termine-victoire-gouvernement\/","name":"La saga \u00ab Loi travail\u00a0\u00bb se termine par une victoire du Gouvernement - Lyon Bondy Blog","isPartOf":{"@id":"https:\/\/lyonbondyblog.fr\/LBB\/#website"},"primaryImageOfPage":{"@id":"https:\/\/lyonbondyblog.fr\/LBB\/saga-loi-travail-se-termine-victoire-gouvernement\/#primaryimage"},"image":{"@id":"https:\/\/lyonbondyblog.fr\/LBB\/saga-loi-travail-se-termine-victoire-gouvernement\/#primaryimage"},"thumbnailUrl":"https:\/\/lyonbondyblog.fr\/LBB\/wp-content\/uploads\/2016\/09\/14258099_1442995772394315_7846463335317826927_o.jpg","datePublished":"2016-09-22T10:15:46+00:00","dateModified":"2016-09-23T19:24:23+00:00","inLanguage":"fr-FR","potentialAction":[{"@type":"ReadAction","target":["https:\/\/lyonbondyblog.fr\/LBB\/saga-loi-travail-se-termine-victoire-gouvernement\/"]}]},{"@type":"ImageObject","inLanguage":"fr-FR","@id":"https:\/\/lyonbondyblog.fr\/LBB\/saga-loi-travail-se-termine-victoire-gouvernement\/#primaryimage","url":"https:\/\/lyonbondyblog.fr\/LBB\/wp-content\/uploads\/2016\/09\/14258099_1442995772394315_7846463335317826927_o.jpg","contentUrl":"https:\/\/lyonbondyblog.fr\/LBB\/wp-content\/uploads\/2016\/09\/14258099_1442995772394315_7846463335317826927_o.jpg","width":720,"height":405,"caption":"Cort\u00e8ge CGT lors de la manifestation du jeudi 16 septembre contre la \"loi travail\". Photo Alban Elka\u00efm"},{"@type":"WebSite","@id":"https:\/\/lyonbondyblog.fr\/LBB\/#website","url":"https:\/\/lyonbondyblog.fr\/LBB\/","name":"Lyon Bondy Blog","description":"","publisher":{"@id":"https:\/\/lyonbondyblog.fr\/LBB\/#organization"},"potentialAction":[{"@type":"SearchAction","target":{"@type":"EntryPoint","urlTemplate":"https:\/\/lyonbondyblog.fr\/LBB\/?s={search_term_string}"},"query-input":"required name=search_term_string"}],"inLanguage":"fr-FR"},{"@type":"Organization","@id":"https:\/\/lyonbondyblog.fr\/LBB\/#organization","name":"LYON BONDY BLOG","url":"https:\/\/lyonbondyblog.fr\/LBB\/","logo":{"@type":"ImageObject","inLanguage":"fr-FR","@id":"https:\/\/lyonbondyblog.fr\/LBB\/#\/schema\/logo\/image\/","url":"http:\/\/lyonbondyblog.fr\/LBB\/wp-content\/uploads\/2014\/10\/logo-portable-144.png","contentUrl":"http:\/\/lyonbondyblog.fr\/LBB\/wp-content\/uploads\/2014\/10\/logo-portable-144.png","width":144,"height":123,"caption":"LYON BONDY BLOG"},"image":{"@id":"https:\/\/lyonbondyblog.fr\/LBB\/#\/schema\/logo\/image\/"},"sameAs":["https:\/\/www.facebook.com\/lyonbondyblog","https:\/\/x.com\/bondybloglyon"]},{"@type":"Person","@id":"https:\/\/lyonbondyblog.fr\/LBB\/#\/schema\/person\/24bd556986980df8cda7fc0570b86166","name":"celestin bineau","url":"https:\/\/lyonbondyblog.fr\/LBB\/author\/celestin\/"}]}},"_links":{"self":[{"href":"https:\/\/lyonbondyblog.fr\/LBB\/wp-json\/wp\/v2\/posts\/10251","targetHints":{"allow":["GET"]}}],"collection":[{"href":"https:\/\/lyonbondyblog.fr\/LBB\/wp-json\/wp\/v2\/posts"}],"about":[{"href":"https:\/\/lyonbondyblog.fr\/LBB\/wp-json\/wp\/v2\/types\/post"}],"author":[{"embeddable":true,"href":"https:\/\/lyonbondyblog.fr\/LBB\/wp-json\/wp\/v2\/users\/448"}],"replies":[{"embeddable":true,"href":"https:\/\/lyonbondyblog.fr\/LBB\/wp-json\/wp\/v2\/comments?post=10251"}],"version-history":[{"count":0,"href":"https:\/\/lyonbondyblog.fr\/LBB\/wp-json\/wp\/v2\/posts\/10251\/revisions"}],"wp:featuredmedia":[{"embeddable":true,"href":"https:\/\/lyonbondyblog.fr\/LBB\/wp-json\/wp\/v2\/media\/10254"}],"wp:attachment":[{"href":"https:\/\/lyonbondyblog.fr\/LBB\/wp-json\/wp\/v2\/media?parent=10251"}],"wp:term":[{"taxonomy":"category","embeddable":true,"href":"https:\/\/lyonbondyblog.fr\/LBB\/wp-json\/wp\/v2\/categories?post=10251"},{"taxonomy":"post_tag","embeddable":true,"href":"https:\/\/lyonbondyblog.fr\/LBB\/wp-json\/wp\/v2\/tags?post=10251"}],"curies":[{"name":"wp","href":"https:\/\/api.w.org\/{rel}","templated":true}]}}