{"id":10008,"date":"2016-05-28T20:39:15","date_gmt":"2016-05-28T18:39:15","guid":{"rendered":"http:\/\/lyonbondyblog.fr\/LBB\/?p=10008"},"modified":"2016-05-30T15:35:51","modified_gmt":"2016-05-30T13:35:51","slug":"play-offs-pro-a-demi-finales-match3-asvel-as-monaco-princes-sinclinent","status":"publish","type":"post","link":"https:\/\/lyonbondyblog.fr\/LBB\/play-offs-pro-a-demi-finales-match3-asvel-as-monaco-princes-sinclinent\/","title":{"rendered":"Play-offs Pro A Demi-finales Match3 Asvel &#8211; As Monaco\u00a0: Les princes s\u2019inclinent"},"content":{"rendered":"<p><strong>Dans le cadre des play-offs de ProA, l\u2019Asvel Basket a re\u00e7u ce vendredi \u00e0 L\u2019Astroballe l\u2019As Monaco pour le match 3.<\/strong><\/p>\n<p>Apr\u00e8s \u00eatre revenu de son p\u00e9riple mon\u00e9gasque, l\u2019Asvel a cr\u00e9\u00e9 la surprise en gagnant le premier match de cette s\u00e9rie. Les Villeurbannais se devaient de gagner le match 3 pour rester en bonne position et se qualifier pour la finale du championnat de France. Tony Parker, joueur embl\u00e9matique fran\u00e7ais et \u00e9galement pr\u00e9sident du club, \u00e9tait pr\u00e9sent ce soir pour soutenir ses \u00ab\u00a0boys\u00a0\u00bb.<\/p>\n<p>Ce vendredi soir, la chaleur fait son effet tant \u00e0 l\u2019ext\u00e9rieur qu&rsquo;\u00e0 l\u2019int\u00e9rieur de la salle. Les supporteurs de la \u00ab\u00a0Green team\u00a0\u00bb sont venus en masse soutenir leur \u00e9quipe favorite dans son antre. La salle est comble. La tension est \u00e0 son paroxysme.<\/p>\n<h2>Premi\u00e8re mi-temps, la chaleur a un effet d\u00e9vasteur sur le jeu<\/h2>\n<p>D\u00e8s le d\u00e9but du match, les deux \u00e9quipes ont d\u00fb mal \u00e0 rentrer dans leur match \u00e0 cause de la chaleur \u00e9touffante qui r\u00e8gne dans l\u2019Astroballe. Au contraire des Mon\u00e9gasques qui imposent leur rythme, notamment gr\u00e2ce \u00e0 leur meneur star Jamal Shuller. Le pivot Dyer contr\u00f4le parfaitement la raquette pendant les cinq premi\u00e8res en mettant \u00e0 mal Daryll Watkins, le pivot rhodanien. Apr\u00e8s cinq minutes de jeu dans le premier quart, les joueurs de la principaut\u00e9 creusent un premier \u00e9cart de cinq points (7 &#8211; 12). Moment choisi par le meneur villeurbannais Ware de muscler sa d\u00e9fense, il r\u00e9cup\u00e8re un ballon qui profite au jeune Livio qui le conclu par un and-one (2+1). L\u2019Asvel se reprend et les Mon\u00e9gasques commencent \u00e0 avoir un d\u00e9ficit au shoot ext\u00e9rieur qui permet aux villeurbannais de finir le quart temps en t\u00eate (16 &#8211; 13).<\/p>\n<p><img loading=\"lazy\" decoding=\"async\" class=\"aligncenter size-full wp-image-10010\" src=\"https:\/\/lyonbondyblog.fr\/LBB\/wp-content\/uploads\/2016\/05\/DSC00482.jpg\" alt=\"\" width=\"720\" height=\"405\" srcset=\"https:\/\/lyonbondyblog.fr\/LBB\/wp-content\/uploads\/2016\/05\/DSC00482.jpg 720w, https:\/\/lyonbondyblog.fr\/LBB\/wp-content\/uploads\/2016\/05\/DSC00482-300x169.jpg 300w, https:\/\/lyonbondyblog.fr\/LBB\/wp-content\/uploads\/2016\/05\/DSC00482-600x338.jpg 600w\" sizes=\"auto, (max-width: 720px) 100vw, 720px\" \/><\/p>\n<p>Pour le deuxi\u00e8me quart, on prend les m\u00eames et on recommence. Les rhodaniens accusent le coup et quatre minutes plus tard, l\u2019arri\u00e8re de la principaut\u00e9 D.J Cooper se prend pour Stephen Curry en marquant un panier \u00e0 trois points qui met la \u00ab\u00a0Green Team\u00a0\u00bb \u00e0 sept points (17 &#8211; 24). J. D Jackson, l\u2019entraineur villeurbannais, en profite pour demander un temps mort, ce qui va r\u00e9veiller ses joueurs. La salle \u00e0 compris le message. Darryl Watkins sort la boite \u00e0 contre et remet ses co\u00e9quipiers en selle. En moins de trois minutes, l\u2019Asvel comble son retard, gr\u00e2ce \u00e0 un caviar de Trenton Meacham conclut par Jean-Charles Livio (24 &#8211; 24). Les arbitres, un peu essouffl\u00e9s par la chaleur, vont siffler des fautes dans tous les sens. Le match reste ind\u00e9cis. Les Mon\u00e9gasques reprennent un court avantage \u00e0 la fin de la premi\u00e8re mi-temps (28 &#8211; 29)<\/p>\n<p>Pendant la mi-temps nous interrogeons quelques spectateurs, notamment Bertrand venu en voisin car il est pr\u00e9parateur physique de l\u2019Asvel Rugby\u00a0: \u00ab\u00a0<em>Je suis venu soutenir mon pote de promo qui est le pr\u00e9parateur physique de L\u2019As Monaco. Je suis mitig\u00e9 quant au r\u00e9sultat de ce soir. Je soutiens Monaco et je dois \u00eatre le seul dans la salle \u00e0 \u00eatre mitig\u00e9. Je sais que si Monaco perd je vais me faire chambrer\u00a0<\/em>\u00bb. Nous rencontrons \u00e9galement Rachel, qui revient sur les conditions de jeu et la chaleur\u00a0: <em>\u00ab\u00a0Ce soir, il fait vraiment tr\u00e8s chaud dans la salle mais je ne pense pas que cela affecte les joueurs. Je pense que la venue de Tony Parker ce soir aura un effet positif sur l\u2019issue du match. C\u2019est \u00e7a l\u2019effet Tony Parker\u00a0\u00bb<\/em><\/p>\n<h2>Deuxi\u00e8me mi-temps, les Villeurbannais reprennent le contr\u00f4le du match<\/h2>\n<p>La mi-temps a fait du bien au club rhodanien, ils ont d\u00e9cid\u00e9 de remettre les pendules \u00e0 l\u2019heure. L\u2019ailier fort Andersen sonne la r\u00e9volte des verts, suivi de Livio. Mais Monaco garde le cap. L\u2019Asvel reprend le contr\u00f4le du match et impose sa griffe. Au milieu du quart temps, Dyer, le pivot mon\u00e9gasque, inscrit un panier suivi d\u2019une faute et permet au club de la principaut\u00e9 d\u2019\u00e9galiser (37 &#8211; 37), le suspense est \u00e0 son comble. Deux minutes plus tard, l\u2019Asvel commence \u00e0 prendre le jeu \u00e0 son compte et prend un \u00e9cart par le trois points r\u00e9ussit par Andersen et qui permet d\u2019infliger un sept \u00e0 z\u00e9ro (44 &#8211; 37) et l\u2019entraineur mon\u00e9gasque provoque un temps-mort pour recadrer ses troupes. Le troisi\u00e8me quart est assez hach\u00e9 par les fautes des joueurs de la \u00ab\u00a0Rocca Team\u00a0\u00bb. L\u2019entraineur villeurbannais profite de cette avance pour faire tourner son effectif afin de pr\u00e9parer le dernier quart dans les meilleures conditions. Monaco revient dans les clous avec un point de retard (49 &#8211; 48).<\/p>\n<p><img loading=\"lazy\" decoding=\"async\" class=\"size-full wp-image-10009 aligncenter\" src=\"https:\/\/lyonbondyblog.fr\/LBB\/wp-content\/uploads\/2016\/05\/DSC00489.jpg\" alt=\"DSC00489\" width=\"720\" height=\"405\" srcset=\"https:\/\/lyonbondyblog.fr\/LBB\/wp-content\/uploads\/2016\/05\/DSC00489.jpg 720w, https:\/\/lyonbondyblog.fr\/LBB\/wp-content\/uploads\/2016\/05\/DSC00489-300x169.jpg 300w, https:\/\/lyonbondyblog.fr\/LBB\/wp-content\/uploads\/2016\/05\/DSC00489-600x338.jpg 600w\" sizes=\"auto, (max-width: 720px) 100vw, 720px\" \/><\/p>\n<p>Meacham \u00a0allume la premi\u00e8re banderille du dernier quart avec son trois points et permet \u00e0 l\u2019Asvel d\u2019avoir quatre points d\u2019avance mais Shuler lui r\u00e9pond dans la foul\u00e9e. Les deux \u00e9quipes sont au coude \u00e0 coude. La \u00ab\u00a0Green Team\u00a0\u00bb avec sa d\u00e9fense compacte reprend le dessus sur l\u2019attaque mon\u00e9gasque, Watkins<em> is on fire<\/em>\u00a0! Suite \u00e0 une faute de David Andersen, le public hue l\u2019arbitre mais le meneur de la principaut\u00e9 ne s\u2019en laisse pas compter, il glace l\u2019Astroballe avec un trois points. La \u00ab\u00a0Rocca Team\u00a0\u00bb reprend l\u2019avantage (57 &#8211; 58). Plus aucun point ne sera marqu\u00e9 par les joueurs de la principaut\u00e9, les rhodaniens finissant le match par un 8 \u00e0 0 et Ware crucifiera le club de la principaut\u00e9 par un trois points dans le corner (65 &#8211; 58). Le public exulte\u00a0!<\/p>\n<p>Encore un match et l\u2019Asvel se hissera en finale face \u00e0 Strasbourg. Ce moment est attendu depuis un bout de temps par Tony Parker et les supporteurs de la \u00ab\u00a0Green Team\u00a0\u00bb. Il va quand va falloir augmenter le niveau de jeu et l\u2019adresse aux lancers-francs pour avoir le titre. C\u2019est vrai que hier soir, il faisait tr\u00e8s chaud mais cela n\u2019est pas une excuse. Bon courage \u00e0 eux.<\/p>\n<h4>Article sign\u00e9 par Colline, Zach\u2019, Fred\u00e9ric et Alban originaires du quartier du Tonkin (Villeurbanne)<\/h4>\n<!-- AddThis Advanced Settings generic via filter on the_content --><!-- AddThis Share Buttons generic via filter on the_content -->","protected":false},"excerpt":{"rendered":"<p>Dans le cadre des play-offs de ProA, l\u2019Asvel Basket a re\u00e7u ce vendredi \u00e0 L\u2019Astroballe l\u2019As Monaco pour le match 3. Apr\u00e8s \u00eatre revenu de &hellip; <!-- AddThis Advanced Settings generic via filter on wp_trim_excerpt --><!-- AddThis Share Buttons generic via filter on wp_trim_excerpt --><\/p>\n","protected":false},"author":33,"featured_media":10011,"comment_status":"open","ping_status":"open","sticky":false,"template":"","format":"standard","meta":{"_FSMCFIC_featured_image_caption":"","_FSMCFIC_featured_image_nocaption":"","_FSMCFIC_featured_image_hide":"","footnotes":""},"categories":[5],"tags":[2429,2398,413,2397,411,412,2428,2427,2426,2422,2420,2423,2419,2424,313,2425,2421],"class_list":["post-10008","post","type-post","status-publish","format-standard","has-post-thumbnail","hentry","category-ambiance","tag-ailier-fort","tag-astroballe","tag-asvel","tag-asvel-lyon-villeurbanne","tag-ballon","tag-basket","tag-caviar","tag-d-j-cooper","tag-darryl-watkins","tag-meneur","tag-monaco","tag-pivot-basket-ball","tag-playoffs-du-championnat-de-france-de-basket-ball-de-pro-a-2013-2014","tag-raquette-basket-ball","tag-salle","tag-stephen-curry","tag-tony-parker"],"yoast_head":"<!-- This site is optimized with the Yoast SEO plugin v22.8 - https:\/\/yoast.com\/wordpress\/plugins\/seo\/ -->\n<title>Play-offs Pro A Demi-finales Match3 Asvel - As Monaco\u00a0: Les princes s\u2019inclinent - Lyon Bondy Blog<\/title>\n<meta name=\"robots\" content=\"index, follow, max-snippet:-1, max-image-preview:large, max-video-preview:-1\" \/>\n<link rel=\"canonical\" href=\"https:\/\/lyonbondyblog.fr\/LBB\/play-offs-pro-a-demi-finales-match3-asvel-as-monaco-princes-sinclinent\/\" \/>\n<meta property=\"og:locale\" content=\"fr_FR\" \/>\n<meta property=\"og:type\" content=\"article\" \/>\n<meta property=\"og:title\" content=\"Play-offs Pro A Demi-finales Match3 Asvel - As Monaco\u00a0: Les princes s\u2019inclinent - Lyon Bondy Blog\" \/>\n<meta property=\"og:description\" content=\"Dans le cadre des play-offs de ProA, l\u2019Asvel Basket a re\u00e7u ce vendredi \u00e0 L\u2019Astroballe l\u2019As Monaco pour le match 3. Apr\u00e8s \u00eatre revenu de &hellip;\" \/>\n<meta property=\"og:url\" content=\"https:\/\/lyonbondyblog.fr\/LBB\/play-offs-pro-a-demi-finales-match3-asvel-as-monaco-princes-sinclinent\/\" \/>\n<meta property=\"og:site_name\" content=\"Lyon Bondy Blog\" \/>\n<meta property=\"article:publisher\" content=\"https:\/\/www.facebook.com\/lyonbondyblog\" \/>\n<meta property=\"article:published_time\" content=\"2016-05-28T18:39:15+00:00\" \/>\n<meta property=\"article:modified_time\" content=\"2016-05-30T13:35:51+00:00\" \/>\n<meta property=\"og:image\" content=\"https:\/\/lyonbondyblog.fr\/LBB\/wp-content\/uploads\/2016\/05\/DSC00484.jpg\" \/>\n\t<meta property=\"og:image:width\" content=\"720\" \/>\n\t<meta property=\"og:image:height\" content=\"405\" \/>\n\t<meta property=\"og:image:type\" content=\"image\/jpeg\" \/>\n<meta name=\"author\" content=\"Etienne Aazzab\" \/>\n<meta name=\"twitter:card\" content=\"summary_large_image\" \/>\n<meta name=\"twitter:creator\" content=\"@AazzabEtienne\" \/>\n<meta name=\"twitter:site\" content=\"@bondybloglyon\" \/>\n<script type=\"application\/ld+json\" class=\"yoast-schema-graph\">{\"@context\":\"https:\/\/schema.org\",\"@graph\":[{\"@type\":\"Article\",\"@id\":\"https:\/\/lyonbondyblog.fr\/LBB\/play-offs-pro-a-demi-finales-match3-asvel-as-monaco-princes-sinclinent\/#article\",\"isPartOf\":{\"@id\":\"https:\/\/lyonbondyblog.fr\/LBB\/play-offs-pro-a-demi-finales-match3-asvel-as-monaco-princes-sinclinent\/\"},\"author\":{\"name\":\"Etienne Aazzab\",\"@id\":\"https:\/\/lyonbondyblog.fr\/LBB\/#\/schema\/person\/5e9904261c1f613c8e6ea22045b1353d\"},\"headline\":\"Play-offs Pro A Demi-finales Match3 Asvel &#8211; As Monaco\u00a0: Les princes s\u2019inclinent\",\"datePublished\":\"2016-05-28T18:39:15+00:00\",\"dateModified\":\"2016-05-30T13:35:51+00:00\",\"mainEntityOfPage\":{\"@id\":\"https:\/\/lyonbondyblog.fr\/LBB\/play-offs-pro-a-demi-finales-match3-asvel-as-monaco-princes-sinclinent\/\"},\"wordCount\":1005,\"commentCount\":3,\"publisher\":{\"@id\":\"https:\/\/lyonbondyblog.fr\/LBB\/#organization\"},\"image\":{\"@id\":\"https:\/\/lyonbondyblog.fr\/LBB\/play-offs-pro-a-demi-finales-match3-asvel-as-monaco-princes-sinclinent\/#primaryimage\"},\"thumbnailUrl\":\"https:\/\/lyonbondyblog.fr\/LBB\/wp-content\/uploads\/2016\/05\/DSC00484.jpg\",\"keywords\":[\"Ailier fort\",\"Astroballe\",\"ASVEL\",\"ASVEL Lyon-Villeurbanne\",\"ballon\",\"basket\",\"Caviar\",\"D.J. Cooper\",\"Darryl Watkins\",\"Meneur\",\"Monaco\",\"Pivot (basket-ball)\",\"Playoffs du championnat de France de basket-ball de Pro A 2013-2014\",\"Raquette (basket-ball)\",\"salle\",\"Stephen Curry\",\"Tony Parker\"],\"articleSection\":[\"Ambiance\"],\"inLanguage\":\"fr-FR\",\"potentialAction\":[{\"@type\":\"CommentAction\",\"name\":\"Comment\",\"target\":[\"https:\/\/lyonbondyblog.fr\/LBB\/play-offs-pro-a-demi-finales-match3-asvel-as-monaco-princes-sinclinent\/#respond\"]}]},{\"@type\":\"WebPage\",\"@id\":\"https:\/\/lyonbondyblog.fr\/LBB\/play-offs-pro-a-demi-finales-match3-asvel-as-monaco-princes-sinclinent\/\",\"url\":\"https:\/\/lyonbondyblog.fr\/LBB\/play-offs-pro-a-demi-finales-match3-asvel-as-monaco-princes-sinclinent\/\",\"name\":\"Play-offs Pro A Demi-finales Match3 Asvel - As Monaco\u00a0: Les princes s\u2019inclinent - Lyon Bondy Blog\",\"isPartOf\":{\"@id\":\"https:\/\/lyonbondyblog.fr\/LBB\/#website\"},\"primaryImageOfPage\":{\"@id\":\"https:\/\/lyonbondyblog.fr\/LBB\/play-offs-pro-a-demi-finales-match3-asvel-as-monaco-princes-sinclinent\/#primaryimage\"},\"image\":{\"@id\":\"https:\/\/lyonbondyblog.fr\/LBB\/play-offs-pro-a-demi-finales-match3-asvel-as-monaco-princes-sinclinent\/#primaryimage\"},\"thumbnailUrl\":\"https:\/\/lyonbondyblog.fr\/LBB\/wp-content\/uploads\/2016\/05\/DSC00484.jpg\",\"datePublished\":\"2016-05-28T18:39:15+00:00\",\"dateModified\":\"2016-05-30T13:35:51+00:00\",\"inLanguage\":\"fr-FR\",\"potentialAction\":[{\"@type\":\"ReadAction\",\"target\":[\"https:\/\/lyonbondyblog.fr\/LBB\/play-offs-pro-a-demi-finales-match3-asvel-as-monaco-princes-sinclinent\/\"]}]},{\"@type\":\"ImageObject\",\"inLanguage\":\"fr-FR\",\"@id\":\"https:\/\/lyonbondyblog.fr\/LBB\/play-offs-pro-a-demi-finales-match3-asvel-as-monaco-princes-sinclinent\/#primaryimage\",\"url\":\"https:\/\/lyonbondyblog.fr\/LBB\/wp-content\/uploads\/2016\/05\/DSC00484.jpg\",\"contentUrl\":\"https:\/\/lyonbondyblog.fr\/LBB\/wp-content\/uploads\/2016\/05\/DSC00484.jpg\",\"width\":720,\"height\":405},{\"@type\":\"WebSite\",\"@id\":\"https:\/\/lyonbondyblog.fr\/LBB\/#website\",\"url\":\"https:\/\/lyonbondyblog.fr\/LBB\/\",\"name\":\"Lyon Bondy Blog\",\"description\":\"\",\"publisher\":{\"@id\":\"https:\/\/lyonbondyblog.fr\/LBB\/#organization\"},\"potentialAction\":[{\"@type\":\"SearchAction\",\"target\":{\"@type\":\"EntryPoint\",\"urlTemplate\":\"https:\/\/lyonbondyblog.fr\/LBB\/?s={search_term_string}\"},\"query-input\":\"required name=search_term_string\"}],\"inLanguage\":\"fr-FR\"},{\"@type\":\"Organization\",\"@id\":\"https:\/\/lyonbondyblog.fr\/LBB\/#organization\",\"name\":\"LYON BONDY BLOG\",\"url\":\"https:\/\/lyonbondyblog.fr\/LBB\/\",\"logo\":{\"@type\":\"ImageObject\",\"inLanguage\":\"fr-FR\",\"@id\":\"https:\/\/lyonbondyblog.fr\/LBB\/#\/schema\/logo\/image\/\",\"url\":\"http:\/\/lyonbondyblog.fr\/LBB\/wp-content\/uploads\/2014\/10\/logo-portable-144.png\",\"contentUrl\":\"http:\/\/lyonbondyblog.fr\/LBB\/wp-content\/uploads\/2014\/10\/logo-portable-144.png\",\"width\":144,\"height\":123,\"caption\":\"LYON BONDY BLOG\"},\"image\":{\"@id\":\"https:\/\/lyonbondyblog.fr\/LBB\/#\/schema\/logo\/image\/\"},\"sameAs\":[\"https:\/\/www.facebook.com\/lyonbondyblog\",\"https:\/\/x.com\/bondybloglyon\"]},{\"@type\":\"Person\",\"@id\":\"https:\/\/lyonbondyblog.fr\/LBB\/#\/schema\/person\/5e9904261c1f613c8e6ea22045b1353d\",\"name\":\"Etienne Aazzab\",\"description\":\"Etienne a contribu\u00e9 depuis 2 ans dans le journal satirique FOUTOU\u2019ART. Il a int\u00e9gr\u00e9 l\u2019\u00e9quipe du \u00ab clic 2014 \u00bb : Collectif local d\u2019informations citoyennes \u00e0 partir de novembre 2013. Il rejoint le Lyon Bondy Blog \u00e0 partir de janvier 2014. Twitter : @AazzabEtienne Ses sujets de pr\u00e9dilection : #Politique #Soci\u00e9t\u00e9 #Sport\",\"sameAs\":[\"https:\/\/x.com\/AazzabEtienne\"],\"url\":\"https:\/\/lyonbondyblog.fr\/LBB\/author\/etienne\/\"}]}<\/script>\n<!-- \/ Yoast SEO plugin. -->","yoast_head_json":{"title":"Play-offs Pro A Demi-finales Match3 Asvel - As Monaco\u00a0: Les princes s\u2019inclinent - Lyon Bondy Blog","robots":{"index":"index","follow":"follow","max-snippet":"max-snippet:-1","max-image-preview":"max-image-preview:large","max-video-preview":"max-video-preview:-1"},"canonical":"https:\/\/lyonbondyblog.fr\/LBB\/play-offs-pro-a-demi-finales-match3-asvel-as-monaco-princes-sinclinent\/","og_locale":"fr_FR","og_type":"article","og_title":"Play-offs Pro A Demi-finales Match3 Asvel - As Monaco\u00a0: Les princes s\u2019inclinent - Lyon Bondy Blog","og_description":"Dans le cadre des play-offs de ProA, l\u2019Asvel Basket a re\u00e7u ce vendredi \u00e0 L\u2019Astroballe l\u2019As Monaco pour le match 3. Apr\u00e8s \u00eatre revenu de &hellip;","og_url":"https:\/\/lyonbondyblog.fr\/LBB\/play-offs-pro-a-demi-finales-match3-asvel-as-monaco-princes-sinclinent\/","og_site_name":"Lyon Bondy Blog","article_publisher":"https:\/\/www.facebook.com\/lyonbondyblog","article_published_time":"2016-05-28T18:39:15+00:00","article_modified_time":"2016-05-30T13:35:51+00:00","og_image":[{"width":720,"height":405,"url":"https:\/\/lyonbondyblog.fr\/LBB\/wp-content\/uploads\/2016\/05\/DSC00484.jpg","type":"image\/jpeg"}],"author":"Etienne Aazzab","twitter_card":"summary_large_image","twitter_creator":"@AazzabEtienne","twitter_site":"@bondybloglyon","schema":{"@context":"https:\/\/schema.org","@graph":[{"@type":"Article","@id":"https:\/\/lyonbondyblog.fr\/LBB\/play-offs-pro-a-demi-finales-match3-asvel-as-monaco-princes-sinclinent\/#article","isPartOf":{"@id":"https:\/\/lyonbondyblog.fr\/LBB\/play-offs-pro-a-demi-finales-match3-asvel-as-monaco-princes-sinclinent\/"},"author":{"name":"Etienne Aazzab","@id":"https:\/\/lyonbondyblog.fr\/LBB\/#\/schema\/person\/5e9904261c1f613c8e6ea22045b1353d"},"headline":"Play-offs Pro A Demi-finales Match3 Asvel &#8211; As Monaco\u00a0: Les princes s\u2019inclinent","datePublished":"2016-05-28T18:39:15+00:00","dateModified":"2016-05-30T13:35:51+00:00","mainEntityOfPage":{"@id":"https:\/\/lyonbondyblog.fr\/LBB\/play-offs-pro-a-demi-finales-match3-asvel-as-monaco-princes-sinclinent\/"},"wordCount":1005,"commentCount":3,"publisher":{"@id":"https:\/\/lyonbondyblog.fr\/LBB\/#organization"},"image":{"@id":"https:\/\/lyonbondyblog.fr\/LBB\/play-offs-pro-a-demi-finales-match3-asvel-as-monaco-princes-sinclinent\/#primaryimage"},"thumbnailUrl":"https:\/\/lyonbondyblog.fr\/LBB\/wp-content\/uploads\/2016\/05\/DSC00484.jpg","keywords":["Ailier fort","Astroballe","ASVEL","ASVEL Lyon-Villeurbanne","ballon","basket","Caviar","D.J. Cooper","Darryl Watkins","Meneur","Monaco","Pivot (basket-ball)","Playoffs du championnat de France de basket-ball de Pro A 2013-2014","Raquette (basket-ball)","salle","Stephen Curry","Tony Parker"],"articleSection":["Ambiance"],"inLanguage":"fr-FR","potentialAction":[{"@type":"CommentAction","name":"Comment","target":["https:\/\/lyonbondyblog.fr\/LBB\/play-offs-pro-a-demi-finales-match3-asvel-as-monaco-princes-sinclinent\/#respond"]}]},{"@type":"WebPage","@id":"https:\/\/lyonbondyblog.fr\/LBB\/play-offs-pro-a-demi-finales-match3-asvel-as-monaco-princes-sinclinent\/","url":"https:\/\/lyonbondyblog.fr\/LBB\/play-offs-pro-a-demi-finales-match3-asvel-as-monaco-princes-sinclinent\/","name":"Play-offs Pro A Demi-finales Match3 Asvel - As Monaco\u00a0: Les princes s\u2019inclinent - Lyon Bondy Blog","isPartOf":{"@id":"https:\/\/lyonbondyblog.fr\/LBB\/#website"},"primaryImageOfPage":{"@id":"https:\/\/lyonbondyblog.fr\/LBB\/play-offs-pro-a-demi-finales-match3-asvel-as-monaco-princes-sinclinent\/#primaryimage"},"image":{"@id":"https:\/\/lyonbondyblog.fr\/LBB\/play-offs-pro-a-demi-finales-match3-asvel-as-monaco-princes-sinclinent\/#primaryimage"},"thumbnailUrl":"https:\/\/lyonbondyblog.fr\/LBB\/wp-content\/uploads\/2016\/05\/DSC00484.jpg","datePublished":"2016-05-28T18:39:15+00:00","dateModified":"2016-05-30T13:35:51+00:00","inLanguage":"fr-FR","potentialAction":[{"@type":"ReadAction","target":["https:\/\/lyonbondyblog.fr\/LBB\/play-offs-pro-a-demi-finales-match3-asvel-as-monaco-princes-sinclinent\/"]}]},{"@type":"ImageObject","inLanguage":"fr-FR","@id":"https:\/\/lyonbondyblog.fr\/LBB\/play-offs-pro-a-demi-finales-match3-asvel-as-monaco-princes-sinclinent\/#primaryimage","url":"https:\/\/lyonbondyblog.fr\/LBB\/wp-content\/uploads\/2016\/05\/DSC00484.jpg","contentUrl":"https:\/\/lyonbondyblog.fr\/LBB\/wp-content\/uploads\/2016\/05\/DSC00484.jpg","width":720,"height":405},{"@type":"WebSite","@id":"https:\/\/lyonbondyblog.fr\/LBB\/#website","url":"https:\/\/lyonbondyblog.fr\/LBB\/","name":"Lyon Bondy Blog","description":"","publisher":{"@id":"https:\/\/lyonbondyblog.fr\/LBB\/#organization"},"potentialAction":[{"@type":"SearchAction","target":{"@type":"EntryPoint","urlTemplate":"https:\/\/lyonbondyblog.fr\/LBB\/?s={search_term_string}"},"query-input":"required name=search_term_string"}],"inLanguage":"fr-FR"},{"@type":"Organization","@id":"https:\/\/lyonbondyblog.fr\/LBB\/#organization","name":"LYON BONDY BLOG","url":"https:\/\/lyonbondyblog.fr\/LBB\/","logo":{"@type":"ImageObject","inLanguage":"fr-FR","@id":"https:\/\/lyonbondyblog.fr\/LBB\/#\/schema\/logo\/image\/","url":"http:\/\/lyonbondyblog.fr\/LBB\/wp-content\/uploads\/2014\/10\/logo-portable-144.png","contentUrl":"http:\/\/lyonbondyblog.fr\/LBB\/wp-content\/uploads\/2014\/10\/logo-portable-144.png","width":144,"height":123,"caption":"LYON BONDY BLOG"},"image":{"@id":"https:\/\/lyonbondyblog.fr\/LBB\/#\/schema\/logo\/image\/"},"sameAs":["https:\/\/www.facebook.com\/lyonbondyblog","https:\/\/x.com\/bondybloglyon"]},{"@type":"Person","@id":"https:\/\/lyonbondyblog.fr\/LBB\/#\/schema\/person\/5e9904261c1f613c8e6ea22045b1353d","name":"Etienne Aazzab","description":"Etienne a contribu\u00e9 depuis 2 ans dans le journal satirique FOUTOU\u2019ART. Il a int\u00e9gr\u00e9 l\u2019\u00e9quipe du \u00ab clic 2014 \u00bb : Collectif local d\u2019informations citoyennes \u00e0 partir de novembre 2013. Il rejoint le Lyon Bondy Blog \u00e0 partir de janvier 2014. Twitter : @AazzabEtienne Ses sujets de pr\u00e9dilection : #Politique #Soci\u00e9t\u00e9 #Sport","sameAs":["https:\/\/x.com\/AazzabEtienne"],"url":"https:\/\/lyonbondyblog.fr\/LBB\/author\/etienne\/"}]}},"_links":{"self":[{"href":"https:\/\/lyonbondyblog.fr\/LBB\/wp-json\/wp\/v2\/posts\/10008","targetHints":{"allow":["GET"]}}],"collection":[{"href":"https:\/\/lyonbondyblog.fr\/LBB\/wp-json\/wp\/v2\/posts"}],"about":[{"href":"https:\/\/lyonbondyblog.fr\/LBB\/wp-json\/wp\/v2\/types\/post"}],"author":[{"embeddable":true,"href":"https:\/\/lyonbondyblog.fr\/LBB\/wp-json\/wp\/v2\/users\/33"}],"replies":[{"embeddable":true,"href":"https:\/\/lyonbondyblog.fr\/LBB\/wp-json\/wp\/v2\/comments?post=10008"}],"version-history":[{"count":0,"href":"https:\/\/lyonbondyblog.fr\/LBB\/wp-json\/wp\/v2\/posts\/10008\/revisions"}],"wp:featuredmedia":[{"embeddable":true,"href":"https:\/\/lyonbondyblog.fr\/LBB\/wp-json\/wp\/v2\/media\/10011"}],"wp:attachment":[{"href":"https:\/\/lyonbondyblog.fr\/LBB\/wp-json\/wp\/v2\/media?parent=10008"}],"wp:term":[{"taxonomy":"category","embeddable":true,"href":"https:\/\/lyonbondyblog.fr\/LBB\/wp-json\/wp\/v2\/categories?post=10008"},{"taxonomy":"post_tag","embeddable":true,"href":"https:\/\/lyonbondyblog.fr\/LBB\/wp-json\/wp\/v2\/tags?post=10008"}],"curies":[{"name":"wp","href":"https:\/\/api.w.org\/{rel}","templated":true}]}}